{"id":10464,"date":"2021-10-15T12:35:24","date_gmt":"2021-10-15T10:35:24","guid":{"rendered":"https:\/\/www.naturparkmagazin.de\/schwaebisch-fraenkischer-wald\/?p=10464"},"modified":"2021-10-19T13:42:13","modified_gmt":"2021-10-19T11:42:13","slug":"naturparkzentrum-lebt-durch-ehrenamtliche-mitarbeiterinnen","status":"publish","type":"post","link":"https:\/\/www.naturparkmagazin.de\/schwaebisch-fraenkischer-wald\/naturparkzentrum-lebt-durch-ehrenamtliche-mitarbeiterinnen\/","title":{"rendered":"Naturparkzentrum lebt durch ehrenamtliche Mitarbeiter:innen"},"content":{"rendered":"<p>An Wochenenden und an allen Feiertagen wird die Tourist-Information im Naturparkzentrum am Marktplatz in Murrhardt durch das tatkr\u00e4ftige Engagement der ehrenamtlichen Mitarbeiter:innen betreut. Auf diese Weise k\u00f6nnen an insgesamt 50 Wochenenden im Jahr und an allen Feiertagen die \u00d6ffnungszeiten gew\u00e4hrleistet werden.<\/p>\n<p>Die Ehrenamtlichen unterst\u00fctzen dabei nicht nur die Stadt Murrhardt und die Region, sondern sind auch ganz nah dran am Geschehen. Dabei geben sie Tipps zu Rad- und Wanderwegen und kennen manchen Geheimtipp.<\/p>\n<p>Ihre Begeisterung f\u00fcr den Naturpark und ihre Liebe zu unserer sch\u00f6nen Landschaft sind f\u00fcr jeden Besucher und jede Besucherin sp\u00fcrbar. Sie vermitteln Freude und Interesse, sowohl das Naturparkzentrum als auch unsere Heimat zu entdecken. F\u00fcr die tatkr\u00e4ftige Unterst\u00fctzung und die sehr gute Zusammenarbeit bedankt sich das Team der Naturparkgesch\u00e4ftsstelle ganz herzlich bei allen ehrenamtlichen Mitarbeiter:innen!<\/p>\n<div id=\"attachment_10465\" style=\"width: 510px\" class=\"wp-caption aligncenter\"><a href=\"https:\/\/www.naturparkmagazin.de\/schwaebisch-fraenkischer-wald\/wp-content\/uploads\/sites\/34\/211011_TouristInfo_500x300.jpg\"><img aria-describedby=\"caption-attachment-10465\" decoding=\"async\" loading=\"lazy\" class=\"size-full wp-image-10465\" src=\"https:\/\/www.naturparkmagazin.de\/schwaebisch-fraenkischer-wald\/wp-content\/uploads\/sites\/34\/211011_TouristInfo_500x300.jpg\" alt=\"\u00a9 Naturpark SFW Archiv\" width=\"500\" height=\"300\" srcset=\"https:\/\/www.naturparkmagazin.de\/schwaebisch-fraenkischer-wald\/wp-content\/uploads\/sites\/34\/211011_TouristInfo_500x300.jpg 500w, https:\/\/www.naturparkmagazin.de\/schwaebisch-fraenkischer-wald\/wp-content\/uploads\/sites\/34\/211011_TouristInfo_500x300-300x180.jpg 300w, https:\/\/www.naturparkmagazin.de\/schwaebisch-fraenkischer-wald\/wp-content\/uploads\/sites\/34\/211011_TouristInfo_500x300-200x120.jpg 200w\" sizes=\"(max-width: 500px) 100vw, 500px\" \/><\/a><p id=\"caption-attachment-10465\" class=\"wp-caption-text\">\u00a9 Naturpark SFW Archiv<\/p><\/div>\n","protected":false},"excerpt":{"rendered":"<p>An insgesamt 50 Wochenenden im Jahr und an allen Feiertagen gew\u00e4hrleisten Ehrenamtliche die \u00d6ffnungszeiten des Naturparkzentrums in Murrhardt. <\/p>\n","protected":false},"author":25,"featured_media":10472,"comment_status":"open","ping_status":"open","sticky":false,"template":"","format":"standard","meta":[],"categories":[8],"tags":[],"yoast_head":"<!-- This site is optimized with the Yoast SEO plugin v19.10 - https:\/\/yoast.com\/wordpress\/plugins\/seo\/ -->\n<title>Naturparkzentrum lebt durch ehrenamtliche Mitarbeiter:innen - Naturpark Schw\u00e4bisch-Fr\u00e4nkischer Wald<\/title>\n<meta name=\"robots\" content=\"index, follow, max-snippet:-1, max-image-preview:large, max-video-preview:-1\" \/>\n<link rel=\"canonical\" href=\"https:\/\/www.naturparkmagazin.de\/schwaebisch-fraenkischer-wald\/naturparkzentrum-lebt-durch-ehrenamtliche-mitarbeiterinnen\/\" \/>\n<meta property=\"og:locale\" content=\"de_DE\" \/>\n<meta property=\"og:type\" content=\"article\" \/>\n<meta property=\"og:title\" content=\"Naturparkzentrum lebt durch ehrenamtliche Mitarbeiter:innen - Naturpark Schw\u00e4bisch-Fr\u00e4nkischer Wald\" \/>\n<meta property=\"og:description\" content=\"An insgesamt 50 Wochenenden im Jahr und an allen Feiertagen gew\u00e4hrleisten Ehrenamtliche die \u00d6ffnungszeiten des Naturparkzentrums in Murrhardt.\" \/>\n<meta property=\"og:url\" content=\"https:\/\/www.naturparkmagazin.de\/schwaebisch-fraenkischer-wald\/naturparkzentrum-lebt-durch-ehrenamtliche-mitarbeiterinnen\/\" \/>\n<meta property=\"og:site_name\" content=\"Naturpark Schw\u00e4bisch-Fr\u00e4nkischer Wald\" \/>\n<meta property=\"article:author\" content=\"https:\/\/www.facebook.com\/naturparkSFW\" \/>\n<meta property=\"article:published_time\" content=\"2021-10-15T10:35:24+00:00\" \/>\n<meta property=\"article:modified_time\" content=\"2021-10-19T11:42:13+00:00\" \/>\n<meta property=\"og:image\" content=\"https:\/\/www.naturparkmagazin.de\/schwaebisch-fraenkischer-wald\/wp-content\/uploads\/sites\/34\/211011_TouristInfo_200x200.jpg\" \/>\n\t<meta property=\"og:image:width\" content=\"200\" \/>\n\t<meta property=\"og:image:height\" content=\"200\" \/>\n\t<meta property=\"og:image:type\" content=\"image\/jpeg\" \/>\n<meta name=\"author\" content=\"Naturpark-Team\" \/>\n<meta name=\"twitter:label1\" content=\"Verfasst von\" \/>\n\t<meta name=\"twitter:data1\" content=\"Naturpark-Team\" \/>\n\t<meta name=\"twitter:label2\" content=\"Gesch\u00e4tzte Lesezeit\" \/>\n\t<meta name=\"twitter:data2\" content=\"1\u00a0Minute\" \/>\n<script type=\"application\/ld+json\" class=\"yoast-schema-graph\">{\"@context\":\"https:\/\/schema.org\",\"@graph\":[{\"@type\":\"WebPage\",\"@id\":\"https:\/\/www.naturparkmagazin.de\/schwaebisch-fraenkischer-wald\/naturparkzentrum-lebt-durch-ehrenamtliche-mitarbeiterinnen\/\",\"url\":\"https:\/\/www.naturparkmagazin.de\/schwaebisch-fraenkischer-wald\/naturparkzentrum-lebt-durch-ehrenamtliche-mitarbeiterinnen\/\",\"name\":\"Naturparkzentrum lebt durch ehrenamtliche Mitarbeiter:innen - Naturpark Schw\u00e4bisch-Fr\u00e4nkischer Wald\",\"isPartOf\":{\"@id\":\"https:\/\/www.naturparkmagazin.de\/schwaebisch-fraenkischer-wald\/#website\"},\"datePublished\":\"2021-10-15T10:35:24+00:00\",\"dateModified\":\"2021-10-19T11:42:13+00:00\",\"author\":{\"@id\":\"https:\/\/www.naturparkmagazin.de\/schwaebisch-fraenkischer-wald\/#\/schema\/person\/f047a3702ae747fd7830cf8ac95e6066\"},\"breadcrumb\":{\"@id\":\"https:\/\/www.naturparkmagazin.de\/schwaebisch-fraenkischer-wald\/naturparkzentrum-lebt-durch-ehrenamtliche-mitarbeiterinnen\/#breadcrumb\"},\"inLanguage\":\"de\",\"potentialAction\":[{\"@type\":\"ReadAction\",\"target\":[\"https:\/\/www.naturparkmagazin.de\/schwaebisch-fraenkischer-wald\/naturparkzentrum-lebt-durch-ehrenamtliche-mitarbeiterinnen\/\"]}]},{\"@type\":\"BreadcrumbList\",\"@id\":\"https:\/\/www.naturparkmagazin.de\/schwaebisch-fraenkischer-wald\/naturparkzentrum-lebt-durch-ehrenamtliche-mitarbeiterinnen\/#breadcrumb\",\"itemListElement\":[{\"@type\":\"ListItem\",\"position\":1,\"name\":\"Home\",\"item\":\"https:\/\/www.naturparkmagazin.de\/schwaebisch-fraenkischer-wald\/\"},{\"@type\":\"ListItem\",\"position\":2,\"name\":\"Naturparkzentrum lebt durch ehrenamtliche Mitarbeiter:innen\"}]},{\"@type\":\"WebSite\",\"@id\":\"https:\/\/www.naturparkmagazin.de\/schwaebisch-fraenkischer-wald\/#website\",\"url\":\"https:\/\/www.naturparkmagazin.de\/schwaebisch-fraenkischer-wald\/\",\"name\":\"Naturpark Schw\u00e4bisch-Fr\u00e4nkischer Wald\",\"description\":\"\",\"potentialAction\":[{\"@type\":\"SearchAction\",\"target\":{\"@type\":\"EntryPoint\",\"urlTemplate\":\"https:\/\/www.naturparkmagazin.de\/schwaebisch-fraenkischer-wald\/?s={search_term_string}\"},\"query-input\":\"required name=search_term_string\"}],\"inLanguage\":\"de\"},{\"@type\":\"Person\",\"@id\":\"https:\/\/www.naturparkmagazin.de\/schwaebisch-fraenkischer-wald\/#\/schema\/person\/f047a3702ae747fd7830cf8ac95e6066\",\"name\":\"Naturpark-Team\",\"sameAs\":[\"http:\/\/www.naturpark-sfw.de\",\"https:\/\/www.facebook.com\/naturparkSFW\"],\"url\":\"https:\/\/www.naturparkmagazin.de\/schwaebisch-fraenkischer-wald\/author\/bernharddrixler\/\"}]}<\/script>\n<!-- \/ Yoast SEO plugin. -->","yoast_head_json":{"title":"Naturparkzentrum lebt durch ehrenamtliche Mitarbeiter:innen - Naturpark Schw\u00e4bisch-Fr\u00e4nkischer Wald","robots":{"index":"index","follow":"follow","max-snippet":"max-snippet:-1","max-image-preview":"max-image-preview:large","max-video-preview":"max-video-preview:-1"},"canonical":"https:\/\/www.naturparkmagazin.de\/schwaebisch-fraenkischer-wald\/naturparkzentrum-lebt-durch-ehrenamtliche-mitarbeiterinnen\/","og_locale":"de_DE","og_type":"article","og_title":"Naturparkzentrum lebt durch ehrenamtliche Mitarbeiter:innen - Naturpark Schw\u00e4bisch-Fr\u00e4nkischer Wald","og_description":"An insgesamt 50 Wochenenden im Jahr und an allen Feiertagen gew\u00e4hrleisten Ehrenamtliche die \u00d6ffnungszeiten des Naturparkzentrums in Murrhardt.","og_url":"https:\/\/www.naturparkmagazin.de\/schwaebisch-fraenkischer-wald\/naturparkzentrum-lebt-durch-ehrenamtliche-mitarbeiterinnen\/","og_site_name":"Naturpark Schw\u00e4bisch-Fr\u00e4nkischer Wald","article_author":"https:\/\/www.facebook.com\/naturparkSFW","article_published_time":"2021-10-15T10:35:24+00:00","article_modified_time":"2021-10-19T11:42:13+00:00","og_image":[{"width":200,"height":200,"url":"https:\/\/www.naturparkmagazin.de\/schwaebisch-fraenkischer-wald\/wp-content\/uploads\/sites\/34\/211011_TouristInfo_200x200.jpg","type":"image\/jpeg"}],"author":"Naturpark-Team","twitter_misc":{"Verfasst von":"Naturpark-Team","Gesch\u00e4tzte Lesezeit":"1\u00a0Minute"},"schema":{"@context":"https:\/\/schema.org","@graph":[{"@type":"WebPage","@id":"https:\/\/www.naturparkmagazin.de\/schwaebisch-fraenkischer-wald\/naturparkzentrum-lebt-durch-ehrenamtliche-mitarbeiterinnen\/","url":"https:\/\/www.naturparkmagazin.de\/schwaebisch-fraenkischer-wald\/naturparkzentrum-lebt-durch-ehrenamtliche-mitarbeiterinnen\/","name":"Naturparkzentrum lebt durch ehrenamtliche Mitarbeiter:innen - Naturpark Schw\u00e4bisch-Fr\u00e4nkischer Wald","isPartOf":{"@id":"https:\/\/www.naturparkmagazin.de\/schwaebisch-fraenkischer-wald\/#website"},"datePublished":"2021-10-15T10:35:24+00:00","dateModified":"2021-10-19T11:42:13+00:00","author":{"@id":"https:\/\/www.naturparkmagazin.de\/schwaebisch-fraenkischer-wald\/#\/schema\/person\/f047a3702ae747fd7830cf8ac95e6066"},"breadcrumb":{"@id":"https:\/\/www.naturparkmagazin.de\/schwaebisch-fraenkischer-wald\/naturparkzentrum-lebt-durch-ehrenamtliche-mitarbeiterinnen\/#breadcrumb"},"inLanguage":"de","potentialAction":[{"@type":"ReadAction","target":["https:\/\/www.naturparkmagazin.de\/schwaebisch-fraenkischer-wald\/naturparkzentrum-lebt-durch-ehrenamtliche-mitarbeiterinnen\/"]}]},{"@type":"BreadcrumbList","@id":"https:\/\/www.naturparkmagazin.de\/schwaebisch-fraenkischer-wald\/naturparkzentrum-lebt-durch-ehrenamtliche-mitarbeiterinnen\/#breadcrumb","itemListElement":[{"@type":"ListItem","position":1,"name":"Home","item":"https:\/\/www.naturparkmagazin.de\/schwaebisch-fraenkischer-wald\/"},{"@type":"ListItem","position":2,"name":"Naturparkzentrum lebt durch ehrenamtliche Mitarbeiter:innen"}]},{"@type":"WebSite","@id":"https:\/\/www.naturparkmagazin.de\/schwaebisch-fraenkischer-wald\/#website","url":"https:\/\/www.naturparkmagazin.de\/schwaebisch-fraenkischer-wald\/","name":"Naturpark Schw\u00e4bisch-Fr\u00e4nkischer Wald","description":"","potentialAction":[{"@type":"SearchAction","target":{"@type":"EntryPoint","urlTemplate":"https:\/\/www.naturparkmagazin.de\/schwaebisch-fraenkischer-wald\/?s={search_term_string}"},"query-input":"required name=search_term_string"}],"inLanguage":"de"},{"@type":"Person","@id":"https:\/\/www.naturparkmagazin.de\/schwaebisch-fraenkischer-wald\/#\/schema\/person\/f047a3702ae747fd7830cf8ac95e6066","name":"Naturpark-Team","sameAs":["http:\/\/www.naturpark-sfw.de","https:\/\/www.facebook.com\/naturparkSFW"],"url":"https:\/\/www.naturparkmagazin.de\/schwaebisch-fraenkischer-wald\/author\/bernharddrixler\/"}]}},"_links":{"self":[{"href":"https:\/\/www.naturparkmagazin.de\/schwaebisch-fraenkischer-wald\/wp-json\/wp\/v2\/posts\/10464"}],"collection":[{"href":"https:\/\/www.naturparkmagazin.de\/schwaebisch-fraenkischer-wald\/wp-json\/wp\/v2\/posts"}],"about":[{"href":"https:\/\/www.naturparkmagazin.de\/schwaebisch-fraenkischer-wald\/wp-json\/wp\/v2\/types\/post"}],"author":[{"embeddable":true,"href":"https:\/\/www.naturparkmagazin.de\/schwaebisch-fraenkischer-wald\/wp-json\/wp\/v2\/users\/25"}],"replies":[{"embeddable":true,"href":"https:\/\/www.naturparkmagazin.de\/schwaebisch-fraenkischer-wald\/wp-json\/wp\/v2\/comments?post=10464"}],"version-history":[{"count":3,"href":"https:\/\/www.naturparkmagazin.de\/schwaebisch-fraenkischer-wald\/wp-json\/wp\/v2\/posts\/10464\/revisions"}],"predecessor-version":[{"id":10507,"href":"https:\/\/www.naturparkmagazin.de\/schwaebisch-fraenkischer-wald\/wp-json\/wp\/v2\/posts\/10464\/revisions\/10507"}],"wp:featuredmedia":[{"embeddable":true,"href":"https:\/\/www.naturparkmagazin.de\/schwaebisch-fraenkischer-wald\/wp-json\/wp\/v2\/media\/10472"}],"wp:attachment":[{"href":"https:\/\/www.naturparkmagazin.de\/schwaebisch-fraenkischer-wald\/wp-json\/wp\/v2\/media?parent=10464"}],"wp:term":[{"taxonomy":"category","embeddable":true,"href":"https:\/\/www.naturparkmagazin.de\/schwaebisch-fraenkischer-wald\/wp-json\/wp\/v2\/categories?post=10464"},{"taxonomy":"post_tag","embeddable":true,"href":"https:\/\/www.naturparkmagazin.de\/schwaebisch-fraenkischer-wald\/wp-json\/wp\/v2\/tags?post=10464"}],"curies":[{"name":"wp","href":"https:\/\/api.w.org\/{rel}","templated":true}]}}