{"id":10474,"date":"2021-10-15T12:38:08","date_gmt":"2021-10-15T10:38:08","guid":{"rendered":"https:\/\/www.naturparkmagazin.de\/schwaebisch-fraenkischer-wald\/?p=10474"},"modified":"2021-10-19T13:46:20","modified_gmt":"2021-10-19T11:46:20","slug":"ein-ausflug-in-die-vergangenheit-im-museum-gschwend","status":"publish","type":"post","link":"https:\/\/www.naturparkmagazin.de\/schwaebisch-fraenkischer-wald\/ein-ausflug-in-die-vergangenheit-im-museum-gschwend\/","title":{"rendered":"Ein Ausflug in die Vergangenheit im Museum Gschwend"},"content":{"rendered":"<p>Das Museum Gschwend befindet sich im ehemaligen Rat- und Schulhaus des Ortsteils Horlachen. Seit 1986 werden in den ehemaligen Dienstr\u00e4umen des B\u00fcrgermeisters und in den R\u00e4umen der ehemaligen Lehrerwohnung Gegenst\u00e4nde des fr\u00fcheren b\u00e4uerlichen, handwerklichen und h\u00e4uslichen Lebens ausgestellt.<\/p>\n<div id=\"attachment_10482\" style=\"width: 510px\" class=\"wp-caption aligncenter\"><a href=\"https:\/\/www.naturparkmagazin.de\/schwaebisch-fraenkischer-wald\/wp-content\/uploads\/sites\/34\/Heimatmuseum_Gschwend_Urheber_Museum_Gschwend_500x300_3.jpg\"><img aria-describedby=\"caption-attachment-10482\" decoding=\"async\" loading=\"lazy\" class=\"size-full wp-image-10482\" src=\"https:\/\/www.naturparkmagazin.de\/schwaebisch-fraenkischer-wald\/wp-content\/uploads\/sites\/34\/Heimatmuseum_Gschwend_Urheber_Museum_Gschwend_500x300_3.jpg\" alt=\"\u00a9 Heimatmuseum Gschwend\" width=\"500\" height=\"300\" srcset=\"https:\/\/www.naturparkmagazin.de\/schwaebisch-fraenkischer-wald\/wp-content\/uploads\/sites\/34\/Heimatmuseum_Gschwend_Urheber_Museum_Gschwend_500x300_3.jpg 500w, https:\/\/www.naturparkmagazin.de\/schwaebisch-fraenkischer-wald\/wp-content\/uploads\/sites\/34\/Heimatmuseum_Gschwend_Urheber_Museum_Gschwend_500x300_3-300x180.jpg 300w, https:\/\/www.naturparkmagazin.de\/schwaebisch-fraenkischer-wald\/wp-content\/uploads\/sites\/34\/Heimatmuseum_Gschwend_Urheber_Museum_Gschwend_500x300_3-200x120.jpg 200w\" sizes=\"(max-width: 500px) 100vw, 500px\" \/><\/a><p id=\"caption-attachment-10482\" class=\"wp-caption-text\">\u00a9 Heimatmuseum Gschwend<\/p><\/div>\n<p>Gerade k\u00fcrzlich wurden die R\u00e4ume des Museums renoviert und neue Exponate und Einrichtungsgegenst\u00e4nde haben die Ausstellung erweitert. Nun \u00f6ffnet das Heimatmuseum wieder jeden ersten Sonntag im Monat von 14 bis 17 Uhr seine T\u00fcren f\u00fcr interessierte G\u00e4ste und Einheimische, die sich einmal f\u00fchlen wollen wie in vergangenen Zeiten.<\/p>\n<p>In den Dauerausstellungen des Museums erhalten Sie Einblicke in traditionelles Bauen, wie der Skiproduktion, in alte Handwerke, wie T\u00f6pfern, Schustern, Weben sowie in das Alltagsleben auf dem Dorf. Darunter eine Bauernk\u00fcche aus dem Jahre 1820-1850, welche restauriert und neu eingerichtet wurde.<\/p>\n<div id=\"attachment_10481\" style=\"width: 510px\" class=\"wp-caption aligncenter\"><a href=\"https:\/\/www.naturparkmagazin.de\/schwaebisch-fraenkischer-wald\/wp-content\/uploads\/sites\/34\/Heimatmuseum_Gschwend_Urheber_Museum_Gschwend_500x300_2.jpg\"><img aria-describedby=\"caption-attachment-10481\" decoding=\"async\" loading=\"lazy\" class=\"size-full wp-image-10481\" src=\"https:\/\/www.naturparkmagazin.de\/schwaebisch-fraenkischer-wald\/wp-content\/uploads\/sites\/34\/Heimatmuseum_Gschwend_Urheber_Museum_Gschwend_500x300_2.jpg\" alt=\"\u00a9 Heimatmuseum Gschwend\" width=\"500\" height=\"300\" srcset=\"https:\/\/www.naturparkmagazin.de\/schwaebisch-fraenkischer-wald\/wp-content\/uploads\/sites\/34\/Heimatmuseum_Gschwend_Urheber_Museum_Gschwend_500x300_2.jpg 500w, https:\/\/www.naturparkmagazin.de\/schwaebisch-fraenkischer-wald\/wp-content\/uploads\/sites\/34\/Heimatmuseum_Gschwend_Urheber_Museum_Gschwend_500x300_2-300x180.jpg 300w, https:\/\/www.naturparkmagazin.de\/schwaebisch-fraenkischer-wald\/wp-content\/uploads\/sites\/34\/Heimatmuseum_Gschwend_Urheber_Museum_Gschwend_500x300_2-200x120.jpg 200w\" sizes=\"(max-width: 500px) 100vw, 500px\" \/><\/a><p id=\"caption-attachment-10481\" class=\"wp-caption-text\">\u00a9 Heimatmuseum Gschwend<\/p><\/div>\n<p>Der Heimat- und Geschichtsverein Gschwend und Umgebung e.V. betreibt und f\u00fchrt das Museum und zeigt neben festen Dauerausstellungen auch immer wieder wechselnde Sonderausstellungen. So beispielsweise die aktuelle Ausstellung zum Leben der 50er Jahre, die durch wirtschaftlichen Aufschwung nach dem Krieg und der wieder erwachten Lust am Reisen, Mode und an Unternehmungen gepr\u00e4gt war.<\/p>\n<p>Aktuelle Informationen erhalten Sie \u00fcber die \u00f6rtliche Presse oder die <a href=\"https:\/\/www.facebook.com\/MuseumGschwend\/\">Facebookseite des Museums<\/a>.<\/p>\n<p>Sonderf\u00fchrungen f\u00fcr Schulen und Gruppen k\u00f6nnen in Absprache durchgef\u00fchrt werden.<\/p>\n<p><strong>\u00d6ffnungszeiten:<\/strong> Jeden 1. Sonntag im Monat von 14-17 Uhr<\/p>\n<p>Das Museum Gschwend und das Museumscaf\u00e9 freuen sich auf Ihren Besuch. F\u00fcr den Besuch im Museum gelten aktuell die 3G Regeln und das Tragen eines medizinischen Mundschutzes. Eine Registrierung \u00fcber die LUCA-App ist m\u00f6glich.<\/p>\n<p><strong>Kontakt:<\/strong><\/p>\n<p>Heimat- und Geschichtsverein Gschwend und Umgebung e.V.\nHagbergstra\u00dfe 27\n74417 Gschwend\nAnsprechpartner: Ralf Brix\/Vorsitzender\nTel.: 07972 912 76 86\nE-Mail: r.brix@t-online.de<\/p>\n","protected":false},"excerpt":{"rendered":"<p>Seit 1986 werden in den ehemaligen Dienstr\u00e4umen des B\u00fcrgermeisters und in den R\u00e4umen der ehemaligen Lehrerwohnung Gegenst\u00e4nde des fr\u00fcheren b\u00e4uerlichen, handwerklichen und h\u00e4uslichen Lebens ausgestellt.<\/p>\n","protected":false},"author":25,"featured_media":10475,"comment_status":"open","ping_status":"open","sticky":false,"template":"","format":"standard","meta":[],"categories":[617],"tags":[],"yoast_head":"<!-- This site is optimized with the Yoast SEO plugin v19.10 - https:\/\/yoast.com\/wordpress\/plugins\/seo\/ -->\n<title>Ein Ausflug in die Vergangenheit im Museum Gschwend - Naturpark Schw\u00e4bisch-Fr\u00e4nkischer Wald<\/title>\n<meta name=\"robots\" content=\"index, follow, max-snippet:-1, max-image-preview:large, max-video-preview:-1\" \/>\n<link rel=\"canonical\" href=\"https:\/\/www.naturparkmagazin.de\/schwaebisch-fraenkischer-wald\/ein-ausflug-in-die-vergangenheit-im-museum-gschwend\/\" \/>\n<meta property=\"og:locale\" content=\"de_DE\" \/>\n<meta property=\"og:type\" content=\"article\" \/>\n<meta property=\"og:title\" content=\"Ein Ausflug in die Vergangenheit im Museum Gschwend - Naturpark Schw\u00e4bisch-Fr\u00e4nkischer Wald\" \/>\n<meta property=\"og:description\" content=\"Seit 1986 werden in den ehemaligen Dienstr\u00e4umen des B\u00fcrgermeisters und in den R\u00e4umen der ehemaligen Lehrerwohnung Gegenst\u00e4nde des fr\u00fcheren b\u00e4uerlichen, handwerklichen und h\u00e4uslichen Lebens ausgestellt.\" \/>\n<meta property=\"og:url\" content=\"https:\/\/www.naturparkmagazin.de\/schwaebisch-fraenkischer-wald\/ein-ausflug-in-die-vergangenheit-im-museum-gschwend\/\" \/>\n<meta property=\"og:site_name\" content=\"Naturpark Schw\u00e4bisch-Fr\u00e4nkischer Wald\" \/>\n<meta property=\"article:author\" content=\"https:\/\/www.facebook.com\/naturparkSFW\" \/>\n<meta property=\"article:published_time\" content=\"2021-10-15T10:38:08+00:00\" \/>\n<meta property=\"article:modified_time\" content=\"2021-10-19T11:46:20+00:00\" \/>\n<meta property=\"og:image\" content=\"https:\/\/www.naturparkmagazin.de\/schwaebisch-fraenkischer-wald\/wp-content\/uploads\/sites\/34\/Heimatmuseum_Gschwend_Urheber_Museum_Gschwend_Beitragsbild_200x200.jpg\" \/>\n\t<meta property=\"og:image:width\" content=\"200\" \/>\n\t<meta property=\"og:image:height\" content=\"200\" \/>\n\t<meta property=\"og:image:type\" content=\"image\/jpeg\" \/>\n<meta name=\"author\" content=\"Naturpark-Team\" \/>\n<meta name=\"twitter:label1\" content=\"Verfasst von\" \/>\n\t<meta name=\"twitter:data1\" content=\"Naturpark-Team\" \/>\n\t<meta name=\"twitter:label2\" content=\"Gesch\u00e4tzte Lesezeit\" \/>\n\t<meta name=\"twitter:data2\" content=\"2\u00a0Minuten\" \/>\n<script type=\"application\/ld+json\" class=\"yoast-schema-graph\">{\"@context\":\"https:\/\/schema.org\",\"@graph\":[{\"@type\":\"WebPage\",\"@id\":\"https:\/\/www.naturparkmagazin.de\/schwaebisch-fraenkischer-wald\/ein-ausflug-in-die-vergangenheit-im-museum-gschwend\/\",\"url\":\"https:\/\/www.naturparkmagazin.de\/schwaebisch-fraenkischer-wald\/ein-ausflug-in-die-vergangenheit-im-museum-gschwend\/\",\"name\":\"Ein Ausflug in die Vergangenheit im Museum Gschwend - Naturpark Schw\u00e4bisch-Fr\u00e4nkischer Wald\",\"isPartOf\":{\"@id\":\"https:\/\/www.naturparkmagazin.de\/schwaebisch-fraenkischer-wald\/#website\"},\"datePublished\":\"2021-10-15T10:38:08+00:00\",\"dateModified\":\"2021-10-19T11:46:20+00:00\",\"author\":{\"@id\":\"https:\/\/www.naturparkmagazin.de\/schwaebisch-fraenkischer-wald\/#\/schema\/person\/f047a3702ae747fd7830cf8ac95e6066\"},\"breadcrumb\":{\"@id\":\"https:\/\/www.naturparkmagazin.de\/schwaebisch-fraenkischer-wald\/ein-ausflug-in-die-vergangenheit-im-museum-gschwend\/#breadcrumb\"},\"inLanguage\":\"de\",\"potentialAction\":[{\"@type\":\"ReadAction\",\"target\":[\"https:\/\/www.naturparkmagazin.de\/schwaebisch-fraenkischer-wald\/ein-ausflug-in-die-vergangenheit-im-museum-gschwend\/\"]}]},{\"@type\":\"BreadcrumbList\",\"@id\":\"https:\/\/www.naturparkmagazin.de\/schwaebisch-fraenkischer-wald\/ein-ausflug-in-die-vergangenheit-im-museum-gschwend\/#breadcrumb\",\"itemListElement\":[{\"@type\":\"ListItem\",\"position\":1,\"name\":\"Home\",\"item\":\"https:\/\/www.naturparkmagazin.de\/schwaebisch-fraenkischer-wald\/\"},{\"@type\":\"ListItem\",\"position\":2,\"name\":\"Ein Ausflug in die Vergangenheit im Museum Gschwend\"}]},{\"@type\":\"WebSite\",\"@id\":\"https:\/\/www.naturparkmagazin.de\/schwaebisch-fraenkischer-wald\/#website\",\"url\":\"https:\/\/www.naturparkmagazin.de\/schwaebisch-fraenkischer-wald\/\",\"name\":\"Naturpark Schw\u00e4bisch-Fr\u00e4nkischer Wald\",\"description\":\"\",\"potentialAction\":[{\"@type\":\"SearchAction\",\"target\":{\"@type\":\"EntryPoint\",\"urlTemplate\":\"https:\/\/www.naturparkmagazin.de\/schwaebisch-fraenkischer-wald\/?s={search_term_string}\"},\"query-input\":\"required name=search_term_string\"}],\"inLanguage\":\"de\"},{\"@type\":\"Person\",\"@id\":\"https:\/\/www.naturparkmagazin.de\/schwaebisch-fraenkischer-wald\/#\/schema\/person\/f047a3702ae747fd7830cf8ac95e6066\",\"name\":\"Naturpark-Team\",\"sameAs\":[\"http:\/\/www.naturpark-sfw.de\",\"https:\/\/www.facebook.com\/naturparkSFW\"],\"url\":\"https:\/\/www.naturparkmagazin.de\/schwaebisch-fraenkischer-wald\/author\/bernharddrixler\/\"}]}<\/script>\n<!-- \/ Yoast SEO plugin. -->","yoast_head_json":{"title":"Ein Ausflug in die Vergangenheit im Museum Gschwend - Naturpark Schw\u00e4bisch-Fr\u00e4nkischer Wald","robots":{"index":"index","follow":"follow","max-snippet":"max-snippet:-1","max-image-preview":"max-image-preview:large","max-video-preview":"max-video-preview:-1"},"canonical":"https:\/\/www.naturparkmagazin.de\/schwaebisch-fraenkischer-wald\/ein-ausflug-in-die-vergangenheit-im-museum-gschwend\/","og_locale":"de_DE","og_type":"article","og_title":"Ein Ausflug in die Vergangenheit im Museum Gschwend - Naturpark Schw\u00e4bisch-Fr\u00e4nkischer Wald","og_description":"Seit 1986 werden in den ehemaligen Dienstr\u00e4umen des B\u00fcrgermeisters und in den R\u00e4umen der ehemaligen Lehrerwohnung Gegenst\u00e4nde des fr\u00fcheren b\u00e4uerlichen, handwerklichen und h\u00e4uslichen Lebens ausgestellt.","og_url":"https:\/\/www.naturparkmagazin.de\/schwaebisch-fraenkischer-wald\/ein-ausflug-in-die-vergangenheit-im-museum-gschwend\/","og_site_name":"Naturpark Schw\u00e4bisch-Fr\u00e4nkischer Wald","article_author":"https:\/\/www.facebook.com\/naturparkSFW","article_published_time":"2021-10-15T10:38:08+00:00","article_modified_time":"2021-10-19T11:46:20+00:00","og_image":[{"width":200,"height":200,"url":"https:\/\/www.naturparkmagazin.de\/schwaebisch-fraenkischer-wald\/wp-content\/uploads\/sites\/34\/Heimatmuseum_Gschwend_Urheber_Museum_Gschwend_Beitragsbild_200x200.jpg","type":"image\/jpeg"}],"author":"Naturpark-Team","twitter_misc":{"Verfasst von":"Naturpark-Team","Gesch\u00e4tzte Lesezeit":"2\u00a0Minuten"},"schema":{"@context":"https:\/\/schema.org","@graph":[{"@type":"WebPage","@id":"https:\/\/www.naturparkmagazin.de\/schwaebisch-fraenkischer-wald\/ein-ausflug-in-die-vergangenheit-im-museum-gschwend\/","url":"https:\/\/www.naturparkmagazin.de\/schwaebisch-fraenkischer-wald\/ein-ausflug-in-die-vergangenheit-im-museum-gschwend\/","name":"Ein Ausflug in die Vergangenheit im Museum Gschwend - Naturpark Schw\u00e4bisch-Fr\u00e4nkischer Wald","isPartOf":{"@id":"https:\/\/www.naturparkmagazin.de\/schwaebisch-fraenkischer-wald\/#website"},"datePublished":"2021-10-15T10:38:08+00:00","dateModified":"2021-10-19T11:46:20+00:00","author":{"@id":"https:\/\/www.naturparkmagazin.de\/schwaebisch-fraenkischer-wald\/#\/schema\/person\/f047a3702ae747fd7830cf8ac95e6066"},"breadcrumb":{"@id":"https:\/\/www.naturparkmagazin.de\/schwaebisch-fraenkischer-wald\/ein-ausflug-in-die-vergangenheit-im-museum-gschwend\/#breadcrumb"},"inLanguage":"de","potentialAction":[{"@type":"ReadAction","target":["https:\/\/www.naturparkmagazin.de\/schwaebisch-fraenkischer-wald\/ein-ausflug-in-die-vergangenheit-im-museum-gschwend\/"]}]},{"@type":"BreadcrumbList","@id":"https:\/\/www.naturparkmagazin.de\/schwaebisch-fraenkischer-wald\/ein-ausflug-in-die-vergangenheit-im-museum-gschwend\/#breadcrumb","itemListElement":[{"@type":"ListItem","position":1,"name":"Home","item":"https:\/\/www.naturparkmagazin.de\/schwaebisch-fraenkischer-wald\/"},{"@type":"ListItem","position":2,"name":"Ein Ausflug in die Vergangenheit im Museum Gschwend"}]},{"@type":"WebSite","@id":"https:\/\/www.naturparkmagazin.de\/schwaebisch-fraenkischer-wald\/#website","url":"https:\/\/www.naturparkmagazin.de\/schwaebisch-fraenkischer-wald\/","name":"Naturpark Schw\u00e4bisch-Fr\u00e4nkischer Wald","description":"","potentialAction":[{"@type":"SearchAction","target":{"@type":"EntryPoint","urlTemplate":"https:\/\/www.naturparkmagazin.de\/schwaebisch-fraenkischer-wald\/?s={search_term_string}"},"query-input":"required name=search_term_string"}],"inLanguage":"de"},{"@type":"Person","@id":"https:\/\/www.naturparkmagazin.de\/schwaebisch-fraenkischer-wald\/#\/schema\/person\/f047a3702ae747fd7830cf8ac95e6066","name":"Naturpark-Team","sameAs":["http:\/\/www.naturpark-sfw.de","https:\/\/www.facebook.com\/naturparkSFW"],"url":"https:\/\/www.naturparkmagazin.de\/schwaebisch-fraenkischer-wald\/author\/bernharddrixler\/"}]}},"_links":{"self":[{"href":"https:\/\/www.naturparkmagazin.de\/schwaebisch-fraenkischer-wald\/wp-json\/wp\/v2\/posts\/10474"}],"collection":[{"href":"https:\/\/www.naturparkmagazin.de\/schwaebisch-fraenkischer-wald\/wp-json\/wp\/v2\/posts"}],"about":[{"href":"https:\/\/www.naturparkmagazin.de\/schwaebisch-fraenkischer-wald\/wp-json\/wp\/v2\/types\/post"}],"author":[{"embeddable":true,"href":"https:\/\/www.naturparkmagazin.de\/schwaebisch-fraenkischer-wald\/wp-json\/wp\/v2\/users\/25"}],"replies":[{"embeddable":true,"href":"https:\/\/www.naturparkmagazin.de\/schwaebisch-fraenkischer-wald\/wp-json\/wp\/v2\/comments?post=10474"}],"version-history":[{"count":3,"href":"https:\/\/www.naturparkmagazin.de\/schwaebisch-fraenkischer-wald\/wp-json\/wp\/v2\/posts\/10474\/revisions"}],"predecessor-version":[{"id":10509,"href":"https:\/\/www.naturparkmagazin.de\/schwaebisch-fraenkischer-wald\/wp-json\/wp\/v2\/posts\/10474\/revisions\/10509"}],"wp:featuredmedia":[{"embeddable":true,"href":"https:\/\/www.naturparkmagazin.de\/schwaebisch-fraenkischer-wald\/wp-json\/wp\/v2\/media\/10475"}],"wp:attachment":[{"href":"https:\/\/www.naturparkmagazin.de\/schwaebisch-fraenkischer-wald\/wp-json\/wp\/v2\/media?parent=10474"}],"wp:term":[{"taxonomy":"category","embeddable":true,"href":"https:\/\/www.naturparkmagazin.de\/schwaebisch-fraenkischer-wald\/wp-json\/wp\/v2\/categories?post=10474"},{"taxonomy":"post_tag","embeddable":true,"href":"https:\/\/www.naturparkmagazin.de\/schwaebisch-fraenkischer-wald\/wp-json\/wp\/v2\/tags?post=10474"}],"curies":[{"name":"wp","href":"https:\/\/api.w.org\/{rel}","templated":true}]}}