{"id":10519,"date":"2021-11-15T14:34:48","date_gmt":"2021-11-15T13:34:48","guid":{"rendered":"https:\/\/www.naturparkmagazin.de\/schwaebisch-fraenkischer-wald\/?p=10519"},"modified":"2021-11-26T11:34:33","modified_gmt":"2021-11-26T10:34:33","slug":"weihnachtsmaerkte-im-naturpark","status":"publish","type":"post","link":"https:\/\/www.naturparkmagazin.de\/schwaebisch-fraenkischer-wald\/weihnachtsmaerkte-im-naturpark\/","title":{"rendered":"Weihnachtsm\u00e4rkte im Naturpark"},"content":{"rendered":"<div id=\"attachment_10598\" style=\"width: 510px\" class=\"wp-caption aligncenter\"><a href=\"https:\/\/www.naturparkmagazin.de\/schwaebisch-fraenkischer-wald\/wp-content\/uploads\/sites\/34\/Weihnachtsmarkt_Murrhardt_500x300.jpg\"><img aria-describedby=\"caption-attachment-10598\" decoding=\"async\" loading=\"lazy\" class=\"size-full wp-image-10598\" src=\"https:\/\/www.naturparkmagazin.de\/schwaebisch-fraenkischer-wald\/wp-content\/uploads\/sites\/34\/Weihnachtsmarkt_Murrhardt_500x300.jpg\" alt=\"\u00a9 Stadt Murrhardt\" width=\"500\" height=\"300\" srcset=\"https:\/\/www.naturparkmagazin.de\/schwaebisch-fraenkischer-wald\/wp-content\/uploads\/sites\/34\/Weihnachtsmarkt_Murrhardt_500x300.jpg 500w, https:\/\/www.naturparkmagazin.de\/schwaebisch-fraenkischer-wald\/wp-content\/uploads\/sites\/34\/Weihnachtsmarkt_Murrhardt_500x300-300x180.jpg 300w, https:\/\/www.naturparkmagazin.de\/schwaebisch-fraenkischer-wald\/wp-content\/uploads\/sites\/34\/Weihnachtsmarkt_Murrhardt_500x300-200x120.jpg 200w\" sizes=\"(max-width: 500px) 100vw, 500px\" \/><\/a><p id=\"caption-attachment-10598\" class=\"wp-caption-text\">\u00a9 Stadt Murrhardt<\/p><\/div>\n<p>Viele Dorf- und Marktpl\u00e4tze im Naturpark erstrahlen wieder in weihnachtlichen Farben. Der Duft von frisch gebrannten Mandeln und w\u00fcrzigem Gl\u00fchwein liegt vielerorts in der Luft. In liebevoll dekorierten Buden werden feine K\u00f6stlichkeiten und tolle Geschenkideen von regionalen Handwerker:innen angeboten. Ob glitzernde Weihnachtsartikel, edler Schmuck oder pfiffiges Kunsthandwerk: F\u00fcr jeden Weihnachtsfan ist da etwas dabei!<\/p>\n<p>Und zwischendurch verw\u00f6hnen viele K\u00f6stlichkeiten kleine und gro\u00dfe Leckerm\u00e4ulchen aufs Feinste, von Gl\u00fchwein, Punsch, Grillwaren und Flammkuchen bis hin zu s\u00fc\u00dfen Verf\u00fchrungen wie frische Waffeln und Cr\u00eapes. Lassen Sie sich beim Bummeln \u00fcber die Weihnachtsm\u00e4rkte in besinnliche Stimmung versetzen und genie\u00dfen Sie die vorweihnachtliche Zeit im Naturpark.<\/p>\n<p><strong>Folgende Kommunen bieten im Dezember einen Weihnachtsmarkt an:<\/strong><\/p>\n<p><strong>Alth\u00fctte<\/strong> am 4. und 5. Dezember 2021 (Sa. 14-21 Uhr, So. 11:30-18 Uhr), Am Brunnen 10, 71566 Alth\u00fctte (<a href=\"http:\/\/www.althuette.de\">www.althuette.de<\/a>)<\/p>\n<p><strong>Kupferzell<\/strong> am 12. Dezember 2021 (14-20 Uhr), Schlossstra\u00dfe, 74635 Kupferzell (<a href=\"http:\/\/www.kupferzell.de\">www.kupferzell.de<\/a>)<\/p>\n<p><strong>Oberstenfeld<\/strong> am 4. Dezember 2021 (15-21 Uhr), Ortsmitte, 71720 Oberstenfeld (<a href=\"http:\/\/www.oberstenfeld.de\/\">www.oberstenfeld.de<\/a>)<\/p>\n<p><strong>\u00d6hringen<\/strong> an den Adventswochenenden (Fr. 14-21 Uhr, Sa. 12-21 Uhr, So. 12-20 Uhr), Innenstadt, Schloss und Marktplatz, 74613 \u00d6hringen (<a href=\"http:\/\/www.oehringen.de\">www.oehringen.de<\/a>)<\/p>\n<p><strong>Rudersberg<\/strong> am 11. und 12. Dezember und am 18. und 19. Dezember (Fr. &amp;Sa. 18-22 Uhr, So. 12-20 Uhr), Kurze Stra\u00dfe, 73635 Rudersberg (<a href=\"https:\/\/www.rudersberg.de\/de\/freizeit-tourismus\/veranstaltungen\/weihnachtslichtung\">www.rudersberg.de<\/a>)<\/p>\n<p><strong>Schw\u00e4bisch Hall<\/strong> bis 22. Dezember 2021 (t\u00e4glich 11-21 Uhr), Am Markt, 74523 Schw\u00e4bisch Hall (<a href=\"https:\/\/www.schwaebischhall.de\/de\/kultur-tourismus\/feste-highlights\/weihnachtszauber\">www.schwaebischhall.de<\/a>)<\/p>\n<p><em>Bitte beachten Sie, dass Weihnachtsm\u00e4rkte aufgrund der Corona-Pandemie und der damit einhergehenden Verordnungen kurzfristig abgesagt werden k\u00f6nnen. Bitte informieren Sie sich vor einer m\u00f6glichen Anreise noch einmal bei der zust\u00e4ndigen Kommune, ob der Weihnachtsmarkt tats\u00e4chlichen stattfinden kann.<\/em><\/p>\n","protected":false},"excerpt":{"rendered":"<p>Viele Dorf- und Marktpl\u00e4tze im Naturpark erstrahlen wieder in weihnachtlichen Farben. Ob glitzernde Weihnachtsartikel, edler Schmuck oder pfiffiges Kunsthandwerk: F\u00fcr jeden Weihnachtsfan ist da etwas dabei!<\/p>\n","protected":false},"author":25,"featured_media":10589,"comment_status":"open","ping_status":"open","sticky":false,"template":"","format":"standard","meta":[],"categories":[11],"tags":[],"yoast_head":"<!-- This site is optimized with the Yoast SEO plugin v19.10 - https:\/\/yoast.com\/wordpress\/plugins\/seo\/ -->\n<title>Weihnachtsm\u00e4rkte im Naturpark - Naturpark Schw\u00e4bisch-Fr\u00e4nkischer Wald<\/title>\n<meta name=\"robots\" content=\"index, follow, max-snippet:-1, max-image-preview:large, max-video-preview:-1\" \/>\n<link rel=\"canonical\" href=\"https:\/\/www.naturparkmagazin.de\/schwaebisch-fraenkischer-wald\/weihnachtsmaerkte-im-naturpark\/\" \/>\n<meta property=\"og:locale\" content=\"de_DE\" \/>\n<meta property=\"og:type\" content=\"article\" \/>\n<meta property=\"og:title\" content=\"Weihnachtsm\u00e4rkte im Naturpark - Naturpark Schw\u00e4bisch-Fr\u00e4nkischer Wald\" \/>\n<meta property=\"og:description\" content=\"Viele Dorf- und Marktpl\u00e4tze im Naturpark erstrahlen wieder in weihnachtlichen Farben. Ob glitzernde Weihnachtsartikel, edler Schmuck oder pfiffiges Kunsthandwerk: F\u00fcr jeden Weihnachtsfan ist da etwas dabei!\" \/>\n<meta property=\"og:url\" content=\"https:\/\/www.naturparkmagazin.de\/schwaebisch-fraenkischer-wald\/weihnachtsmaerkte-im-naturpark\/\" \/>\n<meta property=\"og:site_name\" content=\"Naturpark Schw\u00e4bisch-Fr\u00e4nkischer Wald\" \/>\n<meta property=\"article:author\" content=\"https:\/\/www.facebook.com\/naturparkSFW\" \/>\n<meta property=\"article:published_time\" content=\"2021-11-15T13:34:48+00:00\" \/>\n<meta property=\"article:modified_time\" content=\"2021-11-26T10:34:33+00:00\" \/>\n<meta property=\"og:image\" content=\"https:\/\/www.naturparkmagazin.de\/schwaebisch-fraenkischer-wald\/wp-content\/uploads\/sites\/34\/211119_Weinnachtsmarkt_Rudersberg_Kotrba_200x200.jpg\" \/>\n\t<meta property=\"og:image:width\" content=\"200\" \/>\n\t<meta property=\"og:image:height\" content=\"200\" \/>\n\t<meta property=\"og:image:type\" content=\"image\/jpeg\" \/>\n<meta name=\"author\" content=\"Naturpark-Team\" \/>\n<meta name=\"twitter:label1\" content=\"Verfasst von\" \/>\n\t<meta name=\"twitter:data1\" content=\"Naturpark-Team\" \/>\n\t<meta name=\"twitter:label2\" content=\"Gesch\u00e4tzte Lesezeit\" \/>\n\t<meta name=\"twitter:data2\" content=\"1\u00a0Minute\" \/>\n<script type=\"application\/ld+json\" class=\"yoast-schema-graph\">{\"@context\":\"https:\/\/schema.org\",\"@graph\":[{\"@type\":\"WebPage\",\"@id\":\"https:\/\/www.naturparkmagazin.de\/schwaebisch-fraenkischer-wald\/weihnachtsmaerkte-im-naturpark\/\",\"url\":\"https:\/\/www.naturparkmagazin.de\/schwaebisch-fraenkischer-wald\/weihnachtsmaerkte-im-naturpark\/\",\"name\":\"Weihnachtsm\u00e4rkte im Naturpark - Naturpark Schw\u00e4bisch-Fr\u00e4nkischer Wald\",\"isPartOf\":{\"@id\":\"https:\/\/www.naturparkmagazin.de\/schwaebisch-fraenkischer-wald\/#website\"},\"datePublished\":\"2021-11-15T13:34:48+00:00\",\"dateModified\":\"2021-11-26T10:34:33+00:00\",\"author\":{\"@id\":\"https:\/\/www.naturparkmagazin.de\/schwaebisch-fraenkischer-wald\/#\/schema\/person\/f047a3702ae747fd7830cf8ac95e6066\"},\"breadcrumb\":{\"@id\":\"https:\/\/www.naturparkmagazin.de\/schwaebisch-fraenkischer-wald\/weihnachtsmaerkte-im-naturpark\/#breadcrumb\"},\"inLanguage\":\"de\",\"potentialAction\":[{\"@type\":\"ReadAction\",\"target\":[\"https:\/\/www.naturparkmagazin.de\/schwaebisch-fraenkischer-wald\/weihnachtsmaerkte-im-naturpark\/\"]}]},{\"@type\":\"BreadcrumbList\",\"@id\":\"https:\/\/www.naturparkmagazin.de\/schwaebisch-fraenkischer-wald\/weihnachtsmaerkte-im-naturpark\/#breadcrumb\",\"itemListElement\":[{\"@type\":\"ListItem\",\"position\":1,\"name\":\"Home\",\"item\":\"https:\/\/www.naturparkmagazin.de\/schwaebisch-fraenkischer-wald\/\"},{\"@type\":\"ListItem\",\"position\":2,\"name\":\"Weihnachtsm\u00e4rkte im Naturpark\"}]},{\"@type\":\"WebSite\",\"@id\":\"https:\/\/www.naturparkmagazin.de\/schwaebisch-fraenkischer-wald\/#website\",\"url\":\"https:\/\/www.naturparkmagazin.de\/schwaebisch-fraenkischer-wald\/\",\"name\":\"Naturpark Schw\u00e4bisch-Fr\u00e4nkischer Wald\",\"description\":\"\",\"potentialAction\":[{\"@type\":\"SearchAction\",\"target\":{\"@type\":\"EntryPoint\",\"urlTemplate\":\"https:\/\/www.naturparkmagazin.de\/schwaebisch-fraenkischer-wald\/?s={search_term_string}\"},\"query-input\":\"required name=search_term_string\"}],\"inLanguage\":\"de\"},{\"@type\":\"Person\",\"@id\":\"https:\/\/www.naturparkmagazin.de\/schwaebisch-fraenkischer-wald\/#\/schema\/person\/f047a3702ae747fd7830cf8ac95e6066\",\"name\":\"Naturpark-Team\",\"sameAs\":[\"http:\/\/www.naturpark-sfw.de\",\"https:\/\/www.facebook.com\/naturparkSFW\"],\"url\":\"https:\/\/www.naturparkmagazin.de\/schwaebisch-fraenkischer-wald\/author\/bernharddrixler\/\"}]}<\/script>\n<!-- \/ Yoast SEO plugin. -->","yoast_head_json":{"title":"Weihnachtsm\u00e4rkte im Naturpark - Naturpark Schw\u00e4bisch-Fr\u00e4nkischer Wald","robots":{"index":"index","follow":"follow","max-snippet":"max-snippet:-1","max-image-preview":"max-image-preview:large","max-video-preview":"max-video-preview:-1"},"canonical":"https:\/\/www.naturparkmagazin.de\/schwaebisch-fraenkischer-wald\/weihnachtsmaerkte-im-naturpark\/","og_locale":"de_DE","og_type":"article","og_title":"Weihnachtsm\u00e4rkte im Naturpark - Naturpark Schw\u00e4bisch-Fr\u00e4nkischer Wald","og_description":"Viele Dorf- und Marktpl\u00e4tze im Naturpark erstrahlen wieder in weihnachtlichen Farben. Ob glitzernde Weihnachtsartikel, edler Schmuck oder pfiffiges Kunsthandwerk: F\u00fcr jeden Weihnachtsfan ist da etwas dabei!","og_url":"https:\/\/www.naturparkmagazin.de\/schwaebisch-fraenkischer-wald\/weihnachtsmaerkte-im-naturpark\/","og_site_name":"Naturpark Schw\u00e4bisch-Fr\u00e4nkischer Wald","article_author":"https:\/\/www.facebook.com\/naturparkSFW","article_published_time":"2021-11-15T13:34:48+00:00","article_modified_time":"2021-11-26T10:34:33+00:00","og_image":[{"width":200,"height":200,"url":"https:\/\/www.naturparkmagazin.de\/schwaebisch-fraenkischer-wald\/wp-content\/uploads\/sites\/34\/211119_Weinnachtsmarkt_Rudersberg_Kotrba_200x200.jpg","type":"image\/jpeg"}],"author":"Naturpark-Team","twitter_misc":{"Verfasst von":"Naturpark-Team","Gesch\u00e4tzte Lesezeit":"1\u00a0Minute"},"schema":{"@context":"https:\/\/schema.org","@graph":[{"@type":"WebPage","@id":"https:\/\/www.naturparkmagazin.de\/schwaebisch-fraenkischer-wald\/weihnachtsmaerkte-im-naturpark\/","url":"https:\/\/www.naturparkmagazin.de\/schwaebisch-fraenkischer-wald\/weihnachtsmaerkte-im-naturpark\/","name":"Weihnachtsm\u00e4rkte im Naturpark - Naturpark Schw\u00e4bisch-Fr\u00e4nkischer Wald","isPartOf":{"@id":"https:\/\/www.naturparkmagazin.de\/schwaebisch-fraenkischer-wald\/#website"},"datePublished":"2021-11-15T13:34:48+00:00","dateModified":"2021-11-26T10:34:33+00:00","author":{"@id":"https:\/\/www.naturparkmagazin.de\/schwaebisch-fraenkischer-wald\/#\/schema\/person\/f047a3702ae747fd7830cf8ac95e6066"},"breadcrumb":{"@id":"https:\/\/www.naturparkmagazin.de\/schwaebisch-fraenkischer-wald\/weihnachtsmaerkte-im-naturpark\/#breadcrumb"},"inLanguage":"de","potentialAction":[{"@type":"ReadAction","target":["https:\/\/www.naturparkmagazin.de\/schwaebisch-fraenkischer-wald\/weihnachtsmaerkte-im-naturpark\/"]}]},{"@type":"BreadcrumbList","@id":"https:\/\/www.naturparkmagazin.de\/schwaebisch-fraenkischer-wald\/weihnachtsmaerkte-im-naturpark\/#breadcrumb","itemListElement":[{"@type":"ListItem","position":1,"name":"Home","item":"https:\/\/www.naturparkmagazin.de\/schwaebisch-fraenkischer-wald\/"},{"@type":"ListItem","position":2,"name":"Weihnachtsm\u00e4rkte im Naturpark"}]},{"@type":"WebSite","@id":"https:\/\/www.naturparkmagazin.de\/schwaebisch-fraenkischer-wald\/#website","url":"https:\/\/www.naturparkmagazin.de\/schwaebisch-fraenkischer-wald\/","name":"Naturpark Schw\u00e4bisch-Fr\u00e4nkischer Wald","description":"","potentialAction":[{"@type":"SearchAction","target":{"@type":"EntryPoint","urlTemplate":"https:\/\/www.naturparkmagazin.de\/schwaebisch-fraenkischer-wald\/?s={search_term_string}"},"query-input":"required name=search_term_string"}],"inLanguage":"de"},{"@type":"Person","@id":"https:\/\/www.naturparkmagazin.de\/schwaebisch-fraenkischer-wald\/#\/schema\/person\/f047a3702ae747fd7830cf8ac95e6066","name":"Naturpark-Team","sameAs":["http:\/\/www.naturpark-sfw.de","https:\/\/www.facebook.com\/naturparkSFW"],"url":"https:\/\/www.naturparkmagazin.de\/schwaebisch-fraenkischer-wald\/author\/bernharddrixler\/"}]}},"_links":{"self":[{"href":"https:\/\/www.naturparkmagazin.de\/schwaebisch-fraenkischer-wald\/wp-json\/wp\/v2\/posts\/10519"}],"collection":[{"href":"https:\/\/www.naturparkmagazin.de\/schwaebisch-fraenkischer-wald\/wp-json\/wp\/v2\/posts"}],"about":[{"href":"https:\/\/www.naturparkmagazin.de\/schwaebisch-fraenkischer-wald\/wp-json\/wp\/v2\/types\/post"}],"author":[{"embeddable":true,"href":"https:\/\/www.naturparkmagazin.de\/schwaebisch-fraenkischer-wald\/wp-json\/wp\/v2\/users\/25"}],"replies":[{"embeddable":true,"href":"https:\/\/www.naturparkmagazin.de\/schwaebisch-fraenkischer-wald\/wp-json\/wp\/v2\/comments?post=10519"}],"version-history":[{"count":8,"href":"https:\/\/www.naturparkmagazin.de\/schwaebisch-fraenkischer-wald\/wp-json\/wp\/v2\/posts\/10519\/revisions"}],"predecessor-version":[{"id":10607,"href":"https:\/\/www.naturparkmagazin.de\/schwaebisch-fraenkischer-wald\/wp-json\/wp\/v2\/posts\/10519\/revisions\/10607"}],"wp:featuredmedia":[{"embeddable":true,"href":"https:\/\/www.naturparkmagazin.de\/schwaebisch-fraenkischer-wald\/wp-json\/wp\/v2\/media\/10589"}],"wp:attachment":[{"href":"https:\/\/www.naturparkmagazin.de\/schwaebisch-fraenkischer-wald\/wp-json\/wp\/v2\/media?parent=10519"}],"wp:term":[{"taxonomy":"category","embeddable":true,"href":"https:\/\/www.naturparkmagazin.de\/schwaebisch-fraenkischer-wald\/wp-json\/wp\/v2\/categories?post=10519"},{"taxonomy":"post_tag","embeddable":true,"href":"https:\/\/www.naturparkmagazin.de\/schwaebisch-fraenkischer-wald\/wp-json\/wp\/v2\/tags?post=10519"}],"curies":[{"name":"wp","href":"https:\/\/api.w.org\/{rel}","templated":true}]}}