{"id":10524,"date":"2021-11-15T14:40:47","date_gmt":"2021-11-15T13:40:47","guid":{"rendered":"https:\/\/www.naturparkmagazin.de\/schwaebisch-fraenkischer-wald\/?p=10524"},"modified":"2021-11-23T14:34:57","modified_gmt":"2021-11-23T13:34:57","slug":"muehlenweihnacht-um-die-glattenzainbachmuehle","status":"publish","type":"post","link":"https:\/\/www.naturparkmagazin.de\/schwaebisch-fraenkischer-wald\/muehlenweihnacht-um-die-glattenzainbachmuehle\/","title":{"rendered":"M\u00fchlenweihnacht um die Glattenzainbachm\u00fchle"},"content":{"rendered":"<div id=\"attachment_10555\" style=\"width: 494px\" class=\"wp-caption aligncenter\"><a href=\"https:\/\/www.naturparkmagazin.de\/schwaebisch-fraenkischer-wald\/wp-content\/uploads\/sites\/34\/Muehlenweihnacht_Timo_H\u00fcbner_500x300.jpg\"><img aria-describedby=\"caption-attachment-10555\" decoding=\"async\" loading=\"lazy\" class=\"size-full wp-image-10555\" src=\"https:\/\/www.naturparkmagazin.de\/schwaebisch-fraenkischer-wald\/wp-content\/uploads\/sites\/34\/Muehlenweihnacht_Timo_H\u00fcbner_500x300.jpg\" alt=\"\u00a9  Timo H\u00fcbner\" width=\"484\" height=\"300\" srcset=\"https:\/\/www.naturparkmagazin.de\/schwaebisch-fraenkischer-wald\/wp-content\/uploads\/sites\/34\/Muehlenweihnacht_Timo_H\u00fcbner_500x300.jpg 484w, https:\/\/www.naturparkmagazin.de\/schwaebisch-fraenkischer-wald\/wp-content\/uploads\/sites\/34\/Muehlenweihnacht_Timo_H\u00fcbner_500x300-300x186.jpg 300w, https:\/\/www.naturparkmagazin.de\/schwaebisch-fraenkischer-wald\/wp-content\/uploads\/sites\/34\/Muehlenweihnacht_Timo_H\u00fcbner_500x300-200x124.jpg 200w\" sizes=\"(max-width: 484px) 100vw, 484px\" \/><\/a><p id=\"caption-attachment-10555\" class=\"wp-caption-text\">\u00a9 Timo H\u00fcbner<\/p><\/div>\n<p>Die M\u00fchlenweihnacht um die Glattenzainbachm\u00fchle in Murrhardt-Kirchenkirnberg ist stimmungsvolles Adventsambiente pur!<\/p>\n<p>An diesem Wochenende gibt es ein volles Veranstaltungsprogramm, mit Lesungen und F\u00fchrungen in der M\u00fchle, einem Gedichtswald, Fackelwanderungen, Bastel- und Mitmachangeboten, einem gro\u00dfen Feuer und vielem mehr. Rund 1.000 Lichter h\u00fcllen die alte M\u00fchle in einen romantischen Schein. Zudem werden regionale Speisen und Getr\u00e4nke aufgetischt.<\/p>\n<p>Die M\u00fchlenweihnacht \u00f6ffnet ihre Tore am Samstag, den 11. Dezember um 14 Uhr und am Sonntag, den 12. Dezember um 11 Uhr. Der Eintritt ist frei. Veranstalter sind die Naturparkf\u00fchrer Walter Hieber und Prof. Dr. Manfred Krautter in Zusammenarbeit mit der Stadt Murrhardt und der Glattenzainbachm\u00fchle.<\/p>\n<p><em>Bitte beachten Sie, dass die M\u00fchlenweihnacht aufgrund der Corona-Pandemie und der damit einhergehenden Verordnungen kurzfristig abgesagt werden kann. Bitte informieren Sie sich vor einer m\u00f6glichen Anreise bei den Veranstaltern unter <a href=\"http:\/\/www.waldentdecker.de\">www.waldentdecker.de<\/a>, ob die M\u00fchlenweihnacht tats\u00e4chlichen stattfindet.<\/em><\/p>\n","protected":false},"excerpt":{"rendered":"<p>Die M\u00fchlenweihnacht um die Glattenzainbachm\u00fchle in Murrhardt-Kirchenkirnberg ist stimmungsvolles Adventsambiente pur!<\/p>\n","protected":false},"author":25,"featured_media":10553,"comment_status":"open","ping_status":"open","sticky":false,"template":"","format":"standard","meta":[],"categories":[1],"tags":[],"yoast_head":"<!-- This site is optimized with the Yoast SEO plugin v19.10 - https:\/\/yoast.com\/wordpress\/plugins\/seo\/ -->\n<title>M\u00fchlenweihnacht um die Glattenzainbachm\u00fchle - Naturpark Schw\u00e4bisch-Fr\u00e4nkischer Wald<\/title>\n<meta name=\"robots\" content=\"index, follow, max-snippet:-1, max-image-preview:large, max-video-preview:-1\" \/>\n<link rel=\"canonical\" href=\"https:\/\/www.naturparkmagazin.de\/schwaebisch-fraenkischer-wald\/muehlenweihnacht-um-die-glattenzainbachmuehle\/\" \/>\n<meta property=\"og:locale\" content=\"de_DE\" \/>\n<meta property=\"og:type\" content=\"article\" \/>\n<meta property=\"og:title\" content=\"M\u00fchlenweihnacht um die Glattenzainbachm\u00fchle - Naturpark Schw\u00e4bisch-Fr\u00e4nkischer Wald\" \/>\n<meta property=\"og:description\" content=\"Die M\u00fchlenweihnacht um die Glattenzainbachm\u00fchle in Murrhardt-Kirchenkirnberg ist stimmungsvolles Adventsambiente pur!\" \/>\n<meta property=\"og:url\" content=\"https:\/\/www.naturparkmagazin.de\/schwaebisch-fraenkischer-wald\/muehlenweihnacht-um-die-glattenzainbachmuehle\/\" \/>\n<meta property=\"og:site_name\" content=\"Naturpark Schw\u00e4bisch-Fr\u00e4nkischer Wald\" \/>\n<meta property=\"article:author\" content=\"https:\/\/www.facebook.com\/naturparkSFW\" \/>\n<meta property=\"article:published_time\" content=\"2021-11-15T13:40:47+00:00\" \/>\n<meta property=\"article:modified_time\" content=\"2021-11-23T13:34:57+00:00\" \/>\n<meta property=\"og:image\" content=\"https:\/\/www.naturparkmagazin.de\/schwaebisch-fraenkischer-wald\/wp-content\/uploads\/sites\/34\/Muehlenweihnacht_Timo_H\u00fcbner_200x200.jpg\" \/>\n\t<meta property=\"og:image:width\" content=\"324\" \/>\n\t<meta property=\"og:image:height\" content=\"324\" \/>\n\t<meta property=\"og:image:type\" content=\"image\/jpeg\" \/>\n<meta name=\"author\" content=\"Naturpark-Team\" \/>\n<meta name=\"twitter:label1\" content=\"Verfasst von\" \/>\n\t<meta name=\"twitter:data1\" content=\"Naturpark-Team\" \/>\n\t<meta name=\"twitter:label2\" content=\"Gesch\u00e4tzte Lesezeit\" \/>\n\t<meta name=\"twitter:data2\" content=\"1\u00a0Minute\" \/>\n<script type=\"application\/ld+json\" class=\"yoast-schema-graph\">{\"@context\":\"https:\/\/schema.org\",\"@graph\":[{\"@type\":\"WebPage\",\"@id\":\"https:\/\/www.naturparkmagazin.de\/schwaebisch-fraenkischer-wald\/muehlenweihnacht-um-die-glattenzainbachmuehle\/\",\"url\":\"https:\/\/www.naturparkmagazin.de\/schwaebisch-fraenkischer-wald\/muehlenweihnacht-um-die-glattenzainbachmuehle\/\",\"name\":\"M\u00fchlenweihnacht um die Glattenzainbachm\u00fchle - Naturpark Schw\u00e4bisch-Fr\u00e4nkischer Wald\",\"isPartOf\":{\"@id\":\"https:\/\/www.naturparkmagazin.de\/schwaebisch-fraenkischer-wald\/#website\"},\"datePublished\":\"2021-11-15T13:40:47+00:00\",\"dateModified\":\"2021-11-23T13:34:57+00:00\",\"author\":{\"@id\":\"https:\/\/www.naturparkmagazin.de\/schwaebisch-fraenkischer-wald\/#\/schema\/person\/f047a3702ae747fd7830cf8ac95e6066\"},\"breadcrumb\":{\"@id\":\"https:\/\/www.naturparkmagazin.de\/schwaebisch-fraenkischer-wald\/muehlenweihnacht-um-die-glattenzainbachmuehle\/#breadcrumb\"},\"inLanguage\":\"de\",\"potentialAction\":[{\"@type\":\"ReadAction\",\"target\":[\"https:\/\/www.naturparkmagazin.de\/schwaebisch-fraenkischer-wald\/muehlenweihnacht-um-die-glattenzainbachmuehle\/\"]}]},{\"@type\":\"BreadcrumbList\",\"@id\":\"https:\/\/www.naturparkmagazin.de\/schwaebisch-fraenkischer-wald\/muehlenweihnacht-um-die-glattenzainbachmuehle\/#breadcrumb\",\"itemListElement\":[{\"@type\":\"ListItem\",\"position\":1,\"name\":\"Home\",\"item\":\"https:\/\/www.naturparkmagazin.de\/schwaebisch-fraenkischer-wald\/\"},{\"@type\":\"ListItem\",\"position\":2,\"name\":\"M\u00fchlenweihnacht um die Glattenzainbachm\u00fchle\"}]},{\"@type\":\"WebSite\",\"@id\":\"https:\/\/www.naturparkmagazin.de\/schwaebisch-fraenkischer-wald\/#website\",\"url\":\"https:\/\/www.naturparkmagazin.de\/schwaebisch-fraenkischer-wald\/\",\"name\":\"Naturpark Schw\u00e4bisch-Fr\u00e4nkischer Wald\",\"description\":\"\",\"potentialAction\":[{\"@type\":\"SearchAction\",\"target\":{\"@type\":\"EntryPoint\",\"urlTemplate\":\"https:\/\/www.naturparkmagazin.de\/schwaebisch-fraenkischer-wald\/?s={search_term_string}\"},\"query-input\":\"required name=search_term_string\"}],\"inLanguage\":\"de\"},{\"@type\":\"Person\",\"@id\":\"https:\/\/www.naturparkmagazin.de\/schwaebisch-fraenkischer-wald\/#\/schema\/person\/f047a3702ae747fd7830cf8ac95e6066\",\"name\":\"Naturpark-Team\",\"sameAs\":[\"http:\/\/www.naturpark-sfw.de\",\"https:\/\/www.facebook.com\/naturparkSFW\"],\"url\":\"https:\/\/www.naturparkmagazin.de\/schwaebisch-fraenkischer-wald\/author\/bernharddrixler\/\"}]}<\/script>\n<!-- \/ Yoast SEO plugin. -->","yoast_head_json":{"title":"M\u00fchlenweihnacht um die Glattenzainbachm\u00fchle - Naturpark Schw\u00e4bisch-Fr\u00e4nkischer Wald","robots":{"index":"index","follow":"follow","max-snippet":"max-snippet:-1","max-image-preview":"max-image-preview:large","max-video-preview":"max-video-preview:-1"},"canonical":"https:\/\/www.naturparkmagazin.de\/schwaebisch-fraenkischer-wald\/muehlenweihnacht-um-die-glattenzainbachmuehle\/","og_locale":"de_DE","og_type":"article","og_title":"M\u00fchlenweihnacht um die Glattenzainbachm\u00fchle - Naturpark Schw\u00e4bisch-Fr\u00e4nkischer Wald","og_description":"Die M\u00fchlenweihnacht um die Glattenzainbachm\u00fchle in Murrhardt-Kirchenkirnberg ist stimmungsvolles Adventsambiente pur!","og_url":"https:\/\/www.naturparkmagazin.de\/schwaebisch-fraenkischer-wald\/muehlenweihnacht-um-die-glattenzainbachmuehle\/","og_site_name":"Naturpark Schw\u00e4bisch-Fr\u00e4nkischer Wald","article_author":"https:\/\/www.facebook.com\/naturparkSFW","article_published_time":"2021-11-15T13:40:47+00:00","article_modified_time":"2021-11-23T13:34:57+00:00","og_image":[{"width":324,"height":324,"url":"https:\/\/www.naturparkmagazin.de\/schwaebisch-fraenkischer-wald\/wp-content\/uploads\/sites\/34\/Muehlenweihnacht_Timo_H\u00fcbner_200x200.jpg","type":"image\/jpeg"}],"author":"Naturpark-Team","twitter_misc":{"Verfasst von":"Naturpark-Team","Gesch\u00e4tzte Lesezeit":"1\u00a0Minute"},"schema":{"@context":"https:\/\/schema.org","@graph":[{"@type":"WebPage","@id":"https:\/\/www.naturparkmagazin.de\/schwaebisch-fraenkischer-wald\/muehlenweihnacht-um-die-glattenzainbachmuehle\/","url":"https:\/\/www.naturparkmagazin.de\/schwaebisch-fraenkischer-wald\/muehlenweihnacht-um-die-glattenzainbachmuehle\/","name":"M\u00fchlenweihnacht um die Glattenzainbachm\u00fchle - Naturpark Schw\u00e4bisch-Fr\u00e4nkischer Wald","isPartOf":{"@id":"https:\/\/www.naturparkmagazin.de\/schwaebisch-fraenkischer-wald\/#website"},"datePublished":"2021-11-15T13:40:47+00:00","dateModified":"2021-11-23T13:34:57+00:00","author":{"@id":"https:\/\/www.naturparkmagazin.de\/schwaebisch-fraenkischer-wald\/#\/schema\/person\/f047a3702ae747fd7830cf8ac95e6066"},"breadcrumb":{"@id":"https:\/\/www.naturparkmagazin.de\/schwaebisch-fraenkischer-wald\/muehlenweihnacht-um-die-glattenzainbachmuehle\/#breadcrumb"},"inLanguage":"de","potentialAction":[{"@type":"ReadAction","target":["https:\/\/www.naturparkmagazin.de\/schwaebisch-fraenkischer-wald\/muehlenweihnacht-um-die-glattenzainbachmuehle\/"]}]},{"@type":"BreadcrumbList","@id":"https:\/\/www.naturparkmagazin.de\/schwaebisch-fraenkischer-wald\/muehlenweihnacht-um-die-glattenzainbachmuehle\/#breadcrumb","itemListElement":[{"@type":"ListItem","position":1,"name":"Home","item":"https:\/\/www.naturparkmagazin.de\/schwaebisch-fraenkischer-wald\/"},{"@type":"ListItem","position":2,"name":"M\u00fchlenweihnacht um die Glattenzainbachm\u00fchle"}]},{"@type":"WebSite","@id":"https:\/\/www.naturparkmagazin.de\/schwaebisch-fraenkischer-wald\/#website","url":"https:\/\/www.naturparkmagazin.de\/schwaebisch-fraenkischer-wald\/","name":"Naturpark Schw\u00e4bisch-Fr\u00e4nkischer Wald","description":"","potentialAction":[{"@type":"SearchAction","target":{"@type":"EntryPoint","urlTemplate":"https:\/\/www.naturparkmagazin.de\/schwaebisch-fraenkischer-wald\/?s={search_term_string}"},"query-input":"required name=search_term_string"}],"inLanguage":"de"},{"@type":"Person","@id":"https:\/\/www.naturparkmagazin.de\/schwaebisch-fraenkischer-wald\/#\/schema\/person\/f047a3702ae747fd7830cf8ac95e6066","name":"Naturpark-Team","sameAs":["http:\/\/www.naturpark-sfw.de","https:\/\/www.facebook.com\/naturparkSFW"],"url":"https:\/\/www.naturparkmagazin.de\/schwaebisch-fraenkischer-wald\/author\/bernharddrixler\/"}]}},"_links":{"self":[{"href":"https:\/\/www.naturparkmagazin.de\/schwaebisch-fraenkischer-wald\/wp-json\/wp\/v2\/posts\/10524"}],"collection":[{"href":"https:\/\/www.naturparkmagazin.de\/schwaebisch-fraenkischer-wald\/wp-json\/wp\/v2\/posts"}],"about":[{"href":"https:\/\/www.naturparkmagazin.de\/schwaebisch-fraenkischer-wald\/wp-json\/wp\/v2\/types\/post"}],"author":[{"embeddable":true,"href":"https:\/\/www.naturparkmagazin.de\/schwaebisch-fraenkischer-wald\/wp-json\/wp\/v2\/users\/25"}],"replies":[{"embeddable":true,"href":"https:\/\/www.naturparkmagazin.de\/schwaebisch-fraenkischer-wald\/wp-json\/wp\/v2\/comments?post=10524"}],"version-history":[{"count":4,"href":"https:\/\/www.naturparkmagazin.de\/schwaebisch-fraenkischer-wald\/wp-json\/wp\/v2\/posts\/10524\/revisions"}],"predecessor-version":[{"id":10556,"href":"https:\/\/www.naturparkmagazin.de\/schwaebisch-fraenkischer-wald\/wp-json\/wp\/v2\/posts\/10524\/revisions\/10556"}],"wp:featuredmedia":[{"embeddable":true,"href":"https:\/\/www.naturparkmagazin.de\/schwaebisch-fraenkischer-wald\/wp-json\/wp\/v2\/media\/10553"}],"wp:attachment":[{"href":"https:\/\/www.naturparkmagazin.de\/schwaebisch-fraenkischer-wald\/wp-json\/wp\/v2\/media?parent=10524"}],"wp:term":[{"taxonomy":"category","embeddable":true,"href":"https:\/\/www.naturparkmagazin.de\/schwaebisch-fraenkischer-wald\/wp-json\/wp\/v2\/categories?post=10524"},{"taxonomy":"post_tag","embeddable":true,"href":"https:\/\/www.naturparkmagazin.de\/schwaebisch-fraenkischer-wald\/wp-json\/wp\/v2\/tags?post=10524"}],"curies":[{"name":"wp","href":"https:\/\/api.w.org\/{rel}","templated":true}]}}