{"id":10526,"date":"2021-11-15T14:43:10","date_gmt":"2021-11-15T13:43:10","guid":{"rendered":"https:\/\/www.naturparkmagazin.de\/schwaebisch-fraenkischer-wald\/?p=10526"},"modified":"2021-11-19T09:43:45","modified_gmt":"2021-11-19T08:43:45","slug":"das-naturpark-jahr-2021-im-rueckblick","status":"publish","type":"post","link":"https:\/\/www.naturparkmagazin.de\/schwaebisch-fraenkischer-wald\/das-naturpark-jahr-2021-im-rueckblick\/","title":{"rendered":"Das Naturpark-Jahr 2021 im R\u00fcckblick"},"content":{"rendered":"<div id=\"attachment_10565\" style=\"width: 510px\" class=\"wp-caption aligncenter\"><a href=\"https:\/\/www.naturparkmagazin.de\/schwaebisch-fraenkischer-wald\/wp-content\/uploads\/sites\/34\/Brandhofer-\u00d6l-und-S\u00e4gem\u00fchle_07_500x300.jpg\"><img aria-describedby=\"caption-attachment-10565\" decoding=\"async\" loading=\"lazy\" class=\"size-full wp-image-10565\" src=\"https:\/\/www.naturparkmagazin.de\/schwaebisch-fraenkischer-wald\/wp-content\/uploads\/sites\/34\/Brandhofer-\u00d6l-und-S\u00e4gem\u00fchle_07_500x300.jpg\" alt=\"\u00a9 Naturpark SFW Archiv\" width=\"500\" height=\"300\" srcset=\"https:\/\/www.naturparkmagazin.de\/schwaebisch-fraenkischer-wald\/wp-content\/uploads\/sites\/34\/Brandhofer-\u00d6l-und-S\u00e4gem\u00fchle_07_500x300.jpg 500w, https:\/\/www.naturparkmagazin.de\/schwaebisch-fraenkischer-wald\/wp-content\/uploads\/sites\/34\/Brandhofer-\u00d6l-und-S\u00e4gem\u00fchle_07_500x300-300x180.jpg 300w, https:\/\/www.naturparkmagazin.de\/schwaebisch-fraenkischer-wald\/wp-content\/uploads\/sites\/34\/Brandhofer-\u00d6l-und-S\u00e4gem\u00fchle_07_500x300-200x120.jpg 200w\" sizes=\"(max-width: 500px) 100vw, 500px\" \/><\/a><p id=\"caption-attachment-10565\" class=\"wp-caption-text\">\u00a9 Naturpark SFW Archiv<\/p><\/div>\n<p>Wir wollen einen Blick zur\u00fcckwerfen auf die vergangenen zw\u00f6lf Monate und haben hierzu ein paar spannende Beitr\u00e4ge aus unserem Archiv herausgekramt.<\/p>\n<p><strong>Alles Neu macht das Jahr 2021<\/strong><\/p>\n<p>Los ging es im Januar! Das Jahr startete mit viel Umschwung auf der Naturpark-Gesch\u00e4ftsstelle. Denn zu Beginn des Jahres begr\u00fc\u00dften wir zwei neue Mitarbeiterinnen, Jasmin Kotrba und Sabine R\u00fccker und verabschiedeten uns von der langj\u00e4hrigen Mitarbeiterin und Impulsgeberin Andrea Bofinger. Kurz darauf, im M\u00e4rz, setzte sich dann der langj\u00e4hrige Gesch\u00e4ftsf\u00fchrer des Naturparks, Bernhard Drixler, nach unglaublichen 26 Jahren Naturparkarbeit in den Ruhestand. In dieser Zeit hat er viel um- und angetrieben (Lesen Sie mehr dazu <a href=\"https:\/\/www.naturparkmagazin.de\/schwaebisch-fraenkischer-wald\/geschaeftsfuehrer-bernhard-drixler-geht-in-unruhestand\/\">hier<\/a>). Als Dank f\u00fcr sein leidenschaftliches Engagement f\u00fcr den Naturpark wurde im Herbst der Bernhard-Drixler-Wanderweg eingerichtet, ein Wanderweg zwischen Spiegelberg und Gro\u00dferlach. Seine Nachfolge trat der neue Gesch\u00e4ftsf\u00fchrer Karl-Dieter Diemer im April an. Und nicht nur das! Das Team erweiterte sich um die beiden Projektmanagerinnen Franziska Hornung und Elena Schick. Im April-Newsletter stellte sich das neue Team vor (<a href=\"https:\/\/www.naturparkmagazin.de\/schwaebisch-fraenkischer-wald\/neues-team-auf-der-naturpark-geschaeftsstelle\/\">Hier <\/a>geht es zum Artikel).<\/p>\n<p><strong>Neuer Naturpark-Plan 2030 und Panoramakarte ver\u00f6ffentlicht<\/strong><\/p>\n<p>Als Ergebnis eines partizipativen Prozesses mit zahlreichen Beteiligten konnte im Herbst der neue Naturpark-Plan der \u00d6ffentlichkeit pr\u00e4sentiert und vorgestellt werden. Er gibt die Richtung an, in welche sich der Naturpark in den kommenden 10 Jahren weiterentwickeln soll. Sie wollen mal reinlesen? Der Naturpark-Plan ist\u00a0<a href=\"https:\/\/www.naturpark-sfw.de\/der-naturpark\/vorstellung-naturpark-schwaebisch-fraenkischer-wald\/ziele-aufgaben\/\">hier <\/a>abrufbar. Auch die neue Panoramakarte wurde fertiggestellt und kann \u00fcber die <a href=\"https:\/\/www.naturpark-sfw.de\/informieren\/broschueren-bestellung\/\">Brosch\u00fcrenbestellung <\/a>bestellt werden.<\/p>\n<p><strong>Projekt \u201eBl\u00fchender Naturpark\u201c erfolgreich fortgef\u00fchrt<\/strong><\/p>\n<p>Im Projekt \u201eBl\u00fchender Naturpark\u201c ging es weiter voran und zwei neue Gemeinden, Murrhardt und Spraitbach, sind nun mit von der Partie. Das bl\u00fchende Naturparkjahr startete im Juli mit einem Anlageseminar. Weitere Seminare f\u00fcr die Bauhofmitarbeiter:innen folgten, unter anderem zu den Themen Grabenunterhaltung und Heckenpflege im Herbst. Eine Wildbienenexkursion im Sommer komplettierte das Angebot. Zudem fanden im Sommer und Herbst die j\u00e4hrlichen Fl\u00e4chenbegehungen statt: Insgesamt wurden 18 neue Bl\u00fchwiesen mit einer Fl\u00e4che von insgesamt 4.800 m\u00b2 eingerichtet. Nun gibt es \u00fcber 108.000 m\u00b2 Bl\u00fchfl\u00e4che in 29 Kommunen im Schw\u00e4bisch-Fr\u00e4nkischen Wald. Das Projekt Bl\u00fchender Naturpark wurde in unserem Juli-Newsletter vorgestellt. Lesen Sie <a href=\"https:\/\/www.naturparkmagazin.de\/schwaebisch-fraenkischer-wald\/die-naturparke-in-baden-wuerttemberg-bluehen-auf\/\">hier <\/a>mehr dazu.<\/p>\n<p><strong>Naturpark-Schulen rezertifiziert<\/strong><\/p>\n<p>Im Bereich Bildung f\u00fcr nachhaltige Entwicklung gab es viel Bewegung bei den Naturpark Schulen. Re-zertifiziert werden konnten, nach f\u00fcnf erfolgreichen Jahren als Naturpark-Schule, die Walterichschule in Murrhardt, die Plaisirschule in Backnang und der Janusz-Korczak-Schule in Welzheim. Und auch wieder neue Schulen haben ihr Interesse am Projekt bekundet und sind bereits \u201eauf dem Weg\u201c!. Zudem fanden wieder Lenkungskreis- und Projektgruppentreffen statt, in denen an der Weiterentwicklung und zuk\u00fcnftigen Ausrichtung des Projektes gearbeitet wurde. Lesen Sie mehr zum Projekt und zur Re-Zertifizierung der Schulen <a href=\"https:\/\/www.naturparkmagazin.de\/schwaebisch-fraenkischer-wald\/naturpark-schulen-erfolgreich-rezertifiziert\/\">hier<\/a>.\u00a0Und das Jahr 2022 h\u00e4lt bereits die ersten \u00dcberraschungen bereit. Denn im kommenden Jahr geht der Naturpark mit dem Projekt Naturpark-Kindergarten an den Start, das inhaltlich an das Projekt Naturpark-Schule anschlie\u00dft.<\/p>\n<p><strong>Digitale Naturpark-Bounds f\u00fcr den Naturpark<\/strong><\/p>\n<p>Im Verlauf der Corona-Pandemie wurden von einer Gruppe von Naturparkf\u00fchrern und Naturparkf\u00fchrerinnen mit der App Actionbound \u201einteraktive Schnitzeljagden mit dem Smartphone\u201c entwickelt. Im Fr\u00fchling konnten die ersten Bounds ver\u00f6ffentlicht werden (Lesen Sie mehr dazu <a href=\"https:\/\/www.naturparkmagazin.de\/schwaebisch-fraenkischer-wald\/naturpark-bounds-interaktive-abenteuer-mit-dem-smartphone\/\">hier<\/a>). Im Herbst folgte dann die Entwicklung weiterer Bounds in Zusammenarbeit mit Studierenden der PH Ludwigsburg. Insgesamt gibt es aktuell 15 Bounds verteilt \u00fcber das Naturparkgebiet, die von Familien mit Kindern oder aber auch Schulklassen gespielt werden k\u00f6nnen.<\/p>\n<p><strong>Digitale Datenbank Q-Vadis steht in den Startl\u00f6chern<\/strong><\/p>\n<p>Zielsicher unterwegs im Naturpark mit unserer digitalen Datenbank \u201eQ-vadis\u201c. Das Projekt wurde 2019 gemeinsam mit dem Rems-Murr-Kreis und dem Schw\u00e4bischen Wald Tourismus ins Leben gerufen. Seitdem wurden alle Wander- und Radwege, sowie die Besonderheiten der jeweiligen Gemeinden\u00a0und deren Gastronomie- und Hotelbetriebe in die Datenbank eingepflegt. Die erste Aufnahme aller Daten wird diesen Dezember abgeschlossen. Mit der Plattform \u201eQ-vadis\u201c k\u00f6nnen Sie Ihren Aufenthalt im Naturpark ganz einfach von Zuhause oder von unterwegs planen. Beispielweise w\u00e4hrend einer Wanderung die Einkehrm\u00f6glichkeiten anzeigen lassen und vieles mehr! Die Online-Plattform geht ab Januar 2022 an den Start! Wir informieren Sie \u00fcber den Newsletter, unsere Homepage, Facebook und die \u00f6rtliche Presse sobald die Plattform vollst\u00e4ndig nutzbar ist!<\/p>\n<p><strong>Veranstaltungen konnten teilweise stattfinden<\/strong><\/p>\n<p>In der Mitte des Jahres konnten wieder einige Veranstaltungen stattfinden und Einheimische sowie G\u00e4ste den Naturpark auf unterschiedliche Weise erleben. F\u00fcr kulinarische Erlebnisse sorgte der Brunch auf dem Bauernhof am ersten August-Sonntag. Der Tag des Schw\u00e4bisch Waldes lud im September Gro\u00df und Klein zu vielf\u00e4ltigen Aktionen im Schw\u00e4bischen Wald ein. Unter anderem fand der Waldmeister Wandermarathon statt, dieses Jahr in Sulzbach an der Murr. Die Gro\u00dfe Pilzausstellung in Gro\u00dferlach-Grab lockte viele Pilzbegeisterte aus Nah und Fern an, die Vielfalt der Pilze im Naturparkgebiet zu entdecken. Wer es gechillt mochte, auf den wartete Gaildorf chillt im Oktober. Auch die Naturparkf\u00fchrerinnen und Naturparkf\u00fchrer konnten an Sonn- und Feiertagen die G\u00e4ste wieder zu zahlreichen Veranstaltungen einladen.<\/p>\n<p>Andere Veranstaltungen mussten leider erneut, aufgrund der pandemischen Lage, abgesagt werden. Wir hoffen Sie im kommenden Jahr wieder bei Veranstaltungen wie den Naturpark-M\u00e4rkten, dem Natur-Erlebniscamp oder dem Naturschutztag begr\u00fc\u00dfen zu d\u00fcrfen!<\/p>\n<p>Wir freuen uns bereits auf das kommende Jahr!<\/p>\n","protected":false},"excerpt":{"rendered":"<p>Wir wollen einen Blick zur\u00fcckwerfen auf die vergangenen zw\u00f6lf Monate und haben hierzu ein paar spannende Beitr\u00e4ge aus unserem Archiv herausgekramt.<\/p>\n","protected":false},"author":25,"featured_media":10564,"comment_status":"open","ping_status":"open","sticky":false,"template":"","format":"standard","meta":[],"categories":[7],"tags":[],"yoast_head":"<!-- This site is optimized with the Yoast SEO plugin v19.10 - https:\/\/yoast.com\/wordpress\/plugins\/seo\/ -->\n<title>Das Naturpark-Jahr 2021 im R\u00fcckblick - Naturpark Schw\u00e4bisch-Fr\u00e4nkischer Wald<\/title>\n<meta name=\"robots\" content=\"index, follow, max-snippet:-1, max-image-preview:large, max-video-preview:-1\" \/>\n<link rel=\"canonical\" href=\"https:\/\/www.naturparkmagazin.de\/schwaebisch-fraenkischer-wald\/das-naturpark-jahr-2021-im-rueckblick\/\" \/>\n<meta property=\"og:locale\" content=\"de_DE\" \/>\n<meta property=\"og:type\" content=\"article\" \/>\n<meta property=\"og:title\" content=\"Das Naturpark-Jahr 2021 im R\u00fcckblick - Naturpark Schw\u00e4bisch-Fr\u00e4nkischer Wald\" \/>\n<meta property=\"og:description\" content=\"Wir wollen einen Blick zur\u00fcckwerfen auf die vergangenen zw\u00f6lf Monate und haben hierzu ein paar spannende Beitr\u00e4ge aus unserem Archiv herausgekramt.\" \/>\n<meta property=\"og:url\" content=\"https:\/\/www.naturparkmagazin.de\/schwaebisch-fraenkischer-wald\/das-naturpark-jahr-2021-im-rueckblick\/\" \/>\n<meta property=\"og:site_name\" content=\"Naturpark Schw\u00e4bisch-Fr\u00e4nkischer Wald\" \/>\n<meta property=\"article:author\" content=\"https:\/\/www.facebook.com\/naturparkSFW\" \/>\n<meta property=\"article:published_time\" content=\"2021-11-15T13:43:10+00:00\" \/>\n<meta property=\"article:modified_time\" content=\"2021-11-19T08:43:45+00:00\" \/>\n<meta property=\"og:image\" content=\"https:\/\/www.naturparkmagazin.de\/schwaebisch-fraenkischer-wald\/wp-content\/uploads\/sites\/34\/Brandhofer-\u00d6l-und-S\u00e4gem\u00fchle_07_200x200.jpg\" \/>\n\t<meta property=\"og:image:width\" content=\"200\" \/>\n\t<meta property=\"og:image:height\" content=\"200\" \/>\n\t<meta property=\"og:image:type\" content=\"image\/jpeg\" \/>\n<meta name=\"author\" content=\"Naturpark-Team\" \/>\n<meta name=\"twitter:label1\" content=\"Verfasst von\" \/>\n\t<meta name=\"twitter:data1\" content=\"Naturpark-Team\" \/>\n\t<meta name=\"twitter:label2\" content=\"Gesch\u00e4tzte Lesezeit\" \/>\n\t<meta name=\"twitter:data2\" content=\"4\u00a0Minuten\" \/>\n<script type=\"application\/ld+json\" class=\"yoast-schema-graph\">{\"@context\":\"https:\/\/schema.org\",\"@graph\":[{\"@type\":\"WebPage\",\"@id\":\"https:\/\/www.naturparkmagazin.de\/schwaebisch-fraenkischer-wald\/das-naturpark-jahr-2021-im-rueckblick\/\",\"url\":\"https:\/\/www.naturparkmagazin.de\/schwaebisch-fraenkischer-wald\/das-naturpark-jahr-2021-im-rueckblick\/\",\"name\":\"Das Naturpark-Jahr 2021 im R\u00fcckblick - Naturpark Schw\u00e4bisch-Fr\u00e4nkischer Wald\",\"isPartOf\":{\"@id\":\"https:\/\/www.naturparkmagazin.de\/schwaebisch-fraenkischer-wald\/#website\"},\"datePublished\":\"2021-11-15T13:43:10+00:00\",\"dateModified\":\"2021-11-19T08:43:45+00:00\",\"author\":{\"@id\":\"https:\/\/www.naturparkmagazin.de\/schwaebisch-fraenkischer-wald\/#\/schema\/person\/f047a3702ae747fd7830cf8ac95e6066\"},\"breadcrumb\":{\"@id\":\"https:\/\/www.naturparkmagazin.de\/schwaebisch-fraenkischer-wald\/das-naturpark-jahr-2021-im-rueckblick\/#breadcrumb\"},\"inLanguage\":\"de\",\"potentialAction\":[{\"@type\":\"ReadAction\",\"target\":[\"https:\/\/www.naturparkmagazin.de\/schwaebisch-fraenkischer-wald\/das-naturpark-jahr-2021-im-rueckblick\/\"]}]},{\"@type\":\"BreadcrumbList\",\"@id\":\"https:\/\/www.naturparkmagazin.de\/schwaebisch-fraenkischer-wald\/das-naturpark-jahr-2021-im-rueckblick\/#breadcrumb\",\"itemListElement\":[{\"@type\":\"ListItem\",\"position\":1,\"name\":\"Home\",\"item\":\"https:\/\/www.naturparkmagazin.de\/schwaebisch-fraenkischer-wald\/\"},{\"@type\":\"ListItem\",\"position\":2,\"name\":\"Das Naturpark-Jahr 2021 im R\u00fcckblick\"}]},{\"@type\":\"WebSite\",\"@id\":\"https:\/\/www.naturparkmagazin.de\/schwaebisch-fraenkischer-wald\/#website\",\"url\":\"https:\/\/www.naturparkmagazin.de\/schwaebisch-fraenkischer-wald\/\",\"name\":\"Naturpark Schw\u00e4bisch-Fr\u00e4nkischer Wald\",\"description\":\"\",\"potentialAction\":[{\"@type\":\"SearchAction\",\"target\":{\"@type\":\"EntryPoint\",\"urlTemplate\":\"https:\/\/www.naturparkmagazin.de\/schwaebisch-fraenkischer-wald\/?s={search_term_string}\"},\"query-input\":\"required name=search_term_string\"}],\"inLanguage\":\"de\"},{\"@type\":\"Person\",\"@id\":\"https:\/\/www.naturparkmagazin.de\/schwaebisch-fraenkischer-wald\/#\/schema\/person\/f047a3702ae747fd7830cf8ac95e6066\",\"name\":\"Naturpark-Team\",\"sameAs\":[\"http:\/\/www.naturpark-sfw.de\",\"https:\/\/www.facebook.com\/naturparkSFW\"],\"url\":\"https:\/\/www.naturparkmagazin.de\/schwaebisch-fraenkischer-wald\/author\/bernharddrixler\/\"}]}<\/script>\n<!-- \/ Yoast SEO plugin. -->","yoast_head_json":{"title":"Das Naturpark-Jahr 2021 im R\u00fcckblick - Naturpark Schw\u00e4bisch-Fr\u00e4nkischer Wald","robots":{"index":"index","follow":"follow","max-snippet":"max-snippet:-1","max-image-preview":"max-image-preview:large","max-video-preview":"max-video-preview:-1"},"canonical":"https:\/\/www.naturparkmagazin.de\/schwaebisch-fraenkischer-wald\/das-naturpark-jahr-2021-im-rueckblick\/","og_locale":"de_DE","og_type":"article","og_title":"Das Naturpark-Jahr 2021 im R\u00fcckblick - Naturpark Schw\u00e4bisch-Fr\u00e4nkischer Wald","og_description":"Wir wollen einen Blick zur\u00fcckwerfen auf die vergangenen zw\u00f6lf Monate und haben hierzu ein paar spannende Beitr\u00e4ge aus unserem Archiv herausgekramt.","og_url":"https:\/\/www.naturparkmagazin.de\/schwaebisch-fraenkischer-wald\/das-naturpark-jahr-2021-im-rueckblick\/","og_site_name":"Naturpark Schw\u00e4bisch-Fr\u00e4nkischer Wald","article_author":"https:\/\/www.facebook.com\/naturparkSFW","article_published_time":"2021-11-15T13:43:10+00:00","article_modified_time":"2021-11-19T08:43:45+00:00","og_image":[{"width":200,"height":200,"url":"https:\/\/www.naturparkmagazin.de\/schwaebisch-fraenkischer-wald\/wp-content\/uploads\/sites\/34\/Brandhofer-\u00d6l-und-S\u00e4gem\u00fchle_07_200x200.jpg","type":"image\/jpeg"}],"author":"Naturpark-Team","twitter_misc":{"Verfasst von":"Naturpark-Team","Gesch\u00e4tzte Lesezeit":"4\u00a0Minuten"},"schema":{"@context":"https:\/\/schema.org","@graph":[{"@type":"WebPage","@id":"https:\/\/www.naturparkmagazin.de\/schwaebisch-fraenkischer-wald\/das-naturpark-jahr-2021-im-rueckblick\/","url":"https:\/\/www.naturparkmagazin.de\/schwaebisch-fraenkischer-wald\/das-naturpark-jahr-2021-im-rueckblick\/","name":"Das Naturpark-Jahr 2021 im R\u00fcckblick - Naturpark Schw\u00e4bisch-Fr\u00e4nkischer Wald","isPartOf":{"@id":"https:\/\/www.naturparkmagazin.de\/schwaebisch-fraenkischer-wald\/#website"},"datePublished":"2021-11-15T13:43:10+00:00","dateModified":"2021-11-19T08:43:45+00:00","author":{"@id":"https:\/\/www.naturparkmagazin.de\/schwaebisch-fraenkischer-wald\/#\/schema\/person\/f047a3702ae747fd7830cf8ac95e6066"},"breadcrumb":{"@id":"https:\/\/www.naturparkmagazin.de\/schwaebisch-fraenkischer-wald\/das-naturpark-jahr-2021-im-rueckblick\/#breadcrumb"},"inLanguage":"de","potentialAction":[{"@type":"ReadAction","target":["https:\/\/www.naturparkmagazin.de\/schwaebisch-fraenkischer-wald\/das-naturpark-jahr-2021-im-rueckblick\/"]}]},{"@type":"BreadcrumbList","@id":"https:\/\/www.naturparkmagazin.de\/schwaebisch-fraenkischer-wald\/das-naturpark-jahr-2021-im-rueckblick\/#breadcrumb","itemListElement":[{"@type":"ListItem","position":1,"name":"Home","item":"https:\/\/www.naturparkmagazin.de\/schwaebisch-fraenkischer-wald\/"},{"@type":"ListItem","position":2,"name":"Das Naturpark-Jahr 2021 im R\u00fcckblick"}]},{"@type":"WebSite","@id":"https:\/\/www.naturparkmagazin.de\/schwaebisch-fraenkischer-wald\/#website","url":"https:\/\/www.naturparkmagazin.de\/schwaebisch-fraenkischer-wald\/","name":"Naturpark Schw\u00e4bisch-Fr\u00e4nkischer Wald","description":"","potentialAction":[{"@type":"SearchAction","target":{"@type":"EntryPoint","urlTemplate":"https:\/\/www.naturparkmagazin.de\/schwaebisch-fraenkischer-wald\/?s={search_term_string}"},"query-input":"required name=search_term_string"}],"inLanguage":"de"},{"@type":"Person","@id":"https:\/\/www.naturparkmagazin.de\/schwaebisch-fraenkischer-wald\/#\/schema\/person\/f047a3702ae747fd7830cf8ac95e6066","name":"Naturpark-Team","sameAs":["http:\/\/www.naturpark-sfw.de","https:\/\/www.facebook.com\/naturparkSFW"],"url":"https:\/\/www.naturparkmagazin.de\/schwaebisch-fraenkischer-wald\/author\/bernharddrixler\/"}]}},"_links":{"self":[{"href":"https:\/\/www.naturparkmagazin.de\/schwaebisch-fraenkischer-wald\/wp-json\/wp\/v2\/posts\/10526"}],"collection":[{"href":"https:\/\/www.naturparkmagazin.de\/schwaebisch-fraenkischer-wald\/wp-json\/wp\/v2\/posts"}],"about":[{"href":"https:\/\/www.naturparkmagazin.de\/schwaebisch-fraenkischer-wald\/wp-json\/wp\/v2\/types\/post"}],"author":[{"embeddable":true,"href":"https:\/\/www.naturparkmagazin.de\/schwaebisch-fraenkischer-wald\/wp-json\/wp\/v2\/users\/25"}],"replies":[{"embeddable":true,"href":"https:\/\/www.naturparkmagazin.de\/schwaebisch-fraenkischer-wald\/wp-json\/wp\/v2\/comments?post=10526"}],"version-history":[{"count":5,"href":"https:\/\/www.naturparkmagazin.de\/schwaebisch-fraenkischer-wald\/wp-json\/wp\/v2\/posts\/10526\/revisions"}],"predecessor-version":[{"id":10576,"href":"https:\/\/www.naturparkmagazin.de\/schwaebisch-fraenkischer-wald\/wp-json\/wp\/v2\/posts\/10526\/revisions\/10576"}],"wp:featuredmedia":[{"embeddable":true,"href":"https:\/\/www.naturparkmagazin.de\/schwaebisch-fraenkischer-wald\/wp-json\/wp\/v2\/media\/10564"}],"wp:attachment":[{"href":"https:\/\/www.naturparkmagazin.de\/schwaebisch-fraenkischer-wald\/wp-json\/wp\/v2\/media?parent=10526"}],"wp:term":[{"taxonomy":"category","embeddable":true,"href":"https:\/\/www.naturparkmagazin.de\/schwaebisch-fraenkischer-wald\/wp-json\/wp\/v2\/categories?post=10526"},{"taxonomy":"post_tag","embeddable":true,"href":"https:\/\/www.naturparkmagazin.de\/schwaebisch-fraenkischer-wald\/wp-json\/wp\/v2\/tags?post=10526"}],"curies":[{"name":"wp","href":"https:\/\/api.w.org\/{rel}","templated":true}]}}