{"id":10528,"date":"2021-11-15T14:57:40","date_gmt":"2021-11-15T13:57:40","guid":{"rendered":"https:\/\/www.naturparkmagazin.de\/schwaebisch-fraenkischer-wald\/?p=10528"},"modified":"2021-11-19T10:18:44","modified_gmt":"2021-11-19T09:18:44","slug":"neuer-naturpark-film-veroeffentlicht","status":"publish","type":"post","link":"https:\/\/www.naturparkmagazin.de\/schwaebisch-fraenkischer-wald\/neuer-naturpark-film-veroeffentlicht\/","title":{"rendered":"Trailer zu neuem Naturpark-Film ver\u00f6ffentlicht"},"content":{"rendered":"<div id=\"attachment_10531\" style=\"width: 510px\" class=\"wp-caption aligncenter\"><a href=\"https:\/\/www.naturparkmagazin.de\/schwaebisch-fraenkischer-wald\/wp-content\/uploads\/sites\/34\/Naturparkfilm_Lauter_500x300.jpg\"><img aria-describedby=\"caption-attachment-10531\" decoding=\"async\" loading=\"lazy\" class=\"size-full wp-image-10531\" src=\"https:\/\/www.naturparkmagazin.de\/schwaebisch-fraenkischer-wald\/wp-content\/uploads\/sites\/34\/Naturparkfilm_Lauter_500x300.jpg\" alt=\"\u00a9 Naturpark SFW Archiv\" width=\"500\" height=\"300\" srcset=\"https:\/\/www.naturparkmagazin.de\/schwaebisch-fraenkischer-wald\/wp-content\/uploads\/sites\/34\/Naturparkfilm_Lauter_500x300.jpg 500w, https:\/\/www.naturparkmagazin.de\/schwaebisch-fraenkischer-wald\/wp-content\/uploads\/sites\/34\/Naturparkfilm_Lauter_500x300-300x180.jpg 300w, https:\/\/www.naturparkmagazin.de\/schwaebisch-fraenkischer-wald\/wp-content\/uploads\/sites\/34\/Naturparkfilm_Lauter_500x300-200x120.jpg 200w\" sizes=\"(max-width: 500px) 100vw, 500px\" \/><\/a><p id=\"caption-attachment-10531\" class=\"wp-caption-text\">\u00a9 Naturpark SFW Archiv<\/p><\/div>\n<p>&nbsp;<\/p>\n<p>Der neue Naturpark-Film \u201eNatursch\u00e4tze im Naturpark Schw\u00e4bisch-Fr\u00e4nkischer Wald\u201c stellt die Besonderheiten des Naturparks in einem neuen Format dar. F\u00fcr 45 Minuten werden die Zuschauer und Zuschauerinnen in die Einzigartigkeiten des Naturparkgebiets entf\u00fchrt. Eindrucksvolle Filmaufnahmen zeigen die vielf\u00e4ltige Kulturlandschaft sowie die Flora und Fauna im Wechsel der Jahreszeiten. Pr\u00e4gende Landschaftsr\u00e4ume wie Streuobstwiesen, typische Tierarten, wie der Feuersalamander und kulturelle Highlight wie das UNESCO-Weltkulturerbe Limes, haben ihren Platz im Film.<\/p>\n<p>&nbsp;<\/p>\n<div id=\"attachment_10530\" style=\"width: 510px\" class=\"wp-caption aligncenter\"><a href=\"https:\/\/www.naturparkmagazin.de\/schwaebisch-fraenkischer-wald\/wp-content\/uploads\/sites\/34\/Naturpark_Film_500x300.jpg\"><img aria-describedby=\"caption-attachment-10530\" decoding=\"async\" loading=\"lazy\" class=\"size-full wp-image-10530\" src=\"https:\/\/www.naturparkmagazin.de\/schwaebisch-fraenkischer-wald\/wp-content\/uploads\/sites\/34\/Naturpark_Film_500x300.jpg\" alt=\"\u00a9 Naturpark SFW Archiv\" width=\"500\" height=\"300\" srcset=\"https:\/\/www.naturparkmagazin.de\/schwaebisch-fraenkischer-wald\/wp-content\/uploads\/sites\/34\/Naturpark_Film_500x300.jpg 500w, https:\/\/www.naturparkmagazin.de\/schwaebisch-fraenkischer-wald\/wp-content\/uploads\/sites\/34\/Naturpark_Film_500x300-300x180.jpg 300w, https:\/\/www.naturparkmagazin.de\/schwaebisch-fraenkischer-wald\/wp-content\/uploads\/sites\/34\/Naturpark_Film_500x300-200x120.jpg 200w\" sizes=\"(max-width: 500px) 100vw, 500px\" \/><\/a><p id=\"caption-attachment-10530\" class=\"wp-caption-text\">\u00a9 Naturpark SFW Archiv<\/p><\/div>\n<p>&nbsp;<\/p>\n<p>Wann und wo der Film zu sehen sein wird ist aufgrund der anhaltenden pandemischen Lage noch nicht abzusch\u00e4tzen.\u00a0\u00dcber unsere <a href=\"https:\/\/www.naturpark-sfw.de\/der-naturpark\/imagefilme-des-naturparks\/\">Homepage <\/a>und <a href=\"https:\/\/www.facebook.com\/naturparkSFW\">Social Media<\/a> halten wir Sie aber hierzu auf dem Laufenden. Sie wollen schon vorab einen Blick in den Film werfen? Als kleines &#8222;Appetith\u00e4ppchen&#8220; steht Ihnen bereits der Trailer des Films\u00a0auf unserer Homepage zur Verf\u00fcgung.<\/p>\n<p>Seien Sie gespannt und freuen sich auf den Film in voller L\u00e4nge!<\/p>\n<p>&nbsp;<\/p>\n<div id=\"attachment_10572\" style=\"width: 510px\" class=\"wp-caption aligncenter\"><a href=\"https:\/\/www.naturparkmagazin.de\/schwaebisch-fraenkischer-wald\/wp-content\/uploads\/sites\/34\/Screenshot-2021-11-15-090424_500x300.jpg\"><img aria-describedby=\"caption-attachment-10572\" decoding=\"async\" loading=\"lazy\" class=\"size-full wp-image-10572\" src=\"https:\/\/www.naturparkmagazin.de\/schwaebisch-fraenkischer-wald\/wp-content\/uploads\/sites\/34\/Screenshot-2021-11-15-090424_500x300.jpg\" alt=\"\u00a9 Naturpark SFW Archiv\" width=\"500\" height=\"300\" srcset=\"https:\/\/www.naturparkmagazin.de\/schwaebisch-fraenkischer-wald\/wp-content\/uploads\/sites\/34\/Screenshot-2021-11-15-090424_500x300.jpg 500w, https:\/\/www.naturparkmagazin.de\/schwaebisch-fraenkischer-wald\/wp-content\/uploads\/sites\/34\/Screenshot-2021-11-15-090424_500x300-300x180.jpg 300w, https:\/\/www.naturparkmagazin.de\/schwaebisch-fraenkischer-wald\/wp-content\/uploads\/sites\/34\/Screenshot-2021-11-15-090424_500x300-200x120.jpg 200w\" sizes=\"(max-width: 500px) 100vw, 500px\" \/><\/a><p id=\"caption-attachment-10572\" class=\"wp-caption-text\">\u00a9 Naturpark SFW Archiv<\/p><\/div>\n<p>&nbsp;<\/p>\n<p>Ein Film von Frank Lauter<\/p>\n<p>Das Projekt wurde durch den Naturpark Schw\u00e4bisch-Fr\u00e4nkischer Wald e.V. mit Mitteln des Landes Baden-W\u00fcrttemberg, der Lotterie Gl\u00fccksspirale und der Europ\u00e4ischen Union (ELER) gef\u00f6rdert.<\/p>\n","protected":false},"excerpt":{"rendered":"<p>Der neue Naturpark-Film \u201eNatursch\u00e4tze im Naturpark Schw\u00e4bisch-Fr\u00e4nkischer Wald\u201c stellt die Besonderheiten des Naturparks in einem neuen Format dar. Ein Trailer zum Film ist nun ver\u00f6ffentlicht.<\/p>\n","protected":false},"author":25,"featured_media":10529,"comment_status":"open","ping_status":"open","sticky":false,"template":"","format":"standard","meta":[],"categories":[7],"tags":[],"yoast_head":"<!-- This site is optimized with the Yoast SEO plugin v19.10 - https:\/\/yoast.com\/wordpress\/plugins\/seo\/ -->\n<title>Trailer zu neuem Naturpark-Film ver\u00f6ffentlicht - Naturpark Schw\u00e4bisch-Fr\u00e4nkischer Wald<\/title>\n<meta name=\"robots\" content=\"index, follow, max-snippet:-1, max-image-preview:large, max-video-preview:-1\" \/>\n<link rel=\"canonical\" href=\"https:\/\/www.naturparkmagazin.de\/schwaebisch-fraenkischer-wald\/neuer-naturpark-film-veroeffentlicht\/\" \/>\n<meta property=\"og:locale\" content=\"de_DE\" \/>\n<meta property=\"og:type\" content=\"article\" \/>\n<meta property=\"og:title\" content=\"Trailer zu neuem Naturpark-Film ver\u00f6ffentlicht - Naturpark Schw\u00e4bisch-Fr\u00e4nkischer Wald\" \/>\n<meta property=\"og:description\" content=\"Der neue Naturpark-Film \u201eNatursch\u00e4tze im Naturpark Schw\u00e4bisch-Fr\u00e4nkischer Wald\u201c stellt die Besonderheiten des Naturparks in einem neuen Format dar. Ein Trailer zum Film ist nun ver\u00f6ffentlicht.\" \/>\n<meta property=\"og:url\" content=\"https:\/\/www.naturparkmagazin.de\/schwaebisch-fraenkischer-wald\/neuer-naturpark-film-veroeffentlicht\/\" \/>\n<meta property=\"og:site_name\" content=\"Naturpark Schw\u00e4bisch-Fr\u00e4nkischer Wald\" \/>\n<meta property=\"article:author\" content=\"https:\/\/www.facebook.com\/naturparkSFW\" \/>\n<meta property=\"article:published_time\" content=\"2021-11-15T13:57:40+00:00\" \/>\n<meta property=\"article:modified_time\" content=\"2021-11-19T09:18:44+00:00\" \/>\n<meta property=\"og:image\" content=\"https:\/\/www.naturparkmagazin.de\/schwaebisch-fraenkischer-wald\/wp-content\/uploads\/sites\/34\/Naturpark_Film_200x200.jpg\" \/>\n\t<meta property=\"og:image:width\" content=\"200\" \/>\n\t<meta property=\"og:image:height\" content=\"200\" \/>\n\t<meta property=\"og:image:type\" content=\"image\/jpeg\" \/>\n<meta name=\"author\" content=\"Naturpark-Team\" \/>\n<meta name=\"twitter:label1\" content=\"Verfasst von\" \/>\n\t<meta name=\"twitter:data1\" content=\"Naturpark-Team\" \/>\n\t<meta name=\"twitter:label2\" content=\"Gesch\u00e4tzte Lesezeit\" \/>\n\t<meta name=\"twitter:data2\" content=\"1\u00a0Minute\" \/>\n<script type=\"application\/ld+json\" class=\"yoast-schema-graph\">{\"@context\":\"https:\/\/schema.org\",\"@graph\":[{\"@type\":\"WebPage\",\"@id\":\"https:\/\/www.naturparkmagazin.de\/schwaebisch-fraenkischer-wald\/neuer-naturpark-film-veroeffentlicht\/\",\"url\":\"https:\/\/www.naturparkmagazin.de\/schwaebisch-fraenkischer-wald\/neuer-naturpark-film-veroeffentlicht\/\",\"name\":\"Trailer zu neuem Naturpark-Film ver\u00f6ffentlicht - Naturpark Schw\u00e4bisch-Fr\u00e4nkischer Wald\",\"isPartOf\":{\"@id\":\"https:\/\/www.naturparkmagazin.de\/schwaebisch-fraenkischer-wald\/#website\"},\"datePublished\":\"2021-11-15T13:57:40+00:00\",\"dateModified\":\"2021-11-19T09:18:44+00:00\",\"author\":{\"@id\":\"https:\/\/www.naturparkmagazin.de\/schwaebisch-fraenkischer-wald\/#\/schema\/person\/f047a3702ae747fd7830cf8ac95e6066\"},\"breadcrumb\":{\"@id\":\"https:\/\/www.naturparkmagazin.de\/schwaebisch-fraenkischer-wald\/neuer-naturpark-film-veroeffentlicht\/#breadcrumb\"},\"inLanguage\":\"de\",\"potentialAction\":[{\"@type\":\"ReadAction\",\"target\":[\"https:\/\/www.naturparkmagazin.de\/schwaebisch-fraenkischer-wald\/neuer-naturpark-film-veroeffentlicht\/\"]}]},{\"@type\":\"BreadcrumbList\",\"@id\":\"https:\/\/www.naturparkmagazin.de\/schwaebisch-fraenkischer-wald\/neuer-naturpark-film-veroeffentlicht\/#breadcrumb\",\"itemListElement\":[{\"@type\":\"ListItem\",\"position\":1,\"name\":\"Home\",\"item\":\"https:\/\/www.naturparkmagazin.de\/schwaebisch-fraenkischer-wald\/\"},{\"@type\":\"ListItem\",\"position\":2,\"name\":\"Trailer zu neuem Naturpark-Film ver\u00f6ffentlicht\"}]},{\"@type\":\"WebSite\",\"@id\":\"https:\/\/www.naturparkmagazin.de\/schwaebisch-fraenkischer-wald\/#website\",\"url\":\"https:\/\/www.naturparkmagazin.de\/schwaebisch-fraenkischer-wald\/\",\"name\":\"Naturpark Schw\u00e4bisch-Fr\u00e4nkischer Wald\",\"description\":\"\",\"potentialAction\":[{\"@type\":\"SearchAction\",\"target\":{\"@type\":\"EntryPoint\",\"urlTemplate\":\"https:\/\/www.naturparkmagazin.de\/schwaebisch-fraenkischer-wald\/?s={search_term_string}\"},\"query-input\":\"required name=search_term_string\"}],\"inLanguage\":\"de\"},{\"@type\":\"Person\",\"@id\":\"https:\/\/www.naturparkmagazin.de\/schwaebisch-fraenkischer-wald\/#\/schema\/person\/f047a3702ae747fd7830cf8ac95e6066\",\"name\":\"Naturpark-Team\",\"sameAs\":[\"http:\/\/www.naturpark-sfw.de\",\"https:\/\/www.facebook.com\/naturparkSFW\"],\"url\":\"https:\/\/www.naturparkmagazin.de\/schwaebisch-fraenkischer-wald\/author\/bernharddrixler\/\"}]}<\/script>\n<!-- \/ Yoast SEO plugin. -->","yoast_head_json":{"title":"Trailer zu neuem Naturpark-Film ver\u00f6ffentlicht - Naturpark Schw\u00e4bisch-Fr\u00e4nkischer Wald","robots":{"index":"index","follow":"follow","max-snippet":"max-snippet:-1","max-image-preview":"max-image-preview:large","max-video-preview":"max-video-preview:-1"},"canonical":"https:\/\/www.naturparkmagazin.de\/schwaebisch-fraenkischer-wald\/neuer-naturpark-film-veroeffentlicht\/","og_locale":"de_DE","og_type":"article","og_title":"Trailer zu neuem Naturpark-Film ver\u00f6ffentlicht - Naturpark Schw\u00e4bisch-Fr\u00e4nkischer Wald","og_description":"Der neue Naturpark-Film \u201eNatursch\u00e4tze im Naturpark Schw\u00e4bisch-Fr\u00e4nkischer Wald\u201c stellt die Besonderheiten des Naturparks in einem neuen Format dar. Ein Trailer zum Film ist nun ver\u00f6ffentlicht.","og_url":"https:\/\/www.naturparkmagazin.de\/schwaebisch-fraenkischer-wald\/neuer-naturpark-film-veroeffentlicht\/","og_site_name":"Naturpark Schw\u00e4bisch-Fr\u00e4nkischer Wald","article_author":"https:\/\/www.facebook.com\/naturparkSFW","article_published_time":"2021-11-15T13:57:40+00:00","article_modified_time":"2021-11-19T09:18:44+00:00","og_image":[{"width":200,"height":200,"url":"https:\/\/www.naturparkmagazin.de\/schwaebisch-fraenkischer-wald\/wp-content\/uploads\/sites\/34\/Naturpark_Film_200x200.jpg","type":"image\/jpeg"}],"author":"Naturpark-Team","twitter_misc":{"Verfasst von":"Naturpark-Team","Gesch\u00e4tzte Lesezeit":"1\u00a0Minute"},"schema":{"@context":"https:\/\/schema.org","@graph":[{"@type":"WebPage","@id":"https:\/\/www.naturparkmagazin.de\/schwaebisch-fraenkischer-wald\/neuer-naturpark-film-veroeffentlicht\/","url":"https:\/\/www.naturparkmagazin.de\/schwaebisch-fraenkischer-wald\/neuer-naturpark-film-veroeffentlicht\/","name":"Trailer zu neuem Naturpark-Film ver\u00f6ffentlicht - Naturpark Schw\u00e4bisch-Fr\u00e4nkischer Wald","isPartOf":{"@id":"https:\/\/www.naturparkmagazin.de\/schwaebisch-fraenkischer-wald\/#website"},"datePublished":"2021-11-15T13:57:40+00:00","dateModified":"2021-11-19T09:18:44+00:00","author":{"@id":"https:\/\/www.naturparkmagazin.de\/schwaebisch-fraenkischer-wald\/#\/schema\/person\/f047a3702ae747fd7830cf8ac95e6066"},"breadcrumb":{"@id":"https:\/\/www.naturparkmagazin.de\/schwaebisch-fraenkischer-wald\/neuer-naturpark-film-veroeffentlicht\/#breadcrumb"},"inLanguage":"de","potentialAction":[{"@type":"ReadAction","target":["https:\/\/www.naturparkmagazin.de\/schwaebisch-fraenkischer-wald\/neuer-naturpark-film-veroeffentlicht\/"]}]},{"@type":"BreadcrumbList","@id":"https:\/\/www.naturparkmagazin.de\/schwaebisch-fraenkischer-wald\/neuer-naturpark-film-veroeffentlicht\/#breadcrumb","itemListElement":[{"@type":"ListItem","position":1,"name":"Home","item":"https:\/\/www.naturparkmagazin.de\/schwaebisch-fraenkischer-wald\/"},{"@type":"ListItem","position":2,"name":"Trailer zu neuem Naturpark-Film ver\u00f6ffentlicht"}]},{"@type":"WebSite","@id":"https:\/\/www.naturparkmagazin.de\/schwaebisch-fraenkischer-wald\/#website","url":"https:\/\/www.naturparkmagazin.de\/schwaebisch-fraenkischer-wald\/","name":"Naturpark Schw\u00e4bisch-Fr\u00e4nkischer Wald","description":"","potentialAction":[{"@type":"SearchAction","target":{"@type":"EntryPoint","urlTemplate":"https:\/\/www.naturparkmagazin.de\/schwaebisch-fraenkischer-wald\/?s={search_term_string}"},"query-input":"required name=search_term_string"}],"inLanguage":"de"},{"@type":"Person","@id":"https:\/\/www.naturparkmagazin.de\/schwaebisch-fraenkischer-wald\/#\/schema\/person\/f047a3702ae747fd7830cf8ac95e6066","name":"Naturpark-Team","sameAs":["http:\/\/www.naturpark-sfw.de","https:\/\/www.facebook.com\/naturparkSFW"],"url":"https:\/\/www.naturparkmagazin.de\/schwaebisch-fraenkischer-wald\/author\/bernharddrixler\/"}]}},"_links":{"self":[{"href":"https:\/\/www.naturparkmagazin.de\/schwaebisch-fraenkischer-wald\/wp-json\/wp\/v2\/posts\/10528"}],"collection":[{"href":"https:\/\/www.naturparkmagazin.de\/schwaebisch-fraenkischer-wald\/wp-json\/wp\/v2\/posts"}],"about":[{"href":"https:\/\/www.naturparkmagazin.de\/schwaebisch-fraenkischer-wald\/wp-json\/wp\/v2\/types\/post"}],"author":[{"embeddable":true,"href":"https:\/\/www.naturparkmagazin.de\/schwaebisch-fraenkischer-wald\/wp-json\/wp\/v2\/users\/25"}],"replies":[{"embeddable":true,"href":"https:\/\/www.naturparkmagazin.de\/schwaebisch-fraenkischer-wald\/wp-json\/wp\/v2\/comments?post=10528"}],"version-history":[{"count":8,"href":"https:\/\/www.naturparkmagazin.de\/schwaebisch-fraenkischer-wald\/wp-json\/wp\/v2\/posts\/10528\/revisions"}],"predecessor-version":[{"id":10597,"href":"https:\/\/www.naturparkmagazin.de\/schwaebisch-fraenkischer-wald\/wp-json\/wp\/v2\/posts\/10528\/revisions\/10597"}],"wp:featuredmedia":[{"embeddable":true,"href":"https:\/\/www.naturparkmagazin.de\/schwaebisch-fraenkischer-wald\/wp-json\/wp\/v2\/media\/10529"}],"wp:attachment":[{"href":"https:\/\/www.naturparkmagazin.de\/schwaebisch-fraenkischer-wald\/wp-json\/wp\/v2\/media?parent=10528"}],"wp:term":[{"taxonomy":"category","embeddable":true,"href":"https:\/\/www.naturparkmagazin.de\/schwaebisch-fraenkischer-wald\/wp-json\/wp\/v2\/categories?post=10528"},{"taxonomy":"post_tag","embeddable":true,"href":"https:\/\/www.naturparkmagazin.de\/schwaebisch-fraenkischer-wald\/wp-json\/wp\/v2\/tags?post=10528"}],"curies":[{"name":"wp","href":"https:\/\/api.w.org\/{rel}","templated":true}]}}