{"id":10535,"date":"2021-11-15T14:12:52","date_gmt":"2021-11-15T13:12:52","guid":{"rendered":"https:\/\/www.naturparkmagazin.de\/schwaebisch-fraenkischer-wald\/?p=10535"},"modified":"2021-11-19T10:17:43","modified_gmt":"2021-11-19T09:17:43","slug":"die-winzer-vom-weinsberger-tal","status":"publish","type":"post","link":"https:\/\/www.naturparkmagazin.de\/schwaebisch-fraenkischer-wald\/die-winzer-vom-weinsberger-tal\/","title":{"rendered":"Die Winzer vom Weinsberger Tal"},"content":{"rendered":"<div id=\"attachment_10585\" style=\"width: 510px\" class=\"wp-caption aligncenter\"><a href=\"https:\/\/www.naturparkmagazin.de\/schwaebisch-fraenkischer-wald\/wp-content\/uploads\/sites\/34\/Genuss-Platz-3-016-www-WeinsbergerTal-WeinKultur-WeinGenuss-Michael-Baier-Yanez-11062017_500x3001.jpg\"><img aria-describedby=\"caption-attachment-10585\" decoding=\"async\" loading=\"lazy\" class=\"size-full wp-image-10585\" src=\"https:\/\/www.naturparkmagazin.de\/schwaebisch-fraenkischer-wald\/wp-content\/uploads\/sites\/34\/Genuss-Platz-3-016-www-WeinsbergerTal-WeinKultur-WeinGenuss-Michael-Baier-Yanez-11062017_500x3001.jpg\" alt=\"\u00a9 Winzer vom Weinsberger Tal\" width=\"500\" height=\"300\" srcset=\"https:\/\/www.naturparkmagazin.de\/schwaebisch-fraenkischer-wald\/wp-content\/uploads\/sites\/34\/Genuss-Platz-3-016-www-WeinsbergerTal-WeinKultur-WeinGenuss-Michael-Baier-Yanez-11062017_500x3001.jpg 500w, https:\/\/www.naturparkmagazin.de\/schwaebisch-fraenkischer-wald\/wp-content\/uploads\/sites\/34\/Genuss-Platz-3-016-www-WeinsbergerTal-WeinKultur-WeinGenuss-Michael-Baier-Yanez-11062017_500x3001-300x180.jpg 300w, https:\/\/www.naturparkmagazin.de\/schwaebisch-fraenkischer-wald\/wp-content\/uploads\/sites\/34\/Genuss-Platz-3-016-www-WeinsbergerTal-WeinKultur-WeinGenuss-Michael-Baier-Yanez-11062017_500x3001-200x120.jpg 200w\" sizes=\"(max-width: 500px) 100vw, 500px\" \/><\/a><p id=\"caption-attachment-10585\" class=\"wp-caption-text\">\u00a9 Winzer vom Weinsberger Tal<\/p><\/div>\n<p>Seit Generationen hegen und pflegen die Winzer vom Weinsberger Tal dieses St\u00fcck Heimat und bilden damit die Grundlage f\u00fcr erstklassige Weine. Die typischen W\u00fcrttemberger Rebsorten, wie Lemberger und Trollinger, Riesling, Schwarzriesling oder Samtrot werden haupts\u00e4chlich angebaut. Eine Bereicherung f\u00fcr jedes Weinregal sind die begehrten Rarit\u00e4ten wie Muskat-Trollinger, Traminer oder Muskateller.<\/p>\n<div id=\"attachment_10583\" style=\"width: 510px\" class=\"wp-caption aligncenter\"><a href=\"https:\/\/www.naturparkmagazin.de\/schwaebisch-fraenkischer-wald\/wp-content\/uploads\/sites\/34\/Winzer-vom-Weinsberger-Tal-eG_500.jpg\"><img aria-describedby=\"caption-attachment-10583\" decoding=\"async\" loading=\"lazy\" class=\"size-full wp-image-10583\" src=\"https:\/\/www.naturparkmagazin.de\/schwaebisch-fraenkischer-wald\/wp-content\/uploads\/sites\/34\/Winzer-vom-Weinsberger-Tal-eG_500.jpg\" alt=\"\u00a9 Winzer vom Weinsberger Tal\" width=\"500\" height=\"177\" srcset=\"https:\/\/www.naturparkmagazin.de\/schwaebisch-fraenkischer-wald\/wp-content\/uploads\/sites\/34\/Winzer-vom-Weinsberger-Tal-eG_500.jpg 500w, https:\/\/www.naturparkmagazin.de\/schwaebisch-fraenkischer-wald\/wp-content\/uploads\/sites\/34\/Winzer-vom-Weinsberger-Tal-eG_500-300x106.jpg 300w, https:\/\/www.naturparkmagazin.de\/schwaebisch-fraenkischer-wald\/wp-content\/uploads\/sites\/34\/Winzer-vom-Weinsberger-Tal-eG_500-200x71.jpg 200w\" sizes=\"(max-width: 500px) 100vw, 500px\" \/><\/a><p id=\"caption-attachment-10583\" class=\"wp-caption-text\">\u00a9 Winzer vom Weinsberger Tal<\/p><\/div>\n<p>Mit Hingabe und Leidenschaft verarbeitet der Kellermeister das Lesegut und baut traditionell fruchtige, leichte und frische Weine im Stahltank oder kr\u00e4ftige, gehaltvolle und maischevergorene Weine im Holzfass oder Barrique aus. Jedem einzelnen Geschmacksprofil verleiht er zus\u00e4tzlich seine pers\u00f6nliche Note. Hier verbinden sich Traditionen, Innovationen und Emotionen.<\/p>\n<p>Getreu dem Motto der Weinsberger Winzer &#8222;Vom Fr\u00fcchtchen zur Pers\u00f6nlichkeit&#8220; stecken hier alle ihre Leidenschaft in den Wein. So entstehen individuelle edle Tropfen mit Charakter.<\/p>\n<p>Ein Besuch bei den Winzern vom Weinsberger Tal lohnt sich auf jeden Fall. Schauen Sie auch gerne auf der <a href=\"http:\/\/www.weinsbergertal-winzer.de\">Homepage <\/a>oder im <a href=\"https:\/\/weinsbergertal-winzer.de\/shop\/\">Shop\u00a0<\/a>vorbei.<\/p>\n","protected":false},"excerpt":{"rendered":"<p>Seit Generationen hegen und pflegen die Winzer vom Weinsberger Tal dieses St\u00fcck Heimat und bilden damit die Grundlage f\u00fcr erstklassige Weine. <\/p>\n","protected":false},"author":25,"featured_media":10579,"comment_status":"open","ping_status":"open","sticky":false,"template":"","format":"standard","meta":[],"categories":[8],"tags":[],"yoast_head":"<!-- This site is optimized with the Yoast SEO plugin v19.10 - https:\/\/yoast.com\/wordpress\/plugins\/seo\/ -->\n<title>Die Winzer vom Weinsberger Tal - Naturpark Schw\u00e4bisch-Fr\u00e4nkischer Wald<\/title>\n<meta name=\"robots\" content=\"index, follow, max-snippet:-1, max-image-preview:large, max-video-preview:-1\" \/>\n<link rel=\"canonical\" href=\"https:\/\/www.naturparkmagazin.de\/schwaebisch-fraenkischer-wald\/die-winzer-vom-weinsberger-tal\/\" \/>\n<meta property=\"og:locale\" content=\"de_DE\" \/>\n<meta property=\"og:type\" content=\"article\" \/>\n<meta property=\"og:title\" content=\"Die Winzer vom Weinsberger Tal - Naturpark Schw\u00e4bisch-Fr\u00e4nkischer Wald\" \/>\n<meta property=\"og:description\" content=\"Seit Generationen hegen und pflegen die Winzer vom Weinsberger Tal dieses St\u00fcck Heimat und bilden damit die Grundlage f\u00fcr erstklassige Weine.\" \/>\n<meta property=\"og:url\" content=\"https:\/\/www.naturparkmagazin.de\/schwaebisch-fraenkischer-wald\/die-winzer-vom-weinsberger-tal\/\" \/>\n<meta property=\"og:site_name\" content=\"Naturpark Schw\u00e4bisch-Fr\u00e4nkischer Wald\" \/>\n<meta property=\"article:author\" content=\"https:\/\/www.facebook.com\/naturparkSFW\" \/>\n<meta property=\"article:published_time\" content=\"2021-11-15T13:12:52+00:00\" \/>\n<meta property=\"article:modified_time\" content=\"2021-11-19T09:17:43+00:00\" \/>\n<meta property=\"og:image\" content=\"https:\/\/www.naturparkmagazin.de\/schwaebisch-fraenkischer-wald\/wp-content\/uploads\/sites\/34\/Genuss-Platz-3-016-www-WeinsbergerTal-WeinKultur-WeinGenuss-Michael-Baier-Yanez-11062017.jpg\" \/>\n\t<meta property=\"og:image:width\" content=\"3175\" \/>\n\t<meta property=\"og:image:height\" content=\"2614\" \/>\n\t<meta property=\"og:image:type\" content=\"image\/jpeg\" \/>\n<meta name=\"author\" content=\"Naturpark-Team\" \/>\n<meta name=\"twitter:label1\" content=\"Verfasst von\" \/>\n\t<meta name=\"twitter:data1\" content=\"Naturpark-Team\" \/>\n\t<meta name=\"twitter:label2\" content=\"Gesch\u00e4tzte Lesezeit\" \/>\n\t<meta name=\"twitter:data2\" content=\"1\u00a0Minute\" \/>\n<script type=\"application\/ld+json\" class=\"yoast-schema-graph\">{\"@context\":\"https:\/\/schema.org\",\"@graph\":[{\"@type\":\"WebPage\",\"@id\":\"https:\/\/www.naturparkmagazin.de\/schwaebisch-fraenkischer-wald\/die-winzer-vom-weinsberger-tal\/\",\"url\":\"https:\/\/www.naturparkmagazin.de\/schwaebisch-fraenkischer-wald\/die-winzer-vom-weinsberger-tal\/\",\"name\":\"Die Winzer vom Weinsberger Tal - Naturpark Schw\u00e4bisch-Fr\u00e4nkischer Wald\",\"isPartOf\":{\"@id\":\"https:\/\/www.naturparkmagazin.de\/schwaebisch-fraenkischer-wald\/#website\"},\"datePublished\":\"2021-11-15T13:12:52+00:00\",\"dateModified\":\"2021-11-19T09:17:43+00:00\",\"author\":{\"@id\":\"https:\/\/www.naturparkmagazin.de\/schwaebisch-fraenkischer-wald\/#\/schema\/person\/f047a3702ae747fd7830cf8ac95e6066\"},\"breadcrumb\":{\"@id\":\"https:\/\/www.naturparkmagazin.de\/schwaebisch-fraenkischer-wald\/die-winzer-vom-weinsberger-tal\/#breadcrumb\"},\"inLanguage\":\"de\",\"potentialAction\":[{\"@type\":\"ReadAction\",\"target\":[\"https:\/\/www.naturparkmagazin.de\/schwaebisch-fraenkischer-wald\/die-winzer-vom-weinsberger-tal\/\"]}]},{\"@type\":\"BreadcrumbList\",\"@id\":\"https:\/\/www.naturparkmagazin.de\/schwaebisch-fraenkischer-wald\/die-winzer-vom-weinsberger-tal\/#breadcrumb\",\"itemListElement\":[{\"@type\":\"ListItem\",\"position\":1,\"name\":\"Home\",\"item\":\"https:\/\/www.naturparkmagazin.de\/schwaebisch-fraenkischer-wald\/\"},{\"@type\":\"ListItem\",\"position\":2,\"name\":\"Die Winzer vom Weinsberger Tal\"}]},{\"@type\":\"WebSite\",\"@id\":\"https:\/\/www.naturparkmagazin.de\/schwaebisch-fraenkischer-wald\/#website\",\"url\":\"https:\/\/www.naturparkmagazin.de\/schwaebisch-fraenkischer-wald\/\",\"name\":\"Naturpark Schw\u00e4bisch-Fr\u00e4nkischer Wald\",\"description\":\"\",\"potentialAction\":[{\"@type\":\"SearchAction\",\"target\":{\"@type\":\"EntryPoint\",\"urlTemplate\":\"https:\/\/www.naturparkmagazin.de\/schwaebisch-fraenkischer-wald\/?s={search_term_string}\"},\"query-input\":\"required name=search_term_string\"}],\"inLanguage\":\"de\"},{\"@type\":\"Person\",\"@id\":\"https:\/\/www.naturparkmagazin.de\/schwaebisch-fraenkischer-wald\/#\/schema\/person\/f047a3702ae747fd7830cf8ac95e6066\",\"name\":\"Naturpark-Team\",\"sameAs\":[\"http:\/\/www.naturpark-sfw.de\",\"https:\/\/www.facebook.com\/naturparkSFW\"],\"url\":\"https:\/\/www.naturparkmagazin.de\/schwaebisch-fraenkischer-wald\/author\/bernharddrixler\/\"}]}<\/script>\n<!-- \/ Yoast SEO plugin. -->","yoast_head_json":{"title":"Die Winzer vom Weinsberger Tal - Naturpark Schw\u00e4bisch-Fr\u00e4nkischer Wald","robots":{"index":"index","follow":"follow","max-snippet":"max-snippet:-1","max-image-preview":"max-image-preview:large","max-video-preview":"max-video-preview:-1"},"canonical":"https:\/\/www.naturparkmagazin.de\/schwaebisch-fraenkischer-wald\/die-winzer-vom-weinsberger-tal\/","og_locale":"de_DE","og_type":"article","og_title":"Die Winzer vom Weinsberger Tal - Naturpark Schw\u00e4bisch-Fr\u00e4nkischer Wald","og_description":"Seit Generationen hegen und pflegen die Winzer vom Weinsberger Tal dieses St\u00fcck Heimat und bilden damit die Grundlage f\u00fcr erstklassige Weine.","og_url":"https:\/\/www.naturparkmagazin.de\/schwaebisch-fraenkischer-wald\/die-winzer-vom-weinsberger-tal\/","og_site_name":"Naturpark Schw\u00e4bisch-Fr\u00e4nkischer Wald","article_author":"https:\/\/www.facebook.com\/naturparkSFW","article_published_time":"2021-11-15T13:12:52+00:00","article_modified_time":"2021-11-19T09:17:43+00:00","og_image":[{"width":3175,"height":2614,"url":"https:\/\/www.naturparkmagazin.de\/schwaebisch-fraenkischer-wald\/wp-content\/uploads\/sites\/34\/Genuss-Platz-3-016-www-WeinsbergerTal-WeinKultur-WeinGenuss-Michael-Baier-Yanez-11062017.jpg","type":"image\/jpeg"}],"author":"Naturpark-Team","twitter_misc":{"Verfasst von":"Naturpark-Team","Gesch\u00e4tzte Lesezeit":"1\u00a0Minute"},"schema":{"@context":"https:\/\/schema.org","@graph":[{"@type":"WebPage","@id":"https:\/\/www.naturparkmagazin.de\/schwaebisch-fraenkischer-wald\/die-winzer-vom-weinsberger-tal\/","url":"https:\/\/www.naturparkmagazin.de\/schwaebisch-fraenkischer-wald\/die-winzer-vom-weinsberger-tal\/","name":"Die Winzer vom Weinsberger Tal - Naturpark Schw\u00e4bisch-Fr\u00e4nkischer Wald","isPartOf":{"@id":"https:\/\/www.naturparkmagazin.de\/schwaebisch-fraenkischer-wald\/#website"},"datePublished":"2021-11-15T13:12:52+00:00","dateModified":"2021-11-19T09:17:43+00:00","author":{"@id":"https:\/\/www.naturparkmagazin.de\/schwaebisch-fraenkischer-wald\/#\/schema\/person\/f047a3702ae747fd7830cf8ac95e6066"},"breadcrumb":{"@id":"https:\/\/www.naturparkmagazin.de\/schwaebisch-fraenkischer-wald\/die-winzer-vom-weinsberger-tal\/#breadcrumb"},"inLanguage":"de","potentialAction":[{"@type":"ReadAction","target":["https:\/\/www.naturparkmagazin.de\/schwaebisch-fraenkischer-wald\/die-winzer-vom-weinsberger-tal\/"]}]},{"@type":"BreadcrumbList","@id":"https:\/\/www.naturparkmagazin.de\/schwaebisch-fraenkischer-wald\/die-winzer-vom-weinsberger-tal\/#breadcrumb","itemListElement":[{"@type":"ListItem","position":1,"name":"Home","item":"https:\/\/www.naturparkmagazin.de\/schwaebisch-fraenkischer-wald\/"},{"@type":"ListItem","position":2,"name":"Die Winzer vom Weinsberger Tal"}]},{"@type":"WebSite","@id":"https:\/\/www.naturparkmagazin.de\/schwaebisch-fraenkischer-wald\/#website","url":"https:\/\/www.naturparkmagazin.de\/schwaebisch-fraenkischer-wald\/","name":"Naturpark Schw\u00e4bisch-Fr\u00e4nkischer Wald","description":"","potentialAction":[{"@type":"SearchAction","target":{"@type":"EntryPoint","urlTemplate":"https:\/\/www.naturparkmagazin.de\/schwaebisch-fraenkischer-wald\/?s={search_term_string}"},"query-input":"required name=search_term_string"}],"inLanguage":"de"},{"@type":"Person","@id":"https:\/\/www.naturparkmagazin.de\/schwaebisch-fraenkischer-wald\/#\/schema\/person\/f047a3702ae747fd7830cf8ac95e6066","name":"Naturpark-Team","sameAs":["http:\/\/www.naturpark-sfw.de","https:\/\/www.facebook.com\/naturparkSFW"],"url":"https:\/\/www.naturparkmagazin.de\/schwaebisch-fraenkischer-wald\/author\/bernharddrixler\/"}]}},"_links":{"self":[{"href":"https:\/\/www.naturparkmagazin.de\/schwaebisch-fraenkischer-wald\/wp-json\/wp\/v2\/posts\/10535"}],"collection":[{"href":"https:\/\/www.naturparkmagazin.de\/schwaebisch-fraenkischer-wald\/wp-json\/wp\/v2\/posts"}],"about":[{"href":"https:\/\/www.naturparkmagazin.de\/schwaebisch-fraenkischer-wald\/wp-json\/wp\/v2\/types\/post"}],"author":[{"embeddable":true,"href":"https:\/\/www.naturparkmagazin.de\/schwaebisch-fraenkischer-wald\/wp-json\/wp\/v2\/users\/25"}],"replies":[{"embeddable":true,"href":"https:\/\/www.naturparkmagazin.de\/schwaebisch-fraenkischer-wald\/wp-json\/wp\/v2\/comments?post=10535"}],"version-history":[{"count":7,"href":"https:\/\/www.naturparkmagazin.de\/schwaebisch-fraenkischer-wald\/wp-json\/wp\/v2\/posts\/10535\/revisions"}],"predecessor-version":[{"id":10596,"href":"https:\/\/www.naturparkmagazin.de\/schwaebisch-fraenkischer-wald\/wp-json\/wp\/v2\/posts\/10535\/revisions\/10596"}],"wp:featuredmedia":[{"embeddable":true,"href":"https:\/\/www.naturparkmagazin.de\/schwaebisch-fraenkischer-wald\/wp-json\/wp\/v2\/media\/10579"}],"wp:attachment":[{"href":"https:\/\/www.naturparkmagazin.de\/schwaebisch-fraenkischer-wald\/wp-json\/wp\/v2\/media?parent=10535"}],"wp:term":[{"taxonomy":"category","embeddable":true,"href":"https:\/\/www.naturparkmagazin.de\/schwaebisch-fraenkischer-wald\/wp-json\/wp\/v2\/categories?post=10535"},{"taxonomy":"post_tag","embeddable":true,"href":"https:\/\/www.naturparkmagazin.de\/schwaebisch-fraenkischer-wald\/wp-json\/wp\/v2\/tags?post=10535"}],"curies":[{"name":"wp","href":"https:\/\/api.w.org\/{rel}","templated":true}]}}