{"id":10541,"date":"2021-11-15T14:18:00","date_gmt":"2021-11-15T13:18:00","guid":{"rendered":"https:\/\/www.naturparkmagazin.de\/schwaebisch-fraenkischer-wald\/?p=10541"},"modified":"2021-11-19T10:13:17","modified_gmt":"2021-11-19T09:13:17","slug":"weihnachtslaedle-handgemachtes-aus-dem-naturpark","status":"publish","type":"post","link":"https:\/\/www.naturparkmagazin.de\/schwaebisch-fraenkischer-wald\/weihnachtslaedle-handgemachtes-aus-dem-naturpark\/","title":{"rendered":"Weihnachtsl\u00e4dle \u2013 Handgemachtes aus dem Naturpark"},"content":{"rendered":"<div id=\"attachment_10543\" style=\"width: 510px\" class=\"wp-caption aligncenter\"><a href=\"https:\/\/www.naturparkmagazin.de\/schwaebisch-fraenkischer-wald\/wp-content\/uploads\/sites\/34\/NPZ_Weihnachtslaedle_500x300.jpg\"><img aria-describedby=\"caption-attachment-10543\" decoding=\"async\" loading=\"lazy\" class=\"size-full wp-image-10543\" src=\"https:\/\/www.naturparkmagazin.de\/schwaebisch-fraenkischer-wald\/wp-content\/uploads\/sites\/34\/NPZ_Weihnachtslaedle_500x300.jpg\" alt=\"\u00a9 Naturpark SFW Archiv\" width=\"500\" height=\"300\" srcset=\"https:\/\/www.naturparkmagazin.de\/schwaebisch-fraenkischer-wald\/wp-content\/uploads\/sites\/34\/NPZ_Weihnachtslaedle_500x300.jpg 500w, https:\/\/www.naturparkmagazin.de\/schwaebisch-fraenkischer-wald\/wp-content\/uploads\/sites\/34\/NPZ_Weihnachtslaedle_500x300-300x180.jpg 300w, https:\/\/www.naturparkmagazin.de\/schwaebisch-fraenkischer-wald\/wp-content\/uploads\/sites\/34\/NPZ_Weihnachtslaedle_500x300-200x120.jpg 200w\" sizes=\"(max-width: 500px) 100vw, 500px\" \/><\/a><p id=\"caption-attachment-10543\" class=\"wp-caption-text\">\u00a9 Naturpark SFW Archiv<\/p><\/div>\n<p>Das Naturpark-Weihnachtsl\u00e4dle findet dieses Jahr zum ersten Mal vom 4. bis 23. Dezember 2021 im Naturparkzentrum in Murrhardt statt. Direktvermarkter:innen und Kunsthandwerker:innen aus dem Naturpark Schw\u00e4bisch-Fr\u00e4nkischer Wald zeigen und verkaufen eine Auswahl ihrer Produkte. Von Honig, Destillaten, Marmeladen und Linsen, \u00fcber Seifen und T\u00f6pferwaren bis zu Schmuck, K\u00f6rben und B\u00fcrsten. Alle Waren werden im Naturpark Schw\u00e4bisch-Fr\u00e4nkischer Wald produziert. Die Hersteller:innen sind abwechselnd vor Ort und pr\u00e4sentieren ihre Erzeugnisse. Im stimmungsvoll dekorierten Weihnachtsl\u00e4dle ist bestimmt f\u00fcr Jede:n ein passendes Weihnachtsgeschenk dabei.<\/p>\n<p>Das Naturpark-Weihnachtsl\u00e4dle ist zu den \u00d6ffnungszeiten der Tourist-Info und des Naturparkzentrums ge\u00f6ffnet.<\/p>\n<p><strong>\u00d6ffnungszeiten:<\/strong><\/p>\n<p>Montag, Dienstag und Donnerstag: 9.30-12.30 Uhr, 14-16 Uhr<\/p>\n<p>Freitag: 9.30-12.30 Uhr<\/p>\n<p>Samstag: 10-13 Uhr<\/p>\n<p><strong>Weitere Informationen:<\/strong><\/p>\n<p>Naturpark Schw\u00e4bisch-Fr\u00e4nkischer Wald e. V.<\/p>\n<p>Naturparkzentrum, Marktplatz 8, 71540 Murrhardt<\/p>\n<p>Telefon 0 71 92 \u2013 21 38 88<\/p>\n<p>Mail: <a href=\"mailto:info@naturpark-sfw.de\">info@naturpark-sfw.de<\/a><\/p>\n<p>Homepage: <a href=\"http:\/\/www.naturpark-sfw.de\">www.naturpark-sfw.de<\/a><\/p>\n<div id=\"attachment_10593\" style=\"width: 510px\" class=\"wp-caption aligncenter\"><a href=\"https:\/\/www.naturparkmagazin.de\/schwaebisch-fraenkischer-wald\/wp-content\/uploads\/sites\/34\/Screenshot-2021-11-19-100140_500x700.jpg\"><img aria-describedby=\"caption-attachment-10593\" decoding=\"async\" loading=\"lazy\" class=\"size-full wp-image-10593\" src=\"https:\/\/www.naturparkmagazin.de\/schwaebisch-fraenkischer-wald\/wp-content\/uploads\/sites\/34\/Screenshot-2021-11-19-100140_500x700.jpg\" alt=\"\u00a9 Naturpark SFW Archiv\" width=\"500\" height=\"708\" srcset=\"https:\/\/www.naturparkmagazin.de\/schwaebisch-fraenkischer-wald\/wp-content\/uploads\/sites\/34\/Screenshot-2021-11-19-100140_500x700.jpg 500w, https:\/\/www.naturparkmagazin.de\/schwaebisch-fraenkischer-wald\/wp-content\/uploads\/sites\/34\/Screenshot-2021-11-19-100140_500x700-300x425.jpg 300w, https:\/\/www.naturparkmagazin.de\/schwaebisch-fraenkischer-wald\/wp-content\/uploads\/sites\/34\/Screenshot-2021-11-19-100140_500x700-200x283.jpg 200w\" sizes=\"(max-width: 500px) 100vw, 500px\" \/><\/a><p id=\"caption-attachment-10593\" class=\"wp-caption-text\">\u00a9 Naturpark SFW Archiv<\/p><\/div>\n<p>&nbsp;<\/p>\n","protected":false},"excerpt":{"rendered":"<p>Das Naturpark-Weihnachtsl\u00e4dle findet dieses Jahr zum ersten Mal im Naturparkzentrum in Murrhardt statt. Im stimmungsvoll dekorierten Weihnachtsl\u00e4dle ist bestimmt f\u00fcr Jede:n ein passendes Weihnachtsgeschenk dabei.<\/p>\n","protected":false},"author":25,"featured_media":10542,"comment_status":"open","ping_status":"open","sticky":false,"template":"","format":"standard","meta":[],"categories":[617],"tags":[],"yoast_head":"<!-- This site is optimized with the Yoast SEO plugin v19.10 - https:\/\/yoast.com\/wordpress\/plugins\/seo\/ -->\n<title>Weihnachtsl\u00e4dle \u2013 Handgemachtes aus dem Naturpark - Naturpark Schw\u00e4bisch-Fr\u00e4nkischer Wald<\/title>\n<meta name=\"robots\" content=\"index, follow, max-snippet:-1, max-image-preview:large, max-video-preview:-1\" \/>\n<link rel=\"canonical\" href=\"https:\/\/www.naturparkmagazin.de\/schwaebisch-fraenkischer-wald\/weihnachtslaedle-handgemachtes-aus-dem-naturpark\/\" \/>\n<meta property=\"og:locale\" content=\"de_DE\" \/>\n<meta property=\"og:type\" content=\"article\" \/>\n<meta property=\"og:title\" content=\"Weihnachtsl\u00e4dle \u2013 Handgemachtes aus dem Naturpark - Naturpark Schw\u00e4bisch-Fr\u00e4nkischer Wald\" \/>\n<meta property=\"og:description\" content=\"Das Naturpark-Weihnachtsl\u00e4dle findet dieses Jahr zum ersten Mal im Naturparkzentrum in Murrhardt statt. Im stimmungsvoll dekorierten Weihnachtsl\u00e4dle ist bestimmt f\u00fcr Jede:n ein passendes Weihnachtsgeschenk dabei.\" \/>\n<meta property=\"og:url\" content=\"https:\/\/www.naturparkmagazin.de\/schwaebisch-fraenkischer-wald\/weihnachtslaedle-handgemachtes-aus-dem-naturpark\/\" \/>\n<meta property=\"og:site_name\" content=\"Naturpark Schw\u00e4bisch-Fr\u00e4nkischer Wald\" \/>\n<meta property=\"article:author\" content=\"https:\/\/www.facebook.com\/naturparkSFW\" \/>\n<meta property=\"article:published_time\" content=\"2021-11-15T13:18:00+00:00\" \/>\n<meta property=\"article:modified_time\" content=\"2021-11-19T09:13:17+00:00\" \/>\n<meta property=\"og:image\" content=\"https:\/\/www.naturparkmagazin.de\/schwaebisch-fraenkischer-wald\/wp-content\/uploads\/sites\/34\/NPZ_Weihnachtslaedle_200x200.jpg\" \/>\n\t<meta property=\"og:image:width\" content=\"200\" \/>\n\t<meta property=\"og:image:height\" content=\"200\" \/>\n\t<meta property=\"og:image:type\" content=\"image\/jpeg\" \/>\n<meta name=\"author\" content=\"Naturpark-Team\" \/>\n<meta name=\"twitter:label1\" content=\"Verfasst von\" \/>\n\t<meta name=\"twitter:data1\" content=\"Naturpark-Team\" \/>\n\t<meta name=\"twitter:label2\" content=\"Gesch\u00e4tzte Lesezeit\" \/>\n\t<meta name=\"twitter:data2\" content=\"1\u00a0Minute\" \/>\n<script type=\"application\/ld+json\" class=\"yoast-schema-graph\">{\"@context\":\"https:\/\/schema.org\",\"@graph\":[{\"@type\":\"WebPage\",\"@id\":\"https:\/\/www.naturparkmagazin.de\/schwaebisch-fraenkischer-wald\/weihnachtslaedle-handgemachtes-aus-dem-naturpark\/\",\"url\":\"https:\/\/www.naturparkmagazin.de\/schwaebisch-fraenkischer-wald\/weihnachtslaedle-handgemachtes-aus-dem-naturpark\/\",\"name\":\"Weihnachtsl\u00e4dle \u2013 Handgemachtes aus dem Naturpark - Naturpark Schw\u00e4bisch-Fr\u00e4nkischer Wald\",\"isPartOf\":{\"@id\":\"https:\/\/www.naturparkmagazin.de\/schwaebisch-fraenkischer-wald\/#website\"},\"datePublished\":\"2021-11-15T13:18:00+00:00\",\"dateModified\":\"2021-11-19T09:13:17+00:00\",\"author\":{\"@id\":\"https:\/\/www.naturparkmagazin.de\/schwaebisch-fraenkischer-wald\/#\/schema\/person\/f047a3702ae747fd7830cf8ac95e6066\"},\"breadcrumb\":{\"@id\":\"https:\/\/www.naturparkmagazin.de\/schwaebisch-fraenkischer-wald\/weihnachtslaedle-handgemachtes-aus-dem-naturpark\/#breadcrumb\"},\"inLanguage\":\"de\",\"potentialAction\":[{\"@type\":\"ReadAction\",\"target\":[\"https:\/\/www.naturparkmagazin.de\/schwaebisch-fraenkischer-wald\/weihnachtslaedle-handgemachtes-aus-dem-naturpark\/\"]}]},{\"@type\":\"BreadcrumbList\",\"@id\":\"https:\/\/www.naturparkmagazin.de\/schwaebisch-fraenkischer-wald\/weihnachtslaedle-handgemachtes-aus-dem-naturpark\/#breadcrumb\",\"itemListElement\":[{\"@type\":\"ListItem\",\"position\":1,\"name\":\"Home\",\"item\":\"https:\/\/www.naturparkmagazin.de\/schwaebisch-fraenkischer-wald\/\"},{\"@type\":\"ListItem\",\"position\":2,\"name\":\"Weihnachtsl\u00e4dle \u2013 Handgemachtes aus dem Naturpark\"}]},{\"@type\":\"WebSite\",\"@id\":\"https:\/\/www.naturparkmagazin.de\/schwaebisch-fraenkischer-wald\/#website\",\"url\":\"https:\/\/www.naturparkmagazin.de\/schwaebisch-fraenkischer-wald\/\",\"name\":\"Naturpark Schw\u00e4bisch-Fr\u00e4nkischer Wald\",\"description\":\"\",\"potentialAction\":[{\"@type\":\"SearchAction\",\"target\":{\"@type\":\"EntryPoint\",\"urlTemplate\":\"https:\/\/www.naturparkmagazin.de\/schwaebisch-fraenkischer-wald\/?s={search_term_string}\"},\"query-input\":\"required name=search_term_string\"}],\"inLanguage\":\"de\"},{\"@type\":\"Person\",\"@id\":\"https:\/\/www.naturparkmagazin.de\/schwaebisch-fraenkischer-wald\/#\/schema\/person\/f047a3702ae747fd7830cf8ac95e6066\",\"name\":\"Naturpark-Team\",\"sameAs\":[\"http:\/\/www.naturpark-sfw.de\",\"https:\/\/www.facebook.com\/naturparkSFW\"],\"url\":\"https:\/\/www.naturparkmagazin.de\/schwaebisch-fraenkischer-wald\/author\/bernharddrixler\/\"}]}<\/script>\n<!-- \/ Yoast SEO plugin. -->","yoast_head_json":{"title":"Weihnachtsl\u00e4dle \u2013 Handgemachtes aus dem Naturpark - Naturpark Schw\u00e4bisch-Fr\u00e4nkischer Wald","robots":{"index":"index","follow":"follow","max-snippet":"max-snippet:-1","max-image-preview":"max-image-preview:large","max-video-preview":"max-video-preview:-1"},"canonical":"https:\/\/www.naturparkmagazin.de\/schwaebisch-fraenkischer-wald\/weihnachtslaedle-handgemachtes-aus-dem-naturpark\/","og_locale":"de_DE","og_type":"article","og_title":"Weihnachtsl\u00e4dle \u2013 Handgemachtes aus dem Naturpark - Naturpark Schw\u00e4bisch-Fr\u00e4nkischer Wald","og_description":"Das Naturpark-Weihnachtsl\u00e4dle findet dieses Jahr zum ersten Mal im Naturparkzentrum in Murrhardt statt. Im stimmungsvoll dekorierten Weihnachtsl\u00e4dle ist bestimmt f\u00fcr Jede:n ein passendes Weihnachtsgeschenk dabei.","og_url":"https:\/\/www.naturparkmagazin.de\/schwaebisch-fraenkischer-wald\/weihnachtslaedle-handgemachtes-aus-dem-naturpark\/","og_site_name":"Naturpark Schw\u00e4bisch-Fr\u00e4nkischer Wald","article_author":"https:\/\/www.facebook.com\/naturparkSFW","article_published_time":"2021-11-15T13:18:00+00:00","article_modified_time":"2021-11-19T09:13:17+00:00","og_image":[{"width":200,"height":200,"url":"https:\/\/www.naturparkmagazin.de\/schwaebisch-fraenkischer-wald\/wp-content\/uploads\/sites\/34\/NPZ_Weihnachtslaedle_200x200.jpg","type":"image\/jpeg"}],"author":"Naturpark-Team","twitter_misc":{"Verfasst von":"Naturpark-Team","Gesch\u00e4tzte Lesezeit":"1\u00a0Minute"},"schema":{"@context":"https:\/\/schema.org","@graph":[{"@type":"WebPage","@id":"https:\/\/www.naturparkmagazin.de\/schwaebisch-fraenkischer-wald\/weihnachtslaedle-handgemachtes-aus-dem-naturpark\/","url":"https:\/\/www.naturparkmagazin.de\/schwaebisch-fraenkischer-wald\/weihnachtslaedle-handgemachtes-aus-dem-naturpark\/","name":"Weihnachtsl\u00e4dle \u2013 Handgemachtes aus dem Naturpark - Naturpark Schw\u00e4bisch-Fr\u00e4nkischer Wald","isPartOf":{"@id":"https:\/\/www.naturparkmagazin.de\/schwaebisch-fraenkischer-wald\/#website"},"datePublished":"2021-11-15T13:18:00+00:00","dateModified":"2021-11-19T09:13:17+00:00","author":{"@id":"https:\/\/www.naturparkmagazin.de\/schwaebisch-fraenkischer-wald\/#\/schema\/person\/f047a3702ae747fd7830cf8ac95e6066"},"breadcrumb":{"@id":"https:\/\/www.naturparkmagazin.de\/schwaebisch-fraenkischer-wald\/weihnachtslaedle-handgemachtes-aus-dem-naturpark\/#breadcrumb"},"inLanguage":"de","potentialAction":[{"@type":"ReadAction","target":["https:\/\/www.naturparkmagazin.de\/schwaebisch-fraenkischer-wald\/weihnachtslaedle-handgemachtes-aus-dem-naturpark\/"]}]},{"@type":"BreadcrumbList","@id":"https:\/\/www.naturparkmagazin.de\/schwaebisch-fraenkischer-wald\/weihnachtslaedle-handgemachtes-aus-dem-naturpark\/#breadcrumb","itemListElement":[{"@type":"ListItem","position":1,"name":"Home","item":"https:\/\/www.naturparkmagazin.de\/schwaebisch-fraenkischer-wald\/"},{"@type":"ListItem","position":2,"name":"Weihnachtsl\u00e4dle \u2013 Handgemachtes aus dem Naturpark"}]},{"@type":"WebSite","@id":"https:\/\/www.naturparkmagazin.de\/schwaebisch-fraenkischer-wald\/#website","url":"https:\/\/www.naturparkmagazin.de\/schwaebisch-fraenkischer-wald\/","name":"Naturpark Schw\u00e4bisch-Fr\u00e4nkischer Wald","description":"","potentialAction":[{"@type":"SearchAction","target":{"@type":"EntryPoint","urlTemplate":"https:\/\/www.naturparkmagazin.de\/schwaebisch-fraenkischer-wald\/?s={search_term_string}"},"query-input":"required name=search_term_string"}],"inLanguage":"de"},{"@type":"Person","@id":"https:\/\/www.naturparkmagazin.de\/schwaebisch-fraenkischer-wald\/#\/schema\/person\/f047a3702ae747fd7830cf8ac95e6066","name":"Naturpark-Team","sameAs":["http:\/\/www.naturpark-sfw.de","https:\/\/www.facebook.com\/naturparkSFW"],"url":"https:\/\/www.naturparkmagazin.de\/schwaebisch-fraenkischer-wald\/author\/bernharddrixler\/"}]}},"_links":{"self":[{"href":"https:\/\/www.naturparkmagazin.de\/schwaebisch-fraenkischer-wald\/wp-json\/wp\/v2\/posts\/10541"}],"collection":[{"href":"https:\/\/www.naturparkmagazin.de\/schwaebisch-fraenkischer-wald\/wp-json\/wp\/v2\/posts"}],"about":[{"href":"https:\/\/www.naturparkmagazin.de\/schwaebisch-fraenkischer-wald\/wp-json\/wp\/v2\/types\/post"}],"author":[{"embeddable":true,"href":"https:\/\/www.naturparkmagazin.de\/schwaebisch-fraenkischer-wald\/wp-json\/wp\/v2\/users\/25"}],"replies":[{"embeddable":true,"href":"https:\/\/www.naturparkmagazin.de\/schwaebisch-fraenkischer-wald\/wp-json\/wp\/v2\/comments?post=10541"}],"version-history":[{"count":8,"href":"https:\/\/www.naturparkmagazin.de\/schwaebisch-fraenkischer-wald\/wp-json\/wp\/v2\/posts\/10541\/revisions"}],"predecessor-version":[{"id":10595,"href":"https:\/\/www.naturparkmagazin.de\/schwaebisch-fraenkischer-wald\/wp-json\/wp\/v2\/posts\/10541\/revisions\/10595"}],"wp:featuredmedia":[{"embeddable":true,"href":"https:\/\/www.naturparkmagazin.de\/schwaebisch-fraenkischer-wald\/wp-json\/wp\/v2\/media\/10542"}],"wp:attachment":[{"href":"https:\/\/www.naturparkmagazin.de\/schwaebisch-fraenkischer-wald\/wp-json\/wp\/v2\/media?parent=10541"}],"wp:term":[{"taxonomy":"category","embeddable":true,"href":"https:\/\/www.naturparkmagazin.de\/schwaebisch-fraenkischer-wald\/wp-json\/wp\/v2\/categories?post=10541"},{"taxonomy":"post_tag","embeddable":true,"href":"https:\/\/www.naturparkmagazin.de\/schwaebisch-fraenkischer-wald\/wp-json\/wp\/v2\/tags?post=10541"}],"curies":[{"name":"wp","href":"https:\/\/api.w.org\/{rel}","templated":true}]}}