{"id":10557,"date":"2021-11-15T14:41:39","date_gmt":"2021-11-15T13:41:39","guid":{"rendered":"https:\/\/www.naturparkmagazin.de\/schwaebisch-fraenkischer-wald\/?p=10557"},"modified":"2021-11-15T09:43:35","modified_gmt":"2021-11-15T08:43:35","slug":"weihnachtlicher-gewuerzkuchen","status":"publish","type":"post","link":"https:\/\/www.naturparkmagazin.de\/schwaebisch-fraenkischer-wald\/weihnachtlicher-gewuerzkuchen\/","title":{"rendered":"Weihnachtlicher Gew\u00fcrzkuchen"},"content":{"rendered":"<div id=\"attachment_10559\" style=\"width: 510px\" class=\"wp-caption aligncenter\"><a href=\"https:\/\/www.naturparkmagazin.de\/schwaebisch-fraenkischer-wald\/wp-content\/uploads\/sites\/34\/Weihnachtskuchen_500x300.jpg\"><img aria-describedby=\"caption-attachment-10559\" decoding=\"async\" loading=\"lazy\" class=\"size-full wp-image-10559\" src=\"https:\/\/www.naturparkmagazin.de\/schwaebisch-fraenkischer-wald\/wp-content\/uploads\/sites\/34\/Weihnachtskuchen_500x300.jpg\" alt=\"\u00a9 Naturpark SFW Archiv\" width=\"500\" height=\"300\" srcset=\"https:\/\/www.naturparkmagazin.de\/schwaebisch-fraenkischer-wald\/wp-content\/uploads\/sites\/34\/Weihnachtskuchen_500x300.jpg 500w, https:\/\/www.naturparkmagazin.de\/schwaebisch-fraenkischer-wald\/wp-content\/uploads\/sites\/34\/Weihnachtskuchen_500x300-300x180.jpg 300w, https:\/\/www.naturparkmagazin.de\/schwaebisch-fraenkischer-wald\/wp-content\/uploads\/sites\/34\/Weihnachtskuchen_500x300-200x120.jpg 200w\" sizes=\"(max-width: 500px) 100vw, 500px\" \/><\/a><p id=\"caption-attachment-10559\" class=\"wp-caption-text\">\u00a9 Naturpark SFW Archiv<\/p><\/div>\n<p>Um Ihnen die Advents- und Vorweihnachtszeit wortw\u00f6rtlich zu vers\u00fc\u00dfen haben wir Ihnen f\u00fcr den Dezember ein Rezept f\u00fcr einen aromatischen Gew\u00fcrzkuchen mitgebracht. Dieser saftig leckere Klassiker \u00fcberzeugt mit feinen, weihnachtlichen Zutaten einfach Jede:n. Ganz einfach selbst gemacht und super lecker!<\/p>\n<p><strong>Zutaten:<\/strong><\/p>\n<p>F\u00fcr den Kuchen<\/p>\n<p>125 g Butter<\/p>\n<p>150 g Zucker<\/p>\n<p>150 g Zartbitter-Schokolade<\/p>\n<p>4 Eier<\/p>\n<p>3 TL Lebkuchengew\u00fcrz<\/p>\n<p>100 g Mehl<\/p>\n<p>50 g Speisest\u00e4rke<\/p>\n<p>2 TL Backpulver (leicht geh\u00e4uft)<\/p>\n<p>F\u00fcr die Buttercreme<\/p>\n<p>50 g cremiger Frischk\u00e4se<\/p>\n<p>40 g weiche Butter<\/p>\n<p>80 g Puderzucker<\/p>\n<p>Cocktailkirschen<\/p>\n<p><strong>Zubereitung:<\/strong><\/p>\n<p>F\u00fcr den Gew\u00fcrzkuchen die Zartbitter-Schokolade grob hacken und anschlie\u00dfend im Wasserbad schmelzen. Die geschmolzene Schokolade in eine R\u00fchrsch\u00fcssel f\u00fcllen und abk\u00fchlen lassen.<\/p>\n<p>Ein Backblech fetten oder mit Backpapier auslegen. Die Butter zusammen mit dem Zucker, den Eiern und dem Lebkuchengew\u00fcrz zur fl\u00fcssigen Schokolade geben. Alles mit dem Handr\u00fchrger\u00e4t cremig r\u00fchren. Das Mehl und die Speisest\u00e4rke mit dem Backpulver vermischen und unter die Schokoladenmasse r\u00fchren.<\/p>\n<p>Den Teig gleichm\u00e4\u00dfig auf dem Backblech verteilen, glattstreichen und im vorgeheizten Backofen (E-Herd: 175\u00b0 C, Umluft: 150\u00b0 C) f\u00fcr 20-30 Minuten backen. Nach der Backzeit den Gew\u00fcrzkuchen im Blech etwas abk\u00fchlen lassen, danach den noch weichen Kuchen vorsichtig vom Blech l\u00f6sen und auf einem Kuchengitter v\u00f6llig ausk\u00fchlen lassen.<\/p>\n<p>In der Zwischenzeit die Buttercreme zubereiten: Die weiche Butter mit dem Ruhrger\u00e4t kr\u00e4ftig schlagen und langsam den Puderzucker dazu sieben. Das Ganze mehrere Minuten cremig aufschlagen. Im Anschluss den Frischk\u00e4se unter die Mischung heben, sodass eine glatte Creme entsteht. Die fertige Creme in einen Spritzbeutel (mit Locht\u00fclle) f\u00fcllen und beiseite legen.<\/p>\n<p>Sobald der Gew\u00fcrzkuchen abgek\u00fchlt ist die Creme mit dem Spritzbeutel in einem Gitter-Muster auf dem Kuchen verteilen. An den \u201eSchnittstellen\u201c gr\u00f6\u00dfere Tupfen aufspritzen und anschlie\u00dfend die Kirschen darauf platzieren.<\/p>\n<p>Dazu passt vor allem frischer Gl\u00fchwein und Punsch oder hei\u00dfe Schokolade!<\/p>\n<p>&nbsp;<\/p>\n","protected":false},"excerpt":{"rendered":"<p>Um Ihnen die Advents- und Vorweihnachtszeit wortw\u00f6rtlich zu vers\u00fc\u00dfen haben wir Ihnen f\u00fcr den Dezember ein Rezept f\u00fcr einen aromatischen Gew\u00fcrzkuchen mitgebracht. Ganz einfach selbst gemacht und super lecker!<\/p>\n","protected":false},"author":25,"featured_media":10558,"comment_status":"open","ping_status":"open","sticky":false,"template":"","format":"standard","meta":[],"categories":[14],"tags":[],"yoast_head":"<!-- This site is optimized with the Yoast SEO plugin v19.10 - https:\/\/yoast.com\/wordpress\/plugins\/seo\/ -->\n<title>Weihnachtlicher Gew\u00fcrzkuchen - Naturpark Schw\u00e4bisch-Fr\u00e4nkischer Wald<\/title>\n<meta name=\"robots\" content=\"index, follow, max-snippet:-1, max-image-preview:large, max-video-preview:-1\" \/>\n<link rel=\"canonical\" href=\"https:\/\/www.naturparkmagazin.de\/schwaebisch-fraenkischer-wald\/weihnachtlicher-gewuerzkuchen\/\" \/>\n<meta property=\"og:locale\" content=\"de_DE\" \/>\n<meta property=\"og:type\" content=\"article\" \/>\n<meta property=\"og:title\" content=\"Weihnachtlicher Gew\u00fcrzkuchen - Naturpark Schw\u00e4bisch-Fr\u00e4nkischer Wald\" \/>\n<meta property=\"og:description\" content=\"Um Ihnen die Advents- und Vorweihnachtszeit wortw\u00f6rtlich zu vers\u00fc\u00dfen haben wir Ihnen f\u00fcr den Dezember ein Rezept f\u00fcr einen aromatischen Gew\u00fcrzkuchen mitgebracht. Ganz einfach selbst gemacht und super lecker!\" \/>\n<meta property=\"og:url\" content=\"https:\/\/www.naturparkmagazin.de\/schwaebisch-fraenkischer-wald\/weihnachtlicher-gewuerzkuchen\/\" \/>\n<meta property=\"og:site_name\" content=\"Naturpark Schw\u00e4bisch-Fr\u00e4nkischer Wald\" \/>\n<meta property=\"article:author\" content=\"https:\/\/www.facebook.com\/naturparkSFW\" \/>\n<meta property=\"article:published_time\" content=\"2021-11-15T13:41:39+00:00\" \/>\n<meta property=\"article:modified_time\" content=\"2021-11-15T08:43:35+00:00\" \/>\n<meta property=\"og:image\" content=\"https:\/\/www.naturparkmagazin.de\/schwaebisch-fraenkischer-wald\/wp-content\/uploads\/sites\/34\/Weihnachtskuchen_200x200.jpg\" \/>\n\t<meta property=\"og:image:width\" content=\"200\" \/>\n\t<meta property=\"og:image:height\" content=\"200\" \/>\n\t<meta property=\"og:image:type\" content=\"image\/jpeg\" \/>\n<meta name=\"author\" content=\"Naturpark-Team\" \/>\n<meta name=\"twitter:label1\" content=\"Verfasst von\" \/>\n\t<meta name=\"twitter:data1\" content=\"Naturpark-Team\" \/>\n\t<meta name=\"twitter:label2\" content=\"Gesch\u00e4tzte Lesezeit\" \/>\n\t<meta name=\"twitter:data2\" content=\"2\u00a0Minuten\" \/>\n<script type=\"application\/ld+json\" class=\"yoast-schema-graph\">{\"@context\":\"https:\/\/schema.org\",\"@graph\":[{\"@type\":\"WebPage\",\"@id\":\"https:\/\/www.naturparkmagazin.de\/schwaebisch-fraenkischer-wald\/weihnachtlicher-gewuerzkuchen\/\",\"url\":\"https:\/\/www.naturparkmagazin.de\/schwaebisch-fraenkischer-wald\/weihnachtlicher-gewuerzkuchen\/\",\"name\":\"Weihnachtlicher Gew\u00fcrzkuchen - Naturpark Schw\u00e4bisch-Fr\u00e4nkischer Wald\",\"isPartOf\":{\"@id\":\"https:\/\/www.naturparkmagazin.de\/schwaebisch-fraenkischer-wald\/#website\"},\"datePublished\":\"2021-11-15T13:41:39+00:00\",\"dateModified\":\"2021-11-15T08:43:35+00:00\",\"author\":{\"@id\":\"https:\/\/www.naturparkmagazin.de\/schwaebisch-fraenkischer-wald\/#\/schema\/person\/f047a3702ae747fd7830cf8ac95e6066\"},\"breadcrumb\":{\"@id\":\"https:\/\/www.naturparkmagazin.de\/schwaebisch-fraenkischer-wald\/weihnachtlicher-gewuerzkuchen\/#breadcrumb\"},\"inLanguage\":\"de\",\"potentialAction\":[{\"@type\":\"ReadAction\",\"target\":[\"https:\/\/www.naturparkmagazin.de\/schwaebisch-fraenkischer-wald\/weihnachtlicher-gewuerzkuchen\/\"]}]},{\"@type\":\"BreadcrumbList\",\"@id\":\"https:\/\/www.naturparkmagazin.de\/schwaebisch-fraenkischer-wald\/weihnachtlicher-gewuerzkuchen\/#breadcrumb\",\"itemListElement\":[{\"@type\":\"ListItem\",\"position\":1,\"name\":\"Home\",\"item\":\"https:\/\/www.naturparkmagazin.de\/schwaebisch-fraenkischer-wald\/\"},{\"@type\":\"ListItem\",\"position\":2,\"name\":\"Weihnachtlicher Gew\u00fcrzkuchen\"}]},{\"@type\":\"WebSite\",\"@id\":\"https:\/\/www.naturparkmagazin.de\/schwaebisch-fraenkischer-wald\/#website\",\"url\":\"https:\/\/www.naturparkmagazin.de\/schwaebisch-fraenkischer-wald\/\",\"name\":\"Naturpark Schw\u00e4bisch-Fr\u00e4nkischer Wald\",\"description\":\"\",\"potentialAction\":[{\"@type\":\"SearchAction\",\"target\":{\"@type\":\"EntryPoint\",\"urlTemplate\":\"https:\/\/www.naturparkmagazin.de\/schwaebisch-fraenkischer-wald\/?s={search_term_string}\"},\"query-input\":\"required name=search_term_string\"}],\"inLanguage\":\"de\"},{\"@type\":\"Person\",\"@id\":\"https:\/\/www.naturparkmagazin.de\/schwaebisch-fraenkischer-wald\/#\/schema\/person\/f047a3702ae747fd7830cf8ac95e6066\",\"name\":\"Naturpark-Team\",\"sameAs\":[\"http:\/\/www.naturpark-sfw.de\",\"https:\/\/www.facebook.com\/naturparkSFW\"],\"url\":\"https:\/\/www.naturparkmagazin.de\/schwaebisch-fraenkischer-wald\/author\/bernharddrixler\/\"}]}<\/script>\n<!-- \/ Yoast SEO plugin. -->","yoast_head_json":{"title":"Weihnachtlicher Gew\u00fcrzkuchen - Naturpark Schw\u00e4bisch-Fr\u00e4nkischer Wald","robots":{"index":"index","follow":"follow","max-snippet":"max-snippet:-1","max-image-preview":"max-image-preview:large","max-video-preview":"max-video-preview:-1"},"canonical":"https:\/\/www.naturparkmagazin.de\/schwaebisch-fraenkischer-wald\/weihnachtlicher-gewuerzkuchen\/","og_locale":"de_DE","og_type":"article","og_title":"Weihnachtlicher Gew\u00fcrzkuchen - Naturpark Schw\u00e4bisch-Fr\u00e4nkischer Wald","og_description":"Um Ihnen die Advents- und Vorweihnachtszeit wortw\u00f6rtlich zu vers\u00fc\u00dfen haben wir Ihnen f\u00fcr den Dezember ein Rezept f\u00fcr einen aromatischen Gew\u00fcrzkuchen mitgebracht. Ganz einfach selbst gemacht und super lecker!","og_url":"https:\/\/www.naturparkmagazin.de\/schwaebisch-fraenkischer-wald\/weihnachtlicher-gewuerzkuchen\/","og_site_name":"Naturpark Schw\u00e4bisch-Fr\u00e4nkischer Wald","article_author":"https:\/\/www.facebook.com\/naturparkSFW","article_published_time":"2021-11-15T13:41:39+00:00","article_modified_time":"2021-11-15T08:43:35+00:00","og_image":[{"width":200,"height":200,"url":"https:\/\/www.naturparkmagazin.de\/schwaebisch-fraenkischer-wald\/wp-content\/uploads\/sites\/34\/Weihnachtskuchen_200x200.jpg","type":"image\/jpeg"}],"author":"Naturpark-Team","twitter_misc":{"Verfasst von":"Naturpark-Team","Gesch\u00e4tzte Lesezeit":"2\u00a0Minuten"},"schema":{"@context":"https:\/\/schema.org","@graph":[{"@type":"WebPage","@id":"https:\/\/www.naturparkmagazin.de\/schwaebisch-fraenkischer-wald\/weihnachtlicher-gewuerzkuchen\/","url":"https:\/\/www.naturparkmagazin.de\/schwaebisch-fraenkischer-wald\/weihnachtlicher-gewuerzkuchen\/","name":"Weihnachtlicher Gew\u00fcrzkuchen - Naturpark Schw\u00e4bisch-Fr\u00e4nkischer Wald","isPartOf":{"@id":"https:\/\/www.naturparkmagazin.de\/schwaebisch-fraenkischer-wald\/#website"},"datePublished":"2021-11-15T13:41:39+00:00","dateModified":"2021-11-15T08:43:35+00:00","author":{"@id":"https:\/\/www.naturparkmagazin.de\/schwaebisch-fraenkischer-wald\/#\/schema\/person\/f047a3702ae747fd7830cf8ac95e6066"},"breadcrumb":{"@id":"https:\/\/www.naturparkmagazin.de\/schwaebisch-fraenkischer-wald\/weihnachtlicher-gewuerzkuchen\/#breadcrumb"},"inLanguage":"de","potentialAction":[{"@type":"ReadAction","target":["https:\/\/www.naturparkmagazin.de\/schwaebisch-fraenkischer-wald\/weihnachtlicher-gewuerzkuchen\/"]}]},{"@type":"BreadcrumbList","@id":"https:\/\/www.naturparkmagazin.de\/schwaebisch-fraenkischer-wald\/weihnachtlicher-gewuerzkuchen\/#breadcrumb","itemListElement":[{"@type":"ListItem","position":1,"name":"Home","item":"https:\/\/www.naturparkmagazin.de\/schwaebisch-fraenkischer-wald\/"},{"@type":"ListItem","position":2,"name":"Weihnachtlicher Gew\u00fcrzkuchen"}]},{"@type":"WebSite","@id":"https:\/\/www.naturparkmagazin.de\/schwaebisch-fraenkischer-wald\/#website","url":"https:\/\/www.naturparkmagazin.de\/schwaebisch-fraenkischer-wald\/","name":"Naturpark Schw\u00e4bisch-Fr\u00e4nkischer Wald","description":"","potentialAction":[{"@type":"SearchAction","target":{"@type":"EntryPoint","urlTemplate":"https:\/\/www.naturparkmagazin.de\/schwaebisch-fraenkischer-wald\/?s={search_term_string}"},"query-input":"required name=search_term_string"}],"inLanguage":"de"},{"@type":"Person","@id":"https:\/\/www.naturparkmagazin.de\/schwaebisch-fraenkischer-wald\/#\/schema\/person\/f047a3702ae747fd7830cf8ac95e6066","name":"Naturpark-Team","sameAs":["http:\/\/www.naturpark-sfw.de","https:\/\/www.facebook.com\/naturparkSFW"],"url":"https:\/\/www.naturparkmagazin.de\/schwaebisch-fraenkischer-wald\/author\/bernharddrixler\/"}]}},"_links":{"self":[{"href":"https:\/\/www.naturparkmagazin.de\/schwaebisch-fraenkischer-wald\/wp-json\/wp\/v2\/posts\/10557"}],"collection":[{"href":"https:\/\/www.naturparkmagazin.de\/schwaebisch-fraenkischer-wald\/wp-json\/wp\/v2\/posts"}],"about":[{"href":"https:\/\/www.naturparkmagazin.de\/schwaebisch-fraenkischer-wald\/wp-json\/wp\/v2\/types\/post"}],"author":[{"embeddable":true,"href":"https:\/\/www.naturparkmagazin.de\/schwaebisch-fraenkischer-wald\/wp-json\/wp\/v2\/users\/25"}],"replies":[{"embeddable":true,"href":"https:\/\/www.naturparkmagazin.de\/schwaebisch-fraenkischer-wald\/wp-json\/wp\/v2\/comments?post=10557"}],"version-history":[{"count":1,"href":"https:\/\/www.naturparkmagazin.de\/schwaebisch-fraenkischer-wald\/wp-json\/wp\/v2\/posts\/10557\/revisions"}],"predecessor-version":[{"id":10560,"href":"https:\/\/www.naturparkmagazin.de\/schwaebisch-fraenkischer-wald\/wp-json\/wp\/v2\/posts\/10557\/revisions\/10560"}],"wp:featuredmedia":[{"embeddable":true,"href":"https:\/\/www.naturparkmagazin.de\/schwaebisch-fraenkischer-wald\/wp-json\/wp\/v2\/media\/10558"}],"wp:attachment":[{"href":"https:\/\/www.naturparkmagazin.de\/schwaebisch-fraenkischer-wald\/wp-json\/wp\/v2\/media?parent=10557"}],"wp:term":[{"taxonomy":"category","embeddable":true,"href":"https:\/\/www.naturparkmagazin.de\/schwaebisch-fraenkischer-wald\/wp-json\/wp\/v2\/categories?post=10557"},{"taxonomy":"post_tag","embeddable":true,"href":"https:\/\/www.naturparkmagazin.de\/schwaebisch-fraenkischer-wald\/wp-json\/wp\/v2\/tags?post=10557"}],"curies":[{"name":"wp","href":"https:\/\/api.w.org\/{rel}","templated":true}]}}