{"id":10637,"date":"2021-12-14T11:48:48","date_gmt":"2021-12-14T10:48:48","guid":{"rendered":"https:\/\/www.naturparkmagazin.de\/schwaebisch-fraenkischer-wald\/?p=10637"},"modified":"2021-12-20T15:53:19","modified_gmt":"2021-12-20T14:53:19","slug":"dokumentarfilm-naturschaetze-im-schwaebisch-fraenkischen-wald","status":"publish","type":"post","link":"https:\/\/www.naturparkmagazin.de\/schwaebisch-fraenkischer-wald\/dokumentarfilm-naturschaetze-im-schwaebisch-fraenkischen-wald\/","title":{"rendered":"Dokumentarfilm: Natursch\u00e4tze im Schw\u00e4bisch-Fr\u00e4nkischen Wald"},"content":{"rendered":"<p>Stimmungsvolle Bilder von verschneiten W\u00e4ldern, bl\u00fchenden Streuobstwiesen und sprudelnden Waldb\u00e4chen wechseln sich ab mit seltenen Aufnahmen heimischer Tier- und Pflanzenarten, wie dem Eisvogel oder dem Feuersalamander. In 45 Minuten zeigt der neue Dokumentarfilm \u201eNatursch\u00e4tze im Naturpark Schw\u00e4bisch-Fr\u00e4nkischer Wald\u201c die Besonderheiten des Naturparkgebiets im Jahreswechsel und ist ab sofort auf der Homepage des Naturparks zu sehen!<\/p>\n<p>Der Film nimmt die Zuschauer und Zuschauerinnen dank eindrucksvoller Aufnahmen mit in die Welt des Naturparks und bringt ihnen die Besonderheiten der Region n\u00e4her. Dabei finden auch kulturelle Highlights wie das UNESCO-Weltkulturerbe Limes ihren Platz im Film. Die von Filmemacher Frank Lauter aus Schw\u00e4bisch Hall produzierte Dokumentation kann unter <a href=\"http:\/\/www.naturpark-sfw.de\">www.naturpark-sfw.de<\/a> angeschaut werden. Auch ein <a href=\"https:\/\/www.naturpark-sfw.de\/der-naturpark\/imagefilme-des-naturparks\">Trailer<\/a> zum Film ist dort zu sehen.<\/p>\n<p>Das Projekt wurde durch den Naturpark Schw\u00e4bisch-Fr\u00e4nkischer Wald e.V. mit Mitteln des Landes Baden-W\u00fcrttemberg, der Lotterie Gl\u00fccksspirale und der Europ\u00e4ischen Union (ELER) gef\u00f6rdert<\/p>\n<p>&nbsp;<\/p>\n<div id=\"attachment_10641\" style=\"width: 510px\" class=\"wp-caption aligncenter\"><a href=\"https:\/\/www.naturparkmagazin.de\/schwaebisch-fraenkischer-wald\/wp-content\/uploads\/sites\/34\/2021_Naturschaetze_Film_500x300.jpg\"><img aria-describedby=\"caption-attachment-10641\" decoding=\"async\" loading=\"lazy\" class=\"size-full wp-image-10641\" src=\"https:\/\/www.naturparkmagazin.de\/schwaebisch-fraenkischer-wald\/wp-content\/uploads\/sites\/34\/2021_Naturschaetze_Film_500x300.jpg\" alt=\"\u00a9 Naturpark SFW Archiv\" width=\"500\" height=\"348\" srcset=\"https:\/\/www.naturparkmagazin.de\/schwaebisch-fraenkischer-wald\/wp-content\/uploads\/sites\/34\/2021_Naturschaetze_Film_500x300.jpg 500w, https:\/\/www.naturparkmagazin.de\/schwaebisch-fraenkischer-wald\/wp-content\/uploads\/sites\/34\/2021_Naturschaetze_Film_500x300-300x209.jpg 300w, https:\/\/www.naturparkmagazin.de\/schwaebisch-fraenkischer-wald\/wp-content\/uploads\/sites\/34\/2021_Naturschaetze_Film_500x300-200x139.jpg 200w\" sizes=\"(max-width: 500px) 100vw, 500px\" \/><\/a><p id=\"caption-attachment-10641\" class=\"wp-caption-text\">\u00a9 Naturpark SFW Archiv<\/p><\/div>\n","protected":false},"excerpt":{"rendered":"<p>In 45 Minuten zeigt der neue Dokumentarfilm die Besonderheiten des Naturparkgebiets im Jahreswechsel. <\/p>\n","protected":false},"author":25,"featured_media":10640,"comment_status":"open","ping_status":"open","sticky":false,"template":"","format":"standard","meta":[],"categories":[617],"tags":[],"yoast_head":"<!-- This site is optimized with the Yoast SEO plugin v19.10 - https:\/\/yoast.com\/wordpress\/plugins\/seo\/ -->\n<title>Dokumentarfilm: Natursch\u00e4tze im Schw\u00e4bisch-Fr\u00e4nkischen Wald - Naturpark Schw\u00e4bisch-Fr\u00e4nkischer Wald<\/title>\n<meta name=\"robots\" content=\"index, follow, max-snippet:-1, max-image-preview:large, max-video-preview:-1\" \/>\n<link rel=\"canonical\" href=\"https:\/\/www.naturparkmagazin.de\/schwaebisch-fraenkischer-wald\/dokumentarfilm-naturschaetze-im-schwaebisch-fraenkischen-wald\/\" \/>\n<meta property=\"og:locale\" content=\"de_DE\" \/>\n<meta property=\"og:type\" content=\"article\" \/>\n<meta property=\"og:title\" content=\"Dokumentarfilm: Natursch\u00e4tze im Schw\u00e4bisch-Fr\u00e4nkischen Wald - Naturpark Schw\u00e4bisch-Fr\u00e4nkischer Wald\" \/>\n<meta property=\"og:description\" content=\"In 45 Minuten zeigt der neue Dokumentarfilm die Besonderheiten des Naturparkgebiets im Jahreswechsel.\" \/>\n<meta property=\"og:url\" content=\"https:\/\/www.naturparkmagazin.de\/schwaebisch-fraenkischer-wald\/dokumentarfilm-naturschaetze-im-schwaebisch-fraenkischen-wald\/\" \/>\n<meta property=\"og:site_name\" content=\"Naturpark Schw\u00e4bisch-Fr\u00e4nkischer Wald\" \/>\n<meta property=\"article:author\" content=\"https:\/\/www.facebook.com\/naturparkSFW\" \/>\n<meta property=\"article:published_time\" content=\"2021-12-14T10:48:48+00:00\" \/>\n<meta property=\"article:modified_time\" content=\"2021-12-20T14:53:19+00:00\" \/>\n<meta property=\"og:image\" content=\"https:\/\/www.naturparkmagazin.de\/schwaebisch-fraenkischer-wald\/wp-content\/uploads\/sites\/34\/2021_Naturschaetze_Film_200x200.jpg\" \/>\n\t<meta property=\"og:image:width\" content=\"200\" \/>\n\t<meta property=\"og:image:height\" content=\"200\" \/>\n\t<meta property=\"og:image:type\" content=\"image\/jpeg\" \/>\n<meta name=\"author\" content=\"Naturpark-Team\" \/>\n<meta name=\"twitter:label1\" content=\"Verfasst von\" \/>\n\t<meta name=\"twitter:data1\" content=\"Naturpark-Team\" \/>\n\t<meta name=\"twitter:label2\" content=\"Gesch\u00e4tzte Lesezeit\" \/>\n\t<meta name=\"twitter:data2\" content=\"1\u00a0Minute\" \/>\n<script type=\"application\/ld+json\" class=\"yoast-schema-graph\">{\"@context\":\"https:\/\/schema.org\",\"@graph\":[{\"@type\":\"WebPage\",\"@id\":\"https:\/\/www.naturparkmagazin.de\/schwaebisch-fraenkischer-wald\/dokumentarfilm-naturschaetze-im-schwaebisch-fraenkischen-wald\/\",\"url\":\"https:\/\/www.naturparkmagazin.de\/schwaebisch-fraenkischer-wald\/dokumentarfilm-naturschaetze-im-schwaebisch-fraenkischen-wald\/\",\"name\":\"Dokumentarfilm: Natursch\u00e4tze im Schw\u00e4bisch-Fr\u00e4nkischen Wald - Naturpark Schw\u00e4bisch-Fr\u00e4nkischer Wald\",\"isPartOf\":{\"@id\":\"https:\/\/www.naturparkmagazin.de\/schwaebisch-fraenkischer-wald\/#website\"},\"datePublished\":\"2021-12-14T10:48:48+00:00\",\"dateModified\":\"2021-12-20T14:53:19+00:00\",\"author\":{\"@id\":\"https:\/\/www.naturparkmagazin.de\/schwaebisch-fraenkischer-wald\/#\/schema\/person\/f047a3702ae747fd7830cf8ac95e6066\"},\"breadcrumb\":{\"@id\":\"https:\/\/www.naturparkmagazin.de\/schwaebisch-fraenkischer-wald\/dokumentarfilm-naturschaetze-im-schwaebisch-fraenkischen-wald\/#breadcrumb\"},\"inLanguage\":\"de\",\"potentialAction\":[{\"@type\":\"ReadAction\",\"target\":[\"https:\/\/www.naturparkmagazin.de\/schwaebisch-fraenkischer-wald\/dokumentarfilm-naturschaetze-im-schwaebisch-fraenkischen-wald\/\"]}]},{\"@type\":\"BreadcrumbList\",\"@id\":\"https:\/\/www.naturparkmagazin.de\/schwaebisch-fraenkischer-wald\/dokumentarfilm-naturschaetze-im-schwaebisch-fraenkischen-wald\/#breadcrumb\",\"itemListElement\":[{\"@type\":\"ListItem\",\"position\":1,\"name\":\"Home\",\"item\":\"https:\/\/www.naturparkmagazin.de\/schwaebisch-fraenkischer-wald\/\"},{\"@type\":\"ListItem\",\"position\":2,\"name\":\"Dokumentarfilm: Natursch\u00e4tze im Schw\u00e4bisch-Fr\u00e4nkischen Wald\"}]},{\"@type\":\"WebSite\",\"@id\":\"https:\/\/www.naturparkmagazin.de\/schwaebisch-fraenkischer-wald\/#website\",\"url\":\"https:\/\/www.naturparkmagazin.de\/schwaebisch-fraenkischer-wald\/\",\"name\":\"Naturpark Schw\u00e4bisch-Fr\u00e4nkischer Wald\",\"description\":\"\",\"potentialAction\":[{\"@type\":\"SearchAction\",\"target\":{\"@type\":\"EntryPoint\",\"urlTemplate\":\"https:\/\/www.naturparkmagazin.de\/schwaebisch-fraenkischer-wald\/?s={search_term_string}\"},\"query-input\":\"required name=search_term_string\"}],\"inLanguage\":\"de\"},{\"@type\":\"Person\",\"@id\":\"https:\/\/www.naturparkmagazin.de\/schwaebisch-fraenkischer-wald\/#\/schema\/person\/f047a3702ae747fd7830cf8ac95e6066\",\"name\":\"Naturpark-Team\",\"sameAs\":[\"http:\/\/www.naturpark-sfw.de\",\"https:\/\/www.facebook.com\/naturparkSFW\"],\"url\":\"https:\/\/www.naturparkmagazin.de\/schwaebisch-fraenkischer-wald\/author\/bernharddrixler\/\"}]}<\/script>\n<!-- \/ Yoast SEO plugin. -->","yoast_head_json":{"title":"Dokumentarfilm: Natursch\u00e4tze im Schw\u00e4bisch-Fr\u00e4nkischen Wald - Naturpark Schw\u00e4bisch-Fr\u00e4nkischer Wald","robots":{"index":"index","follow":"follow","max-snippet":"max-snippet:-1","max-image-preview":"max-image-preview:large","max-video-preview":"max-video-preview:-1"},"canonical":"https:\/\/www.naturparkmagazin.de\/schwaebisch-fraenkischer-wald\/dokumentarfilm-naturschaetze-im-schwaebisch-fraenkischen-wald\/","og_locale":"de_DE","og_type":"article","og_title":"Dokumentarfilm: Natursch\u00e4tze im Schw\u00e4bisch-Fr\u00e4nkischen Wald - Naturpark Schw\u00e4bisch-Fr\u00e4nkischer Wald","og_description":"In 45 Minuten zeigt der neue Dokumentarfilm die Besonderheiten des Naturparkgebiets im Jahreswechsel.","og_url":"https:\/\/www.naturparkmagazin.de\/schwaebisch-fraenkischer-wald\/dokumentarfilm-naturschaetze-im-schwaebisch-fraenkischen-wald\/","og_site_name":"Naturpark Schw\u00e4bisch-Fr\u00e4nkischer Wald","article_author":"https:\/\/www.facebook.com\/naturparkSFW","article_published_time":"2021-12-14T10:48:48+00:00","article_modified_time":"2021-12-20T14:53:19+00:00","og_image":[{"width":200,"height":200,"url":"https:\/\/www.naturparkmagazin.de\/schwaebisch-fraenkischer-wald\/wp-content\/uploads\/sites\/34\/2021_Naturschaetze_Film_200x200.jpg","type":"image\/jpeg"}],"author":"Naturpark-Team","twitter_misc":{"Verfasst von":"Naturpark-Team","Gesch\u00e4tzte Lesezeit":"1\u00a0Minute"},"schema":{"@context":"https:\/\/schema.org","@graph":[{"@type":"WebPage","@id":"https:\/\/www.naturparkmagazin.de\/schwaebisch-fraenkischer-wald\/dokumentarfilm-naturschaetze-im-schwaebisch-fraenkischen-wald\/","url":"https:\/\/www.naturparkmagazin.de\/schwaebisch-fraenkischer-wald\/dokumentarfilm-naturschaetze-im-schwaebisch-fraenkischen-wald\/","name":"Dokumentarfilm: Natursch\u00e4tze im Schw\u00e4bisch-Fr\u00e4nkischen Wald - Naturpark Schw\u00e4bisch-Fr\u00e4nkischer Wald","isPartOf":{"@id":"https:\/\/www.naturparkmagazin.de\/schwaebisch-fraenkischer-wald\/#website"},"datePublished":"2021-12-14T10:48:48+00:00","dateModified":"2021-12-20T14:53:19+00:00","author":{"@id":"https:\/\/www.naturparkmagazin.de\/schwaebisch-fraenkischer-wald\/#\/schema\/person\/f047a3702ae747fd7830cf8ac95e6066"},"breadcrumb":{"@id":"https:\/\/www.naturparkmagazin.de\/schwaebisch-fraenkischer-wald\/dokumentarfilm-naturschaetze-im-schwaebisch-fraenkischen-wald\/#breadcrumb"},"inLanguage":"de","potentialAction":[{"@type":"ReadAction","target":["https:\/\/www.naturparkmagazin.de\/schwaebisch-fraenkischer-wald\/dokumentarfilm-naturschaetze-im-schwaebisch-fraenkischen-wald\/"]}]},{"@type":"BreadcrumbList","@id":"https:\/\/www.naturparkmagazin.de\/schwaebisch-fraenkischer-wald\/dokumentarfilm-naturschaetze-im-schwaebisch-fraenkischen-wald\/#breadcrumb","itemListElement":[{"@type":"ListItem","position":1,"name":"Home","item":"https:\/\/www.naturparkmagazin.de\/schwaebisch-fraenkischer-wald\/"},{"@type":"ListItem","position":2,"name":"Dokumentarfilm: Natursch\u00e4tze im Schw\u00e4bisch-Fr\u00e4nkischen Wald"}]},{"@type":"WebSite","@id":"https:\/\/www.naturparkmagazin.de\/schwaebisch-fraenkischer-wald\/#website","url":"https:\/\/www.naturparkmagazin.de\/schwaebisch-fraenkischer-wald\/","name":"Naturpark Schw\u00e4bisch-Fr\u00e4nkischer Wald","description":"","potentialAction":[{"@type":"SearchAction","target":{"@type":"EntryPoint","urlTemplate":"https:\/\/www.naturparkmagazin.de\/schwaebisch-fraenkischer-wald\/?s={search_term_string}"},"query-input":"required name=search_term_string"}],"inLanguage":"de"},{"@type":"Person","@id":"https:\/\/www.naturparkmagazin.de\/schwaebisch-fraenkischer-wald\/#\/schema\/person\/f047a3702ae747fd7830cf8ac95e6066","name":"Naturpark-Team","sameAs":["http:\/\/www.naturpark-sfw.de","https:\/\/www.facebook.com\/naturparkSFW"],"url":"https:\/\/www.naturparkmagazin.de\/schwaebisch-fraenkischer-wald\/author\/bernharddrixler\/"}]}},"_links":{"self":[{"href":"https:\/\/www.naturparkmagazin.de\/schwaebisch-fraenkischer-wald\/wp-json\/wp\/v2\/posts\/10637"}],"collection":[{"href":"https:\/\/www.naturparkmagazin.de\/schwaebisch-fraenkischer-wald\/wp-json\/wp\/v2\/posts"}],"about":[{"href":"https:\/\/www.naturparkmagazin.de\/schwaebisch-fraenkischer-wald\/wp-json\/wp\/v2\/types\/post"}],"author":[{"embeddable":true,"href":"https:\/\/www.naturparkmagazin.de\/schwaebisch-fraenkischer-wald\/wp-json\/wp\/v2\/users\/25"}],"replies":[{"embeddable":true,"href":"https:\/\/www.naturparkmagazin.de\/schwaebisch-fraenkischer-wald\/wp-json\/wp\/v2\/comments?post=10637"}],"version-history":[{"count":3,"href":"https:\/\/www.naturparkmagazin.de\/schwaebisch-fraenkischer-wald\/wp-json\/wp\/v2\/posts\/10637\/revisions"}],"predecessor-version":[{"id":10699,"href":"https:\/\/www.naturparkmagazin.de\/schwaebisch-fraenkischer-wald\/wp-json\/wp\/v2\/posts\/10637\/revisions\/10699"}],"wp:featuredmedia":[{"embeddable":true,"href":"https:\/\/www.naturparkmagazin.de\/schwaebisch-fraenkischer-wald\/wp-json\/wp\/v2\/media\/10640"}],"wp:attachment":[{"href":"https:\/\/www.naturparkmagazin.de\/schwaebisch-fraenkischer-wald\/wp-json\/wp\/v2\/media?parent=10637"}],"wp:term":[{"taxonomy":"category","embeddable":true,"href":"https:\/\/www.naturparkmagazin.de\/schwaebisch-fraenkischer-wald\/wp-json\/wp\/v2\/categories?post=10637"},{"taxonomy":"post_tag","embeddable":true,"href":"https:\/\/www.naturparkmagazin.de\/schwaebisch-fraenkischer-wald\/wp-json\/wp\/v2\/tags?post=10637"}],"curies":[{"name":"wp","href":"https:\/\/api.w.org\/{rel}","templated":true}]}}