{"id":10878,"date":"2022-01-14T15:40:14","date_gmt":"2022-01-14T14:40:14","guid":{"rendered":"https:\/\/www.naturparkmagazin.de\/schwaebisch-fraenkischer-wald\/?p=10878"},"modified":"2022-01-19T13:45:44","modified_gmt":"2022-01-19T12:45:44","slug":"projekt-naturpark-kindergarten-startet-in-die-pilotphase","status":"publish","type":"post","link":"https:\/\/www.naturparkmagazin.de\/schwaebisch-fraenkischer-wald\/projekt-naturpark-kindergarten-startet-in-die-pilotphase\/","title":{"rendered":"Projekt Naturpark-Kindergarten startet in die Pilotphase"},"content":{"rendered":"<div id=\"attachment_10871\" style=\"width: 510px\" class=\"wp-caption aligncenter\"><a href=\"https:\/\/www.naturparkmagazin.de\/schwaebisch-fraenkischer-wald\/wp-content\/uploads\/sites\/34\/170627_TFWW_Kiga-Unterweissach_Voegel_4-6-137_500x300.jpg\"><img aria-describedby=\"caption-attachment-10871\" decoding=\"async\" loading=\"lazy\" class=\"size-full wp-image-10871\" src=\"https:\/\/www.naturparkmagazin.de\/schwaebisch-fraenkischer-wald\/wp-content\/uploads\/sites\/34\/170627_TFWW_Kiga-Unterweissach_Voegel_4-6-137_500x300.jpg\" alt=\"\u00a9 Naturpark SFW Archiv\" width=\"500\" height=\"300\" srcset=\"https:\/\/www.naturparkmagazin.de\/schwaebisch-fraenkischer-wald\/wp-content\/uploads\/sites\/34\/170627_TFWW_Kiga-Unterweissach_Voegel_4-6-137_500x300.jpg 500w, https:\/\/www.naturparkmagazin.de\/schwaebisch-fraenkischer-wald\/wp-content\/uploads\/sites\/34\/170627_TFWW_Kiga-Unterweissach_Voegel_4-6-137_500x300-300x180.jpg 300w, https:\/\/www.naturparkmagazin.de\/schwaebisch-fraenkischer-wald\/wp-content\/uploads\/sites\/34\/170627_TFWW_Kiga-Unterweissach_Voegel_4-6-137_500x300-200x120.jpg 200w\" sizes=\"(max-width: 500px) 100vw, 500px\" \/><\/a><p id=\"caption-attachment-10871\" class=\"wp-caption-text\">\u00a9 Naturpark SFW Archiv<\/p><\/div>\n<p>Neues Jahr \u2013 neues Projekt: Der Naturpark Schw\u00e4bisch-Fr\u00e4nkischer Wald startet mit einer Pilotphase in das Projekt Naturpark-Kindergarten!<\/p>\n<p>In den letzten Jahren konnte der Naturpark bereits erfolgreich mit Schulen im Rahmen des Projektes \u201eNaturpark-Schulen\u201c zusammenarbeiten. Nun wird der Naturpark das Programm auf Kinderg\u00e4rten und Kitas im Naturparkgebiet ausweiten. Denn gerade in den ersten Jahren lernt der Mensch so schnell wie in keiner anderen Lebensphase. Kinder wollen ausprobieren und entdecken und dabei alle Sinne einsetzen. Dieses Bed\u00fcrfnis zu f\u00f6rdern und zu unterst\u00fctzen ist das Ziel der zuk\u00fcnftigen Zusammenarbeit zwischen dem Naturpark und den Kinderg\u00e4rten und Kindertagesst\u00e4tten<\/p>\n<p><strong>Auftaktveranstaltung hat bereits stattgefunden<\/strong><\/p>\n<p>Zum Start in die Pilotphase hat am 26.01.2022 die Auftaktveranstaltung online stattgefunden. Mit dabei waren die Einrichtungsleitungen der sechs teilnehmenden Kinderg\u00e4rten. Im Vordergrund stand das gegenseitige Kennenlernen und Austauschen \u00fcber die eigenen Vorstellungen und Ziele im Projekt. Die Kinderg\u00e4rten und Kindertagesst\u00e4tten berichteten von ihrer bisherigen Arbeit und \u00e4u\u00dferten W\u00fcnsche an das Projekt. Der Projektablauf wurde vorgestellt und die ersten gemeinsamen Schritte besprochen.<\/p>\n<p><strong>Eine Zertifizierung zur Sichtbarkeit<\/strong><\/p>\n<p>Die Auszeichnung als \u201eNaturpark-Kindergarten\u201c macht das Engagement im Projekt, die Profilbildung und die Kooperation mit dem Naturpark nach au\u00dfen hin sichtbar. Zun\u00e4chst wird die Kooperation zwischen Naturpark und Einrichtung vereinbart und gemeinsame Ziele der Kooperation festgehalten. Es folgt ein Jahr der gemeinsamen Zusammenarbeit, in welchem der Kindergarten oder die Kita die eigene Bildungsarbeit erweitert und Projekte mit Naturpark-Bezug entwickelt und umsetzt. Die Einbindung des Kindergartenumfeldes und der Eltern spielt eine wichtige Rolle. Der Naturpark unterst\u00fctzt hierbei konzeptionell und vernetzend. Werden nach diesem Jahr zuvor festgelegte Kriterien erf\u00fcllt, wird das Zertifikat \u201eNaturpark-Kindergarten\u201c f\u00fcr f\u00fcnf Jahre \u00f6ffentlichkeitswirksam verliehen. Die Einrichtung erh\u00e4lt damit Zugang zum Netzwerk und das wertvolle Engagement im Sinne einer Bildung f\u00fcr nachhaltige Entwicklung wird nach au\u00dfen hin sichtbar.<\/p>\n<p>Sie haben Fragen zum Projekt oder interessieren sich f\u00fcr weiterf\u00fchrende Informationen zur Teilnahme? Projektmanagerin Elena Schick steht Ihnen f\u00fcr R\u00fcckfragen gerne zur Verf\u00fcgung.<\/p>\n<p><strong>Kontaktdaten:<\/strong><\/p>\n<p>Projektmanagerin Projekt Naturpark-Kindergarten\/ BNE<\/p>\n<p>Elena Schick<\/p>\n<p>E-Mail: <a href=\"mailto:Elena.Schick@naturpark-sfw.de\">Elena.Schick@naturpark-sfw.de<\/a><\/p>\n<p>Tel.: 07192 213-887<\/p>\n","protected":false},"excerpt":{"rendered":"<p>Neues Jahr \u2013 neues Projekt: Der Naturpark Schw\u00e4bisch-Fr\u00e4nkischer Wald startet mit einer Pilotphase in das Projekt Naturpark-Kindergarten!<\/p>\n","protected":false},"author":25,"featured_media":10870,"comment_status":"open","ping_status":"open","sticky":false,"template":"","format":"standard","meta":[],"categories":[7],"tags":[],"yoast_head":"<!-- This site is optimized with the Yoast SEO plugin v19.10 - https:\/\/yoast.com\/wordpress\/plugins\/seo\/ -->\n<title>Projekt Naturpark-Kindergarten startet in die Pilotphase - Naturpark Schw\u00e4bisch-Fr\u00e4nkischer Wald<\/title>\n<meta name=\"robots\" content=\"index, follow, max-snippet:-1, max-image-preview:large, max-video-preview:-1\" \/>\n<link rel=\"canonical\" href=\"https:\/\/www.naturparkmagazin.de\/schwaebisch-fraenkischer-wald\/projekt-naturpark-kindergarten-startet-in-die-pilotphase\/\" \/>\n<meta property=\"og:locale\" content=\"de_DE\" \/>\n<meta property=\"og:type\" content=\"article\" \/>\n<meta property=\"og:title\" content=\"Projekt Naturpark-Kindergarten startet in die Pilotphase - Naturpark Schw\u00e4bisch-Fr\u00e4nkischer Wald\" \/>\n<meta property=\"og:description\" content=\"Neues Jahr \u2013 neues Projekt: Der Naturpark Schw\u00e4bisch-Fr\u00e4nkischer Wald startet mit einer Pilotphase in das Projekt Naturpark-Kindergarten!\" \/>\n<meta property=\"og:url\" content=\"https:\/\/www.naturparkmagazin.de\/schwaebisch-fraenkischer-wald\/projekt-naturpark-kindergarten-startet-in-die-pilotphase\/\" \/>\n<meta property=\"og:site_name\" content=\"Naturpark Schw\u00e4bisch-Fr\u00e4nkischer Wald\" \/>\n<meta property=\"article:author\" content=\"https:\/\/www.facebook.com\/naturparkSFW\" \/>\n<meta property=\"article:published_time\" content=\"2022-01-14T14:40:14+00:00\" \/>\n<meta property=\"article:modified_time\" content=\"2022-01-19T12:45:44+00:00\" \/>\n<meta property=\"og:image\" content=\"https:\/\/www.naturparkmagazin.de\/schwaebisch-fraenkischer-wald\/wp-content\/uploads\/sites\/34\/170627_TFWW_Kiga-Unterweissach_Voegel_4-6-137_200x200.jpg\" \/>\n\t<meta property=\"og:image:width\" content=\"200\" \/>\n\t<meta property=\"og:image:height\" content=\"200\" \/>\n\t<meta property=\"og:image:type\" content=\"image\/jpeg\" \/>\n<meta name=\"author\" content=\"Naturpark-Team\" \/>\n<meta name=\"twitter:label1\" content=\"Verfasst von\" \/>\n\t<meta name=\"twitter:data1\" content=\"Naturpark-Team\" \/>\n\t<meta name=\"twitter:label2\" content=\"Gesch\u00e4tzte Lesezeit\" \/>\n\t<meta name=\"twitter:data2\" content=\"2\u00a0Minuten\" \/>\n<script type=\"application\/ld+json\" class=\"yoast-schema-graph\">{\"@context\":\"https:\/\/schema.org\",\"@graph\":[{\"@type\":\"WebPage\",\"@id\":\"https:\/\/www.naturparkmagazin.de\/schwaebisch-fraenkischer-wald\/projekt-naturpark-kindergarten-startet-in-die-pilotphase\/\",\"url\":\"https:\/\/www.naturparkmagazin.de\/schwaebisch-fraenkischer-wald\/projekt-naturpark-kindergarten-startet-in-die-pilotphase\/\",\"name\":\"Projekt Naturpark-Kindergarten startet in die Pilotphase - Naturpark Schw\u00e4bisch-Fr\u00e4nkischer Wald\",\"isPartOf\":{\"@id\":\"https:\/\/www.naturparkmagazin.de\/schwaebisch-fraenkischer-wald\/#website\"},\"datePublished\":\"2022-01-14T14:40:14+00:00\",\"dateModified\":\"2022-01-19T12:45:44+00:00\",\"author\":{\"@id\":\"https:\/\/www.naturparkmagazin.de\/schwaebisch-fraenkischer-wald\/#\/schema\/person\/f047a3702ae747fd7830cf8ac95e6066\"},\"breadcrumb\":{\"@id\":\"https:\/\/www.naturparkmagazin.de\/schwaebisch-fraenkischer-wald\/projekt-naturpark-kindergarten-startet-in-die-pilotphase\/#breadcrumb\"},\"inLanguage\":\"de\",\"potentialAction\":[{\"@type\":\"ReadAction\",\"target\":[\"https:\/\/www.naturparkmagazin.de\/schwaebisch-fraenkischer-wald\/projekt-naturpark-kindergarten-startet-in-die-pilotphase\/\"]}]},{\"@type\":\"BreadcrumbList\",\"@id\":\"https:\/\/www.naturparkmagazin.de\/schwaebisch-fraenkischer-wald\/projekt-naturpark-kindergarten-startet-in-die-pilotphase\/#breadcrumb\",\"itemListElement\":[{\"@type\":\"ListItem\",\"position\":1,\"name\":\"Home\",\"item\":\"https:\/\/www.naturparkmagazin.de\/schwaebisch-fraenkischer-wald\/\"},{\"@type\":\"ListItem\",\"position\":2,\"name\":\"Projekt Naturpark-Kindergarten startet in die Pilotphase\"}]},{\"@type\":\"WebSite\",\"@id\":\"https:\/\/www.naturparkmagazin.de\/schwaebisch-fraenkischer-wald\/#website\",\"url\":\"https:\/\/www.naturparkmagazin.de\/schwaebisch-fraenkischer-wald\/\",\"name\":\"Naturpark Schw\u00e4bisch-Fr\u00e4nkischer Wald\",\"description\":\"\",\"potentialAction\":[{\"@type\":\"SearchAction\",\"target\":{\"@type\":\"EntryPoint\",\"urlTemplate\":\"https:\/\/www.naturparkmagazin.de\/schwaebisch-fraenkischer-wald\/?s={search_term_string}\"},\"query-input\":\"required name=search_term_string\"}],\"inLanguage\":\"de\"},{\"@type\":\"Person\",\"@id\":\"https:\/\/www.naturparkmagazin.de\/schwaebisch-fraenkischer-wald\/#\/schema\/person\/f047a3702ae747fd7830cf8ac95e6066\",\"name\":\"Naturpark-Team\",\"sameAs\":[\"http:\/\/www.naturpark-sfw.de\",\"https:\/\/www.facebook.com\/naturparkSFW\"],\"url\":\"https:\/\/www.naturparkmagazin.de\/schwaebisch-fraenkischer-wald\/author\/bernharddrixler\/\"}]}<\/script>\n<!-- \/ Yoast SEO plugin. -->","yoast_head_json":{"title":"Projekt Naturpark-Kindergarten startet in die Pilotphase - Naturpark Schw\u00e4bisch-Fr\u00e4nkischer Wald","robots":{"index":"index","follow":"follow","max-snippet":"max-snippet:-1","max-image-preview":"max-image-preview:large","max-video-preview":"max-video-preview:-1"},"canonical":"https:\/\/www.naturparkmagazin.de\/schwaebisch-fraenkischer-wald\/projekt-naturpark-kindergarten-startet-in-die-pilotphase\/","og_locale":"de_DE","og_type":"article","og_title":"Projekt Naturpark-Kindergarten startet in die Pilotphase - Naturpark Schw\u00e4bisch-Fr\u00e4nkischer Wald","og_description":"Neues Jahr \u2013 neues Projekt: Der Naturpark Schw\u00e4bisch-Fr\u00e4nkischer Wald startet mit einer Pilotphase in das Projekt Naturpark-Kindergarten!","og_url":"https:\/\/www.naturparkmagazin.de\/schwaebisch-fraenkischer-wald\/projekt-naturpark-kindergarten-startet-in-die-pilotphase\/","og_site_name":"Naturpark Schw\u00e4bisch-Fr\u00e4nkischer Wald","article_author":"https:\/\/www.facebook.com\/naturparkSFW","article_published_time":"2022-01-14T14:40:14+00:00","article_modified_time":"2022-01-19T12:45:44+00:00","og_image":[{"width":200,"height":200,"url":"https:\/\/www.naturparkmagazin.de\/schwaebisch-fraenkischer-wald\/wp-content\/uploads\/sites\/34\/170627_TFWW_Kiga-Unterweissach_Voegel_4-6-137_200x200.jpg","type":"image\/jpeg"}],"author":"Naturpark-Team","twitter_misc":{"Verfasst von":"Naturpark-Team","Gesch\u00e4tzte Lesezeit":"2\u00a0Minuten"},"schema":{"@context":"https:\/\/schema.org","@graph":[{"@type":"WebPage","@id":"https:\/\/www.naturparkmagazin.de\/schwaebisch-fraenkischer-wald\/projekt-naturpark-kindergarten-startet-in-die-pilotphase\/","url":"https:\/\/www.naturparkmagazin.de\/schwaebisch-fraenkischer-wald\/projekt-naturpark-kindergarten-startet-in-die-pilotphase\/","name":"Projekt Naturpark-Kindergarten startet in die Pilotphase - Naturpark Schw\u00e4bisch-Fr\u00e4nkischer Wald","isPartOf":{"@id":"https:\/\/www.naturparkmagazin.de\/schwaebisch-fraenkischer-wald\/#website"},"datePublished":"2022-01-14T14:40:14+00:00","dateModified":"2022-01-19T12:45:44+00:00","author":{"@id":"https:\/\/www.naturparkmagazin.de\/schwaebisch-fraenkischer-wald\/#\/schema\/person\/f047a3702ae747fd7830cf8ac95e6066"},"breadcrumb":{"@id":"https:\/\/www.naturparkmagazin.de\/schwaebisch-fraenkischer-wald\/projekt-naturpark-kindergarten-startet-in-die-pilotphase\/#breadcrumb"},"inLanguage":"de","potentialAction":[{"@type":"ReadAction","target":["https:\/\/www.naturparkmagazin.de\/schwaebisch-fraenkischer-wald\/projekt-naturpark-kindergarten-startet-in-die-pilotphase\/"]}]},{"@type":"BreadcrumbList","@id":"https:\/\/www.naturparkmagazin.de\/schwaebisch-fraenkischer-wald\/projekt-naturpark-kindergarten-startet-in-die-pilotphase\/#breadcrumb","itemListElement":[{"@type":"ListItem","position":1,"name":"Home","item":"https:\/\/www.naturparkmagazin.de\/schwaebisch-fraenkischer-wald\/"},{"@type":"ListItem","position":2,"name":"Projekt Naturpark-Kindergarten startet in die Pilotphase"}]},{"@type":"WebSite","@id":"https:\/\/www.naturparkmagazin.de\/schwaebisch-fraenkischer-wald\/#website","url":"https:\/\/www.naturparkmagazin.de\/schwaebisch-fraenkischer-wald\/","name":"Naturpark Schw\u00e4bisch-Fr\u00e4nkischer Wald","description":"","potentialAction":[{"@type":"SearchAction","target":{"@type":"EntryPoint","urlTemplate":"https:\/\/www.naturparkmagazin.de\/schwaebisch-fraenkischer-wald\/?s={search_term_string}"},"query-input":"required name=search_term_string"}],"inLanguage":"de"},{"@type":"Person","@id":"https:\/\/www.naturparkmagazin.de\/schwaebisch-fraenkischer-wald\/#\/schema\/person\/f047a3702ae747fd7830cf8ac95e6066","name":"Naturpark-Team","sameAs":["http:\/\/www.naturpark-sfw.de","https:\/\/www.facebook.com\/naturparkSFW"],"url":"https:\/\/www.naturparkmagazin.de\/schwaebisch-fraenkischer-wald\/author\/bernharddrixler\/"}]}},"_links":{"self":[{"href":"https:\/\/www.naturparkmagazin.de\/schwaebisch-fraenkischer-wald\/wp-json\/wp\/v2\/posts\/10878"}],"collection":[{"href":"https:\/\/www.naturparkmagazin.de\/schwaebisch-fraenkischer-wald\/wp-json\/wp\/v2\/posts"}],"about":[{"href":"https:\/\/www.naturparkmagazin.de\/schwaebisch-fraenkischer-wald\/wp-json\/wp\/v2\/types\/post"}],"author":[{"embeddable":true,"href":"https:\/\/www.naturparkmagazin.de\/schwaebisch-fraenkischer-wald\/wp-json\/wp\/v2\/users\/25"}],"replies":[{"embeddable":true,"href":"https:\/\/www.naturparkmagazin.de\/schwaebisch-fraenkischer-wald\/wp-json\/wp\/v2\/comments?post=10878"}],"version-history":[{"count":3,"href":"https:\/\/www.naturparkmagazin.de\/schwaebisch-fraenkischer-wald\/wp-json\/wp\/v2\/posts\/10878\/revisions"}],"predecessor-version":[{"id":10915,"href":"https:\/\/www.naturparkmagazin.de\/schwaebisch-fraenkischer-wald\/wp-json\/wp\/v2\/posts\/10878\/revisions\/10915"}],"wp:featuredmedia":[{"embeddable":true,"href":"https:\/\/www.naturparkmagazin.de\/schwaebisch-fraenkischer-wald\/wp-json\/wp\/v2\/media\/10870"}],"wp:attachment":[{"href":"https:\/\/www.naturparkmagazin.de\/schwaebisch-fraenkischer-wald\/wp-json\/wp\/v2\/media?parent=10878"}],"wp:term":[{"taxonomy":"category","embeddable":true,"href":"https:\/\/www.naturparkmagazin.de\/schwaebisch-fraenkischer-wald\/wp-json\/wp\/v2\/categories?post=10878"},{"taxonomy":"post_tag","embeddable":true,"href":"https:\/\/www.naturparkmagazin.de\/schwaebisch-fraenkischer-wald\/wp-json\/wp\/v2\/tags?post=10878"}],"curies":[{"name":"wp","href":"https:\/\/api.w.org\/{rel}","templated":true}]}}