{"id":10893,"date":"2022-01-15T13:56:58","date_gmt":"2022-01-15T12:56:58","guid":{"rendered":"https:\/\/www.naturparkmagazin.de\/schwaebisch-fraenkischer-wald\/?p=10893"},"modified":"2022-01-19T13:43:47","modified_gmt":"2022-01-19T12:43:47","slug":"neue-digitale-datenbank-q-vadis","status":"publish","type":"post","link":"https:\/\/www.naturparkmagazin.de\/schwaebisch-fraenkischer-wald\/neue-digitale-datenbank-q-vadis\/","title":{"rendered":"Neue digitale Datenbank &#8222;Q-vadis&#8220;"},"content":{"rendered":"<div id=\"attachment_10875\" style=\"width: 510px\" class=\"wp-caption aligncenter\"><a href=\"https:\/\/www.naturparkmagazin.de\/schwaebisch-fraenkischer-wald\/wp-content\/uploads\/sites\/34\/220111_Q-vadis_Newsletter_500x300.png\"><img aria-describedby=\"caption-attachment-10875\" decoding=\"async\" loading=\"lazy\" class=\"size-full wp-image-10875\" src=\"https:\/\/www.naturparkmagazin.de\/schwaebisch-fraenkischer-wald\/wp-content\/uploads\/sites\/34\/220111_Q-vadis_Newsletter_500x300.png\" alt=\"\u00a9 Naturpark SFW Archiv\" width=\"500\" height=\"242\" srcset=\"https:\/\/www.naturparkmagazin.de\/schwaebisch-fraenkischer-wald\/wp-content\/uploads\/sites\/34\/220111_Q-vadis_Newsletter_500x300.png 500w, https:\/\/www.naturparkmagazin.de\/schwaebisch-fraenkischer-wald\/wp-content\/uploads\/sites\/34\/220111_Q-vadis_Newsletter_500x300-300x145.png 300w, https:\/\/www.naturparkmagazin.de\/schwaebisch-fraenkischer-wald\/wp-content\/uploads\/sites\/34\/220111_Q-vadis_Newsletter_500x300-200x97.png 200w\" sizes=\"(max-width: 500px) 100vw, 500px\" \/><\/a><p id=\"caption-attachment-10875\" class=\"wp-caption-text\">\u00a9 Naturpark SFW Archiv<\/p><\/div>\n<p>Q-vadis mit Daten Q-Siegel zielsicher unterwegs im Naturpark Schw\u00e4bischer-Fr\u00e4nkischer Wald. Der Naturpark hat sich in Kooperation mit dem Schw\u00e4bischen Wald Tourismus und dem Rems-Murr-Kreis auf den Weg in eine digitale Zukunft gemacht. In dem mehrj\u00e4hrigen Projekt wurden, in enger Abstimmung mit den beteiligten Mitgliedern, \u00fcber 5.000 touristische Daten aus \u00fcber 50 Gemeinden gesammelt, aufbereitet und in die Datenbank eingepflegt. So entstand eine zentrale Plattform f\u00fcr touristische Informationen mit Daten-Qualit\u00e4tssiegel. Trotz immens ansteigender Datenmenge im Internet gibt es f\u00fcr die Nutzer:innen keine Gew\u00e4hr \u00fcber die Richtigkeit der Daten. Ein fest integriertes Redaktionsteam sorgt f\u00fcr die Bereinigung und \u00dcberpr\u00fcfung der Daten bevor diese f\u00fcr die Nutzer:innen bereitstehen.<\/p>\n<p>Mit der touristischen Datenbank Q-vadis und deren Website k\u00f6nnen interessierte Nutzer:innen sowohl die sch\u00f6nsten Routen (Wandern, Radfahren, etc.) als auch spannende Sehensw\u00fcrdigkeiten und Ausflugstipps im Naturpark entdecken. Nutzerfreundlich k\u00f6nnen individuell Restaurants und Gastgeber:innen oder besondere Sehensw\u00fcrdigkeiten eingeblendet werden. Mit den verschiedenen Filterfunktionen wird der Ausflug so von Zuhause aus pr\u00e4zise planbar. Mit eingespielten Bildern, Brosch\u00fcren und weiteren Verlinkungen k\u00f6nnen sich die Nutzer:innen erste Impressionen und wertvolle Informationen auf einer Seite ansehen oder herunterladen. Neben den Informationen stehen ebenfalls die GPX-Tracks der Wander- und Radtouren zum Download bereit. So steht Ihrem n\u00e4chsten Ausflugserlebnis nichts mehr im Wege! Die Datenbank wird laufend mit neuen Informationen bef\u00fcllt.<\/p>\n<p>\u00dcber die <a href=\"https:\/\/www.naturpark-sfw.de\/informieren\/wanderwalter-1-1\">Homepage des Naturparks<\/a> und des <a href=\"http:\/\/www.schwaebischerwald.de\">Schw\u00e4bischen Wald Tourismus<\/a> gelangen Sie zu <a href=\"https:\/\/q-vadis-schwaebischerwald.com\/karte\/schwaebischer-wald-karte.php\">Q-vadis<\/a>. Es gibt viel zu entdecken &#8211; viel Spa\u00df beim erkunden des Naturparks mit Hilfe von Q-vadis!<\/p>\n<p>Sie haben Fragen zum Projekt oder interessieren sich f\u00fcr weiterf\u00fchrende Informationen? Projektmanagerin Jasmin Kotrba steht Ihnen f\u00fcr R\u00fcckfragen gerne zur Verf\u00fcgung.<\/p>\n<p><strong>Kontaktdaten:<\/strong><\/p>\n<p>Projektmanagerin nachhaltiger Tourismus<\/p>\n<p>Jasmin Kotrba<\/p>\n<p>E-Mail: <a href=\"mailto:jasmin.kotrba@naturpark-sfw.de\">jasmin.kotrba@naturpark-sfw.de<\/a><\/p>\n<p>Tel.: 07192 213-886<\/p>\n","protected":false},"excerpt":{"rendered":"<p>Zielsicher unterwegs im Naturpark mit Q-vadis. <\/p>\n","protected":false},"author":25,"featured_media":10874,"comment_status":"open","ping_status":"open","sticky":false,"template":"","format":"standard","meta":[],"categories":[617],"tags":[],"yoast_head":"<!-- This site is optimized with the Yoast SEO plugin v19.10 - https:\/\/yoast.com\/wordpress\/plugins\/seo\/ -->\n<title>Neue digitale Datenbank &quot;Q-vadis&quot; - Naturpark Schw\u00e4bisch-Fr\u00e4nkischer Wald<\/title>\n<meta name=\"robots\" content=\"index, follow, max-snippet:-1, max-image-preview:large, max-video-preview:-1\" \/>\n<link rel=\"canonical\" href=\"https:\/\/www.naturparkmagazin.de\/schwaebisch-fraenkischer-wald\/neue-digitale-datenbank-q-vadis\/\" \/>\n<meta property=\"og:locale\" content=\"de_DE\" \/>\n<meta property=\"og:type\" content=\"article\" \/>\n<meta property=\"og:title\" content=\"Neue digitale Datenbank &quot;Q-vadis&quot; - Naturpark Schw\u00e4bisch-Fr\u00e4nkischer Wald\" \/>\n<meta property=\"og:description\" content=\"Zielsicher unterwegs im Naturpark mit Q-vadis.\" \/>\n<meta property=\"og:url\" content=\"https:\/\/www.naturparkmagazin.de\/schwaebisch-fraenkischer-wald\/neue-digitale-datenbank-q-vadis\/\" \/>\n<meta property=\"og:site_name\" content=\"Naturpark Schw\u00e4bisch-Fr\u00e4nkischer Wald\" \/>\n<meta property=\"article:author\" content=\"https:\/\/www.facebook.com\/naturparkSFW\" \/>\n<meta property=\"article:published_time\" content=\"2022-01-15T12:56:58+00:00\" \/>\n<meta property=\"article:modified_time\" content=\"2022-01-19T12:43:47+00:00\" \/>\n<meta property=\"og:image\" content=\"https:\/\/www.naturparkmagazin.de\/schwaebisch-fraenkischer-wald\/wp-content\/uploads\/sites\/34\/220111_Q-vadis_Newsletter_200x200.png\" \/>\n\t<meta property=\"og:image:width\" content=\"200\" \/>\n\t<meta property=\"og:image:height\" content=\"200\" \/>\n\t<meta property=\"og:image:type\" content=\"image\/png\" \/>\n<meta name=\"author\" content=\"Naturpark-Team\" \/>\n<meta name=\"twitter:label1\" content=\"Verfasst von\" \/>\n\t<meta name=\"twitter:data1\" content=\"Naturpark-Team\" \/>\n\t<meta name=\"twitter:label2\" content=\"Gesch\u00e4tzte Lesezeit\" \/>\n\t<meta name=\"twitter:data2\" content=\"2\u00a0Minuten\" \/>\n<script type=\"application\/ld+json\" class=\"yoast-schema-graph\">{\"@context\":\"https:\/\/schema.org\",\"@graph\":[{\"@type\":\"WebPage\",\"@id\":\"https:\/\/www.naturparkmagazin.de\/schwaebisch-fraenkischer-wald\/neue-digitale-datenbank-q-vadis\/\",\"url\":\"https:\/\/www.naturparkmagazin.de\/schwaebisch-fraenkischer-wald\/neue-digitale-datenbank-q-vadis\/\",\"name\":\"Neue digitale Datenbank \\\"Q-vadis\\\" - Naturpark Schw\u00e4bisch-Fr\u00e4nkischer Wald\",\"isPartOf\":{\"@id\":\"https:\/\/www.naturparkmagazin.de\/schwaebisch-fraenkischer-wald\/#website\"},\"datePublished\":\"2022-01-15T12:56:58+00:00\",\"dateModified\":\"2022-01-19T12:43:47+00:00\",\"author\":{\"@id\":\"https:\/\/www.naturparkmagazin.de\/schwaebisch-fraenkischer-wald\/#\/schema\/person\/f047a3702ae747fd7830cf8ac95e6066\"},\"breadcrumb\":{\"@id\":\"https:\/\/www.naturparkmagazin.de\/schwaebisch-fraenkischer-wald\/neue-digitale-datenbank-q-vadis\/#breadcrumb\"},\"inLanguage\":\"de\",\"potentialAction\":[{\"@type\":\"ReadAction\",\"target\":[\"https:\/\/www.naturparkmagazin.de\/schwaebisch-fraenkischer-wald\/neue-digitale-datenbank-q-vadis\/\"]}]},{\"@type\":\"BreadcrumbList\",\"@id\":\"https:\/\/www.naturparkmagazin.de\/schwaebisch-fraenkischer-wald\/neue-digitale-datenbank-q-vadis\/#breadcrumb\",\"itemListElement\":[{\"@type\":\"ListItem\",\"position\":1,\"name\":\"Home\",\"item\":\"https:\/\/www.naturparkmagazin.de\/schwaebisch-fraenkischer-wald\/\"},{\"@type\":\"ListItem\",\"position\":2,\"name\":\"Neue digitale Datenbank &#8222;Q-vadis&#8220;\"}]},{\"@type\":\"WebSite\",\"@id\":\"https:\/\/www.naturparkmagazin.de\/schwaebisch-fraenkischer-wald\/#website\",\"url\":\"https:\/\/www.naturparkmagazin.de\/schwaebisch-fraenkischer-wald\/\",\"name\":\"Naturpark Schw\u00e4bisch-Fr\u00e4nkischer Wald\",\"description\":\"\",\"potentialAction\":[{\"@type\":\"SearchAction\",\"target\":{\"@type\":\"EntryPoint\",\"urlTemplate\":\"https:\/\/www.naturparkmagazin.de\/schwaebisch-fraenkischer-wald\/?s={search_term_string}\"},\"query-input\":\"required name=search_term_string\"}],\"inLanguage\":\"de\"},{\"@type\":\"Person\",\"@id\":\"https:\/\/www.naturparkmagazin.de\/schwaebisch-fraenkischer-wald\/#\/schema\/person\/f047a3702ae747fd7830cf8ac95e6066\",\"name\":\"Naturpark-Team\",\"sameAs\":[\"http:\/\/www.naturpark-sfw.de\",\"https:\/\/www.facebook.com\/naturparkSFW\"],\"url\":\"https:\/\/www.naturparkmagazin.de\/schwaebisch-fraenkischer-wald\/author\/bernharddrixler\/\"}]}<\/script>\n<!-- \/ Yoast SEO plugin. -->","yoast_head_json":{"title":"Neue digitale Datenbank \"Q-vadis\" - Naturpark Schw\u00e4bisch-Fr\u00e4nkischer Wald","robots":{"index":"index","follow":"follow","max-snippet":"max-snippet:-1","max-image-preview":"max-image-preview:large","max-video-preview":"max-video-preview:-1"},"canonical":"https:\/\/www.naturparkmagazin.de\/schwaebisch-fraenkischer-wald\/neue-digitale-datenbank-q-vadis\/","og_locale":"de_DE","og_type":"article","og_title":"Neue digitale Datenbank \"Q-vadis\" - Naturpark Schw\u00e4bisch-Fr\u00e4nkischer Wald","og_description":"Zielsicher unterwegs im Naturpark mit Q-vadis.","og_url":"https:\/\/www.naturparkmagazin.de\/schwaebisch-fraenkischer-wald\/neue-digitale-datenbank-q-vadis\/","og_site_name":"Naturpark Schw\u00e4bisch-Fr\u00e4nkischer Wald","article_author":"https:\/\/www.facebook.com\/naturparkSFW","article_published_time":"2022-01-15T12:56:58+00:00","article_modified_time":"2022-01-19T12:43:47+00:00","og_image":[{"width":200,"height":200,"url":"https:\/\/www.naturparkmagazin.de\/schwaebisch-fraenkischer-wald\/wp-content\/uploads\/sites\/34\/220111_Q-vadis_Newsletter_200x200.png","type":"image\/png"}],"author":"Naturpark-Team","twitter_misc":{"Verfasst von":"Naturpark-Team","Gesch\u00e4tzte Lesezeit":"2\u00a0Minuten"},"schema":{"@context":"https:\/\/schema.org","@graph":[{"@type":"WebPage","@id":"https:\/\/www.naturparkmagazin.de\/schwaebisch-fraenkischer-wald\/neue-digitale-datenbank-q-vadis\/","url":"https:\/\/www.naturparkmagazin.de\/schwaebisch-fraenkischer-wald\/neue-digitale-datenbank-q-vadis\/","name":"Neue digitale Datenbank \"Q-vadis\" - Naturpark Schw\u00e4bisch-Fr\u00e4nkischer Wald","isPartOf":{"@id":"https:\/\/www.naturparkmagazin.de\/schwaebisch-fraenkischer-wald\/#website"},"datePublished":"2022-01-15T12:56:58+00:00","dateModified":"2022-01-19T12:43:47+00:00","author":{"@id":"https:\/\/www.naturparkmagazin.de\/schwaebisch-fraenkischer-wald\/#\/schema\/person\/f047a3702ae747fd7830cf8ac95e6066"},"breadcrumb":{"@id":"https:\/\/www.naturparkmagazin.de\/schwaebisch-fraenkischer-wald\/neue-digitale-datenbank-q-vadis\/#breadcrumb"},"inLanguage":"de","potentialAction":[{"@type":"ReadAction","target":["https:\/\/www.naturparkmagazin.de\/schwaebisch-fraenkischer-wald\/neue-digitale-datenbank-q-vadis\/"]}]},{"@type":"BreadcrumbList","@id":"https:\/\/www.naturparkmagazin.de\/schwaebisch-fraenkischer-wald\/neue-digitale-datenbank-q-vadis\/#breadcrumb","itemListElement":[{"@type":"ListItem","position":1,"name":"Home","item":"https:\/\/www.naturparkmagazin.de\/schwaebisch-fraenkischer-wald\/"},{"@type":"ListItem","position":2,"name":"Neue digitale Datenbank &#8222;Q-vadis&#8220;"}]},{"@type":"WebSite","@id":"https:\/\/www.naturparkmagazin.de\/schwaebisch-fraenkischer-wald\/#website","url":"https:\/\/www.naturparkmagazin.de\/schwaebisch-fraenkischer-wald\/","name":"Naturpark Schw\u00e4bisch-Fr\u00e4nkischer Wald","description":"","potentialAction":[{"@type":"SearchAction","target":{"@type":"EntryPoint","urlTemplate":"https:\/\/www.naturparkmagazin.de\/schwaebisch-fraenkischer-wald\/?s={search_term_string}"},"query-input":"required name=search_term_string"}],"inLanguage":"de"},{"@type":"Person","@id":"https:\/\/www.naturparkmagazin.de\/schwaebisch-fraenkischer-wald\/#\/schema\/person\/f047a3702ae747fd7830cf8ac95e6066","name":"Naturpark-Team","sameAs":["http:\/\/www.naturpark-sfw.de","https:\/\/www.facebook.com\/naturparkSFW"],"url":"https:\/\/www.naturparkmagazin.de\/schwaebisch-fraenkischer-wald\/author\/bernharddrixler\/"}]}},"_links":{"self":[{"href":"https:\/\/www.naturparkmagazin.de\/schwaebisch-fraenkischer-wald\/wp-json\/wp\/v2\/posts\/10893"}],"collection":[{"href":"https:\/\/www.naturparkmagazin.de\/schwaebisch-fraenkischer-wald\/wp-json\/wp\/v2\/posts"}],"about":[{"href":"https:\/\/www.naturparkmagazin.de\/schwaebisch-fraenkischer-wald\/wp-json\/wp\/v2\/types\/post"}],"author":[{"embeddable":true,"href":"https:\/\/www.naturparkmagazin.de\/schwaebisch-fraenkischer-wald\/wp-json\/wp\/v2\/users\/25"}],"replies":[{"embeddable":true,"href":"https:\/\/www.naturparkmagazin.de\/schwaebisch-fraenkischer-wald\/wp-json\/wp\/v2\/comments?post=10893"}],"version-history":[{"count":5,"href":"https:\/\/www.naturparkmagazin.de\/schwaebisch-fraenkischer-wald\/wp-json\/wp\/v2\/posts\/10893\/revisions"}],"predecessor-version":[{"id":10925,"href":"https:\/\/www.naturparkmagazin.de\/schwaebisch-fraenkischer-wald\/wp-json\/wp\/v2\/posts\/10893\/revisions\/10925"}],"wp:featuredmedia":[{"embeddable":true,"href":"https:\/\/www.naturparkmagazin.de\/schwaebisch-fraenkischer-wald\/wp-json\/wp\/v2\/media\/10874"}],"wp:attachment":[{"href":"https:\/\/www.naturparkmagazin.de\/schwaebisch-fraenkischer-wald\/wp-json\/wp\/v2\/media?parent=10893"}],"wp:term":[{"taxonomy":"category","embeddable":true,"href":"https:\/\/www.naturparkmagazin.de\/schwaebisch-fraenkischer-wald\/wp-json\/wp\/v2\/categories?post=10893"},{"taxonomy":"post_tag","embeddable":true,"href":"https:\/\/www.naturparkmagazin.de\/schwaebisch-fraenkischer-wald\/wp-json\/wp\/v2\/tags?post=10893"}],"curies":[{"name":"wp","href":"https:\/\/api.w.org\/{rel}","templated":true}]}}