{"id":11041,"date":"2022-02-11T15:08:30","date_gmt":"2022-02-11T14:08:30","guid":{"rendered":"https:\/\/www.naturparkmagazin.de\/schwaebisch-fraenkischer-wald\/?p=11041"},"modified":"2022-02-21T14:30:36","modified_gmt":"2022-02-21T13:30:36","slug":"sonderprogramm-biologische-vielfalt-aktionstag-am-sonntag-den-6-maerz-2022","status":"publish","type":"post","link":"https:\/\/www.naturparkmagazin.de\/schwaebisch-fraenkischer-wald\/sonderprogramm-biologische-vielfalt-aktionstag-am-sonntag-den-6-maerz-2022\/","title":{"rendered":"Sonderprogramm Biologische Vielfalt: Aktionstag am Sonntag, den 6. M\u00e4rz 2022"},"content":{"rendered":"<p>\u201eErhalten, was uns erh\u00e4lt\u201c \u2013 das ist der Leitsatz des Sonderprogramms zur St\u00e4rkung der biologischen Vielfalt des Landes Baden-W\u00fcrttembergs. Ein Aktionstag findet am Sonntag, den 27. M\u00e4rz am Museum am L\u00f6wentor in Stuttgart statt. Hier ist aktuell eine Sonderausstellung zur Biologischen Vielfalt zu sehen.<\/p>\n<div id=\"attachment_11087\" style=\"width: 510px\" class=\"wp-caption aligncenter\"><a href=\"https:\/\/www.naturparkmagazin.de\/schwaebisch-fraenkischer-wald\/wp-content\/uploads\/sites\/34\/Veranstaltungen_Aktionstag_L\u00f6wentormuseum_Infostand_500x230.jpg\"><img aria-describedby=\"caption-attachment-11087\" decoding=\"async\" loading=\"lazy\" class=\"size-full wp-image-11087\" src=\"https:\/\/www.naturparkmagazin.de\/schwaebisch-fraenkischer-wald\/wp-content\/uploads\/sites\/34\/Veranstaltungen_Aktionstag_L\u00f6wentormuseum_Infostand_500x230.jpg\" alt=\"\u00a9 Naturpark S\u00fcdschwarzwald\" width=\"500\" height=\"230\" srcset=\"https:\/\/www.naturparkmagazin.de\/schwaebisch-fraenkischer-wald\/wp-content\/uploads\/sites\/34\/Veranstaltungen_Aktionstag_L\u00f6wentormuseum_Infostand_500x230.jpg 500w, https:\/\/www.naturparkmagazin.de\/schwaebisch-fraenkischer-wald\/wp-content\/uploads\/sites\/34\/Veranstaltungen_Aktionstag_L\u00f6wentormuseum_Infostand_500x230-300x138.jpg 300w, https:\/\/www.naturparkmagazin.de\/schwaebisch-fraenkischer-wald\/wp-content\/uploads\/sites\/34\/Veranstaltungen_Aktionstag_L\u00f6wentormuseum_Infostand_500x230-200x92.jpg 200w\" sizes=\"(max-width: 500px) 100vw, 500px\" \/><\/a><p id=\"caption-attachment-11087\" class=\"wp-caption-text\">\u00a9 Naturpark S\u00fcdschwarzwald<\/p><\/div>\n<p>Seit 2018 werden vom Ministerium f\u00fcr Ern\u00e4hrung, L\u00e4ndlichen Raum und Verbraucherschutz, vom Ministerium f\u00fcr Umwelt, Klima und Energiewirtschaft und vom Ministerium f\u00fcr Verkehr zahlreiche Projekte zur Erhaltung der Biodiversit\u00e4t umgesetzt. Denn Baden-W\u00fcrttemberg verf\u00fcgt nicht nur \u00fcber eine landschaftliche Vielfalt, sondern auch \u00fcber gro\u00dfen Artenreichtum: Hier leben rund 50.000 Tier-, Pflanzen- und Pilzarten.<\/p>\n<p>Viele dieser Arten sind bedroht und stehen unmittelbar vor dem Aussterben. Bereits 40 % stehen auf der Roten Liste und gelten als stark gef\u00e4hrdet.<\/p>\n<p>Das Sonderprogramm befasst sich intensiv mit dem Schutz der Artenvielfalt, sei es im Wald, auf Wiesen, in den Gew\u00e4ssern oder in der Kulturlandschaft. Neben den Tieren und Pflanzen werden auch deren unersetzbare Lebensr\u00e4ume gesch\u00fctzt oder aufgewertet und wertvolle Nahrungsgrundlagen gesichert.<\/p>\n<p>Das Museum am L\u00f6wentor in Stuttgart zeigt noch bis zum 27. M\u00e4rz 2022 eine Sonderausstellung zum Sonderprogramm zur St\u00e4rkung der Biologischen Vielfalt. Sie informiert \u00fcber wichtige Aspekte der biologischen Vielfalt und des Naturschutzes. Auf bunten und informativen Tafeln macht sie den Besuchenden unter anderem auf die Themen Wild und Wald, die heimische Artenvielfalt, die Bedeutung des Biotopverbunds und die verschiedenen Schutzgebiete aufmerksam. Aufgelockert wird dies durch ein unterhaltsames Quiz als auch durch Exponate aus den Sammlungen des Museums.<\/p>\n<p>Am Sonntag, den 27. M\u00e4rz 2022 veranstalten die Naturparke Baden-W\u00fcrttembergs zur Finissage der Ausstellung einen Aktionstag am Museum: An einem Informationsstand informieren sie \u00fcber ihre Arbeit und bauen gemeinsam mit den Besucher:innen Insektennisthilfen<\/p>\n<p>Der Aktionstag richtet sich an alle Interessierten und findet vor den T\u00fcren des Museums statt. Die Teilnahme ist kostenfrei.<\/p>\n<p>Die Veranstaltung findet unter Vorbehalt und unter Beachtung der aktuell g\u00fcltigen Corona-Verordnungen statt.<\/p>\n<p>&nbsp;<\/p>\n<div id=\"attachment_11088\" style=\"width: 510px\" class=\"wp-caption aligncenter\"><a href=\"https:\/\/www.naturparkmagazin.de\/schwaebisch-fraenkischer-wald\/wp-content\/uploads\/sites\/34\/Veranstaltungen_Aktionstag_L\u00f6wentormuseum_Nisthilfen_500x300.jpg\"><img aria-describedby=\"caption-attachment-11088\" decoding=\"async\" loading=\"lazy\" class=\"size-full wp-image-11088\" src=\"https:\/\/www.naturparkmagazin.de\/schwaebisch-fraenkischer-wald\/wp-content\/uploads\/sites\/34\/Veranstaltungen_Aktionstag_L\u00f6wentormuseum_Nisthilfen_500x300.jpg\" alt=\"\u00a9 Naturpark S\u00fcdschwarzwald\" width=\"500\" height=\"300\" srcset=\"https:\/\/www.naturparkmagazin.de\/schwaebisch-fraenkischer-wald\/wp-content\/uploads\/sites\/34\/Veranstaltungen_Aktionstag_L\u00f6wentormuseum_Nisthilfen_500x300.jpg 500w, https:\/\/www.naturparkmagazin.de\/schwaebisch-fraenkischer-wald\/wp-content\/uploads\/sites\/34\/Veranstaltungen_Aktionstag_L\u00f6wentormuseum_Nisthilfen_500x300-300x180.jpg 300w, https:\/\/www.naturparkmagazin.de\/schwaebisch-fraenkischer-wald\/wp-content\/uploads\/sites\/34\/Veranstaltungen_Aktionstag_L\u00f6wentormuseum_Nisthilfen_500x300-200x120.jpg 200w\" sizes=\"(max-width: 500px) 100vw, 500px\" \/><\/a><p id=\"caption-attachment-11088\" class=\"wp-caption-text\">\u00a9 Naturpark S\u00fcdschwarzwald<\/p><\/div>\n","protected":false},"excerpt":{"rendered":"<p>\u201eErhalten, was uns erh\u00e4lt\u201c \u2013 das ist der Leitsatz des Sonderprogramms zur St\u00e4rkung der biologischen Vielfalt des Landes Baden-W\u00fcrttembergs.<\/p>\n","protected":false},"author":25,"featured_media":11089,"comment_status":"open","ping_status":"open","sticky":false,"template":"","format":"standard","meta":[],"categories":[11],"tags":[],"yoast_head":"<!-- This site is optimized with the Yoast SEO plugin v19.10 - https:\/\/yoast.com\/wordpress\/plugins\/seo\/ -->\n<title>Sonderprogramm Biologische Vielfalt: Aktionstag am Sonntag, den 6. M\u00e4rz 2022 - Naturpark Schw\u00e4bisch-Fr\u00e4nkischer Wald<\/title>\n<meta name=\"robots\" content=\"index, follow, max-snippet:-1, max-image-preview:large, max-video-preview:-1\" \/>\n<link rel=\"canonical\" href=\"https:\/\/www.naturparkmagazin.de\/schwaebisch-fraenkischer-wald\/sonderprogramm-biologische-vielfalt-aktionstag-am-sonntag-den-6-maerz-2022\/\" \/>\n<meta property=\"og:locale\" content=\"de_DE\" \/>\n<meta property=\"og:type\" content=\"article\" \/>\n<meta property=\"og:title\" content=\"Sonderprogramm Biologische Vielfalt: Aktionstag am Sonntag, den 6. M\u00e4rz 2022 - Naturpark Schw\u00e4bisch-Fr\u00e4nkischer Wald\" \/>\n<meta property=\"og:description\" content=\"\u201eErhalten, was uns erh\u00e4lt\u201c \u2013 das ist der Leitsatz des Sonderprogramms zur St\u00e4rkung der biologischen Vielfalt des Landes Baden-W\u00fcrttembergs.\" \/>\n<meta property=\"og:url\" content=\"https:\/\/www.naturparkmagazin.de\/schwaebisch-fraenkischer-wald\/sonderprogramm-biologische-vielfalt-aktionstag-am-sonntag-den-6-maerz-2022\/\" \/>\n<meta property=\"og:site_name\" content=\"Naturpark Schw\u00e4bisch-Fr\u00e4nkischer Wald\" \/>\n<meta property=\"article:author\" content=\"https:\/\/www.facebook.com\/naturparkSFW\" \/>\n<meta property=\"article:published_time\" content=\"2022-02-11T14:08:30+00:00\" \/>\n<meta property=\"article:modified_time\" content=\"2022-02-21T13:30:36+00:00\" \/>\n<meta property=\"og:image\" content=\"https:\/\/www.naturparkmagazin.de\/schwaebisch-fraenkischer-wald\/wp-content\/uploads\/sites\/34\/Veranstaltungen_Aktionstag_L\u00f6wentormuseum_200x200.jpg\" \/>\n\t<meta property=\"og:image:width\" content=\"200\" \/>\n\t<meta property=\"og:image:height\" content=\"200\" \/>\n\t<meta property=\"og:image:type\" content=\"image\/jpeg\" \/>\n<meta name=\"author\" content=\"Naturpark-Team\" \/>\n<meta name=\"twitter:label1\" content=\"Verfasst von\" \/>\n\t<meta name=\"twitter:data1\" content=\"Naturpark-Team\" \/>\n\t<meta name=\"twitter:label2\" content=\"Gesch\u00e4tzte Lesezeit\" \/>\n\t<meta name=\"twitter:data2\" content=\"2\u00a0Minuten\" \/>\n<script type=\"application\/ld+json\" class=\"yoast-schema-graph\">{\"@context\":\"https:\/\/schema.org\",\"@graph\":[{\"@type\":\"WebPage\",\"@id\":\"https:\/\/www.naturparkmagazin.de\/schwaebisch-fraenkischer-wald\/sonderprogramm-biologische-vielfalt-aktionstag-am-sonntag-den-6-maerz-2022\/\",\"url\":\"https:\/\/www.naturparkmagazin.de\/schwaebisch-fraenkischer-wald\/sonderprogramm-biologische-vielfalt-aktionstag-am-sonntag-den-6-maerz-2022\/\",\"name\":\"Sonderprogramm Biologische Vielfalt: Aktionstag am Sonntag, den 6. M\u00e4rz 2022 - Naturpark Schw\u00e4bisch-Fr\u00e4nkischer Wald\",\"isPartOf\":{\"@id\":\"https:\/\/www.naturparkmagazin.de\/schwaebisch-fraenkischer-wald\/#website\"},\"datePublished\":\"2022-02-11T14:08:30+00:00\",\"dateModified\":\"2022-02-21T13:30:36+00:00\",\"author\":{\"@id\":\"https:\/\/www.naturparkmagazin.de\/schwaebisch-fraenkischer-wald\/#\/schema\/person\/f047a3702ae747fd7830cf8ac95e6066\"},\"breadcrumb\":{\"@id\":\"https:\/\/www.naturparkmagazin.de\/schwaebisch-fraenkischer-wald\/sonderprogramm-biologische-vielfalt-aktionstag-am-sonntag-den-6-maerz-2022\/#breadcrumb\"},\"inLanguage\":\"de\",\"potentialAction\":[{\"@type\":\"ReadAction\",\"target\":[\"https:\/\/www.naturparkmagazin.de\/schwaebisch-fraenkischer-wald\/sonderprogramm-biologische-vielfalt-aktionstag-am-sonntag-den-6-maerz-2022\/\"]}]},{\"@type\":\"BreadcrumbList\",\"@id\":\"https:\/\/www.naturparkmagazin.de\/schwaebisch-fraenkischer-wald\/sonderprogramm-biologische-vielfalt-aktionstag-am-sonntag-den-6-maerz-2022\/#breadcrumb\",\"itemListElement\":[{\"@type\":\"ListItem\",\"position\":1,\"name\":\"Home\",\"item\":\"https:\/\/www.naturparkmagazin.de\/schwaebisch-fraenkischer-wald\/\"},{\"@type\":\"ListItem\",\"position\":2,\"name\":\"Sonderprogramm Biologische Vielfalt: Aktionstag am Sonntag, den 6. M\u00e4rz 2022\"}]},{\"@type\":\"WebSite\",\"@id\":\"https:\/\/www.naturparkmagazin.de\/schwaebisch-fraenkischer-wald\/#website\",\"url\":\"https:\/\/www.naturparkmagazin.de\/schwaebisch-fraenkischer-wald\/\",\"name\":\"Naturpark Schw\u00e4bisch-Fr\u00e4nkischer Wald\",\"description\":\"\",\"potentialAction\":[{\"@type\":\"SearchAction\",\"target\":{\"@type\":\"EntryPoint\",\"urlTemplate\":\"https:\/\/www.naturparkmagazin.de\/schwaebisch-fraenkischer-wald\/?s={search_term_string}\"},\"query-input\":\"required name=search_term_string\"}],\"inLanguage\":\"de\"},{\"@type\":\"Person\",\"@id\":\"https:\/\/www.naturparkmagazin.de\/schwaebisch-fraenkischer-wald\/#\/schema\/person\/f047a3702ae747fd7830cf8ac95e6066\",\"name\":\"Naturpark-Team\",\"sameAs\":[\"http:\/\/www.naturpark-sfw.de\",\"https:\/\/www.facebook.com\/naturparkSFW\"],\"url\":\"https:\/\/www.naturparkmagazin.de\/schwaebisch-fraenkischer-wald\/author\/bernharddrixler\/\"}]}<\/script>\n<!-- \/ Yoast SEO plugin. -->","yoast_head_json":{"title":"Sonderprogramm Biologische Vielfalt: Aktionstag am Sonntag, den 6. M\u00e4rz 2022 - Naturpark Schw\u00e4bisch-Fr\u00e4nkischer Wald","robots":{"index":"index","follow":"follow","max-snippet":"max-snippet:-1","max-image-preview":"max-image-preview:large","max-video-preview":"max-video-preview:-1"},"canonical":"https:\/\/www.naturparkmagazin.de\/schwaebisch-fraenkischer-wald\/sonderprogramm-biologische-vielfalt-aktionstag-am-sonntag-den-6-maerz-2022\/","og_locale":"de_DE","og_type":"article","og_title":"Sonderprogramm Biologische Vielfalt: Aktionstag am Sonntag, den 6. M\u00e4rz 2022 - Naturpark Schw\u00e4bisch-Fr\u00e4nkischer Wald","og_description":"\u201eErhalten, was uns erh\u00e4lt\u201c \u2013 das ist der Leitsatz des Sonderprogramms zur St\u00e4rkung der biologischen Vielfalt des Landes Baden-W\u00fcrttembergs.","og_url":"https:\/\/www.naturparkmagazin.de\/schwaebisch-fraenkischer-wald\/sonderprogramm-biologische-vielfalt-aktionstag-am-sonntag-den-6-maerz-2022\/","og_site_name":"Naturpark Schw\u00e4bisch-Fr\u00e4nkischer Wald","article_author":"https:\/\/www.facebook.com\/naturparkSFW","article_published_time":"2022-02-11T14:08:30+00:00","article_modified_time":"2022-02-21T13:30:36+00:00","og_image":[{"width":200,"height":200,"url":"https:\/\/www.naturparkmagazin.de\/schwaebisch-fraenkischer-wald\/wp-content\/uploads\/sites\/34\/Veranstaltungen_Aktionstag_L\u00f6wentormuseum_200x200.jpg","type":"image\/jpeg"}],"author":"Naturpark-Team","twitter_misc":{"Verfasst von":"Naturpark-Team","Gesch\u00e4tzte Lesezeit":"2\u00a0Minuten"},"schema":{"@context":"https:\/\/schema.org","@graph":[{"@type":"WebPage","@id":"https:\/\/www.naturparkmagazin.de\/schwaebisch-fraenkischer-wald\/sonderprogramm-biologische-vielfalt-aktionstag-am-sonntag-den-6-maerz-2022\/","url":"https:\/\/www.naturparkmagazin.de\/schwaebisch-fraenkischer-wald\/sonderprogramm-biologische-vielfalt-aktionstag-am-sonntag-den-6-maerz-2022\/","name":"Sonderprogramm Biologische Vielfalt: Aktionstag am Sonntag, den 6. M\u00e4rz 2022 - Naturpark Schw\u00e4bisch-Fr\u00e4nkischer Wald","isPartOf":{"@id":"https:\/\/www.naturparkmagazin.de\/schwaebisch-fraenkischer-wald\/#website"},"datePublished":"2022-02-11T14:08:30+00:00","dateModified":"2022-02-21T13:30:36+00:00","author":{"@id":"https:\/\/www.naturparkmagazin.de\/schwaebisch-fraenkischer-wald\/#\/schema\/person\/f047a3702ae747fd7830cf8ac95e6066"},"breadcrumb":{"@id":"https:\/\/www.naturparkmagazin.de\/schwaebisch-fraenkischer-wald\/sonderprogramm-biologische-vielfalt-aktionstag-am-sonntag-den-6-maerz-2022\/#breadcrumb"},"inLanguage":"de","potentialAction":[{"@type":"ReadAction","target":["https:\/\/www.naturparkmagazin.de\/schwaebisch-fraenkischer-wald\/sonderprogramm-biologische-vielfalt-aktionstag-am-sonntag-den-6-maerz-2022\/"]}]},{"@type":"BreadcrumbList","@id":"https:\/\/www.naturparkmagazin.de\/schwaebisch-fraenkischer-wald\/sonderprogramm-biologische-vielfalt-aktionstag-am-sonntag-den-6-maerz-2022\/#breadcrumb","itemListElement":[{"@type":"ListItem","position":1,"name":"Home","item":"https:\/\/www.naturparkmagazin.de\/schwaebisch-fraenkischer-wald\/"},{"@type":"ListItem","position":2,"name":"Sonderprogramm Biologische Vielfalt: Aktionstag am Sonntag, den 6. M\u00e4rz 2022"}]},{"@type":"WebSite","@id":"https:\/\/www.naturparkmagazin.de\/schwaebisch-fraenkischer-wald\/#website","url":"https:\/\/www.naturparkmagazin.de\/schwaebisch-fraenkischer-wald\/","name":"Naturpark Schw\u00e4bisch-Fr\u00e4nkischer Wald","description":"","potentialAction":[{"@type":"SearchAction","target":{"@type":"EntryPoint","urlTemplate":"https:\/\/www.naturparkmagazin.de\/schwaebisch-fraenkischer-wald\/?s={search_term_string}"},"query-input":"required name=search_term_string"}],"inLanguage":"de"},{"@type":"Person","@id":"https:\/\/www.naturparkmagazin.de\/schwaebisch-fraenkischer-wald\/#\/schema\/person\/f047a3702ae747fd7830cf8ac95e6066","name":"Naturpark-Team","sameAs":["http:\/\/www.naturpark-sfw.de","https:\/\/www.facebook.com\/naturparkSFW"],"url":"https:\/\/www.naturparkmagazin.de\/schwaebisch-fraenkischer-wald\/author\/bernharddrixler\/"}]}},"_links":{"self":[{"href":"https:\/\/www.naturparkmagazin.de\/schwaebisch-fraenkischer-wald\/wp-json\/wp\/v2\/posts\/11041"}],"collection":[{"href":"https:\/\/www.naturparkmagazin.de\/schwaebisch-fraenkischer-wald\/wp-json\/wp\/v2\/posts"}],"about":[{"href":"https:\/\/www.naturparkmagazin.de\/schwaebisch-fraenkischer-wald\/wp-json\/wp\/v2\/types\/post"}],"author":[{"embeddable":true,"href":"https:\/\/www.naturparkmagazin.de\/schwaebisch-fraenkischer-wald\/wp-json\/wp\/v2\/users\/25"}],"replies":[{"embeddable":true,"href":"https:\/\/www.naturparkmagazin.de\/schwaebisch-fraenkischer-wald\/wp-json\/wp\/v2\/comments?post=11041"}],"version-history":[{"count":6,"href":"https:\/\/www.naturparkmagazin.de\/schwaebisch-fraenkischer-wald\/wp-json\/wp\/v2\/posts\/11041\/revisions"}],"predecessor-version":[{"id":11094,"href":"https:\/\/www.naturparkmagazin.de\/schwaebisch-fraenkischer-wald\/wp-json\/wp\/v2\/posts\/11041\/revisions\/11094"}],"wp:featuredmedia":[{"embeddable":true,"href":"https:\/\/www.naturparkmagazin.de\/schwaebisch-fraenkischer-wald\/wp-json\/wp\/v2\/media\/11089"}],"wp:attachment":[{"href":"https:\/\/www.naturparkmagazin.de\/schwaebisch-fraenkischer-wald\/wp-json\/wp\/v2\/media?parent=11041"}],"wp:term":[{"taxonomy":"category","embeddable":true,"href":"https:\/\/www.naturparkmagazin.de\/schwaebisch-fraenkischer-wald\/wp-json\/wp\/v2\/categories?post=11041"},{"taxonomy":"post_tag","embeddable":true,"href":"https:\/\/www.naturparkmagazin.de\/schwaebisch-fraenkischer-wald\/wp-json\/wp\/v2\/tags?post=11041"}],"curies":[{"name":"wp","href":"https:\/\/api.w.org\/{rel}","templated":true}]}}