{"id":11140,"date":"2022-03-15T15:03:03","date_gmt":"2022-03-15T14:03:03","guid":{"rendered":"https:\/\/www.naturparkmagazin.de\/schwaebisch-fraenkischer-wald\/?p=11140"},"modified":"2022-03-24T14:59:41","modified_gmt":"2022-03-24T13:59:41","slug":"der-apfel-liebling-der-streuobstwiese-neue-sonderausstellung-im-naturparkzentrum","status":"publish","type":"post","link":"https:\/\/www.naturparkmagazin.de\/schwaebisch-fraenkischer-wald\/der-apfel-liebling-der-streuobstwiese-neue-sonderausstellung-im-naturparkzentrum\/","title":{"rendered":"Der Apfel. Liebling der Streuobstwiese! Sonderausstellung im Naturparkzentrum"},"content":{"rendered":"<p>Der Apfel ist ein ganz tolles Fr\u00fcchtchen!<\/p>\n<p>In Deutschland ist er die am meisten gesch\u00e4tzte Obstart. Weltweit existieren etwa 20.000 Sorten. Eine wirtschaftliche Bedeutung haben jedoch nur wenige von ihnen. Alte Sorten, das hei\u00dft wenn sie \u00e4lter als 100 Jahre sind, haben ganz unterschiedliche Eigenschaften. Wussten Sie zum Beispiel, dass viele alte Apfelsorten f\u00fcr Apfelallergiker:innen durchaus vertr\u00e4glich sein k\u00f6nnen? Das h\u00e4ngt mit dem Polyphenolgehalt im Apfel zusammen. Dieser ist gesundheitsf\u00f6rdernd und, genauso wie der Vitamingehalt, in vielen alten Sorten besonders hoch enthalten. Auch die Herkunft des Apfels spielt eine besondere Rolle: So sind alten Sorten heutzutage meist nur noch auf Streuobstwiesen und eher selten im Supermarkt zu finden.<\/p>\n<p>Besonders die extensiv gepflegten Streuobstwiesen z\u00e4hlen europaweit zu den artenreichsten Lebensr\u00e4umen. Je mehr Sorten von diesem wichtigen Kulturgut erhalten werden, desto gr\u00f6\u00dfer auch die geschmackliche Vielfalt. Wenn das kein Grund ist, um alte Obstsorten zu sch\u00fctzen!<\/p>\n<div id=\"attachment_11175\" style=\"width: 510px\" class=\"wp-caption aligncenter\"><a href=\"https:\/\/www.naturparkmagazin.de\/schwaebisch-fraenkischer-wald\/wp-content\/uploads\/sites\/34\/Apfelausstellung_500x300.jpg\"><img aria-describedby=\"caption-attachment-11175\" decoding=\"async\" loading=\"lazy\" class=\"size-full wp-image-11175\" src=\"https:\/\/www.naturparkmagazin.de\/schwaebisch-fraenkischer-wald\/wp-content\/uploads\/sites\/34\/Apfelausstellung_500x300.jpg\" alt=\"\u00a9 Naturpark SFW Archiv\" width=\"500\" height=\"300\" srcset=\"https:\/\/www.naturparkmagazin.de\/schwaebisch-fraenkischer-wald\/wp-content\/uploads\/sites\/34\/Apfelausstellung_500x300.jpg 500w, https:\/\/www.naturparkmagazin.de\/schwaebisch-fraenkischer-wald\/wp-content\/uploads\/sites\/34\/Apfelausstellung_500x300-300x180.jpg 300w, https:\/\/www.naturparkmagazin.de\/schwaebisch-fraenkischer-wald\/wp-content\/uploads\/sites\/34\/Apfelausstellung_500x300-200x120.jpg 200w\" sizes=\"(max-width: 500px) 100vw, 500px\" \/><\/a><p id=\"caption-attachment-11175\" class=\"wp-caption-text\">\u00a9 Naturpark SFW Archiv<\/p><\/div>\n<p><strong>Im Naturpark widmet sich ab dem 1. April eine Sonderausstellung dem Liebling der Streuobstwiese: dem Apfel.<\/strong><\/p>\n<p>Anschauliche Informationstafeln erz\u00e4hlen von der Geschichte des Apfels und seiner Bedeutung f\u00fcr die menschliche Gesundheit, den Tieren in den Streuobstwiesen oder den Obstwiesen als Naturspielplatz. Erg\u00e4nzt wird die Ausstellung durch interaktive Spielm\u00f6glichkeiten wie ein Sitzw\u00fcrfel-Puzzle oder ein Wissensspiel rund um das Thema.<\/p>\n<p><strong>Die Er\u00f6ffnung der Apfelausstellung, inklusive einem kleinen Begleitprogramm, ist am Freitag, den 1. April 2022 zwischen 14 und 16 Uhr.<\/strong><\/p>\n<p>Die Ausstellung wird bis zum 1. November\u00a0 2022 im <a href=\"https:\/\/www.naturpark-sfw.de\/der-naturpark\/das-naturparkzentrum\">Naturparkzentrum<\/a> zu sehen sein.<\/p>\n<p><span style=\"text-decoration: underline\">\u00d6ffnungszeiten:<\/span><\/p>\n<p>Montag bis Freitag: 9:30 bis 12:30 Uhr<\/p>\n<p>Montag, Dienstag und Donnerstag: 14 bis 16 Uhr<\/p>\n<p>Samstag, Sonn- und Feiertage: 9:30 bis 13 Uhr<\/p>\n<p>&nbsp;<\/p>\n","protected":false},"excerpt":{"rendered":"<p>Neue Sonderausstellung im Naturparkzentrum in Murrhardt ab 01.04.2022<\/p>\n","protected":false},"author":25,"featured_media":11176,"comment_status":"open","ping_status":"open","sticky":false,"template":"","format":"standard","meta":[],"categories":[7],"tags":[],"yoast_head":"<!-- This site is optimized with the Yoast SEO plugin v19.10 - https:\/\/yoast.com\/wordpress\/plugins\/seo\/ -->\n<title>Der Apfel. Liebling der Streuobstwiese! Sonderausstellung im Naturparkzentrum - Naturpark Schw\u00e4bisch-Fr\u00e4nkischer Wald<\/title>\n<meta name=\"robots\" content=\"index, follow, max-snippet:-1, max-image-preview:large, max-video-preview:-1\" \/>\n<link rel=\"canonical\" href=\"https:\/\/www.naturparkmagazin.de\/schwaebisch-fraenkischer-wald\/der-apfel-liebling-der-streuobstwiese-neue-sonderausstellung-im-naturparkzentrum\/\" \/>\n<meta property=\"og:locale\" content=\"de_DE\" \/>\n<meta property=\"og:type\" content=\"article\" \/>\n<meta property=\"og:title\" content=\"Der Apfel. Liebling der Streuobstwiese! Sonderausstellung im Naturparkzentrum - Naturpark Schw\u00e4bisch-Fr\u00e4nkischer Wald\" \/>\n<meta property=\"og:description\" content=\"Neue Sonderausstellung im Naturparkzentrum in Murrhardt ab 01.04.2022\" \/>\n<meta property=\"og:url\" content=\"https:\/\/www.naturparkmagazin.de\/schwaebisch-fraenkischer-wald\/der-apfel-liebling-der-streuobstwiese-neue-sonderausstellung-im-naturparkzentrum\/\" \/>\n<meta property=\"og:site_name\" content=\"Naturpark Schw\u00e4bisch-Fr\u00e4nkischer Wald\" \/>\n<meta property=\"article:author\" content=\"https:\/\/www.facebook.com\/naturparkSFW\" \/>\n<meta property=\"article:published_time\" content=\"2022-03-15T14:03:03+00:00\" \/>\n<meta property=\"article:modified_time\" content=\"2022-03-24T13:59:41+00:00\" \/>\n<meta property=\"og:image\" content=\"https:\/\/www.naturparkmagazin.de\/schwaebisch-fraenkischer-wald\/wp-content\/uploads\/sites\/34\/Apfelausstellung_200x200.jpg\" \/>\n\t<meta property=\"og:image:width\" content=\"200\" \/>\n\t<meta property=\"og:image:height\" content=\"200\" \/>\n\t<meta property=\"og:image:type\" content=\"image\/jpeg\" \/>\n<meta name=\"author\" content=\"Naturpark-Team\" \/>\n<meta name=\"twitter:label1\" content=\"Verfasst von\" \/>\n\t<meta name=\"twitter:data1\" content=\"Naturpark-Team\" \/>\n\t<meta name=\"twitter:label2\" content=\"Gesch\u00e4tzte Lesezeit\" \/>\n\t<meta name=\"twitter:data2\" content=\"1\u00a0Minute\" \/>\n<script type=\"application\/ld+json\" class=\"yoast-schema-graph\">{\"@context\":\"https:\/\/schema.org\",\"@graph\":[{\"@type\":\"WebPage\",\"@id\":\"https:\/\/www.naturparkmagazin.de\/schwaebisch-fraenkischer-wald\/der-apfel-liebling-der-streuobstwiese-neue-sonderausstellung-im-naturparkzentrum\/\",\"url\":\"https:\/\/www.naturparkmagazin.de\/schwaebisch-fraenkischer-wald\/der-apfel-liebling-der-streuobstwiese-neue-sonderausstellung-im-naturparkzentrum\/\",\"name\":\"Der Apfel. Liebling der Streuobstwiese! Sonderausstellung im Naturparkzentrum - Naturpark Schw\u00e4bisch-Fr\u00e4nkischer Wald\",\"isPartOf\":{\"@id\":\"https:\/\/www.naturparkmagazin.de\/schwaebisch-fraenkischer-wald\/#website\"},\"datePublished\":\"2022-03-15T14:03:03+00:00\",\"dateModified\":\"2022-03-24T13:59:41+00:00\",\"author\":{\"@id\":\"https:\/\/www.naturparkmagazin.de\/schwaebisch-fraenkischer-wald\/#\/schema\/person\/f047a3702ae747fd7830cf8ac95e6066\"},\"breadcrumb\":{\"@id\":\"https:\/\/www.naturparkmagazin.de\/schwaebisch-fraenkischer-wald\/der-apfel-liebling-der-streuobstwiese-neue-sonderausstellung-im-naturparkzentrum\/#breadcrumb\"},\"inLanguage\":\"de\",\"potentialAction\":[{\"@type\":\"ReadAction\",\"target\":[\"https:\/\/www.naturparkmagazin.de\/schwaebisch-fraenkischer-wald\/der-apfel-liebling-der-streuobstwiese-neue-sonderausstellung-im-naturparkzentrum\/\"]}]},{\"@type\":\"BreadcrumbList\",\"@id\":\"https:\/\/www.naturparkmagazin.de\/schwaebisch-fraenkischer-wald\/der-apfel-liebling-der-streuobstwiese-neue-sonderausstellung-im-naturparkzentrum\/#breadcrumb\",\"itemListElement\":[{\"@type\":\"ListItem\",\"position\":1,\"name\":\"Home\",\"item\":\"https:\/\/www.naturparkmagazin.de\/schwaebisch-fraenkischer-wald\/\"},{\"@type\":\"ListItem\",\"position\":2,\"name\":\"Der Apfel. Liebling der Streuobstwiese! Sonderausstellung im Naturparkzentrum\"}]},{\"@type\":\"WebSite\",\"@id\":\"https:\/\/www.naturparkmagazin.de\/schwaebisch-fraenkischer-wald\/#website\",\"url\":\"https:\/\/www.naturparkmagazin.de\/schwaebisch-fraenkischer-wald\/\",\"name\":\"Naturpark Schw\u00e4bisch-Fr\u00e4nkischer Wald\",\"description\":\"\",\"potentialAction\":[{\"@type\":\"SearchAction\",\"target\":{\"@type\":\"EntryPoint\",\"urlTemplate\":\"https:\/\/www.naturparkmagazin.de\/schwaebisch-fraenkischer-wald\/?s={search_term_string}\"},\"query-input\":\"required name=search_term_string\"}],\"inLanguage\":\"de\"},{\"@type\":\"Person\",\"@id\":\"https:\/\/www.naturparkmagazin.de\/schwaebisch-fraenkischer-wald\/#\/schema\/person\/f047a3702ae747fd7830cf8ac95e6066\",\"name\":\"Naturpark-Team\",\"sameAs\":[\"http:\/\/www.naturpark-sfw.de\",\"https:\/\/www.facebook.com\/naturparkSFW\"],\"url\":\"https:\/\/www.naturparkmagazin.de\/schwaebisch-fraenkischer-wald\/author\/bernharddrixler\/\"}]}<\/script>\n<!-- \/ Yoast SEO plugin. -->","yoast_head_json":{"title":"Der Apfel. Liebling der Streuobstwiese! Sonderausstellung im Naturparkzentrum - Naturpark Schw\u00e4bisch-Fr\u00e4nkischer Wald","robots":{"index":"index","follow":"follow","max-snippet":"max-snippet:-1","max-image-preview":"max-image-preview:large","max-video-preview":"max-video-preview:-1"},"canonical":"https:\/\/www.naturparkmagazin.de\/schwaebisch-fraenkischer-wald\/der-apfel-liebling-der-streuobstwiese-neue-sonderausstellung-im-naturparkzentrum\/","og_locale":"de_DE","og_type":"article","og_title":"Der Apfel. Liebling der Streuobstwiese! Sonderausstellung im Naturparkzentrum - Naturpark Schw\u00e4bisch-Fr\u00e4nkischer Wald","og_description":"Neue Sonderausstellung im Naturparkzentrum in Murrhardt ab 01.04.2022","og_url":"https:\/\/www.naturparkmagazin.de\/schwaebisch-fraenkischer-wald\/der-apfel-liebling-der-streuobstwiese-neue-sonderausstellung-im-naturparkzentrum\/","og_site_name":"Naturpark Schw\u00e4bisch-Fr\u00e4nkischer Wald","article_author":"https:\/\/www.facebook.com\/naturparkSFW","article_published_time":"2022-03-15T14:03:03+00:00","article_modified_time":"2022-03-24T13:59:41+00:00","og_image":[{"width":200,"height":200,"url":"https:\/\/www.naturparkmagazin.de\/schwaebisch-fraenkischer-wald\/wp-content\/uploads\/sites\/34\/Apfelausstellung_200x200.jpg","type":"image\/jpeg"}],"author":"Naturpark-Team","twitter_misc":{"Verfasst von":"Naturpark-Team","Gesch\u00e4tzte Lesezeit":"1\u00a0Minute"},"schema":{"@context":"https:\/\/schema.org","@graph":[{"@type":"WebPage","@id":"https:\/\/www.naturparkmagazin.de\/schwaebisch-fraenkischer-wald\/der-apfel-liebling-der-streuobstwiese-neue-sonderausstellung-im-naturparkzentrum\/","url":"https:\/\/www.naturparkmagazin.de\/schwaebisch-fraenkischer-wald\/der-apfel-liebling-der-streuobstwiese-neue-sonderausstellung-im-naturparkzentrum\/","name":"Der Apfel. Liebling der Streuobstwiese! Sonderausstellung im Naturparkzentrum - Naturpark Schw\u00e4bisch-Fr\u00e4nkischer Wald","isPartOf":{"@id":"https:\/\/www.naturparkmagazin.de\/schwaebisch-fraenkischer-wald\/#website"},"datePublished":"2022-03-15T14:03:03+00:00","dateModified":"2022-03-24T13:59:41+00:00","author":{"@id":"https:\/\/www.naturparkmagazin.de\/schwaebisch-fraenkischer-wald\/#\/schema\/person\/f047a3702ae747fd7830cf8ac95e6066"},"breadcrumb":{"@id":"https:\/\/www.naturparkmagazin.de\/schwaebisch-fraenkischer-wald\/der-apfel-liebling-der-streuobstwiese-neue-sonderausstellung-im-naturparkzentrum\/#breadcrumb"},"inLanguage":"de","potentialAction":[{"@type":"ReadAction","target":["https:\/\/www.naturparkmagazin.de\/schwaebisch-fraenkischer-wald\/der-apfel-liebling-der-streuobstwiese-neue-sonderausstellung-im-naturparkzentrum\/"]}]},{"@type":"BreadcrumbList","@id":"https:\/\/www.naturparkmagazin.de\/schwaebisch-fraenkischer-wald\/der-apfel-liebling-der-streuobstwiese-neue-sonderausstellung-im-naturparkzentrum\/#breadcrumb","itemListElement":[{"@type":"ListItem","position":1,"name":"Home","item":"https:\/\/www.naturparkmagazin.de\/schwaebisch-fraenkischer-wald\/"},{"@type":"ListItem","position":2,"name":"Der Apfel. Liebling der Streuobstwiese! Sonderausstellung im Naturparkzentrum"}]},{"@type":"WebSite","@id":"https:\/\/www.naturparkmagazin.de\/schwaebisch-fraenkischer-wald\/#website","url":"https:\/\/www.naturparkmagazin.de\/schwaebisch-fraenkischer-wald\/","name":"Naturpark Schw\u00e4bisch-Fr\u00e4nkischer Wald","description":"","potentialAction":[{"@type":"SearchAction","target":{"@type":"EntryPoint","urlTemplate":"https:\/\/www.naturparkmagazin.de\/schwaebisch-fraenkischer-wald\/?s={search_term_string}"},"query-input":"required name=search_term_string"}],"inLanguage":"de"},{"@type":"Person","@id":"https:\/\/www.naturparkmagazin.de\/schwaebisch-fraenkischer-wald\/#\/schema\/person\/f047a3702ae747fd7830cf8ac95e6066","name":"Naturpark-Team","sameAs":["http:\/\/www.naturpark-sfw.de","https:\/\/www.facebook.com\/naturparkSFW"],"url":"https:\/\/www.naturparkmagazin.de\/schwaebisch-fraenkischer-wald\/author\/bernharddrixler\/"}]}},"_links":{"self":[{"href":"https:\/\/www.naturparkmagazin.de\/schwaebisch-fraenkischer-wald\/wp-json\/wp\/v2\/posts\/11140"}],"collection":[{"href":"https:\/\/www.naturparkmagazin.de\/schwaebisch-fraenkischer-wald\/wp-json\/wp\/v2\/posts"}],"about":[{"href":"https:\/\/www.naturparkmagazin.de\/schwaebisch-fraenkischer-wald\/wp-json\/wp\/v2\/types\/post"}],"author":[{"embeddable":true,"href":"https:\/\/www.naturparkmagazin.de\/schwaebisch-fraenkischer-wald\/wp-json\/wp\/v2\/users\/25"}],"replies":[{"embeddable":true,"href":"https:\/\/www.naturparkmagazin.de\/schwaebisch-fraenkischer-wald\/wp-json\/wp\/v2\/comments?post=11140"}],"version-history":[{"count":6,"href":"https:\/\/www.naturparkmagazin.de\/schwaebisch-fraenkischer-wald\/wp-json\/wp\/v2\/posts\/11140\/revisions"}],"predecessor-version":[{"id":11177,"href":"https:\/\/www.naturparkmagazin.de\/schwaebisch-fraenkischer-wald\/wp-json\/wp\/v2\/posts\/11140\/revisions\/11177"}],"wp:featuredmedia":[{"embeddable":true,"href":"https:\/\/www.naturparkmagazin.de\/schwaebisch-fraenkischer-wald\/wp-json\/wp\/v2\/media\/11176"}],"wp:attachment":[{"href":"https:\/\/www.naturparkmagazin.de\/schwaebisch-fraenkischer-wald\/wp-json\/wp\/v2\/media?parent=11140"}],"wp:term":[{"taxonomy":"category","embeddable":true,"href":"https:\/\/www.naturparkmagazin.de\/schwaebisch-fraenkischer-wald\/wp-json\/wp\/v2\/categories?post=11140"},{"taxonomy":"post_tag","embeddable":true,"href":"https:\/\/www.naturparkmagazin.de\/schwaebisch-fraenkischer-wald\/wp-json\/wp\/v2\/tags?post=11140"}],"curies":[{"name":"wp","href":"https:\/\/api.w.org\/{rel}","templated":true}]}}