{"id":11339,"date":"2022-06-14T14:20:19","date_gmt":"2022-06-14T12:20:19","guid":{"rendered":"https:\/\/www.naturparkmagazin.de\/schwaebisch-fraenkischer-wald\/?p=11339"},"modified":"2022-06-24T10:04:12","modified_gmt":"2022-06-24T08:04:12","slug":"die-naturpark-kochschule","status":"publish","type":"post","link":"https:\/\/www.naturparkmagazin.de\/schwaebisch-fraenkischer-wald\/die-naturpark-kochschule\/","title":{"rendered":"Die Naturpark-Kochschule"},"content":{"rendered":"<p>Die Naturpark-Kochschule des Naturparks S\u00fcdschwarzwald geht erstmals auf Tour de L\u00e4ndle und schaut mit ihrem mobilen Ern\u00e4hrungsbus auch im Schw\u00e4bisch-Fr\u00e4nkischen Wald vorbei \u2013 auf dem Naturpark-Markt in Michelbach an der Bilz am 17. Juli 2022!<\/p>\n<div id=\"attachment_11343\" style=\"width: 510px\" class=\"wp-caption aligncenter\"><a href=\"https:\/\/www.naturparkmagazin.de\/schwaebisch-fraenkischer-wald\/wp-content\/uploads\/sites\/34\/Blick-in-den-mobilen-Ern\u00e4hrungsbus_Naturpark-S\u00fcdschwarzwald.jpg\"><img aria-describedby=\"caption-attachment-11343\" decoding=\"async\" loading=\"lazy\" class=\"size-full wp-image-11343\" src=\"https:\/\/www.naturparkmagazin.de\/schwaebisch-fraenkischer-wald\/wp-content\/uploads\/sites\/34\/Blick-in-den-mobilen-Ern\u00e4hrungsbus_Naturpark-S\u00fcdschwarzwald.jpg\" alt=\"\u00a9 Naturpark S\u00fcdschwarzwald e. V. \" width=\"500\" height=\"300\" srcset=\"https:\/\/www.naturparkmagazin.de\/schwaebisch-fraenkischer-wald\/wp-content\/uploads\/sites\/34\/Blick-in-den-mobilen-Ern\u00e4hrungsbus_Naturpark-S\u00fcdschwarzwald.jpg 500w, https:\/\/www.naturparkmagazin.de\/schwaebisch-fraenkischer-wald\/wp-content\/uploads\/sites\/34\/Blick-in-den-mobilen-Ern\u00e4hrungsbus_Naturpark-S\u00fcdschwarzwald-300x180.jpg 300w, https:\/\/www.naturparkmagazin.de\/schwaebisch-fraenkischer-wald\/wp-content\/uploads\/sites\/34\/Blick-in-den-mobilen-Ern\u00e4hrungsbus_Naturpark-S\u00fcdschwarzwald-200x120.jpg 200w\" sizes=\"(max-width: 500px) 100vw, 500px\" \/><\/a><p id=\"caption-attachment-11343\" class=\"wp-caption-text\">\u00a9 Naturpark S\u00fcdschwarzwald e. V.<\/p><\/div>\n<p>Die Kochschule ist seit 2019 in Naturpark-Schulen, Naturpark-Kinderg\u00e4rten und auf den Naturpark-M\u00e4rkten unterwegs und bereitet mit ihren Teilnehmenden allerlei leckere Gerichte zu. Der Fokus liegt dabei besonders auf der Verarbeitung \u00f6kologischer, regionaler und saisonaler Produkte. Die Teilnehmenden werden selbst aktiv, greifen zum Kochl\u00f6ffel und lernen dabei mehr \u00fcber den entscheidenden Einfluss, den eine gesunde und nachhaltige Ern\u00e4hrungsweise auf Umwelt und Wohlbefinden hat.<\/p>\n<div id=\"attachment_11344\" style=\"width: 510px\" class=\"wp-caption aligncenter\"><a href=\"https:\/\/www.naturparkmagazin.de\/schwaebisch-fraenkischer-wald\/wp-content\/uploads\/sites\/34\/Naturpark-S\u00fcdschwarzwald-e.-V._Sebastian-Schr\u00f6der-Esch_500x300.jpg\"><img aria-describedby=\"caption-attachment-11344\" decoding=\"async\" loading=\"lazy\" class=\"size-full wp-image-11344\" src=\"https:\/\/www.naturparkmagazin.de\/schwaebisch-fraenkischer-wald\/wp-content\/uploads\/sites\/34\/Naturpark-S\u00fcdschwarzwald-e.-V._Sebastian-Schr\u00f6der-Esch_500x300.jpg\" alt=\"\u00a9 Naturpark S\u00fcdschwarzwald e. V. \" width=\"500\" height=\"300\" srcset=\"https:\/\/www.naturparkmagazin.de\/schwaebisch-fraenkischer-wald\/wp-content\/uploads\/sites\/34\/Naturpark-S\u00fcdschwarzwald-e.-V._Sebastian-Schr\u00f6der-Esch_500x300.jpg 500w, https:\/\/www.naturparkmagazin.de\/schwaebisch-fraenkischer-wald\/wp-content\/uploads\/sites\/34\/Naturpark-S\u00fcdschwarzwald-e.-V._Sebastian-Schr\u00f6der-Esch_500x300-300x180.jpg 300w, https:\/\/www.naturparkmagazin.de\/schwaebisch-fraenkischer-wald\/wp-content\/uploads\/sites\/34\/Naturpark-S\u00fcdschwarzwald-e.-V._Sebastian-Schr\u00f6der-Esch_500x300-200x120.jpg 200w\" sizes=\"(max-width: 500px) 100vw, 500px\" \/><\/a><p id=\"caption-attachment-11344\" class=\"wp-caption-text\">\u00a9 Naturpark S\u00fcdschwarzwald e. V.<\/p><\/div>\n<p>Immer mit dabei: Anne Rausch, zertifizierte Ern\u00e4hrungsberaterin, und Chefkoch Oliver Rausch. Koordiniert wird das Projekt von Chiara Schuler vom Naturpark S\u00fcdschwarzwald. Zusammen setzen sie sich f\u00fcr einen bewussten Umgang mit Lebensmitteln ein, sowie f\u00fcr eine gesunde, nachhaltige und vor allem familien- und alltagstaugliche Ern\u00e4hrungsweise. Altersgerecht werden wichtige Kochkompetenzen vermittelt, wie die richtige Hygiene beim Kochen und die sinnvolle Verwertung von Lebensmittelresten, aber auch hiesige Tradition und Esskultur. Im Vordergrund steht dabei stets der Spa\u00df am Kochen und die Freude am Lernen.<\/p>\n<div id=\"attachment_11341\" style=\"width: 510px\" class=\"wp-caption aligncenter\"><a href=\"https:\/\/www.naturparkmagazin.de\/schwaebisch-fraenkischer-wald\/wp-content\/uploads\/sites\/34\/7162e5e4-b15e-43d4-a6b0-ebd6b945a771.jpg\"><img aria-describedby=\"caption-attachment-11341\" decoding=\"async\" loading=\"lazy\" class=\"size-full wp-image-11341\" src=\"https:\/\/www.naturparkmagazin.de\/schwaebisch-fraenkischer-wald\/wp-content\/uploads\/sites\/34\/7162e5e4-b15e-43d4-a6b0-ebd6b945a771.jpg\" alt=\"\u00a9 Naturpark S\u00fcdschwarzwald e. V. \" width=\"500\" height=\"300\" srcset=\"https:\/\/www.naturparkmagazin.de\/schwaebisch-fraenkischer-wald\/wp-content\/uploads\/sites\/34\/7162e5e4-b15e-43d4-a6b0-ebd6b945a771.jpg 500w, https:\/\/www.naturparkmagazin.de\/schwaebisch-fraenkischer-wald\/wp-content\/uploads\/sites\/34\/7162e5e4-b15e-43d4-a6b0-ebd6b945a771-300x180.jpg 300w, https:\/\/www.naturparkmagazin.de\/schwaebisch-fraenkischer-wald\/wp-content\/uploads\/sites\/34\/7162e5e4-b15e-43d4-a6b0-ebd6b945a771-200x120.jpg 200w\" sizes=\"(max-width: 500px) 100vw, 500px\" \/><\/a><p id=\"caption-attachment-11341\" class=\"wp-caption-text\">\u00a9 Naturpark S\u00fcdschwarzwald e. V.<\/p><\/div>\n<p>Nach einer erfolgreichen Saison ist das Team aktuell mit einer Weiterentwicklung des Konzepts besch\u00e4ftigt. Vor allem soll die Zusammenarbeit mit Partnern und Institutionen aus dem Bereich der Ern\u00e4hrungsbildung vertieft werden. Au\u00dferdem wird es ab diesem Jahr auch Kochschul-Programme an ausgew\u00e4hlten Orten in den sechs weiteren Naturparks Baden-W\u00fcrttembergs geben!<\/p>\n<p>Im Naturpark Schw\u00e4bisch-Fr\u00e4nkischer Wald macht die Naturpark-Kochschule am 17. Juli 2022 Stopp auf dem Naturpark-Markt in Michelbach an der Bilz. Kinder ab 5 Jahren und ihre Eltern sind herzlich zum gemeinsamen Kochen eingeladen. Weitere Details und alle weiteren Kochschul-Termine in den Naturparken Baden-W\u00fcrttembergs sind unter <a href=\"http:\/\/www.naturpark-kochschule.de\/\">www.naturpark-kochschule.de<\/a> abrufbar.<\/p>\n<p>Wer nicht so lange warten m\u00f6chte, kann mit unserem Rezept des Monats schon jetzt einen kleinen Vorgeschmack bekommen!<\/p>\n","protected":false},"excerpt":{"rendered":"<p>Die Naturpark-Kochschule des Naturparks S\u00fcdschwarzwald geht erstmals auf Tour de L\u00e4ndle und schaut mit ihrem mobilen Ern\u00e4hrungsbus auch im Schw\u00e4bisch-Fr\u00e4nkischen Wald vorbei! <\/p>\n","protected":false},"author":25,"featured_media":11342,"comment_status":"open","ping_status":"open","sticky":false,"template":"","format":"standard","meta":[],"categories":[8],"tags":[],"yoast_head":"<!-- This site is optimized with the Yoast SEO plugin v19.10 - https:\/\/yoast.com\/wordpress\/plugins\/seo\/ -->\n<title>Die Naturpark-Kochschule - Naturpark Schw\u00e4bisch-Fr\u00e4nkischer Wald<\/title>\n<meta name=\"robots\" content=\"index, follow, max-snippet:-1, max-image-preview:large, max-video-preview:-1\" \/>\n<link rel=\"canonical\" href=\"https:\/\/www.naturparkmagazin.de\/schwaebisch-fraenkischer-wald\/die-naturpark-kochschule\/\" \/>\n<meta property=\"og:locale\" content=\"de_DE\" \/>\n<meta property=\"og:type\" content=\"article\" \/>\n<meta property=\"og:title\" content=\"Die Naturpark-Kochschule - Naturpark Schw\u00e4bisch-Fr\u00e4nkischer Wald\" \/>\n<meta property=\"og:description\" content=\"Die Naturpark-Kochschule des Naturparks S\u00fcdschwarzwald geht erstmals auf Tour de L\u00e4ndle und schaut mit ihrem mobilen Ern\u00e4hrungsbus auch im Schw\u00e4bisch-Fr\u00e4nkischen Wald vorbei!\" \/>\n<meta property=\"og:url\" content=\"https:\/\/www.naturparkmagazin.de\/schwaebisch-fraenkischer-wald\/die-naturpark-kochschule\/\" \/>\n<meta property=\"og:site_name\" content=\"Naturpark Schw\u00e4bisch-Fr\u00e4nkischer Wald\" \/>\n<meta property=\"article:author\" content=\"https:\/\/www.facebook.com\/naturparkSFW\" \/>\n<meta property=\"article:published_time\" content=\"2022-06-14T12:20:19+00:00\" \/>\n<meta property=\"article:modified_time\" content=\"2022-06-24T08:04:12+00:00\" \/>\n<meta property=\"og:image\" content=\"https:\/\/www.naturparkmagazin.de\/schwaebisch-fraenkischer-wald\/wp-content\/uploads\/sites\/34\/Beitragsbild.jpg\" \/>\n\t<meta property=\"og:image:width\" content=\"200\" \/>\n\t<meta property=\"og:image:height\" content=\"200\" \/>\n\t<meta property=\"og:image:type\" content=\"image\/jpeg\" \/>\n<meta name=\"author\" content=\"Naturpark-Team\" \/>\n<meta name=\"twitter:label1\" content=\"Verfasst von\" \/>\n\t<meta name=\"twitter:data1\" content=\"Naturpark-Team\" \/>\n\t<meta name=\"twitter:label2\" content=\"Gesch\u00e4tzte Lesezeit\" \/>\n\t<meta name=\"twitter:data2\" content=\"2\u00a0Minuten\" \/>\n<script type=\"application\/ld+json\" class=\"yoast-schema-graph\">{\"@context\":\"https:\/\/schema.org\",\"@graph\":[{\"@type\":\"WebPage\",\"@id\":\"https:\/\/www.naturparkmagazin.de\/schwaebisch-fraenkischer-wald\/die-naturpark-kochschule\/\",\"url\":\"https:\/\/www.naturparkmagazin.de\/schwaebisch-fraenkischer-wald\/die-naturpark-kochschule\/\",\"name\":\"Die Naturpark-Kochschule - Naturpark Schw\u00e4bisch-Fr\u00e4nkischer Wald\",\"isPartOf\":{\"@id\":\"https:\/\/www.naturparkmagazin.de\/schwaebisch-fraenkischer-wald\/#website\"},\"datePublished\":\"2022-06-14T12:20:19+00:00\",\"dateModified\":\"2022-06-24T08:04:12+00:00\",\"author\":{\"@id\":\"https:\/\/www.naturparkmagazin.de\/schwaebisch-fraenkischer-wald\/#\/schema\/person\/f047a3702ae747fd7830cf8ac95e6066\"},\"breadcrumb\":{\"@id\":\"https:\/\/www.naturparkmagazin.de\/schwaebisch-fraenkischer-wald\/die-naturpark-kochschule\/#breadcrumb\"},\"inLanguage\":\"de\",\"potentialAction\":[{\"@type\":\"ReadAction\",\"target\":[\"https:\/\/www.naturparkmagazin.de\/schwaebisch-fraenkischer-wald\/die-naturpark-kochschule\/\"]}]},{\"@type\":\"BreadcrumbList\",\"@id\":\"https:\/\/www.naturparkmagazin.de\/schwaebisch-fraenkischer-wald\/die-naturpark-kochschule\/#breadcrumb\",\"itemListElement\":[{\"@type\":\"ListItem\",\"position\":1,\"name\":\"Home\",\"item\":\"https:\/\/www.naturparkmagazin.de\/schwaebisch-fraenkischer-wald\/\"},{\"@type\":\"ListItem\",\"position\":2,\"name\":\"Die Naturpark-Kochschule\"}]},{\"@type\":\"WebSite\",\"@id\":\"https:\/\/www.naturparkmagazin.de\/schwaebisch-fraenkischer-wald\/#website\",\"url\":\"https:\/\/www.naturparkmagazin.de\/schwaebisch-fraenkischer-wald\/\",\"name\":\"Naturpark Schw\u00e4bisch-Fr\u00e4nkischer Wald\",\"description\":\"\",\"potentialAction\":[{\"@type\":\"SearchAction\",\"target\":{\"@type\":\"EntryPoint\",\"urlTemplate\":\"https:\/\/www.naturparkmagazin.de\/schwaebisch-fraenkischer-wald\/?s={search_term_string}\"},\"query-input\":\"required name=search_term_string\"}],\"inLanguage\":\"de\"},{\"@type\":\"Person\",\"@id\":\"https:\/\/www.naturparkmagazin.de\/schwaebisch-fraenkischer-wald\/#\/schema\/person\/f047a3702ae747fd7830cf8ac95e6066\",\"name\":\"Naturpark-Team\",\"sameAs\":[\"http:\/\/www.naturpark-sfw.de\",\"https:\/\/www.facebook.com\/naturparkSFW\"],\"url\":\"https:\/\/www.naturparkmagazin.de\/schwaebisch-fraenkischer-wald\/author\/bernharddrixler\/\"}]}<\/script>\n<!-- \/ Yoast SEO plugin. -->","yoast_head_json":{"title":"Die Naturpark-Kochschule - Naturpark Schw\u00e4bisch-Fr\u00e4nkischer Wald","robots":{"index":"index","follow":"follow","max-snippet":"max-snippet:-1","max-image-preview":"max-image-preview:large","max-video-preview":"max-video-preview:-1"},"canonical":"https:\/\/www.naturparkmagazin.de\/schwaebisch-fraenkischer-wald\/die-naturpark-kochschule\/","og_locale":"de_DE","og_type":"article","og_title":"Die Naturpark-Kochschule - Naturpark Schw\u00e4bisch-Fr\u00e4nkischer Wald","og_description":"Die Naturpark-Kochschule des Naturparks S\u00fcdschwarzwald geht erstmals auf Tour de L\u00e4ndle und schaut mit ihrem mobilen Ern\u00e4hrungsbus auch im Schw\u00e4bisch-Fr\u00e4nkischen Wald vorbei!","og_url":"https:\/\/www.naturparkmagazin.de\/schwaebisch-fraenkischer-wald\/die-naturpark-kochschule\/","og_site_name":"Naturpark Schw\u00e4bisch-Fr\u00e4nkischer Wald","article_author":"https:\/\/www.facebook.com\/naturparkSFW","article_published_time":"2022-06-14T12:20:19+00:00","article_modified_time":"2022-06-24T08:04:12+00:00","og_image":[{"width":200,"height":200,"url":"https:\/\/www.naturparkmagazin.de\/schwaebisch-fraenkischer-wald\/wp-content\/uploads\/sites\/34\/Beitragsbild.jpg","type":"image\/jpeg"}],"author":"Naturpark-Team","twitter_misc":{"Verfasst von":"Naturpark-Team","Gesch\u00e4tzte Lesezeit":"2\u00a0Minuten"},"schema":{"@context":"https:\/\/schema.org","@graph":[{"@type":"WebPage","@id":"https:\/\/www.naturparkmagazin.de\/schwaebisch-fraenkischer-wald\/die-naturpark-kochschule\/","url":"https:\/\/www.naturparkmagazin.de\/schwaebisch-fraenkischer-wald\/die-naturpark-kochschule\/","name":"Die Naturpark-Kochschule - Naturpark Schw\u00e4bisch-Fr\u00e4nkischer Wald","isPartOf":{"@id":"https:\/\/www.naturparkmagazin.de\/schwaebisch-fraenkischer-wald\/#website"},"datePublished":"2022-06-14T12:20:19+00:00","dateModified":"2022-06-24T08:04:12+00:00","author":{"@id":"https:\/\/www.naturparkmagazin.de\/schwaebisch-fraenkischer-wald\/#\/schema\/person\/f047a3702ae747fd7830cf8ac95e6066"},"breadcrumb":{"@id":"https:\/\/www.naturparkmagazin.de\/schwaebisch-fraenkischer-wald\/die-naturpark-kochschule\/#breadcrumb"},"inLanguage":"de","potentialAction":[{"@type":"ReadAction","target":["https:\/\/www.naturparkmagazin.de\/schwaebisch-fraenkischer-wald\/die-naturpark-kochschule\/"]}]},{"@type":"BreadcrumbList","@id":"https:\/\/www.naturparkmagazin.de\/schwaebisch-fraenkischer-wald\/die-naturpark-kochschule\/#breadcrumb","itemListElement":[{"@type":"ListItem","position":1,"name":"Home","item":"https:\/\/www.naturparkmagazin.de\/schwaebisch-fraenkischer-wald\/"},{"@type":"ListItem","position":2,"name":"Die Naturpark-Kochschule"}]},{"@type":"WebSite","@id":"https:\/\/www.naturparkmagazin.de\/schwaebisch-fraenkischer-wald\/#website","url":"https:\/\/www.naturparkmagazin.de\/schwaebisch-fraenkischer-wald\/","name":"Naturpark Schw\u00e4bisch-Fr\u00e4nkischer Wald","description":"","potentialAction":[{"@type":"SearchAction","target":{"@type":"EntryPoint","urlTemplate":"https:\/\/www.naturparkmagazin.de\/schwaebisch-fraenkischer-wald\/?s={search_term_string}"},"query-input":"required name=search_term_string"}],"inLanguage":"de"},{"@type":"Person","@id":"https:\/\/www.naturparkmagazin.de\/schwaebisch-fraenkischer-wald\/#\/schema\/person\/f047a3702ae747fd7830cf8ac95e6066","name":"Naturpark-Team","sameAs":["http:\/\/www.naturpark-sfw.de","https:\/\/www.facebook.com\/naturparkSFW"],"url":"https:\/\/www.naturparkmagazin.de\/schwaebisch-fraenkischer-wald\/author\/bernharddrixler\/"}]}},"_links":{"self":[{"href":"https:\/\/www.naturparkmagazin.de\/schwaebisch-fraenkischer-wald\/wp-json\/wp\/v2\/posts\/11339"}],"collection":[{"href":"https:\/\/www.naturparkmagazin.de\/schwaebisch-fraenkischer-wald\/wp-json\/wp\/v2\/posts"}],"about":[{"href":"https:\/\/www.naturparkmagazin.de\/schwaebisch-fraenkischer-wald\/wp-json\/wp\/v2\/types\/post"}],"author":[{"embeddable":true,"href":"https:\/\/www.naturparkmagazin.de\/schwaebisch-fraenkischer-wald\/wp-json\/wp\/v2\/users\/25"}],"replies":[{"embeddable":true,"href":"https:\/\/www.naturparkmagazin.de\/schwaebisch-fraenkischer-wald\/wp-json\/wp\/v2\/comments?post=11339"}],"version-history":[{"count":4,"href":"https:\/\/www.naturparkmagazin.de\/schwaebisch-fraenkischer-wald\/wp-json\/wp\/v2\/posts\/11339\/revisions"}],"predecessor-version":[{"id":11357,"href":"https:\/\/www.naturparkmagazin.de\/schwaebisch-fraenkischer-wald\/wp-json\/wp\/v2\/posts\/11339\/revisions\/11357"}],"wp:featuredmedia":[{"embeddable":true,"href":"https:\/\/www.naturparkmagazin.de\/schwaebisch-fraenkischer-wald\/wp-json\/wp\/v2\/media\/11342"}],"wp:attachment":[{"href":"https:\/\/www.naturparkmagazin.de\/schwaebisch-fraenkischer-wald\/wp-json\/wp\/v2\/media?parent=11339"}],"wp:term":[{"taxonomy":"category","embeddable":true,"href":"https:\/\/www.naturparkmagazin.de\/schwaebisch-fraenkischer-wald\/wp-json\/wp\/v2\/categories?post=11339"},{"taxonomy":"post_tag","embeddable":true,"href":"https:\/\/www.naturparkmagazin.de\/schwaebisch-fraenkischer-wald\/wp-json\/wp\/v2\/tags?post=11339"}],"curies":[{"name":"wp","href":"https:\/\/api.w.org\/{rel}","templated":true}]}}