{"id":11374,"date":"2022-07-15T08:14:48","date_gmt":"2022-07-15T06:14:48","guid":{"rendered":"https:\/\/www.naturparkmagazin.de\/schwaebisch-fraenkischer-wald\/?p=11374"},"modified":"2022-07-25T16:21:19","modified_gmt":"2022-07-25T14:21:19","slug":"die-naturpark-bounds-im-schwaebisch-fraenkischen-wald","status":"publish","type":"post","link":"https:\/\/www.naturparkmagazin.de\/schwaebisch-fraenkischer-wald\/die-naturpark-bounds-im-schwaebisch-fraenkischen-wald\/","title":{"rendered":"Die Naturpark-Bounds im Schw\u00e4bisch-Fr\u00e4nkischen Wald"},"content":{"rendered":"<p>Das Projekt Naturpark-Bounds wurde 2020 als Antwort auf die wegfallenden Pr\u00e4senzveranstaltungen der Naturparkf\u00fchrer und Naturparkf\u00fchrerinnen entwickelt. Inzwischen stellt es als digitale Erg\u00e4nzung einen festen Bestandteil des Erlebnisangebots des Naturparks dar. Die interaktiven Abenteuer erm\u00f6glichen den Nutzern und Nutzerinnen ein besonderes Erleben des Naturparks, f\u00fchren an manch unentdeckte Orte und vermitteln allerlei Wissenswertes zur Natur, Kultur und Geschichte des Naturparks. Die Bounds sind f\u00fcr Kinder und Familien, sowie Erwachsene spielbar.<\/p>\n<div id=\"attachment_11375\" style=\"width: 510px\" class=\"wp-caption aligncenter\"><a href=\"https:\/\/www.naturparkmagazin.de\/schwaebisch-fraenkischer-wald\/wp-content\/uploads\/sites\/34\/OE9A0626_Artikel_500x300px_News_Naturparkbounds.jpg\"><img aria-describedby=\"caption-attachment-11375\" decoding=\"async\" loading=\"lazy\" class=\"size-full wp-image-11375\" src=\"https:\/\/www.naturparkmagazin.de\/schwaebisch-fraenkischer-wald\/wp-content\/uploads\/sites\/34\/OE9A0626_Artikel_500x300px_News_Naturparkbounds.jpg\" alt=\"\u00a9 Naturpark SFW Archiv\" width=\"500\" height=\"300\" srcset=\"https:\/\/www.naturparkmagazin.de\/schwaebisch-fraenkischer-wald\/wp-content\/uploads\/sites\/34\/OE9A0626_Artikel_500x300px_News_Naturparkbounds.jpg 500w, https:\/\/www.naturparkmagazin.de\/schwaebisch-fraenkischer-wald\/wp-content\/uploads\/sites\/34\/OE9A0626_Artikel_500x300px_News_Naturparkbounds-300x180.jpg 300w, https:\/\/www.naturparkmagazin.de\/schwaebisch-fraenkischer-wald\/wp-content\/uploads\/sites\/34\/OE9A0626_Artikel_500x300px_News_Naturparkbounds-200x120.jpg 200w\" sizes=\"(max-width: 500px) 100vw, 500px\" \/><\/a><p id=\"caption-attachment-11375\" class=\"wp-caption-text\">\u00a9 Naturpark SFW Archiv<\/p><\/div>\n<p>Waren Anfang 2021 zun\u00e4chst sieben verschiedene Bounds ver\u00f6ffentlicht, sind es inzwischen mehr als 20 Naturpark-Bounds! Der neuste Bound: Eine Kr\u00e4uterexkursion mit Kr\u00e4uterhexe Tini im Welzheimer R\u00f6merwald. Weitere Bounds befinden sich in Arbeit. Anl\u00e4sslich der bevorstehenden <a href=\"https:\/\/www.naturparkmagazin.de\/schwaebisch-fraenkischer-wald\/naturpark-bound-aktionstage\/\">Naturpark-Bound Aktionstage am 6. und 7. August<\/a> wird \u00a0es bereits einen weiteren neuen Bound geben, diesmal am Ebnisee.<\/p>\n<p>Ziel ist eine gro\u00dffl\u00e4chige Abdeckung des gesamten Naturparkgebiets mit bis zu 50 Naturpark-Bounds zu unterschiedlichsten Themen. Die Bounds werden entwickelt von den Naturparkf\u00fchrern und Naturparkf\u00fchrerinnen, von Studierenden der P\u00e4dagogischen Ludwigsburg im Rahmen eines Studienseminars, sowie vom aktuellen Naturpark-Praktikanten Matthias Pfeiffer.<\/p>\n<p>Zur Nutzung der Bounds wird lediglich ein Smartphone mit der App \u201cActionbound\u201d sowie eine gute Portion Neugierde ben\u00f6tigt. Die App l\u00e4sst sich kostenlos im App- und Playstore herunterladen und ohne weitere Registrierung nutzen. Mit den Stichworten \u201cNaturpark Schw\u00e4bisch-Fr\u00e4nkischer Wald\u201d oder \u201cNPSFW\u201d k\u00f6nnen die Naturpark-Bounds in der App gefunden werden.<\/p>\n<p>Eine Liste der aktuell bespielbaren Naturpark-Bounds und weitere Informationen finden Sie <a href=\"https:\/\/www.naturpark-sfw.de\/erleben\/natur-erlebnisangebote\/naturpark-bounds\">hier<\/a>.<\/p>\n<p>Weitere Informationen zu den Naturpark-Bound Aktionstagen am 6. und 7. August\u00a0stehen Ihnen <a href=\"https:\/\/www.naturpark-sfw.de\/aktuelles\/neuigkeiten\/news-detail?tx_news_pi1%5Baction%5D=detail&amp;tx_news_pi1%5Bcontroller%5D=News&amp;tx_news_pi1%5Bnews%5D=701&amp;cHash=6b81c1a3d900db77019e5e1e6bbe982f\">hier <\/a>zur Verf\u00fcgung.<\/p>\n<p>Das Projekt Naturpark-Bounds wird durch den Naturpark Schw\u00e4bisch-Fr\u00e4nkischer Wald mit Mitteln des Landes Baden-W\u00fcrttemberg, der Lotterie Gl\u00fccksspirale und der Europ\u00e4ischen Union (ELER) gef\u00f6rdert.<\/p>\n","protected":false},"excerpt":{"rendered":"<p>Entdecken Sie den Naturpark bei interaktiven Abenteuern auf eine neue Art und Weise.<\/p>\n","protected":false},"author":25,"featured_media":11376,"comment_status":"open","ping_status":"open","sticky":false,"template":"","format":"standard","meta":[],"categories":[7],"tags":[],"yoast_head":"<!-- This site is optimized with the Yoast SEO plugin v19.10 - https:\/\/yoast.com\/wordpress\/plugins\/seo\/ -->\n<title>Die Naturpark-Bounds im Schw\u00e4bisch-Fr\u00e4nkischen Wald - Naturpark Schw\u00e4bisch-Fr\u00e4nkischer Wald<\/title>\n<meta name=\"robots\" content=\"index, follow, max-snippet:-1, max-image-preview:large, max-video-preview:-1\" \/>\n<link rel=\"canonical\" href=\"https:\/\/www.naturparkmagazin.de\/schwaebisch-fraenkischer-wald\/die-naturpark-bounds-im-schwaebisch-fraenkischen-wald\/\" \/>\n<meta property=\"og:locale\" content=\"de_DE\" \/>\n<meta property=\"og:type\" content=\"article\" \/>\n<meta property=\"og:title\" content=\"Die Naturpark-Bounds im Schw\u00e4bisch-Fr\u00e4nkischen Wald - Naturpark Schw\u00e4bisch-Fr\u00e4nkischer Wald\" \/>\n<meta property=\"og:description\" content=\"Entdecken Sie den Naturpark bei interaktiven Abenteuern auf eine neue Art und Weise.\" \/>\n<meta property=\"og:url\" content=\"https:\/\/www.naturparkmagazin.de\/schwaebisch-fraenkischer-wald\/die-naturpark-bounds-im-schwaebisch-fraenkischen-wald\/\" \/>\n<meta property=\"og:site_name\" content=\"Naturpark Schw\u00e4bisch-Fr\u00e4nkischer Wald\" \/>\n<meta property=\"article:author\" content=\"https:\/\/www.facebook.com\/naturparkSFW\" \/>\n<meta property=\"article:published_time\" content=\"2022-07-15T06:14:48+00:00\" \/>\n<meta property=\"article:modified_time\" content=\"2022-07-25T14:21:19+00:00\" \/>\n<meta property=\"og:image\" content=\"https:\/\/www.naturparkmagazin.de\/schwaebisch-fraenkischer-wald\/wp-content\/uploads\/sites\/34\/210827_NPSFW_Thump_200x200px_News_Naturparkbounds.jpg\" \/>\n\t<meta property=\"og:image:width\" content=\"200\" \/>\n\t<meta property=\"og:image:height\" content=\"200\" \/>\n\t<meta property=\"og:image:type\" content=\"image\/jpeg\" \/>\n<meta name=\"author\" content=\"Naturpark-Team\" \/>\n<meta name=\"twitter:label1\" content=\"Verfasst von\" \/>\n\t<meta name=\"twitter:data1\" content=\"Naturpark-Team\" \/>\n\t<meta name=\"twitter:label2\" content=\"Gesch\u00e4tzte Lesezeit\" \/>\n\t<meta name=\"twitter:data2\" content=\"1\u00a0Minute\" \/>\n<script type=\"application\/ld+json\" class=\"yoast-schema-graph\">{\"@context\":\"https:\/\/schema.org\",\"@graph\":[{\"@type\":\"WebPage\",\"@id\":\"https:\/\/www.naturparkmagazin.de\/schwaebisch-fraenkischer-wald\/die-naturpark-bounds-im-schwaebisch-fraenkischen-wald\/\",\"url\":\"https:\/\/www.naturparkmagazin.de\/schwaebisch-fraenkischer-wald\/die-naturpark-bounds-im-schwaebisch-fraenkischen-wald\/\",\"name\":\"Die Naturpark-Bounds im Schw\u00e4bisch-Fr\u00e4nkischen Wald - Naturpark Schw\u00e4bisch-Fr\u00e4nkischer Wald\",\"isPartOf\":{\"@id\":\"https:\/\/www.naturparkmagazin.de\/schwaebisch-fraenkischer-wald\/#website\"},\"datePublished\":\"2022-07-15T06:14:48+00:00\",\"dateModified\":\"2022-07-25T14:21:19+00:00\",\"author\":{\"@id\":\"https:\/\/www.naturparkmagazin.de\/schwaebisch-fraenkischer-wald\/#\/schema\/person\/f047a3702ae747fd7830cf8ac95e6066\"},\"breadcrumb\":{\"@id\":\"https:\/\/www.naturparkmagazin.de\/schwaebisch-fraenkischer-wald\/die-naturpark-bounds-im-schwaebisch-fraenkischen-wald\/#breadcrumb\"},\"inLanguage\":\"de\",\"potentialAction\":[{\"@type\":\"ReadAction\",\"target\":[\"https:\/\/www.naturparkmagazin.de\/schwaebisch-fraenkischer-wald\/die-naturpark-bounds-im-schwaebisch-fraenkischen-wald\/\"]}]},{\"@type\":\"BreadcrumbList\",\"@id\":\"https:\/\/www.naturparkmagazin.de\/schwaebisch-fraenkischer-wald\/die-naturpark-bounds-im-schwaebisch-fraenkischen-wald\/#breadcrumb\",\"itemListElement\":[{\"@type\":\"ListItem\",\"position\":1,\"name\":\"Home\",\"item\":\"https:\/\/www.naturparkmagazin.de\/schwaebisch-fraenkischer-wald\/\"},{\"@type\":\"ListItem\",\"position\":2,\"name\":\"Die Naturpark-Bounds im Schw\u00e4bisch-Fr\u00e4nkischen Wald\"}]},{\"@type\":\"WebSite\",\"@id\":\"https:\/\/www.naturparkmagazin.de\/schwaebisch-fraenkischer-wald\/#website\",\"url\":\"https:\/\/www.naturparkmagazin.de\/schwaebisch-fraenkischer-wald\/\",\"name\":\"Naturpark Schw\u00e4bisch-Fr\u00e4nkischer Wald\",\"description\":\"\",\"potentialAction\":[{\"@type\":\"SearchAction\",\"target\":{\"@type\":\"EntryPoint\",\"urlTemplate\":\"https:\/\/www.naturparkmagazin.de\/schwaebisch-fraenkischer-wald\/?s={search_term_string}\"},\"query-input\":\"required name=search_term_string\"}],\"inLanguage\":\"de\"},{\"@type\":\"Person\",\"@id\":\"https:\/\/www.naturparkmagazin.de\/schwaebisch-fraenkischer-wald\/#\/schema\/person\/f047a3702ae747fd7830cf8ac95e6066\",\"name\":\"Naturpark-Team\",\"sameAs\":[\"http:\/\/www.naturpark-sfw.de\",\"https:\/\/www.facebook.com\/naturparkSFW\"],\"url\":\"https:\/\/www.naturparkmagazin.de\/schwaebisch-fraenkischer-wald\/author\/bernharddrixler\/\"}]}<\/script>\n<!-- \/ Yoast SEO plugin. -->","yoast_head_json":{"title":"Die Naturpark-Bounds im Schw\u00e4bisch-Fr\u00e4nkischen Wald - Naturpark Schw\u00e4bisch-Fr\u00e4nkischer Wald","robots":{"index":"index","follow":"follow","max-snippet":"max-snippet:-1","max-image-preview":"max-image-preview:large","max-video-preview":"max-video-preview:-1"},"canonical":"https:\/\/www.naturparkmagazin.de\/schwaebisch-fraenkischer-wald\/die-naturpark-bounds-im-schwaebisch-fraenkischen-wald\/","og_locale":"de_DE","og_type":"article","og_title":"Die Naturpark-Bounds im Schw\u00e4bisch-Fr\u00e4nkischen Wald - Naturpark Schw\u00e4bisch-Fr\u00e4nkischer Wald","og_description":"Entdecken Sie den Naturpark bei interaktiven Abenteuern auf eine neue Art und Weise.","og_url":"https:\/\/www.naturparkmagazin.de\/schwaebisch-fraenkischer-wald\/die-naturpark-bounds-im-schwaebisch-fraenkischen-wald\/","og_site_name":"Naturpark Schw\u00e4bisch-Fr\u00e4nkischer Wald","article_author":"https:\/\/www.facebook.com\/naturparkSFW","article_published_time":"2022-07-15T06:14:48+00:00","article_modified_time":"2022-07-25T14:21:19+00:00","og_image":[{"width":200,"height":200,"url":"https:\/\/www.naturparkmagazin.de\/schwaebisch-fraenkischer-wald\/wp-content\/uploads\/sites\/34\/210827_NPSFW_Thump_200x200px_News_Naturparkbounds.jpg","type":"image\/jpeg"}],"author":"Naturpark-Team","twitter_misc":{"Verfasst von":"Naturpark-Team","Gesch\u00e4tzte Lesezeit":"1\u00a0Minute"},"schema":{"@context":"https:\/\/schema.org","@graph":[{"@type":"WebPage","@id":"https:\/\/www.naturparkmagazin.de\/schwaebisch-fraenkischer-wald\/die-naturpark-bounds-im-schwaebisch-fraenkischen-wald\/","url":"https:\/\/www.naturparkmagazin.de\/schwaebisch-fraenkischer-wald\/die-naturpark-bounds-im-schwaebisch-fraenkischen-wald\/","name":"Die Naturpark-Bounds im Schw\u00e4bisch-Fr\u00e4nkischen Wald - Naturpark Schw\u00e4bisch-Fr\u00e4nkischer Wald","isPartOf":{"@id":"https:\/\/www.naturparkmagazin.de\/schwaebisch-fraenkischer-wald\/#website"},"datePublished":"2022-07-15T06:14:48+00:00","dateModified":"2022-07-25T14:21:19+00:00","author":{"@id":"https:\/\/www.naturparkmagazin.de\/schwaebisch-fraenkischer-wald\/#\/schema\/person\/f047a3702ae747fd7830cf8ac95e6066"},"breadcrumb":{"@id":"https:\/\/www.naturparkmagazin.de\/schwaebisch-fraenkischer-wald\/die-naturpark-bounds-im-schwaebisch-fraenkischen-wald\/#breadcrumb"},"inLanguage":"de","potentialAction":[{"@type":"ReadAction","target":["https:\/\/www.naturparkmagazin.de\/schwaebisch-fraenkischer-wald\/die-naturpark-bounds-im-schwaebisch-fraenkischen-wald\/"]}]},{"@type":"BreadcrumbList","@id":"https:\/\/www.naturparkmagazin.de\/schwaebisch-fraenkischer-wald\/die-naturpark-bounds-im-schwaebisch-fraenkischen-wald\/#breadcrumb","itemListElement":[{"@type":"ListItem","position":1,"name":"Home","item":"https:\/\/www.naturparkmagazin.de\/schwaebisch-fraenkischer-wald\/"},{"@type":"ListItem","position":2,"name":"Die Naturpark-Bounds im Schw\u00e4bisch-Fr\u00e4nkischen Wald"}]},{"@type":"WebSite","@id":"https:\/\/www.naturparkmagazin.de\/schwaebisch-fraenkischer-wald\/#website","url":"https:\/\/www.naturparkmagazin.de\/schwaebisch-fraenkischer-wald\/","name":"Naturpark Schw\u00e4bisch-Fr\u00e4nkischer Wald","description":"","potentialAction":[{"@type":"SearchAction","target":{"@type":"EntryPoint","urlTemplate":"https:\/\/www.naturparkmagazin.de\/schwaebisch-fraenkischer-wald\/?s={search_term_string}"},"query-input":"required name=search_term_string"}],"inLanguage":"de"},{"@type":"Person","@id":"https:\/\/www.naturparkmagazin.de\/schwaebisch-fraenkischer-wald\/#\/schema\/person\/f047a3702ae747fd7830cf8ac95e6066","name":"Naturpark-Team","sameAs":["http:\/\/www.naturpark-sfw.de","https:\/\/www.facebook.com\/naturparkSFW"],"url":"https:\/\/www.naturparkmagazin.de\/schwaebisch-fraenkischer-wald\/author\/bernharddrixler\/"}]}},"_links":{"self":[{"href":"https:\/\/www.naturparkmagazin.de\/schwaebisch-fraenkischer-wald\/wp-json\/wp\/v2\/posts\/11374"}],"collection":[{"href":"https:\/\/www.naturparkmagazin.de\/schwaebisch-fraenkischer-wald\/wp-json\/wp\/v2\/posts"}],"about":[{"href":"https:\/\/www.naturparkmagazin.de\/schwaebisch-fraenkischer-wald\/wp-json\/wp\/v2\/types\/post"}],"author":[{"embeddable":true,"href":"https:\/\/www.naturparkmagazin.de\/schwaebisch-fraenkischer-wald\/wp-json\/wp\/v2\/users\/25"}],"replies":[{"embeddable":true,"href":"https:\/\/www.naturparkmagazin.de\/schwaebisch-fraenkischer-wald\/wp-json\/wp\/v2\/comments?post=11374"}],"version-history":[{"count":3,"href":"https:\/\/www.naturparkmagazin.de\/schwaebisch-fraenkischer-wald\/wp-json\/wp\/v2\/posts\/11374\/revisions"}],"predecessor-version":[{"id":11423,"href":"https:\/\/www.naturparkmagazin.de\/schwaebisch-fraenkischer-wald\/wp-json\/wp\/v2\/posts\/11374\/revisions\/11423"}],"wp:featuredmedia":[{"embeddable":true,"href":"https:\/\/www.naturparkmagazin.de\/schwaebisch-fraenkischer-wald\/wp-json\/wp\/v2\/media\/11376"}],"wp:attachment":[{"href":"https:\/\/www.naturparkmagazin.de\/schwaebisch-fraenkischer-wald\/wp-json\/wp\/v2\/media?parent=11374"}],"wp:term":[{"taxonomy":"category","embeddable":true,"href":"https:\/\/www.naturparkmagazin.de\/schwaebisch-fraenkischer-wald\/wp-json\/wp\/v2\/categories?post=11374"},{"taxonomy":"post_tag","embeddable":true,"href":"https:\/\/www.naturparkmagazin.de\/schwaebisch-fraenkischer-wald\/wp-json\/wp\/v2\/tags?post=11374"}],"curies":[{"name":"wp","href":"https:\/\/api.w.org\/{rel}","templated":true}]}}