{"id":11460,"date":"2022-08-15T09:38:09","date_gmt":"2022-08-15T07:38:09","guid":{"rendered":"https:\/\/www.naturparkmagazin.de\/schwaebisch-fraenkischer-wald\/?p=11460"},"modified":"2022-08-25T12:36:12","modified_gmt":"2022-08-25T10:36:12","slug":"naturpark-vespertour","status":"publish","type":"post","link":"https:\/\/www.naturparkmagazin.de\/schwaebisch-fraenkischer-wald\/naturpark-vespertour\/","title":{"rendered":"Naturpark-Vespertour"},"content":{"rendered":"<p>Entdecken Sie die Landschaften im Naturpark Schw\u00e4bisch-Fr\u00e4nkischer Wald bei der dritten Naturpark-Vespertour am Sonntag, 18.09.22 und genie\u00dfen Sie dabei regionale K\u00f6stlichkeiten! Bei den Naturpark-Vespertouren k\u00f6nnen die Teilnehmenden wandernd die Vielfalt der Natur und die regionalen K\u00f6stlichkeiten des Schw\u00e4bisch-Fr\u00e4nkischen Waldes entdecken.<\/p>\n<div id=\"attachment_11255\" style=\"width: 510px\" class=\"wp-caption aligncenter\"><a href=\"https:\/\/www.naturparkmagazin.de\/schwaebisch-fraenkischer-wald\/wp-content\/uploads\/sites\/34\/220503_PK_Naturparke_BW_Biohof_Vogel_NPSFW-32_500x300.jpg\"><img aria-describedby=\"caption-attachment-11255\" decoding=\"async\" loading=\"lazy\" class=\"size-full wp-image-11255\" src=\"https:\/\/www.naturparkmagazin.de\/schwaebisch-fraenkischer-wald\/wp-content\/uploads\/sites\/34\/220503_PK_Naturparke_BW_Biohof_Vogel_NPSFW-32_500x300.jpg\" alt=\"\u00a9 Naturpark SFW Archiv\" width=\"500\" height=\"333\" srcset=\"https:\/\/www.naturparkmagazin.de\/schwaebisch-fraenkischer-wald\/wp-content\/uploads\/sites\/34\/220503_PK_Naturparke_BW_Biohof_Vogel_NPSFW-32_500x300.jpg 500w, https:\/\/www.naturparkmagazin.de\/schwaebisch-fraenkischer-wald\/wp-content\/uploads\/sites\/34\/220503_PK_Naturparke_BW_Biohof_Vogel_NPSFW-32_500x300-300x200.jpg 300w, https:\/\/www.naturparkmagazin.de\/schwaebisch-fraenkischer-wald\/wp-content\/uploads\/sites\/34\/220503_PK_Naturparke_BW_Biohof_Vogel_NPSFW-32_500x300-200x133.jpg 200w\" sizes=\"(max-width: 500px) 100vw, 500px\" \/><\/a><p id=\"caption-attachment-11255\" class=\"wp-caption-text\">\u00a9 Naturpark SFW Archiv<\/p><\/div>\n<p>Die teilnehmenden Betriebe stellen ein Vesperangebot mit eigenen und regionalen Produkten zusammen. Vom selbstgemachten Brot \u00fcber Wurst, Gem\u00fcse bis hin zu verschiedenen K\u00e4sesorten, Eingemachtem, Obst und einem Getr\u00e4nk. Es ist f\u00fcr jeden Geschmack etwas dabei. Es werden sowohl Vespert\u00fcten mit Fleisch\/ Wurst als auch vegetarische Vesper angeboten, auch ein Kindervesper steht zur Auswahl.<\/p>\n<p>Hinzu kommt ein Vorschlag f\u00fcr eine Wandertour, die ab dem jeweiligen Betrieb oder in der n\u00e4heren Umgebung startet und wieder endet. Kosten Sie sich bei einer Verschnaufpause durch regionale Produkte!<\/p>\n<p>Mit den Naturpark-Vespertouren werden regional wirtschaftende Betriebe und deren kleinb\u00e4uerliche Strukturen unterst\u00fctzt. Dadurch werden die regionalen Wertsch\u00f6pfungsketten angeregt und im Idealfall aufgebaut und langfristig erhalten. Die Erzeugung von Nahrungsmitteln und die damit verbundene Landschaftspflege wird den Besuchenden auf diese Weise n\u00e4hergebracht. Es werden regionale Produkte erzeugt und vermarktet, mit kurzen Transportwegen werden Klima und Umwelt geschont und mit jedem Kauf die b\u00e4uerlichen Strukturen unterst\u00fctzt.<\/p>\n<h3><u>Teilnehmende Betriebe bei der n\u00e4chsten Vespertour am 18. September 2022:<\/u><\/h3>\n<ol>\n<li>Hofk\u00e4serei Bundschuh, Mainhardt-D\u00fcrrnast<\/li>\n<li>L\u00e4dle im Riegenhof, Mainhardt-Riegenhof<\/li>\n<li>Weingut Koppenh\u00f6fer, L\u00f6wenstein-Rittelhof<\/li>\n<li>Kuhnweiler Hof, Gro\u00dferlach-Kuhnweiler<\/li>\n<li>Gasthof Siller, Spiegelberg-Vorderb\u00fcchelberg<\/li>\n<li>Geigersbeger Hof, Auenwald-Oberbr\u00fcden<\/li>\n<li>Demeterhof Vogel, Welzheim-Eberhardsweiler<\/li>\n<\/ol>\n<p>So funktioniert\u2019s:<\/p>\n<ol>\n<li>Ort und Hof bzw. Betrieb aussuchen<\/li>\n<li>Bis 5 Tage vorher direkt beim Betrieb\/Hof anmelden und bezahlen<\/li>\n<li>Von 10 \u2013 13 Uhr Vesperpaket mit Wandervorschlag abholen<\/li>\n<li>Loswandern und unterwegs das regionale Vesper genie\u00dfen!<\/li>\n<\/ol>\n<p>Weitere Infos zu den Naturpark-Vespertouren finden Sie auf der <a href=\"https:\/\/www.naturpark-sfw.de\/geniessen\/vespertouren\">Naturpark Homepage<\/a>. Die letzte Naturpark-Vespertour 2022 findet am 16. Oktober statt!<\/p>\n","protected":false},"excerpt":{"rendered":"<p>18.09.: Regionale K\u00f6stlichkeiten genie\u00dfen und den Naturpark entdecken<\/p>\n","protected":false},"author":25,"featured_media":11257,"comment_status":"open","ping_status":"open","sticky":false,"template":"","format":"standard","meta":[],"categories":[11],"tags":[],"yoast_head":"<!-- This site is optimized with the Yoast SEO plugin v19.10 - https:\/\/yoast.com\/wordpress\/plugins\/seo\/ -->\n<title>Naturpark-Vespertour - Naturpark Schw\u00e4bisch-Fr\u00e4nkischer Wald<\/title>\n<meta name=\"robots\" content=\"index, follow, max-snippet:-1, max-image-preview:large, max-video-preview:-1\" \/>\n<link rel=\"canonical\" href=\"https:\/\/www.naturparkmagazin.de\/schwaebisch-fraenkischer-wald\/naturpark-vespertour\/\" \/>\n<meta property=\"og:locale\" content=\"de_DE\" \/>\n<meta property=\"og:type\" content=\"article\" \/>\n<meta property=\"og:title\" content=\"Naturpark-Vespertour - Naturpark Schw\u00e4bisch-Fr\u00e4nkischer Wald\" \/>\n<meta property=\"og:description\" content=\"18.09.: Regionale K\u00f6stlichkeiten genie\u00dfen und den Naturpark entdecken\" \/>\n<meta property=\"og:url\" content=\"https:\/\/www.naturparkmagazin.de\/schwaebisch-fraenkischer-wald\/naturpark-vespertour\/\" \/>\n<meta property=\"og:site_name\" content=\"Naturpark Schw\u00e4bisch-Fr\u00e4nkischer Wald\" \/>\n<meta property=\"article:author\" content=\"https:\/\/www.facebook.com\/naturparkSFW\" \/>\n<meta property=\"article:published_time\" content=\"2022-08-15T07:38:09+00:00\" \/>\n<meta property=\"article:modified_time\" content=\"2022-08-25T10:36:12+00:00\" \/>\n<meta property=\"og:image\" content=\"https:\/\/www.naturparkmagazin.de\/schwaebisch-fraenkischer-wald\/wp-content\/uploads\/sites\/34\/220503_PK_Naturparke_BW_Biohof_Vogel_NPSFW-32_200.jpg\" \/>\n\t<meta property=\"og:image:width\" content=\"200\" \/>\n\t<meta property=\"og:image:height\" content=\"200\" \/>\n\t<meta property=\"og:image:type\" content=\"image\/jpeg\" \/>\n<meta name=\"author\" content=\"Naturpark-Team\" \/>\n<meta name=\"twitter:label1\" content=\"Verfasst von\" \/>\n\t<meta name=\"twitter:data1\" content=\"Naturpark-Team\" \/>\n\t<meta name=\"twitter:label2\" content=\"Gesch\u00e4tzte Lesezeit\" \/>\n\t<meta name=\"twitter:data2\" content=\"2\u00a0Minuten\" \/>\n<script type=\"application\/ld+json\" class=\"yoast-schema-graph\">{\"@context\":\"https:\/\/schema.org\",\"@graph\":[{\"@type\":\"WebPage\",\"@id\":\"https:\/\/www.naturparkmagazin.de\/schwaebisch-fraenkischer-wald\/naturpark-vespertour\/\",\"url\":\"https:\/\/www.naturparkmagazin.de\/schwaebisch-fraenkischer-wald\/naturpark-vespertour\/\",\"name\":\"Naturpark-Vespertour - Naturpark Schw\u00e4bisch-Fr\u00e4nkischer Wald\",\"isPartOf\":{\"@id\":\"https:\/\/www.naturparkmagazin.de\/schwaebisch-fraenkischer-wald\/#website\"},\"datePublished\":\"2022-08-15T07:38:09+00:00\",\"dateModified\":\"2022-08-25T10:36:12+00:00\",\"author\":{\"@id\":\"https:\/\/www.naturparkmagazin.de\/schwaebisch-fraenkischer-wald\/#\/schema\/person\/f047a3702ae747fd7830cf8ac95e6066\"},\"breadcrumb\":{\"@id\":\"https:\/\/www.naturparkmagazin.de\/schwaebisch-fraenkischer-wald\/naturpark-vespertour\/#breadcrumb\"},\"inLanguage\":\"de\",\"potentialAction\":[{\"@type\":\"ReadAction\",\"target\":[\"https:\/\/www.naturparkmagazin.de\/schwaebisch-fraenkischer-wald\/naturpark-vespertour\/\"]}]},{\"@type\":\"BreadcrumbList\",\"@id\":\"https:\/\/www.naturparkmagazin.de\/schwaebisch-fraenkischer-wald\/naturpark-vespertour\/#breadcrumb\",\"itemListElement\":[{\"@type\":\"ListItem\",\"position\":1,\"name\":\"Home\",\"item\":\"https:\/\/www.naturparkmagazin.de\/schwaebisch-fraenkischer-wald\/\"},{\"@type\":\"ListItem\",\"position\":2,\"name\":\"Naturpark-Vespertour\"}]},{\"@type\":\"WebSite\",\"@id\":\"https:\/\/www.naturparkmagazin.de\/schwaebisch-fraenkischer-wald\/#website\",\"url\":\"https:\/\/www.naturparkmagazin.de\/schwaebisch-fraenkischer-wald\/\",\"name\":\"Naturpark Schw\u00e4bisch-Fr\u00e4nkischer Wald\",\"description\":\"\",\"potentialAction\":[{\"@type\":\"SearchAction\",\"target\":{\"@type\":\"EntryPoint\",\"urlTemplate\":\"https:\/\/www.naturparkmagazin.de\/schwaebisch-fraenkischer-wald\/?s={search_term_string}\"},\"query-input\":\"required name=search_term_string\"}],\"inLanguage\":\"de\"},{\"@type\":\"Person\",\"@id\":\"https:\/\/www.naturparkmagazin.de\/schwaebisch-fraenkischer-wald\/#\/schema\/person\/f047a3702ae747fd7830cf8ac95e6066\",\"name\":\"Naturpark-Team\",\"sameAs\":[\"http:\/\/www.naturpark-sfw.de\",\"https:\/\/www.facebook.com\/naturparkSFW\"],\"url\":\"https:\/\/www.naturparkmagazin.de\/schwaebisch-fraenkischer-wald\/author\/bernharddrixler\/\"}]}<\/script>\n<!-- \/ Yoast SEO plugin. -->","yoast_head_json":{"title":"Naturpark-Vespertour - Naturpark Schw\u00e4bisch-Fr\u00e4nkischer Wald","robots":{"index":"index","follow":"follow","max-snippet":"max-snippet:-1","max-image-preview":"max-image-preview:large","max-video-preview":"max-video-preview:-1"},"canonical":"https:\/\/www.naturparkmagazin.de\/schwaebisch-fraenkischer-wald\/naturpark-vespertour\/","og_locale":"de_DE","og_type":"article","og_title":"Naturpark-Vespertour - Naturpark Schw\u00e4bisch-Fr\u00e4nkischer Wald","og_description":"18.09.: Regionale K\u00f6stlichkeiten genie\u00dfen und den Naturpark entdecken","og_url":"https:\/\/www.naturparkmagazin.de\/schwaebisch-fraenkischer-wald\/naturpark-vespertour\/","og_site_name":"Naturpark Schw\u00e4bisch-Fr\u00e4nkischer Wald","article_author":"https:\/\/www.facebook.com\/naturparkSFW","article_published_time":"2022-08-15T07:38:09+00:00","article_modified_time":"2022-08-25T10:36:12+00:00","og_image":[{"width":200,"height":200,"url":"https:\/\/www.naturparkmagazin.de\/schwaebisch-fraenkischer-wald\/wp-content\/uploads\/sites\/34\/220503_PK_Naturparke_BW_Biohof_Vogel_NPSFW-32_200.jpg","type":"image\/jpeg"}],"author":"Naturpark-Team","twitter_misc":{"Verfasst von":"Naturpark-Team","Gesch\u00e4tzte Lesezeit":"2\u00a0Minuten"},"schema":{"@context":"https:\/\/schema.org","@graph":[{"@type":"WebPage","@id":"https:\/\/www.naturparkmagazin.de\/schwaebisch-fraenkischer-wald\/naturpark-vespertour\/","url":"https:\/\/www.naturparkmagazin.de\/schwaebisch-fraenkischer-wald\/naturpark-vespertour\/","name":"Naturpark-Vespertour - Naturpark Schw\u00e4bisch-Fr\u00e4nkischer Wald","isPartOf":{"@id":"https:\/\/www.naturparkmagazin.de\/schwaebisch-fraenkischer-wald\/#website"},"datePublished":"2022-08-15T07:38:09+00:00","dateModified":"2022-08-25T10:36:12+00:00","author":{"@id":"https:\/\/www.naturparkmagazin.de\/schwaebisch-fraenkischer-wald\/#\/schema\/person\/f047a3702ae747fd7830cf8ac95e6066"},"breadcrumb":{"@id":"https:\/\/www.naturparkmagazin.de\/schwaebisch-fraenkischer-wald\/naturpark-vespertour\/#breadcrumb"},"inLanguage":"de","potentialAction":[{"@type":"ReadAction","target":["https:\/\/www.naturparkmagazin.de\/schwaebisch-fraenkischer-wald\/naturpark-vespertour\/"]}]},{"@type":"BreadcrumbList","@id":"https:\/\/www.naturparkmagazin.de\/schwaebisch-fraenkischer-wald\/naturpark-vespertour\/#breadcrumb","itemListElement":[{"@type":"ListItem","position":1,"name":"Home","item":"https:\/\/www.naturparkmagazin.de\/schwaebisch-fraenkischer-wald\/"},{"@type":"ListItem","position":2,"name":"Naturpark-Vespertour"}]},{"@type":"WebSite","@id":"https:\/\/www.naturparkmagazin.de\/schwaebisch-fraenkischer-wald\/#website","url":"https:\/\/www.naturparkmagazin.de\/schwaebisch-fraenkischer-wald\/","name":"Naturpark Schw\u00e4bisch-Fr\u00e4nkischer Wald","description":"","potentialAction":[{"@type":"SearchAction","target":{"@type":"EntryPoint","urlTemplate":"https:\/\/www.naturparkmagazin.de\/schwaebisch-fraenkischer-wald\/?s={search_term_string}"},"query-input":"required name=search_term_string"}],"inLanguage":"de"},{"@type":"Person","@id":"https:\/\/www.naturparkmagazin.de\/schwaebisch-fraenkischer-wald\/#\/schema\/person\/f047a3702ae747fd7830cf8ac95e6066","name":"Naturpark-Team","sameAs":["http:\/\/www.naturpark-sfw.de","https:\/\/www.facebook.com\/naturparkSFW"],"url":"https:\/\/www.naturparkmagazin.de\/schwaebisch-fraenkischer-wald\/author\/bernharddrixler\/"}]}},"_links":{"self":[{"href":"https:\/\/www.naturparkmagazin.de\/schwaebisch-fraenkischer-wald\/wp-json\/wp\/v2\/posts\/11460"}],"collection":[{"href":"https:\/\/www.naturparkmagazin.de\/schwaebisch-fraenkischer-wald\/wp-json\/wp\/v2\/posts"}],"about":[{"href":"https:\/\/www.naturparkmagazin.de\/schwaebisch-fraenkischer-wald\/wp-json\/wp\/v2\/types\/post"}],"author":[{"embeddable":true,"href":"https:\/\/www.naturparkmagazin.de\/schwaebisch-fraenkischer-wald\/wp-json\/wp\/v2\/users\/25"}],"replies":[{"embeddable":true,"href":"https:\/\/www.naturparkmagazin.de\/schwaebisch-fraenkischer-wald\/wp-json\/wp\/v2\/comments?post=11460"}],"version-history":[{"count":3,"href":"https:\/\/www.naturparkmagazin.de\/schwaebisch-fraenkischer-wald\/wp-json\/wp\/v2\/posts\/11460\/revisions"}],"predecessor-version":[{"id":11508,"href":"https:\/\/www.naturparkmagazin.de\/schwaebisch-fraenkischer-wald\/wp-json\/wp\/v2\/posts\/11460\/revisions\/11508"}],"wp:featuredmedia":[{"embeddable":true,"href":"https:\/\/www.naturparkmagazin.de\/schwaebisch-fraenkischer-wald\/wp-json\/wp\/v2\/media\/11257"}],"wp:attachment":[{"href":"https:\/\/www.naturparkmagazin.de\/schwaebisch-fraenkischer-wald\/wp-json\/wp\/v2\/media?parent=11460"}],"wp:term":[{"taxonomy":"category","embeddable":true,"href":"https:\/\/www.naturparkmagazin.de\/schwaebisch-fraenkischer-wald\/wp-json\/wp\/v2\/categories?post=11460"},{"taxonomy":"post_tag","embeddable":true,"href":"https:\/\/www.naturparkmagazin.de\/schwaebisch-fraenkischer-wald\/wp-json\/wp\/v2\/tags?post=11460"}],"curies":[{"name":"wp","href":"https:\/\/api.w.org\/{rel}","templated":true}]}}