{"id":1147,"date":"2014-09-19T12:03:49","date_gmt":"2014-09-19T10:03:49","guid":{"rendered":"http:\/\/www.naturparkmagazin.de\/schwaebisch-fraenkischer-wald\/?p=1147"},"modified":"2014-09-29T13:11:37","modified_gmt":"2014-09-29T11:11:37","slug":"wendrsonn-folkrock-mit-herz-hirn","status":"publish","type":"post","link":"https:\/\/www.naturparkmagazin.de\/schwaebisch-fraenkischer-wald\/wendrsonn-folkrock-mit-herz-hirn\/","title":{"rendered":"\u201eWendrsonn\u201c &#8211; Folkrock mit Herz &amp; Hirn"},"content":{"rendered":"<p><strong>Der schw\u00e4bische Albverein Rems-Murr-Gau pr\u00e4sentiert \u201eWendrsonn\u201c &#8211; Folkrock mit Herz &amp; Hirn<\/strong><\/p>\n<div id=\"attachment_1149\" style=\"width: 310px\" class=\"wp-caption alignright\"><a href=\"https:\/\/www.naturparkmagazin.de\/schwaebisch-fraenkischer-wald\/wp-content\/uploads\/sites\/34\/2014_SAV_Wendrsonn_k.jpg\"><img aria-describedby=\"caption-attachment-1149\" decoding=\"async\" loading=\"lazy\" class=\"size-thumbnail wp-image-1149\" alt=\"Folkrock mit Herz &amp; Hirn: Echt schw\u00e4bisch!\" src=\"https:\/\/www.naturparkmagazin.de\/schwaebisch-fraenkischer-wald\/wp-content\/uploads\/sites\/34\/2014_SAV_Wendrsonn_k-300x200.jpg\" width=\"300\" height=\"200\" srcset=\"https:\/\/www.naturparkmagazin.de\/schwaebisch-fraenkischer-wald\/wp-content\/uploads\/sites\/34\/2014_SAV_Wendrsonn_k-300x200.jpg 300w, https:\/\/www.naturparkmagazin.de\/schwaebisch-fraenkischer-wald\/wp-content\/uploads\/sites\/34\/2014_SAV_Wendrsonn_k-200x133.jpg 200w, https:\/\/www.naturparkmagazin.de\/schwaebisch-fraenkischer-wald\/wp-content\/uploads\/sites\/34\/2014_SAV_Wendrsonn_k.jpg 525w\" sizes=\"(max-width: 300px) 100vw, 300px\" \/><\/a><p id=\"caption-attachment-1149\" class=\"wp-caption-text\">Folkrock mit Herz &amp; Hirn: Echt schw\u00e4bisch!<\/p><\/div>\n<p>Die schw\u00e4bische Mundart ist ehrlich, direkt, farbig, wahr, warm, klangvoll, humorvoll und nachdenklich. Der Schw\u00e4bische Albverein will sie als etwas Echtes und Urspr\u00fcngliches, als \u201eNatursprache\u201c erhalten und pflegen. Von Ort zu Ort unterscheidet sich die Mundart und entfaltet ihre volle Sch\u00f6nheit nat\u00fcrlich erst, wenn man sie h\u00f6rt. Und genau dies verspricht der Ortsverein Schorndorf mit dem Konzert einer der erfolgreichsten Folkrockbands S\u00fcddeutschlands, der Gruppe \u201eWendrsonn\u201c.<\/p>\n<p>Wendrsonn-Konzerte sind emotionale Achterbahnfahrten: Ein fulminanter Trip voller erdiger Sinnlichkeit, instrumentaler Vielfalt, solistischer Schwabenstreiche und purer Energie. Wendrsonn spielen sich die Seele aus dem Leib und proklamieren augenzwinkernd den ultimativen Soundtrack zum neuen schw\u00e4bischen Selbstverst\u00e4ndnis: Sinn und Unsinn aus dem Land der Dichter, Denker, R\u00e4uber und Rebellen. Zom Lacha ond zom Heula scheee.<\/p>\n<p>Im Vorprogramm lockt Anna-Maria Beier mit ihren in Schw\u00e4bischer Mundart vorgetragenen &#8222;Gschichdla&#8220; in die Winkel und Gassen der Schorndorfer Altstadt und weiter bis zur Rems hin. Sie paddelt mit ihrem Publikum durch die Stadtgeschichte bis Remsus, zum schaurigen Finale, seinen &#8222;stoinerna Meggl&#8220; aus den Fluten hebt.<\/p>\n<p>Info:<\/p>\n<p>\u201eWendrsonn\u201c, Barbara-K\u00fcnkelin Halle, Schorndorf<\/p>\n<p>Freitag: 10.10.2014, Beginn: 19:30 Uhr, Hallen\u00f6ffnung: 18:30 Uhr<\/p>\n<p>Kartenverkauf: Vorverkaufspreis 14 \u20ac, Abendkasse 16 \u20ac<\/p>\n<p>Vorverkaufsstellen:<\/p>\n<ul>\n<li>MKT Ticketshop: Kirchgasse 14, Schorndorf, Tel. 07181\/929451, www.mk-ticket.de<\/li>\n<li>Info-Stelle des Schw\u00e4bischen Albereins, Ortsgruppe Schorndorf: samstags von 10.00 \u2013 12.00 Uhr in der Gastst\u00e4tte \u201cHarmonie\u201c, Schorndorf, Moserstr. 8<\/li>\n<li>Otto Tempes, Tel. 07181\/76711<\/li>\n<\/ul>\n<p>Telefonisch vorbestellte Karten werden an der Abendkasse zur\u00fcckgelegt und m\u00fcssen \u00bd Stunde vor Beginn abgeholt werden, im anderen Fall werden sie weiterverkauft.<\/p>\n<p>Veranstalter: Schw\u00e4bischer Albverein Rems-Murr-Gau, Ortsgruppe Schorndorf<\/p>\n","protected":false},"excerpt":{"rendered":"<p>10.10.: Der schw\u00e4bische Albverein Rems-Murr-Gau pr\u00e4sentiert \u201eWendrsonn\u201c &#8211; Folkrock mit Herz &amp; Hirn<\/p>\n","protected":false},"author":25,"featured_media":1149,"comment_status":"open","ping_status":"open","sticky":false,"template":"","format":"standard","meta":[],"categories":[11],"tags":[],"yoast_head":"<!-- This site is optimized with the Yoast SEO plugin v19.10 - https:\/\/yoast.com\/wordpress\/plugins\/seo\/ -->\n<title>\u201eWendrsonn\u201c - Folkrock mit Herz &amp; Hirn - Naturpark Schw\u00e4bisch-Fr\u00e4nkischer Wald<\/title>\n<meta name=\"robots\" content=\"index, follow, max-snippet:-1, max-image-preview:large, max-video-preview:-1\" \/>\n<link rel=\"canonical\" href=\"https:\/\/www.naturparkmagazin.de\/schwaebisch-fraenkischer-wald\/wendrsonn-folkrock-mit-herz-hirn\/\" \/>\n<meta property=\"og:locale\" content=\"de_DE\" \/>\n<meta property=\"og:type\" content=\"article\" \/>\n<meta property=\"og:title\" content=\"\u201eWendrsonn\u201c - Folkrock mit Herz &amp; Hirn - Naturpark Schw\u00e4bisch-Fr\u00e4nkischer Wald\" \/>\n<meta property=\"og:description\" content=\"10.10.: Der schw\u00e4bische Albverein Rems-Murr-Gau pr\u00e4sentiert \u201eWendrsonn\u201c - Folkrock mit Herz &amp; Hirn\" \/>\n<meta property=\"og:url\" content=\"https:\/\/www.naturparkmagazin.de\/schwaebisch-fraenkischer-wald\/wendrsonn-folkrock-mit-herz-hirn\/\" \/>\n<meta property=\"og:site_name\" content=\"Naturpark Schw\u00e4bisch-Fr\u00e4nkischer Wald\" \/>\n<meta property=\"article:author\" content=\"https:\/\/www.facebook.com\/naturparkSFW\" \/>\n<meta property=\"article:published_time\" content=\"2014-09-19T10:03:49+00:00\" \/>\n<meta property=\"article:modified_time\" content=\"2014-09-29T11:11:37+00:00\" \/>\n<meta property=\"og:image\" content=\"https:\/\/www.naturparkmagazin.de\/schwaebisch-fraenkischer-wald\/wp-content\/uploads\/sites\/34\/2014_SAV_Wendrsonn_k.jpg\" \/>\n\t<meta property=\"og:image:width\" content=\"525\" \/>\n\t<meta property=\"og:image:height\" content=\"350\" \/>\n\t<meta property=\"og:image:type\" content=\"image\/jpeg\" \/>\n<meta name=\"author\" content=\"Naturpark-Team\" \/>\n<meta name=\"twitter:label1\" content=\"Verfasst von\" \/>\n\t<meta name=\"twitter:data1\" content=\"Naturpark-Team\" \/>\n\t<meta name=\"twitter:label2\" content=\"Gesch\u00e4tzte Lesezeit\" \/>\n\t<meta name=\"twitter:data2\" content=\"1\u00a0Minute\" \/>\n<script type=\"application\/ld+json\" class=\"yoast-schema-graph\">{\"@context\":\"https:\/\/schema.org\",\"@graph\":[{\"@type\":\"WebPage\",\"@id\":\"https:\/\/www.naturparkmagazin.de\/schwaebisch-fraenkischer-wald\/wendrsonn-folkrock-mit-herz-hirn\/\",\"url\":\"https:\/\/www.naturparkmagazin.de\/schwaebisch-fraenkischer-wald\/wendrsonn-folkrock-mit-herz-hirn\/\",\"name\":\"\u201eWendrsonn\u201c - Folkrock mit Herz &amp; Hirn - Naturpark Schw\u00e4bisch-Fr\u00e4nkischer Wald\",\"isPartOf\":{\"@id\":\"https:\/\/www.naturparkmagazin.de\/schwaebisch-fraenkischer-wald\/#website\"},\"datePublished\":\"2014-09-19T10:03:49+00:00\",\"dateModified\":\"2014-09-29T11:11:37+00:00\",\"author\":{\"@id\":\"https:\/\/www.naturparkmagazin.de\/schwaebisch-fraenkischer-wald\/#\/schema\/person\/f047a3702ae747fd7830cf8ac95e6066\"},\"breadcrumb\":{\"@id\":\"https:\/\/www.naturparkmagazin.de\/schwaebisch-fraenkischer-wald\/wendrsonn-folkrock-mit-herz-hirn\/#breadcrumb\"},\"inLanguage\":\"de\",\"potentialAction\":[{\"@type\":\"ReadAction\",\"target\":[\"https:\/\/www.naturparkmagazin.de\/schwaebisch-fraenkischer-wald\/wendrsonn-folkrock-mit-herz-hirn\/\"]}]},{\"@type\":\"BreadcrumbList\",\"@id\":\"https:\/\/www.naturparkmagazin.de\/schwaebisch-fraenkischer-wald\/wendrsonn-folkrock-mit-herz-hirn\/#breadcrumb\",\"itemListElement\":[{\"@type\":\"ListItem\",\"position\":1,\"name\":\"Home\",\"item\":\"https:\/\/www.naturparkmagazin.de\/schwaebisch-fraenkischer-wald\/\"},{\"@type\":\"ListItem\",\"position\":2,\"name\":\"\u201eWendrsonn\u201c &#8211; Folkrock mit Herz &amp; Hirn\"}]},{\"@type\":\"WebSite\",\"@id\":\"https:\/\/www.naturparkmagazin.de\/schwaebisch-fraenkischer-wald\/#website\",\"url\":\"https:\/\/www.naturparkmagazin.de\/schwaebisch-fraenkischer-wald\/\",\"name\":\"Naturpark Schw\u00e4bisch-Fr\u00e4nkischer Wald\",\"description\":\"\",\"potentialAction\":[{\"@type\":\"SearchAction\",\"target\":{\"@type\":\"EntryPoint\",\"urlTemplate\":\"https:\/\/www.naturparkmagazin.de\/schwaebisch-fraenkischer-wald\/?s={search_term_string}\"},\"query-input\":\"required name=search_term_string\"}],\"inLanguage\":\"de\"},{\"@type\":\"Person\",\"@id\":\"https:\/\/www.naturparkmagazin.de\/schwaebisch-fraenkischer-wald\/#\/schema\/person\/f047a3702ae747fd7830cf8ac95e6066\",\"name\":\"Naturpark-Team\",\"sameAs\":[\"http:\/\/www.naturpark-sfw.de\",\"https:\/\/www.facebook.com\/naturparkSFW\"],\"url\":\"https:\/\/www.naturparkmagazin.de\/schwaebisch-fraenkischer-wald\/author\/bernharddrixler\/\"}]}<\/script>\n<!-- \/ Yoast SEO plugin. -->","yoast_head_json":{"title":"\u201eWendrsonn\u201c - Folkrock mit Herz &amp; Hirn - Naturpark Schw\u00e4bisch-Fr\u00e4nkischer Wald","robots":{"index":"index","follow":"follow","max-snippet":"max-snippet:-1","max-image-preview":"max-image-preview:large","max-video-preview":"max-video-preview:-1"},"canonical":"https:\/\/www.naturparkmagazin.de\/schwaebisch-fraenkischer-wald\/wendrsonn-folkrock-mit-herz-hirn\/","og_locale":"de_DE","og_type":"article","og_title":"\u201eWendrsonn\u201c - Folkrock mit Herz &amp; Hirn - Naturpark Schw\u00e4bisch-Fr\u00e4nkischer Wald","og_description":"10.10.: Der schw\u00e4bische Albverein Rems-Murr-Gau pr\u00e4sentiert \u201eWendrsonn\u201c - Folkrock mit Herz &amp; Hirn","og_url":"https:\/\/www.naturparkmagazin.de\/schwaebisch-fraenkischer-wald\/wendrsonn-folkrock-mit-herz-hirn\/","og_site_name":"Naturpark Schw\u00e4bisch-Fr\u00e4nkischer Wald","article_author":"https:\/\/www.facebook.com\/naturparkSFW","article_published_time":"2014-09-19T10:03:49+00:00","article_modified_time":"2014-09-29T11:11:37+00:00","og_image":[{"width":525,"height":350,"url":"https:\/\/www.naturparkmagazin.de\/schwaebisch-fraenkischer-wald\/wp-content\/uploads\/sites\/34\/2014_SAV_Wendrsonn_k.jpg","type":"image\/jpeg"}],"author":"Naturpark-Team","twitter_misc":{"Verfasst von":"Naturpark-Team","Gesch\u00e4tzte Lesezeit":"1\u00a0Minute"},"schema":{"@context":"https:\/\/schema.org","@graph":[{"@type":"WebPage","@id":"https:\/\/www.naturparkmagazin.de\/schwaebisch-fraenkischer-wald\/wendrsonn-folkrock-mit-herz-hirn\/","url":"https:\/\/www.naturparkmagazin.de\/schwaebisch-fraenkischer-wald\/wendrsonn-folkrock-mit-herz-hirn\/","name":"\u201eWendrsonn\u201c - Folkrock mit Herz &amp; Hirn - Naturpark Schw\u00e4bisch-Fr\u00e4nkischer Wald","isPartOf":{"@id":"https:\/\/www.naturparkmagazin.de\/schwaebisch-fraenkischer-wald\/#website"},"datePublished":"2014-09-19T10:03:49+00:00","dateModified":"2014-09-29T11:11:37+00:00","author":{"@id":"https:\/\/www.naturparkmagazin.de\/schwaebisch-fraenkischer-wald\/#\/schema\/person\/f047a3702ae747fd7830cf8ac95e6066"},"breadcrumb":{"@id":"https:\/\/www.naturparkmagazin.de\/schwaebisch-fraenkischer-wald\/wendrsonn-folkrock-mit-herz-hirn\/#breadcrumb"},"inLanguage":"de","potentialAction":[{"@type":"ReadAction","target":["https:\/\/www.naturparkmagazin.de\/schwaebisch-fraenkischer-wald\/wendrsonn-folkrock-mit-herz-hirn\/"]}]},{"@type":"BreadcrumbList","@id":"https:\/\/www.naturparkmagazin.de\/schwaebisch-fraenkischer-wald\/wendrsonn-folkrock-mit-herz-hirn\/#breadcrumb","itemListElement":[{"@type":"ListItem","position":1,"name":"Home","item":"https:\/\/www.naturparkmagazin.de\/schwaebisch-fraenkischer-wald\/"},{"@type":"ListItem","position":2,"name":"\u201eWendrsonn\u201c &#8211; Folkrock mit Herz &amp; Hirn"}]},{"@type":"WebSite","@id":"https:\/\/www.naturparkmagazin.de\/schwaebisch-fraenkischer-wald\/#website","url":"https:\/\/www.naturparkmagazin.de\/schwaebisch-fraenkischer-wald\/","name":"Naturpark Schw\u00e4bisch-Fr\u00e4nkischer Wald","description":"","potentialAction":[{"@type":"SearchAction","target":{"@type":"EntryPoint","urlTemplate":"https:\/\/www.naturparkmagazin.de\/schwaebisch-fraenkischer-wald\/?s={search_term_string}"},"query-input":"required name=search_term_string"}],"inLanguage":"de"},{"@type":"Person","@id":"https:\/\/www.naturparkmagazin.de\/schwaebisch-fraenkischer-wald\/#\/schema\/person\/f047a3702ae747fd7830cf8ac95e6066","name":"Naturpark-Team","sameAs":["http:\/\/www.naturpark-sfw.de","https:\/\/www.facebook.com\/naturparkSFW"],"url":"https:\/\/www.naturparkmagazin.de\/schwaebisch-fraenkischer-wald\/author\/bernharddrixler\/"}]}},"_links":{"self":[{"href":"https:\/\/www.naturparkmagazin.de\/schwaebisch-fraenkischer-wald\/wp-json\/wp\/v2\/posts\/1147"}],"collection":[{"href":"https:\/\/www.naturparkmagazin.de\/schwaebisch-fraenkischer-wald\/wp-json\/wp\/v2\/posts"}],"about":[{"href":"https:\/\/www.naturparkmagazin.de\/schwaebisch-fraenkischer-wald\/wp-json\/wp\/v2\/types\/post"}],"author":[{"embeddable":true,"href":"https:\/\/www.naturparkmagazin.de\/schwaebisch-fraenkischer-wald\/wp-json\/wp\/v2\/users\/25"}],"replies":[{"embeddable":true,"href":"https:\/\/www.naturparkmagazin.de\/schwaebisch-fraenkischer-wald\/wp-json\/wp\/v2\/comments?post=1147"}],"version-history":[{"count":3,"href":"https:\/\/www.naturparkmagazin.de\/schwaebisch-fraenkischer-wald\/wp-json\/wp\/v2\/posts\/1147\/revisions"}],"predecessor-version":[{"id":1151,"href":"https:\/\/www.naturparkmagazin.de\/schwaebisch-fraenkischer-wald\/wp-json\/wp\/v2\/posts\/1147\/revisions\/1151"}],"wp:featuredmedia":[{"embeddable":true,"href":"https:\/\/www.naturparkmagazin.de\/schwaebisch-fraenkischer-wald\/wp-json\/wp\/v2\/media\/1149"}],"wp:attachment":[{"href":"https:\/\/www.naturparkmagazin.de\/schwaebisch-fraenkischer-wald\/wp-json\/wp\/v2\/media?parent=1147"}],"wp:term":[{"taxonomy":"category","embeddable":true,"href":"https:\/\/www.naturparkmagazin.de\/schwaebisch-fraenkischer-wald\/wp-json\/wp\/v2\/categories?post=1147"},{"taxonomy":"post_tag","embeddable":true,"href":"https:\/\/www.naturparkmagazin.de\/schwaebisch-fraenkischer-wald\/wp-json\/wp\/v2\/tags?post=1147"}],"curies":[{"name":"wp","href":"https:\/\/api.w.org\/{rel}","templated":true}]}}