{"id":11738,"date":"2022-11-15T13:51:24","date_gmt":"2022-11-15T12:51:24","guid":{"rendered":"https:\/\/www.naturparkmagazin.de\/schwaebisch-fraenkischer-wald\/?p=11738"},"modified":"2022-11-15T13:52:02","modified_gmt":"2022-11-15T12:52:02","slug":"das-naturpark-weihnachtslaedle-oeffnet-wieder-seine-tueren","status":"publish","type":"post","link":"https:\/\/www.naturparkmagazin.de\/schwaebisch-fraenkischer-wald\/das-naturpark-weihnachtslaedle-oeffnet-wieder-seine-tueren\/","title":{"rendered":"Das Naturpark-Weihnachtsl\u00e4dle \u00f6ffnet wieder seine T\u00fcren"},"content":{"rendered":"<p>&nbsp;<\/p>\n<div id=\"attachment_11740\" style=\"width: 310px\" class=\"wp-caption aligncenter\"><a href=\"https:\/\/www.naturparkmagazin.de\/schwaebisch-fraenkischer-wald\/wp-content\/uploads\/sites\/34\/Neuigkeiten_Weihnachtsl\u00e4dle_300x500.jpg\"><img aria-describedby=\"caption-attachment-11740\" decoding=\"async\" loading=\"lazy\" class=\"size-full wp-image-11740\" src=\"https:\/\/www.naturparkmagazin.de\/schwaebisch-fraenkischer-wald\/wp-content\/uploads\/sites\/34\/Neuigkeiten_Weihnachtsl\u00e4dle_300x500.jpg\" alt=\"\u00a9 Naturpark SFW Archiv\" width=\"300\" height=\"425\" srcset=\"https:\/\/www.naturparkmagazin.de\/schwaebisch-fraenkischer-wald\/wp-content\/uploads\/sites\/34\/Neuigkeiten_Weihnachtsl\u00e4dle_300x500.jpg 300w, https:\/\/www.naturparkmagazin.de\/schwaebisch-fraenkischer-wald\/wp-content\/uploads\/sites\/34\/Neuigkeiten_Weihnachtsl\u00e4dle_300x500-200x283.jpg 200w\" sizes=\"(max-width: 300px) 100vw, 300px\" \/><\/a><p id=\"caption-attachment-11740\" class=\"wp-caption-text\">\u00a9 Naturpark SFW Archiv<\/p><\/div>\n<p>Zum Weihnachtsmarkt in Murrhardt am <strong>3. Dezember<\/strong> wird das Weihnachtsl\u00e4dle im Naturparkzentrum wieder er\u00f6ffnet. Bis zum 23. Dezember zeigen und verkaufen rund 20 Direktvermarkter:innen und Kunsthandwerker:innen aus dem Naturpark Schw\u00e4bisch-Fr\u00e4nkischer Wald eine Auswahl ihrer Produkte. Von Honig, Destillaten, Fruchtaufstrichen und Linsen, \u00fcber Seifen und T\u00f6pferwaren bis zu Gen\u00e4htem und Gefilztem, K\u00f6rben und B\u00fcrsten. Alle Waren werden im Naturpark liebevoll produziert. Die Hersteller:innen sind abwechselnd vor Ort und pr\u00e4sentieren ihre Erzeugnisse. Im stimmungsvoll dekorierten Weihnachtsl\u00e4dle finden Sie ganz besondere Geschenkideen!<\/p>\n<p>\u00d6ffnungszeiten des Naturpark-Weihnachtsl\u00e4dle:<\/p>\n<p><strong>Montag, Dienstag und Donnerstag 9.30 bis 12.30 Uhr sowie 14.00 bis 16.00 Uhr<\/strong><\/p>\n<p><strong>Freitag 9.30 bis 12.30 Uhr<\/strong><\/p>\n<p><strong>Samstag 10.00 bis 13.00 Uhr<\/strong><\/p>\n<p>Adresse:<\/p>\n<p>Naturparkzentrum<\/p>\n<p>Marktplatz 8,\u00a073614 Murrhardt<\/p>\n<p><strong>Das besondere Extra in diesem Jahr:<\/strong> \u00dcber die <a href=\"https:\/\/www.facebook.com\/naturparkSFW\">Facebook-Seite<\/a> des Naturparks gibt es in diesem Jahr einen <strong>Adventskalender<\/strong>. An jedem Adventswochenende gibt es hier sch\u00f6ne Preise aus dem Weihnachtsl\u00e4dle zu gewinnen. Reinschauen lohnt sich!<\/p>\n<p><a href=\"https:\/\/www.facebook.com\/naturparkSFW\">Naturpark Schw\u00e4bisch-Fr\u00e4nkischer Wald | Murrhardt | Facebook<\/a><\/p>\n<p>&nbsp;<\/p>\n","protected":false},"excerpt":{"rendered":"<p>Das kleine, aber feine Weihnachtsl\u00e4dle \u2013 Handgemachtes aus dem Naturpark. <\/p>\n","protected":false},"author":25,"featured_media":11739,"comment_status":"open","ping_status":"open","sticky":false,"template":"","format":"standard","meta":[],"categories":[7],"tags":[],"yoast_head":"<!-- This site is optimized with the Yoast SEO plugin v19.10 - https:\/\/yoast.com\/wordpress\/plugins\/seo\/ -->\n<title>Das Naturpark-Weihnachtsl\u00e4dle \u00f6ffnet wieder seine T\u00fcren - Naturpark Schw\u00e4bisch-Fr\u00e4nkischer Wald<\/title>\n<meta name=\"robots\" content=\"index, follow, max-snippet:-1, max-image-preview:large, max-video-preview:-1\" \/>\n<link rel=\"canonical\" href=\"https:\/\/www.naturparkmagazin.de\/schwaebisch-fraenkischer-wald\/das-naturpark-weihnachtslaedle-oeffnet-wieder-seine-tueren\/\" \/>\n<meta property=\"og:locale\" content=\"de_DE\" \/>\n<meta property=\"og:type\" content=\"article\" \/>\n<meta property=\"og:title\" content=\"Das Naturpark-Weihnachtsl\u00e4dle \u00f6ffnet wieder seine T\u00fcren - Naturpark Schw\u00e4bisch-Fr\u00e4nkischer Wald\" \/>\n<meta property=\"og:description\" content=\"Das kleine, aber feine Weihnachtsl\u00e4dle \u2013 Handgemachtes aus dem Naturpark.\" \/>\n<meta property=\"og:url\" content=\"https:\/\/www.naturparkmagazin.de\/schwaebisch-fraenkischer-wald\/das-naturpark-weihnachtslaedle-oeffnet-wieder-seine-tueren\/\" \/>\n<meta property=\"og:site_name\" content=\"Naturpark Schw\u00e4bisch-Fr\u00e4nkischer Wald\" \/>\n<meta property=\"article:author\" content=\"https:\/\/www.facebook.com\/naturparkSFW\" \/>\n<meta property=\"article:published_time\" content=\"2022-11-15T12:51:24+00:00\" \/>\n<meta property=\"article:modified_time\" content=\"2022-11-15T12:52:02+00:00\" \/>\n<meta property=\"og:image\" content=\"https:\/\/www.naturparkmagazin.de\/schwaebisch-fraenkischer-wald\/wp-content\/uploads\/sites\/34\/Neuigkeiten_Weihnachtsl\u00e4dle_200x200.jpg\" \/>\n\t<meta property=\"og:image:width\" content=\"200\" \/>\n\t<meta property=\"og:image:height\" content=\"200\" \/>\n\t<meta property=\"og:image:type\" content=\"image\/jpeg\" \/>\n<meta name=\"author\" content=\"Naturpark-Team\" \/>\n<meta name=\"twitter:label1\" content=\"Verfasst von\" \/>\n\t<meta name=\"twitter:data1\" content=\"Naturpark-Team\" \/>\n\t<meta name=\"twitter:label2\" content=\"Gesch\u00e4tzte Lesezeit\" \/>\n\t<meta name=\"twitter:data2\" content=\"1\u00a0Minute\" \/>\n<script type=\"application\/ld+json\" class=\"yoast-schema-graph\">{\"@context\":\"https:\/\/schema.org\",\"@graph\":[{\"@type\":\"WebPage\",\"@id\":\"https:\/\/www.naturparkmagazin.de\/schwaebisch-fraenkischer-wald\/das-naturpark-weihnachtslaedle-oeffnet-wieder-seine-tueren\/\",\"url\":\"https:\/\/www.naturparkmagazin.de\/schwaebisch-fraenkischer-wald\/das-naturpark-weihnachtslaedle-oeffnet-wieder-seine-tueren\/\",\"name\":\"Das Naturpark-Weihnachtsl\u00e4dle \u00f6ffnet wieder seine T\u00fcren - Naturpark Schw\u00e4bisch-Fr\u00e4nkischer Wald\",\"isPartOf\":{\"@id\":\"https:\/\/www.naturparkmagazin.de\/schwaebisch-fraenkischer-wald\/#website\"},\"datePublished\":\"2022-11-15T12:51:24+00:00\",\"dateModified\":\"2022-11-15T12:52:02+00:00\",\"author\":{\"@id\":\"https:\/\/www.naturparkmagazin.de\/schwaebisch-fraenkischer-wald\/#\/schema\/person\/f047a3702ae747fd7830cf8ac95e6066\"},\"breadcrumb\":{\"@id\":\"https:\/\/www.naturparkmagazin.de\/schwaebisch-fraenkischer-wald\/das-naturpark-weihnachtslaedle-oeffnet-wieder-seine-tueren\/#breadcrumb\"},\"inLanguage\":\"de\",\"potentialAction\":[{\"@type\":\"ReadAction\",\"target\":[\"https:\/\/www.naturparkmagazin.de\/schwaebisch-fraenkischer-wald\/das-naturpark-weihnachtslaedle-oeffnet-wieder-seine-tueren\/\"]}]},{\"@type\":\"BreadcrumbList\",\"@id\":\"https:\/\/www.naturparkmagazin.de\/schwaebisch-fraenkischer-wald\/das-naturpark-weihnachtslaedle-oeffnet-wieder-seine-tueren\/#breadcrumb\",\"itemListElement\":[{\"@type\":\"ListItem\",\"position\":1,\"name\":\"Home\",\"item\":\"https:\/\/www.naturparkmagazin.de\/schwaebisch-fraenkischer-wald\/\"},{\"@type\":\"ListItem\",\"position\":2,\"name\":\"Das Naturpark-Weihnachtsl\u00e4dle \u00f6ffnet wieder seine T\u00fcren\"}]},{\"@type\":\"WebSite\",\"@id\":\"https:\/\/www.naturparkmagazin.de\/schwaebisch-fraenkischer-wald\/#website\",\"url\":\"https:\/\/www.naturparkmagazin.de\/schwaebisch-fraenkischer-wald\/\",\"name\":\"Naturpark Schw\u00e4bisch-Fr\u00e4nkischer Wald\",\"description\":\"\",\"potentialAction\":[{\"@type\":\"SearchAction\",\"target\":{\"@type\":\"EntryPoint\",\"urlTemplate\":\"https:\/\/www.naturparkmagazin.de\/schwaebisch-fraenkischer-wald\/?s={search_term_string}\"},\"query-input\":\"required name=search_term_string\"}],\"inLanguage\":\"de\"},{\"@type\":\"Person\",\"@id\":\"https:\/\/www.naturparkmagazin.de\/schwaebisch-fraenkischer-wald\/#\/schema\/person\/f047a3702ae747fd7830cf8ac95e6066\",\"name\":\"Naturpark-Team\",\"sameAs\":[\"http:\/\/www.naturpark-sfw.de\",\"https:\/\/www.facebook.com\/naturparkSFW\"],\"url\":\"https:\/\/www.naturparkmagazin.de\/schwaebisch-fraenkischer-wald\/author\/bernharddrixler\/\"}]}<\/script>\n<!-- \/ Yoast SEO plugin. -->","yoast_head_json":{"title":"Das Naturpark-Weihnachtsl\u00e4dle \u00f6ffnet wieder seine T\u00fcren - Naturpark Schw\u00e4bisch-Fr\u00e4nkischer Wald","robots":{"index":"index","follow":"follow","max-snippet":"max-snippet:-1","max-image-preview":"max-image-preview:large","max-video-preview":"max-video-preview:-1"},"canonical":"https:\/\/www.naturparkmagazin.de\/schwaebisch-fraenkischer-wald\/das-naturpark-weihnachtslaedle-oeffnet-wieder-seine-tueren\/","og_locale":"de_DE","og_type":"article","og_title":"Das Naturpark-Weihnachtsl\u00e4dle \u00f6ffnet wieder seine T\u00fcren - Naturpark Schw\u00e4bisch-Fr\u00e4nkischer Wald","og_description":"Das kleine, aber feine Weihnachtsl\u00e4dle \u2013 Handgemachtes aus dem Naturpark.","og_url":"https:\/\/www.naturparkmagazin.de\/schwaebisch-fraenkischer-wald\/das-naturpark-weihnachtslaedle-oeffnet-wieder-seine-tueren\/","og_site_name":"Naturpark Schw\u00e4bisch-Fr\u00e4nkischer Wald","article_author":"https:\/\/www.facebook.com\/naturparkSFW","article_published_time":"2022-11-15T12:51:24+00:00","article_modified_time":"2022-11-15T12:52:02+00:00","og_image":[{"width":200,"height":200,"url":"https:\/\/www.naturparkmagazin.de\/schwaebisch-fraenkischer-wald\/wp-content\/uploads\/sites\/34\/Neuigkeiten_Weihnachtsl\u00e4dle_200x200.jpg","type":"image\/jpeg"}],"author":"Naturpark-Team","twitter_misc":{"Verfasst von":"Naturpark-Team","Gesch\u00e4tzte Lesezeit":"1\u00a0Minute"},"schema":{"@context":"https:\/\/schema.org","@graph":[{"@type":"WebPage","@id":"https:\/\/www.naturparkmagazin.de\/schwaebisch-fraenkischer-wald\/das-naturpark-weihnachtslaedle-oeffnet-wieder-seine-tueren\/","url":"https:\/\/www.naturparkmagazin.de\/schwaebisch-fraenkischer-wald\/das-naturpark-weihnachtslaedle-oeffnet-wieder-seine-tueren\/","name":"Das Naturpark-Weihnachtsl\u00e4dle \u00f6ffnet wieder seine T\u00fcren - Naturpark Schw\u00e4bisch-Fr\u00e4nkischer Wald","isPartOf":{"@id":"https:\/\/www.naturparkmagazin.de\/schwaebisch-fraenkischer-wald\/#website"},"datePublished":"2022-11-15T12:51:24+00:00","dateModified":"2022-11-15T12:52:02+00:00","author":{"@id":"https:\/\/www.naturparkmagazin.de\/schwaebisch-fraenkischer-wald\/#\/schema\/person\/f047a3702ae747fd7830cf8ac95e6066"},"breadcrumb":{"@id":"https:\/\/www.naturparkmagazin.de\/schwaebisch-fraenkischer-wald\/das-naturpark-weihnachtslaedle-oeffnet-wieder-seine-tueren\/#breadcrumb"},"inLanguage":"de","potentialAction":[{"@type":"ReadAction","target":["https:\/\/www.naturparkmagazin.de\/schwaebisch-fraenkischer-wald\/das-naturpark-weihnachtslaedle-oeffnet-wieder-seine-tueren\/"]}]},{"@type":"BreadcrumbList","@id":"https:\/\/www.naturparkmagazin.de\/schwaebisch-fraenkischer-wald\/das-naturpark-weihnachtslaedle-oeffnet-wieder-seine-tueren\/#breadcrumb","itemListElement":[{"@type":"ListItem","position":1,"name":"Home","item":"https:\/\/www.naturparkmagazin.de\/schwaebisch-fraenkischer-wald\/"},{"@type":"ListItem","position":2,"name":"Das Naturpark-Weihnachtsl\u00e4dle \u00f6ffnet wieder seine T\u00fcren"}]},{"@type":"WebSite","@id":"https:\/\/www.naturparkmagazin.de\/schwaebisch-fraenkischer-wald\/#website","url":"https:\/\/www.naturparkmagazin.de\/schwaebisch-fraenkischer-wald\/","name":"Naturpark Schw\u00e4bisch-Fr\u00e4nkischer Wald","description":"","potentialAction":[{"@type":"SearchAction","target":{"@type":"EntryPoint","urlTemplate":"https:\/\/www.naturparkmagazin.de\/schwaebisch-fraenkischer-wald\/?s={search_term_string}"},"query-input":"required name=search_term_string"}],"inLanguage":"de"},{"@type":"Person","@id":"https:\/\/www.naturparkmagazin.de\/schwaebisch-fraenkischer-wald\/#\/schema\/person\/f047a3702ae747fd7830cf8ac95e6066","name":"Naturpark-Team","sameAs":["http:\/\/www.naturpark-sfw.de","https:\/\/www.facebook.com\/naturparkSFW"],"url":"https:\/\/www.naturparkmagazin.de\/schwaebisch-fraenkischer-wald\/author\/bernharddrixler\/"}]}},"_links":{"self":[{"href":"https:\/\/www.naturparkmagazin.de\/schwaebisch-fraenkischer-wald\/wp-json\/wp\/v2\/posts\/11738"}],"collection":[{"href":"https:\/\/www.naturparkmagazin.de\/schwaebisch-fraenkischer-wald\/wp-json\/wp\/v2\/posts"}],"about":[{"href":"https:\/\/www.naturparkmagazin.de\/schwaebisch-fraenkischer-wald\/wp-json\/wp\/v2\/types\/post"}],"author":[{"embeddable":true,"href":"https:\/\/www.naturparkmagazin.de\/schwaebisch-fraenkischer-wald\/wp-json\/wp\/v2\/users\/25"}],"replies":[{"embeddable":true,"href":"https:\/\/www.naturparkmagazin.de\/schwaebisch-fraenkischer-wald\/wp-json\/wp\/v2\/comments?post=11738"}],"version-history":[{"count":2,"href":"https:\/\/www.naturparkmagazin.de\/schwaebisch-fraenkischer-wald\/wp-json\/wp\/v2\/posts\/11738\/revisions"}],"predecessor-version":[{"id":11742,"href":"https:\/\/www.naturparkmagazin.de\/schwaebisch-fraenkischer-wald\/wp-json\/wp\/v2\/posts\/11738\/revisions\/11742"}],"wp:featuredmedia":[{"embeddable":true,"href":"https:\/\/www.naturparkmagazin.de\/schwaebisch-fraenkischer-wald\/wp-json\/wp\/v2\/media\/11739"}],"wp:attachment":[{"href":"https:\/\/www.naturparkmagazin.de\/schwaebisch-fraenkischer-wald\/wp-json\/wp\/v2\/media?parent=11738"}],"wp:term":[{"taxonomy":"category","embeddable":true,"href":"https:\/\/www.naturparkmagazin.de\/schwaebisch-fraenkischer-wald\/wp-json\/wp\/v2\/categories?post=11738"},{"taxonomy":"post_tag","embeddable":true,"href":"https:\/\/www.naturparkmagazin.de\/schwaebisch-fraenkischer-wald\/wp-json\/wp\/v2\/tags?post=11738"}],"curies":[{"name":"wp","href":"https:\/\/api.w.org\/{rel}","templated":true}]}}