{"id":11775,"date":"2022-11-15T09:51:35","date_gmt":"2022-11-15T08:51:35","guid":{"rendered":"https:\/\/www.naturparkmagazin.de\/schwaebisch-fraenkischer-wald\/?p=11775"},"modified":"2022-11-16T09:58:10","modified_gmt":"2022-11-16T08:58:10","slug":"winterwandern-mit-q-vadis-sicher-ans-ziel","status":"publish","type":"post","link":"https:\/\/www.naturparkmagazin.de\/schwaebisch-fraenkischer-wald\/winterwandern-mit-q-vadis-sicher-ans-ziel\/","title":{"rendered":"Winterwandern mit Q-vadis, sicher ans Ziel!"},"content":{"rendered":"<div id=\"attachment_11776\" style=\"width: 510px\" class=\"wp-caption aligncenter\"><a href=\"https:\/\/www.naturparkmagazin.de\/schwaebisch-fraenkischer-wald\/wp-content\/uploads\/sites\/34\/221116_Q-vadis_navigation500x300.png\"><img aria-describedby=\"caption-attachment-11776\" decoding=\"async\" loading=\"lazy\" class=\"size-full wp-image-11776\" src=\"https:\/\/www.naturparkmagazin.de\/schwaebisch-fraenkischer-wald\/wp-content\/uploads\/sites\/34\/221116_Q-vadis_navigation500x300.png\" alt=\"\u00a9 Naturpark SFW Archiv \" width=\"500\" height=\"263\" srcset=\"https:\/\/www.naturparkmagazin.de\/schwaebisch-fraenkischer-wald\/wp-content\/uploads\/sites\/34\/221116_Q-vadis_navigation500x300.png 500w, https:\/\/www.naturparkmagazin.de\/schwaebisch-fraenkischer-wald\/wp-content\/uploads\/sites\/34\/221116_Q-vadis_navigation500x300-300x158.png 300w, https:\/\/www.naturparkmagazin.de\/schwaebisch-fraenkischer-wald\/wp-content\/uploads\/sites\/34\/221116_Q-vadis_navigation500x300-200x105.png 200w\" sizes=\"(max-width: 500px) 100vw, 500px\" \/><\/a><p id=\"caption-attachment-11776\" class=\"wp-caption-text\">\u00a9 Naturpark SFW Archiv<\/p><\/div>\n<p><span>Wer wandert nutzt in unserer Zeit h\u00e4ufig digitale Unterst\u00fctzung. Q-vadis, das digitale <\/span><span>Tourenportal<\/span><span>\u00a0vom Naturpark Schw\u00e4bisch-Fr\u00e4nkischem Wald, Schw\u00e4bischer Wald Tourismus (SWT) und Rems-Murr-Kreis bietet nun eine neue Funktion. Nicht nur, dass die dort hinterlegten Wege qualit\u00e4tsgepr\u00fcft sind<\/span><span>,<\/span><span>\u00a0es steht ab sofort eine Navigationsfunktion zur <\/span><span>V<\/span><span>er<\/span><span>f\u00fcgung<\/span><span>.<\/span><span>\u00a0<\/span><\/p>\n<p><span>Dies funktioniert sogar ohne App direkt aus dem Internet heraus \u00fcber die Seite <\/span><a href=\"http:\/\/q-vadis-schwaebischerwald.com\"><span><span>Schw\u00e4bischer Wald &#8211; Karte &#8211; Q-vadis (q-vadis-schwaebischerwald.com).<\/span><\/span><\/a><span> Es ist lediglich eine Internetverbindung erforderlich, wenn man drau\u00dfen unterwegs ist.<\/span><span>\u00a0<\/span><\/p>\n<p><span>Alternativ lassen sich die Routen auch als gpx-Track herunterladen, um in einem eigenen Navigationsger\u00e4t genutzt zu werden oder die Nutzer<\/span><span>:innen<\/span><span> wechseln aus Q-vadis heraus auf Outdooractive. \u201cMit dieser g\u00e4ngigen Wander-App f\u00fcr das Smartphone lassen sich die digitalen Routen auch ohne Internetverbindung nutzen.\u201d sagt Jasmin Kotrba, Projektmanagerin beim Naturpark.<\/span><span>\u00a0<\/span><\/p>\n<p><span>\u201cDamit wird Winterwandern im Schw\u00e4bischen Wald zu einer sicheren Sache, auch wenn die Beschilderung im Schnee nicht sichtbar sein sollte.\u201d erg\u00e4nzt Barbara Schunter, Gesch\u00e4ftsf\u00fchrerin von (SWT).<\/span><span>\u00a0<\/span><\/p>\n<p><span>\u201cDamit jedoch auch ohne Schnee die Qualit\u00e4t des Wanderleitsystems in der Fl\u00e4che immer besser wird, bem\u00fchen wir uns, die Pflege der Beschilderung vor Ort Schritt f\u00fcr Schritt zu verbessern.\u201d so die abschlie\u00dfende Stellungnahme von Jasmin Kotrba zu den weiteren Planungen.<\/span><span>\u00a0<\/span><\/p>\n<p>Wir w\u00fcnschen Ihnen viel Spa\u00df beim Erkunden des Naturparks!<\/p>\n","protected":false},"excerpt":{"rendered":"<p>Neue Navigationsfunktion im Touorenportal &#8222;Q-vadis&#8220;. <\/p>\n","protected":false},"author":25,"featured_media":11777,"comment_status":"open","ping_status":"open","sticky":false,"template":"","format":"standard","meta":[],"categories":[7],"tags":[],"yoast_head":"<!-- This site is optimized with the Yoast SEO plugin v19.10 - https:\/\/yoast.com\/wordpress\/plugins\/seo\/ -->\n<title>Winterwandern mit Q-vadis, sicher ans Ziel! - Naturpark Schw\u00e4bisch-Fr\u00e4nkischer Wald<\/title>\n<meta name=\"robots\" content=\"index, follow, max-snippet:-1, max-image-preview:large, max-video-preview:-1\" \/>\n<link rel=\"canonical\" href=\"https:\/\/www.naturparkmagazin.de\/schwaebisch-fraenkischer-wald\/winterwandern-mit-q-vadis-sicher-ans-ziel\/\" \/>\n<meta property=\"og:locale\" content=\"de_DE\" \/>\n<meta property=\"og:type\" content=\"article\" \/>\n<meta property=\"og:title\" content=\"Winterwandern mit Q-vadis, sicher ans Ziel! - Naturpark Schw\u00e4bisch-Fr\u00e4nkischer Wald\" \/>\n<meta property=\"og:description\" content=\"Neue Navigationsfunktion im Touorenportal &quot;Q-vadis&quot;.\" \/>\n<meta property=\"og:url\" content=\"https:\/\/www.naturparkmagazin.de\/schwaebisch-fraenkischer-wald\/winterwandern-mit-q-vadis-sicher-ans-ziel\/\" \/>\n<meta property=\"og:site_name\" content=\"Naturpark Schw\u00e4bisch-Fr\u00e4nkischer Wald\" \/>\n<meta property=\"article:author\" content=\"https:\/\/www.facebook.com\/naturparkSFW\" \/>\n<meta property=\"article:published_time\" content=\"2022-11-15T08:51:35+00:00\" \/>\n<meta property=\"article:modified_time\" content=\"2022-11-16T08:58:10+00:00\" \/>\n<meta property=\"og:image\" content=\"https:\/\/www.naturparkmagazin.de\/schwaebisch-fraenkischer-wald\/wp-content\/uploads\/sites\/34\/221116_Q-vadis_navigation200x200.png\" \/>\n\t<meta property=\"og:image:width\" content=\"200\" \/>\n\t<meta property=\"og:image:height\" content=\"200\" \/>\n\t<meta property=\"og:image:type\" content=\"image\/png\" \/>\n<meta name=\"author\" content=\"Naturpark-Team\" \/>\n<meta name=\"twitter:label1\" content=\"Verfasst von\" \/>\n\t<meta name=\"twitter:data1\" content=\"Naturpark-Team\" \/>\n\t<meta name=\"twitter:label2\" content=\"Gesch\u00e4tzte Lesezeit\" \/>\n\t<meta name=\"twitter:data2\" content=\"1\u00a0Minute\" \/>\n<script type=\"application\/ld+json\" class=\"yoast-schema-graph\">{\"@context\":\"https:\/\/schema.org\",\"@graph\":[{\"@type\":\"WebPage\",\"@id\":\"https:\/\/www.naturparkmagazin.de\/schwaebisch-fraenkischer-wald\/winterwandern-mit-q-vadis-sicher-ans-ziel\/\",\"url\":\"https:\/\/www.naturparkmagazin.de\/schwaebisch-fraenkischer-wald\/winterwandern-mit-q-vadis-sicher-ans-ziel\/\",\"name\":\"Winterwandern mit Q-vadis, sicher ans Ziel! - Naturpark Schw\u00e4bisch-Fr\u00e4nkischer Wald\",\"isPartOf\":{\"@id\":\"https:\/\/www.naturparkmagazin.de\/schwaebisch-fraenkischer-wald\/#website\"},\"datePublished\":\"2022-11-15T08:51:35+00:00\",\"dateModified\":\"2022-11-16T08:58:10+00:00\",\"author\":{\"@id\":\"https:\/\/www.naturparkmagazin.de\/schwaebisch-fraenkischer-wald\/#\/schema\/person\/f047a3702ae747fd7830cf8ac95e6066\"},\"breadcrumb\":{\"@id\":\"https:\/\/www.naturparkmagazin.de\/schwaebisch-fraenkischer-wald\/winterwandern-mit-q-vadis-sicher-ans-ziel\/#breadcrumb\"},\"inLanguage\":\"de\",\"potentialAction\":[{\"@type\":\"ReadAction\",\"target\":[\"https:\/\/www.naturparkmagazin.de\/schwaebisch-fraenkischer-wald\/winterwandern-mit-q-vadis-sicher-ans-ziel\/\"]}]},{\"@type\":\"BreadcrumbList\",\"@id\":\"https:\/\/www.naturparkmagazin.de\/schwaebisch-fraenkischer-wald\/winterwandern-mit-q-vadis-sicher-ans-ziel\/#breadcrumb\",\"itemListElement\":[{\"@type\":\"ListItem\",\"position\":1,\"name\":\"Home\",\"item\":\"https:\/\/www.naturparkmagazin.de\/schwaebisch-fraenkischer-wald\/\"},{\"@type\":\"ListItem\",\"position\":2,\"name\":\"Winterwandern mit Q-vadis, sicher ans Ziel!\"}]},{\"@type\":\"WebSite\",\"@id\":\"https:\/\/www.naturparkmagazin.de\/schwaebisch-fraenkischer-wald\/#website\",\"url\":\"https:\/\/www.naturparkmagazin.de\/schwaebisch-fraenkischer-wald\/\",\"name\":\"Naturpark Schw\u00e4bisch-Fr\u00e4nkischer Wald\",\"description\":\"\",\"potentialAction\":[{\"@type\":\"SearchAction\",\"target\":{\"@type\":\"EntryPoint\",\"urlTemplate\":\"https:\/\/www.naturparkmagazin.de\/schwaebisch-fraenkischer-wald\/?s={search_term_string}\"},\"query-input\":\"required name=search_term_string\"}],\"inLanguage\":\"de\"},{\"@type\":\"Person\",\"@id\":\"https:\/\/www.naturparkmagazin.de\/schwaebisch-fraenkischer-wald\/#\/schema\/person\/f047a3702ae747fd7830cf8ac95e6066\",\"name\":\"Naturpark-Team\",\"sameAs\":[\"http:\/\/www.naturpark-sfw.de\",\"https:\/\/www.facebook.com\/naturparkSFW\"],\"url\":\"https:\/\/www.naturparkmagazin.de\/schwaebisch-fraenkischer-wald\/author\/bernharddrixler\/\"}]}<\/script>\n<!-- \/ Yoast SEO plugin. -->","yoast_head_json":{"title":"Winterwandern mit Q-vadis, sicher ans Ziel! - Naturpark Schw\u00e4bisch-Fr\u00e4nkischer Wald","robots":{"index":"index","follow":"follow","max-snippet":"max-snippet:-1","max-image-preview":"max-image-preview:large","max-video-preview":"max-video-preview:-1"},"canonical":"https:\/\/www.naturparkmagazin.de\/schwaebisch-fraenkischer-wald\/winterwandern-mit-q-vadis-sicher-ans-ziel\/","og_locale":"de_DE","og_type":"article","og_title":"Winterwandern mit Q-vadis, sicher ans Ziel! - Naturpark Schw\u00e4bisch-Fr\u00e4nkischer Wald","og_description":"Neue Navigationsfunktion im Touorenportal \"Q-vadis\".","og_url":"https:\/\/www.naturparkmagazin.de\/schwaebisch-fraenkischer-wald\/winterwandern-mit-q-vadis-sicher-ans-ziel\/","og_site_name":"Naturpark Schw\u00e4bisch-Fr\u00e4nkischer Wald","article_author":"https:\/\/www.facebook.com\/naturparkSFW","article_published_time":"2022-11-15T08:51:35+00:00","article_modified_time":"2022-11-16T08:58:10+00:00","og_image":[{"width":200,"height":200,"url":"https:\/\/www.naturparkmagazin.de\/schwaebisch-fraenkischer-wald\/wp-content\/uploads\/sites\/34\/221116_Q-vadis_navigation200x200.png","type":"image\/png"}],"author":"Naturpark-Team","twitter_misc":{"Verfasst von":"Naturpark-Team","Gesch\u00e4tzte Lesezeit":"1\u00a0Minute"},"schema":{"@context":"https:\/\/schema.org","@graph":[{"@type":"WebPage","@id":"https:\/\/www.naturparkmagazin.de\/schwaebisch-fraenkischer-wald\/winterwandern-mit-q-vadis-sicher-ans-ziel\/","url":"https:\/\/www.naturparkmagazin.de\/schwaebisch-fraenkischer-wald\/winterwandern-mit-q-vadis-sicher-ans-ziel\/","name":"Winterwandern mit Q-vadis, sicher ans Ziel! - Naturpark Schw\u00e4bisch-Fr\u00e4nkischer Wald","isPartOf":{"@id":"https:\/\/www.naturparkmagazin.de\/schwaebisch-fraenkischer-wald\/#website"},"datePublished":"2022-11-15T08:51:35+00:00","dateModified":"2022-11-16T08:58:10+00:00","author":{"@id":"https:\/\/www.naturparkmagazin.de\/schwaebisch-fraenkischer-wald\/#\/schema\/person\/f047a3702ae747fd7830cf8ac95e6066"},"breadcrumb":{"@id":"https:\/\/www.naturparkmagazin.de\/schwaebisch-fraenkischer-wald\/winterwandern-mit-q-vadis-sicher-ans-ziel\/#breadcrumb"},"inLanguage":"de","potentialAction":[{"@type":"ReadAction","target":["https:\/\/www.naturparkmagazin.de\/schwaebisch-fraenkischer-wald\/winterwandern-mit-q-vadis-sicher-ans-ziel\/"]}]},{"@type":"BreadcrumbList","@id":"https:\/\/www.naturparkmagazin.de\/schwaebisch-fraenkischer-wald\/winterwandern-mit-q-vadis-sicher-ans-ziel\/#breadcrumb","itemListElement":[{"@type":"ListItem","position":1,"name":"Home","item":"https:\/\/www.naturparkmagazin.de\/schwaebisch-fraenkischer-wald\/"},{"@type":"ListItem","position":2,"name":"Winterwandern mit Q-vadis, sicher ans Ziel!"}]},{"@type":"WebSite","@id":"https:\/\/www.naturparkmagazin.de\/schwaebisch-fraenkischer-wald\/#website","url":"https:\/\/www.naturparkmagazin.de\/schwaebisch-fraenkischer-wald\/","name":"Naturpark Schw\u00e4bisch-Fr\u00e4nkischer Wald","description":"","potentialAction":[{"@type":"SearchAction","target":{"@type":"EntryPoint","urlTemplate":"https:\/\/www.naturparkmagazin.de\/schwaebisch-fraenkischer-wald\/?s={search_term_string}"},"query-input":"required name=search_term_string"}],"inLanguage":"de"},{"@type":"Person","@id":"https:\/\/www.naturparkmagazin.de\/schwaebisch-fraenkischer-wald\/#\/schema\/person\/f047a3702ae747fd7830cf8ac95e6066","name":"Naturpark-Team","sameAs":["http:\/\/www.naturpark-sfw.de","https:\/\/www.facebook.com\/naturparkSFW"],"url":"https:\/\/www.naturparkmagazin.de\/schwaebisch-fraenkischer-wald\/author\/bernharddrixler\/"}]}},"_links":{"self":[{"href":"https:\/\/www.naturparkmagazin.de\/schwaebisch-fraenkischer-wald\/wp-json\/wp\/v2\/posts\/11775"}],"collection":[{"href":"https:\/\/www.naturparkmagazin.de\/schwaebisch-fraenkischer-wald\/wp-json\/wp\/v2\/posts"}],"about":[{"href":"https:\/\/www.naturparkmagazin.de\/schwaebisch-fraenkischer-wald\/wp-json\/wp\/v2\/types\/post"}],"author":[{"embeddable":true,"href":"https:\/\/www.naturparkmagazin.de\/schwaebisch-fraenkischer-wald\/wp-json\/wp\/v2\/users\/25"}],"replies":[{"embeddable":true,"href":"https:\/\/www.naturparkmagazin.de\/schwaebisch-fraenkischer-wald\/wp-json\/wp\/v2\/comments?post=11775"}],"version-history":[{"count":1,"href":"https:\/\/www.naturparkmagazin.de\/schwaebisch-fraenkischer-wald\/wp-json\/wp\/v2\/posts\/11775\/revisions"}],"predecessor-version":[{"id":11778,"href":"https:\/\/www.naturparkmagazin.de\/schwaebisch-fraenkischer-wald\/wp-json\/wp\/v2\/posts\/11775\/revisions\/11778"}],"wp:featuredmedia":[{"embeddable":true,"href":"https:\/\/www.naturparkmagazin.de\/schwaebisch-fraenkischer-wald\/wp-json\/wp\/v2\/media\/11777"}],"wp:attachment":[{"href":"https:\/\/www.naturparkmagazin.de\/schwaebisch-fraenkischer-wald\/wp-json\/wp\/v2\/media?parent=11775"}],"wp:term":[{"taxonomy":"category","embeddable":true,"href":"https:\/\/www.naturparkmagazin.de\/schwaebisch-fraenkischer-wald\/wp-json\/wp\/v2\/categories?post=11775"},{"taxonomy":"post_tag","embeddable":true,"href":"https:\/\/www.naturparkmagazin.de\/schwaebisch-fraenkischer-wald\/wp-json\/wp\/v2\/tags?post=11775"}],"curies":[{"name":"wp","href":"https:\/\/api.w.org\/{rel}","templated":true}]}}