{"id":12193,"date":"2023-03-20T16:00:13","date_gmt":"2023-03-20T15:00:13","guid":{"rendered":"https:\/\/www.naturparkmagazin.de\/schwaebisch-fraenkischer-wald\/?p=12193"},"modified":"2023-03-30T16:08:00","modified_gmt":"2023-03-30T14:08:00","slug":"naturparkmarkt-in-allmersbach-im-tal","status":"publish","type":"post","link":"https:\/\/www.naturparkmagazin.de\/schwaebisch-fraenkischer-wald\/naturparkmarkt-in-allmersbach-im-tal\/","title":{"rendered":"Naturparkmarkt in Allmersbach im Tal"},"content":{"rendered":"<div id=\"attachment_12197\" style=\"width: 510px\" class=\"wp-caption aligncenter\"><img aria-describedby=\"caption-attachment-12197\" decoding=\"async\" loading=\"lazy\" class=\"size-full wp-image-12197\" src=\"https:\/\/www.naturparkmagazin.de\/schwaebisch-fraenkischer-wald\/wp-content\/uploads\/sites\/34\/Veranstaltung-220628_NPM_Rudersberg_Kotrba-111-500x300-1.jpg\" alt=\"\" width=\"500\" height=\"300\" srcset=\"https:\/\/www.naturparkmagazin.de\/schwaebisch-fraenkischer-wald\/wp-content\/uploads\/sites\/34\/Veranstaltung-220628_NPM_Rudersberg_Kotrba-111-500x300-1.jpg 500w, https:\/\/www.naturparkmagazin.de\/schwaebisch-fraenkischer-wald\/wp-content\/uploads\/sites\/34\/Veranstaltung-220628_NPM_Rudersberg_Kotrba-111-500x300-1-300x180.jpg 300w, https:\/\/www.naturparkmagazin.de\/schwaebisch-fraenkischer-wald\/wp-content\/uploads\/sites\/34\/Veranstaltung-220628_NPM_Rudersberg_Kotrba-111-500x300-1-200x120.jpg 200w\" sizes=\"(max-width: 500px) 100vw, 500px\" \/><p id=\"caption-attachment-12197\" class=\"wp-caption-text\">\u00a9 Naturpark SFW Archiv<\/p><\/div>\n<p>Am 23. April findet in Allmersbach im Tal am Rathaus von 11 &#8211; 18 Uhr der erste Naturparkmarkt in diesem Jahr statt. Rund 40 Marktbeschicker geben sich in Allmersbach ein Stelldichein. Es hei\u00dft wieder Produkte aus der Region einkaufen, direkt vor Ort essen und genie\u00dfen. Das bunte und informative Rahmenprogramm l\u00e4dt Gro\u00df und Klein zum Mitmachen ein.<\/p>\n<p>Die Direktvermarkterinnen und Direktvermarkter pr\u00e4sentieren sich und ihre Produkte und bieten die M\u00f6glichkeit, Lebensmittel, Gebrauchsgegenst\u00e4nde und Kunstobjekte direkt bei den Erzeugenden zu erwerben. Hier kann bei einem gem\u00fctlichen Plausch am Markstand pers\u00f6nlich Kontakt zu den landwirtschaftlichen Betrieben oder den Kunsthandwerkerinnen und Kunsthandwerkern aufnehmen und sich \u00fcber die Geschichte hinter den Produkten informieren. Es gilt die famili\u00e4re Atmosph\u00e4re zu erleben und neben l\u00e4ndlicher Tradition und regionaler Handwerkskunst Hausgemachtes nach alten und neuen Rezepten zu genie\u00dfen.<\/p>\n<p>Ob Fleisch- und Wurstwaren, ger\u00e4ucherte Forellen, Salzkuchen aus dem Holzofen, Kartoffelzapfen, Kuchen und Honig, sowie K\u00e4se, Obst, Gem\u00fcse und Spirituosen \u2013 von der Frische und Qualit\u00e4t k\u00f6nnen sich alle selbst \u00fcberzeugen! Kunsthandwerk aus nat\u00fcrlichen Materialien, handgefertigte B\u00fcrsten, Dekoratives und N\u00fctzliches aus Holz, Keramik und Beton, handgemachte Seifen und Naturkosmetik bereichern das Angebot.<\/p>\n<p>Erleben Sie einen entspannten Tag mit guten Gespr\u00e4chen, sowie viel Freude beim Naschen, Schlemmen, Schauen und Staunen!<\/p>\n<div id=\"attachment_12196\" style=\"width: 310px\" class=\"wp-caption alignright\"><img aria-describedby=\"caption-attachment-12196\" decoding=\"async\" loading=\"lazy\" class=\"size-full wp-image-12196\" src=\"https:\/\/www.naturparkmagazin.de\/schwaebisch-fraenkischer-wald\/wp-content\/uploads\/sites\/34\/Veranstaltung-Naturparkmarkt-Allmersbach-300x400-1.jpg\" alt=\"\" width=\"300\" height=\"425\" srcset=\"https:\/\/www.naturparkmagazin.de\/schwaebisch-fraenkischer-wald\/wp-content\/uploads\/sites\/34\/Veranstaltung-Naturparkmarkt-Allmersbach-300x400-1.jpg 300w, https:\/\/www.naturparkmagazin.de\/schwaebisch-fraenkischer-wald\/wp-content\/uploads\/sites\/34\/Veranstaltung-Naturparkmarkt-Allmersbach-300x400-1-200x283.jpg 200w\" sizes=\"(max-width: 300px) 100vw, 300px\" \/><p id=\"caption-attachment-12196\" class=\"wp-caption-text\">\u00a9 Naturpark SFW Archiv<\/p><\/div>\n<p>Dieses Projekt wird gef\u00f6rdert durch den Naturpark Schw\u00e4bisch-Fr\u00e4nkischer Wald mit Mitteln des Landes Baden-W\u00fcrttemberg und der Lotterie Gl\u00fccksspirale.<\/p>\n<p><strong>Naturparkm\u00e4rkte 2023:<\/strong><\/p>\n<p>23. April 2023 \u2013 Allmersbach im Tal\n21. Mai 2023 &#8211; Welzheim\n18. Juni 2023 \u2013 Kupferzell\n16. Juli 2023 \u2013 Sulzbach-Laufen\n3. September 2023 \u2013 Ruppertshofen\n1. Oktober 2023 \u2013 Murrhardt<\/p>\n<p><strong>Veranstalter:<\/strong><\/p>\n<p>Gemeinde Allmersbach im Tal\nBacknanger Stra\u00dfe 42\n71573 Allmersbach\nTelefon 07191 3530-0\n<a href=\"http:\/\/www.allmersbach.de\">www.allmersbach.de<\/a><\/p>\n<p>&nbsp;<\/p>\n<p><strong>\u00a0<\/strong><\/p>\n","protected":false},"excerpt":{"rendered":"<p>23.04.: Auftakt der Naturparkmarkt-Saison in Allmersbach im Tal &#8211; Gesunde, nachhaltige und aromatische Produkte aus der Region einkaufen!<\/p>\n","protected":false},"author":25,"featured_media":12195,"comment_status":"open","ping_status":"open","sticky":false,"template":"","format":"standard","meta":[],"categories":[11],"tags":[],"yoast_head":"<!-- This site is optimized with the Yoast SEO plugin v19.10 - https:\/\/yoast.com\/wordpress\/plugins\/seo\/ -->\n<title>Naturparkmarkt in Allmersbach im Tal - Naturpark Schw\u00e4bisch-Fr\u00e4nkischer Wald<\/title>\n<meta name=\"robots\" content=\"index, follow, max-snippet:-1, max-image-preview:large, max-video-preview:-1\" \/>\n<link rel=\"canonical\" href=\"https:\/\/www.naturparkmagazin.de\/schwaebisch-fraenkischer-wald\/naturparkmarkt-in-allmersbach-im-tal\/\" \/>\n<meta property=\"og:locale\" content=\"de_DE\" \/>\n<meta property=\"og:type\" content=\"article\" \/>\n<meta property=\"og:title\" content=\"Naturparkmarkt in Allmersbach im Tal - Naturpark Schw\u00e4bisch-Fr\u00e4nkischer Wald\" \/>\n<meta property=\"og:description\" content=\"23.04.: Auftakt der Naturparkmarkt-Saison in Allmersbach im Tal - Gesunde, nachhaltige und aromatische Produkte aus der Region einkaufen!\" \/>\n<meta property=\"og:url\" content=\"https:\/\/www.naturparkmagazin.de\/schwaebisch-fraenkischer-wald\/naturparkmarkt-in-allmersbach-im-tal\/\" \/>\n<meta property=\"og:site_name\" content=\"Naturpark Schw\u00e4bisch-Fr\u00e4nkischer Wald\" \/>\n<meta property=\"article:author\" content=\"https:\/\/www.facebook.com\/naturparkSFW\" \/>\n<meta property=\"article:published_time\" content=\"2023-03-20T15:00:13+00:00\" \/>\n<meta property=\"article:modified_time\" content=\"2023-03-30T14:08:00+00:00\" \/>\n<meta property=\"og:image\" content=\"https:\/\/www.naturparkmagazin.de\/schwaebisch-fraenkischer-wald\/wp-content\/uploads\/sites\/34\/Veranstaltung-Naturparkmarkt-Allmersbach-200x200-1.jpg\" \/>\n\t<meta property=\"og:image:width\" content=\"200\" \/>\n\t<meta property=\"og:image:height\" content=\"200\" \/>\n\t<meta property=\"og:image:type\" content=\"image\/jpeg\" \/>\n<meta name=\"author\" content=\"Naturpark-Team\" \/>\n<meta name=\"twitter:label1\" content=\"Verfasst von\" \/>\n\t<meta name=\"twitter:data1\" content=\"Naturpark-Team\" \/>\n\t<meta name=\"twitter:label2\" content=\"Gesch\u00e4tzte Lesezeit\" \/>\n\t<meta name=\"twitter:data2\" content=\"2\u00a0Minuten\" \/>\n<script type=\"application\/ld+json\" class=\"yoast-schema-graph\">{\"@context\":\"https:\/\/schema.org\",\"@graph\":[{\"@type\":\"WebPage\",\"@id\":\"https:\/\/www.naturparkmagazin.de\/schwaebisch-fraenkischer-wald\/naturparkmarkt-in-allmersbach-im-tal\/\",\"url\":\"https:\/\/www.naturparkmagazin.de\/schwaebisch-fraenkischer-wald\/naturparkmarkt-in-allmersbach-im-tal\/\",\"name\":\"Naturparkmarkt in Allmersbach im Tal - Naturpark Schw\u00e4bisch-Fr\u00e4nkischer Wald\",\"isPartOf\":{\"@id\":\"https:\/\/www.naturparkmagazin.de\/schwaebisch-fraenkischer-wald\/#website\"},\"datePublished\":\"2023-03-20T15:00:13+00:00\",\"dateModified\":\"2023-03-30T14:08:00+00:00\",\"author\":{\"@id\":\"https:\/\/www.naturparkmagazin.de\/schwaebisch-fraenkischer-wald\/#\/schema\/person\/f047a3702ae747fd7830cf8ac95e6066\"},\"breadcrumb\":{\"@id\":\"https:\/\/www.naturparkmagazin.de\/schwaebisch-fraenkischer-wald\/naturparkmarkt-in-allmersbach-im-tal\/#breadcrumb\"},\"inLanguage\":\"de\",\"potentialAction\":[{\"@type\":\"ReadAction\",\"target\":[\"https:\/\/www.naturparkmagazin.de\/schwaebisch-fraenkischer-wald\/naturparkmarkt-in-allmersbach-im-tal\/\"]}]},{\"@type\":\"BreadcrumbList\",\"@id\":\"https:\/\/www.naturparkmagazin.de\/schwaebisch-fraenkischer-wald\/naturparkmarkt-in-allmersbach-im-tal\/#breadcrumb\",\"itemListElement\":[{\"@type\":\"ListItem\",\"position\":1,\"name\":\"Home\",\"item\":\"https:\/\/www.naturparkmagazin.de\/schwaebisch-fraenkischer-wald\/\"},{\"@type\":\"ListItem\",\"position\":2,\"name\":\"Naturparkmarkt in Allmersbach im Tal\"}]},{\"@type\":\"WebSite\",\"@id\":\"https:\/\/www.naturparkmagazin.de\/schwaebisch-fraenkischer-wald\/#website\",\"url\":\"https:\/\/www.naturparkmagazin.de\/schwaebisch-fraenkischer-wald\/\",\"name\":\"Naturpark Schw\u00e4bisch-Fr\u00e4nkischer Wald\",\"description\":\"\",\"potentialAction\":[{\"@type\":\"SearchAction\",\"target\":{\"@type\":\"EntryPoint\",\"urlTemplate\":\"https:\/\/www.naturparkmagazin.de\/schwaebisch-fraenkischer-wald\/?s={search_term_string}\"},\"query-input\":\"required name=search_term_string\"}],\"inLanguage\":\"de\"},{\"@type\":\"Person\",\"@id\":\"https:\/\/www.naturparkmagazin.de\/schwaebisch-fraenkischer-wald\/#\/schema\/person\/f047a3702ae747fd7830cf8ac95e6066\",\"name\":\"Naturpark-Team\",\"sameAs\":[\"http:\/\/www.naturpark-sfw.de\",\"https:\/\/www.facebook.com\/naturparkSFW\"],\"url\":\"https:\/\/www.naturparkmagazin.de\/schwaebisch-fraenkischer-wald\/author\/bernharddrixler\/\"}]}<\/script>\n<!-- \/ Yoast SEO plugin. -->","yoast_head_json":{"title":"Naturparkmarkt in Allmersbach im Tal - Naturpark Schw\u00e4bisch-Fr\u00e4nkischer Wald","robots":{"index":"index","follow":"follow","max-snippet":"max-snippet:-1","max-image-preview":"max-image-preview:large","max-video-preview":"max-video-preview:-1"},"canonical":"https:\/\/www.naturparkmagazin.de\/schwaebisch-fraenkischer-wald\/naturparkmarkt-in-allmersbach-im-tal\/","og_locale":"de_DE","og_type":"article","og_title":"Naturparkmarkt in Allmersbach im Tal - Naturpark Schw\u00e4bisch-Fr\u00e4nkischer Wald","og_description":"23.04.: Auftakt der Naturparkmarkt-Saison in Allmersbach im Tal - Gesunde, nachhaltige und aromatische Produkte aus der Region einkaufen!","og_url":"https:\/\/www.naturparkmagazin.de\/schwaebisch-fraenkischer-wald\/naturparkmarkt-in-allmersbach-im-tal\/","og_site_name":"Naturpark Schw\u00e4bisch-Fr\u00e4nkischer Wald","article_author":"https:\/\/www.facebook.com\/naturparkSFW","article_published_time":"2023-03-20T15:00:13+00:00","article_modified_time":"2023-03-30T14:08:00+00:00","og_image":[{"width":200,"height":200,"url":"https:\/\/www.naturparkmagazin.de\/schwaebisch-fraenkischer-wald\/wp-content\/uploads\/sites\/34\/Veranstaltung-Naturparkmarkt-Allmersbach-200x200-1.jpg","type":"image\/jpeg"}],"author":"Naturpark-Team","twitter_misc":{"Verfasst von":"Naturpark-Team","Gesch\u00e4tzte Lesezeit":"2\u00a0Minuten"},"schema":{"@context":"https:\/\/schema.org","@graph":[{"@type":"WebPage","@id":"https:\/\/www.naturparkmagazin.de\/schwaebisch-fraenkischer-wald\/naturparkmarkt-in-allmersbach-im-tal\/","url":"https:\/\/www.naturparkmagazin.de\/schwaebisch-fraenkischer-wald\/naturparkmarkt-in-allmersbach-im-tal\/","name":"Naturparkmarkt in Allmersbach im Tal - Naturpark Schw\u00e4bisch-Fr\u00e4nkischer Wald","isPartOf":{"@id":"https:\/\/www.naturparkmagazin.de\/schwaebisch-fraenkischer-wald\/#website"},"datePublished":"2023-03-20T15:00:13+00:00","dateModified":"2023-03-30T14:08:00+00:00","author":{"@id":"https:\/\/www.naturparkmagazin.de\/schwaebisch-fraenkischer-wald\/#\/schema\/person\/f047a3702ae747fd7830cf8ac95e6066"},"breadcrumb":{"@id":"https:\/\/www.naturparkmagazin.de\/schwaebisch-fraenkischer-wald\/naturparkmarkt-in-allmersbach-im-tal\/#breadcrumb"},"inLanguage":"de","potentialAction":[{"@type":"ReadAction","target":["https:\/\/www.naturparkmagazin.de\/schwaebisch-fraenkischer-wald\/naturparkmarkt-in-allmersbach-im-tal\/"]}]},{"@type":"BreadcrumbList","@id":"https:\/\/www.naturparkmagazin.de\/schwaebisch-fraenkischer-wald\/naturparkmarkt-in-allmersbach-im-tal\/#breadcrumb","itemListElement":[{"@type":"ListItem","position":1,"name":"Home","item":"https:\/\/www.naturparkmagazin.de\/schwaebisch-fraenkischer-wald\/"},{"@type":"ListItem","position":2,"name":"Naturparkmarkt in Allmersbach im Tal"}]},{"@type":"WebSite","@id":"https:\/\/www.naturparkmagazin.de\/schwaebisch-fraenkischer-wald\/#website","url":"https:\/\/www.naturparkmagazin.de\/schwaebisch-fraenkischer-wald\/","name":"Naturpark Schw\u00e4bisch-Fr\u00e4nkischer Wald","description":"","potentialAction":[{"@type":"SearchAction","target":{"@type":"EntryPoint","urlTemplate":"https:\/\/www.naturparkmagazin.de\/schwaebisch-fraenkischer-wald\/?s={search_term_string}"},"query-input":"required name=search_term_string"}],"inLanguage":"de"},{"@type":"Person","@id":"https:\/\/www.naturparkmagazin.de\/schwaebisch-fraenkischer-wald\/#\/schema\/person\/f047a3702ae747fd7830cf8ac95e6066","name":"Naturpark-Team","sameAs":["http:\/\/www.naturpark-sfw.de","https:\/\/www.facebook.com\/naturparkSFW"],"url":"https:\/\/www.naturparkmagazin.de\/schwaebisch-fraenkischer-wald\/author\/bernharddrixler\/"}]}},"_links":{"self":[{"href":"https:\/\/www.naturparkmagazin.de\/schwaebisch-fraenkischer-wald\/wp-json\/wp\/v2\/posts\/12193"}],"collection":[{"href":"https:\/\/www.naturparkmagazin.de\/schwaebisch-fraenkischer-wald\/wp-json\/wp\/v2\/posts"}],"about":[{"href":"https:\/\/www.naturparkmagazin.de\/schwaebisch-fraenkischer-wald\/wp-json\/wp\/v2\/types\/post"}],"author":[{"embeddable":true,"href":"https:\/\/www.naturparkmagazin.de\/schwaebisch-fraenkischer-wald\/wp-json\/wp\/v2\/users\/25"}],"replies":[{"embeddable":true,"href":"https:\/\/www.naturparkmagazin.de\/schwaebisch-fraenkischer-wald\/wp-json\/wp\/v2\/comments?post=12193"}],"version-history":[{"count":4,"href":"https:\/\/www.naturparkmagazin.de\/schwaebisch-fraenkischer-wald\/wp-json\/wp\/v2\/posts\/12193\/revisions"}],"predecessor-version":[{"id":12276,"href":"https:\/\/www.naturparkmagazin.de\/schwaebisch-fraenkischer-wald\/wp-json\/wp\/v2\/posts\/12193\/revisions\/12276"}],"wp:featuredmedia":[{"embeddable":true,"href":"https:\/\/www.naturparkmagazin.de\/schwaebisch-fraenkischer-wald\/wp-json\/wp\/v2\/media\/12195"}],"wp:attachment":[{"href":"https:\/\/www.naturparkmagazin.de\/schwaebisch-fraenkischer-wald\/wp-json\/wp\/v2\/media?parent=12193"}],"wp:term":[{"taxonomy":"category","embeddable":true,"href":"https:\/\/www.naturparkmagazin.de\/schwaebisch-fraenkischer-wald\/wp-json\/wp\/v2\/categories?post=12193"},{"taxonomy":"post_tag","embeddable":true,"href":"https:\/\/www.naturparkmagazin.de\/schwaebisch-fraenkischer-wald\/wp-json\/wp\/v2\/tags?post=12193"}],"curies":[{"name":"wp","href":"https:\/\/api.w.org\/{rel}","templated":true}]}}