{"id":12371,"date":"2023-05-16T15:32:58","date_gmt":"2023-05-16T13:32:58","guid":{"rendered":"https:\/\/www.naturparkmagazin.de\/schwaebisch-fraenkischer-wald\/?p=12371"},"modified":"2023-05-15T15:34:51","modified_gmt":"2023-05-15T13:34:51","slug":"inklusive-wanderbotschafterinnen","status":"publish","type":"post","link":"https:\/\/www.naturparkmagazin.de\/schwaebisch-fraenkischer-wald\/inklusive-wanderbotschafterinnen\/","title":{"rendered":"Inklusive Wanderbotschafter:innen"},"content":{"rendered":"<div id=\"attachment_12372\" style=\"width: 510px\" class=\"wp-caption aligncenter\"><img aria-describedby=\"caption-attachment-12372\" decoding=\"async\" loading=\"lazy\" class=\"size-full wp-image-12372\" src=\"https:\/\/www.naturparkmagazin.de\/schwaebisch-fraenkischer-wald\/wp-content\/uploads\/sites\/34\/230423_Einweihung_IWB_Allmersbach_kotrba_500x300.jpg\" alt=\"\" width=\"500\" height=\"205\" srcset=\"https:\/\/www.naturparkmagazin.de\/schwaebisch-fraenkischer-wald\/wp-content\/uploads\/sites\/34\/230423_Einweihung_IWB_Allmersbach_kotrba_500x300.jpg 500w, https:\/\/www.naturparkmagazin.de\/schwaebisch-fraenkischer-wald\/wp-content\/uploads\/sites\/34\/230423_Einweihung_IWB_Allmersbach_kotrba_500x300-300x123.jpg 300w, https:\/\/www.naturparkmagazin.de\/schwaebisch-fraenkischer-wald\/wp-content\/uploads\/sites\/34\/230423_Einweihung_IWB_Allmersbach_kotrba_500x300-200x82.jpg 200w\" sizes=\"(max-width: 500px) 100vw, 500px\" \/><p id=\"caption-attachment-12372\" class=\"wp-caption-text\">\u00a9 Naturpark SFW Archiv<\/p><\/div>\n<p>Es ist bereits der 13. inklusive Wanderweg, den der Naturpark Schw\u00e4bisch-Fr\u00e4nkischer Wald in seinem Wegenetz auff\u00fchren kann. \u201eDas Ziel ist es, in jeder Kommune mindestens ein Angebot zu schaffen\u201c, sagte Karl-Dieter Diemer, Gesch\u00e4ftsf\u00fchrer des Naturparks, bei der Er\u00f6ffnung.<\/p>\n<p>Der Rundweg mit 2,9 Kilometern L\u00e4nge startet am Vereinsheim des SV Allmersbach und verl\u00e4uft auf asphaltierten und geschotterten Wegen. Dabei geht es durch Streuobstwiesen und Felder, zwischendurch er\u00f6ffnet sich ein sch\u00f6ner Ausblick auf Schloss Ebersberg, entlang des Allmersbach.<\/p>\n<p>Die Gemeinde Allmersbach war von Beginn an der Planung beteiligt und hat den Weg aufgewertet, dabei wurden die Unebenheiten ausgebessert und Ruhepl\u00e4tze asphaltiert, so sind die Ruheb\u00e4nke auch gut mit Rollator oder Rollstuhl zu erreichen.<\/p>\n<p>Jasmin Kotrba, die das Projekt im Naturpark betreut, erl\u00e4uterte die wesentlichen Kriterien, die bei der Planung eines inklusiven Wanderwegs wichtig sind, \u201eEntscheidend ist vor allem die Infrastruktur. Es soll ein ganzheitliches Erlebnis geschaffen werden, zu dem auch eine Einkehr geh\u00f6rt. Au\u00dferdem muss eine Toilette verf\u00fcgbar sein, was oftmals das gr\u00f6\u00dfte Problem ist.\u201c In Allmersbach haben wir sehr gute Gegebenheiten, direkt am Start der Tour ist das Vereinsheim mit italienischer K\u00fcche und einer rollstuhlgerechten Toilette. Direkt gegen\u00fcber ist die B\u00e4ckerei Maurer zu finden, mit einer weiteren rollstuhlgerechten Toilette und bietet die M\u00f6glichkeit, ein leckeres Vesper f\u00fcr die Tour zu kaufen.<\/p>\n<p>Zu einer guten Infrastruktur geh\u00f6rt auch ein gut ausgeschildeter Weg, sodass sich auch ortsfremde Menschen gut zurechtfinden. Die Tour wird zus\u00e4tzlich auf dem Tourenflyer beschrieben, sodass sich die Nutzer:innen im Voraus auf die Gegebenheiten im Gel\u00e4nde einstellen k\u00f6nnen. Die Tour ist in direkter N\u00e4he einer barrierefreien \u00d6PNV-Verbindung und geeigneten Parkpl\u00e4tzen.<\/p>\n<p>Die Planungen f\u00fcr weitere Touren sind im vollen Gange und die inklusiven Wanderbotschafter sind weiterhin im Naturparkgebiet unterwegs, um die Touren zu testen und ausweisen zu k\u00f6nnen.<\/p>\n<p>Diese und alle weiteren Touren der inklusiven Wanderbotschafter sind auf der <a href=\"https:\/\/www.naturpark-sfw.de\/erleben\/barrierefreie-angebote\/inklusive-wanderbotschafterinnen\">Naturpark-Homepage<\/a> und auf dem Tourenportal <a href=\"https:\/\/q-vadis-schwaebischerwald.com\/karte\/schwaebischer-wald-karte.php\">\u201eQ-vadis<\/a>\u201c zu finden.<\/p>\n<p><img decoding=\"async\" loading=\"lazy\" class=\"size-full wp-image-9212 aligncenter\" src=\"https:\/\/www.naturparkmagazin.de\/schwaebisch-fraenkischer-wald\/wp-content\/uploads\/sites\/34\/180414_Wanderbotschafter_Logo_farb.jpg\" alt=\"\" width=\"200\" height=\"200\" srcset=\"https:\/\/www.naturparkmagazin.de\/schwaebisch-fraenkischer-wald\/wp-content\/uploads\/sites\/34\/180414_Wanderbotschafter_Logo_farb.jpg 200w, https:\/\/www.naturparkmagazin.de\/schwaebisch-fraenkischer-wald\/wp-content\/uploads\/sites\/34\/180414_Wanderbotschafter_Logo_farb-30x30.jpg 30w\" sizes=\"(max-width: 200px) 100vw, 200px\" \/><\/p>\n<p>&nbsp;<\/p>\n","protected":false},"excerpt":{"rendered":"<p>Weitere Tour f\u00fcr mobilit\u00e4tseingeschr\u00e4nkte Menschen in Allmersbach im Tal <\/p>\n","protected":false},"author":25,"featured_media":12374,"comment_status":"open","ping_status":"open","sticky":false,"template":"","format":"standard","meta":[],"categories":[7],"tags":[],"yoast_head":"<!-- This site is optimized with the Yoast SEO plugin v19.10 - https:\/\/yoast.com\/wordpress\/plugins\/seo\/ -->\n<title>Inklusive Wanderbotschafter:innen - Naturpark Schw\u00e4bisch-Fr\u00e4nkischer Wald<\/title>\n<meta name=\"robots\" content=\"index, follow, max-snippet:-1, max-image-preview:large, max-video-preview:-1\" \/>\n<link rel=\"canonical\" href=\"https:\/\/www.naturparkmagazin.de\/schwaebisch-fraenkischer-wald\/?p=12371\" \/>\n<meta property=\"og:locale\" content=\"de_DE\" \/>\n<meta property=\"og:type\" content=\"article\" \/>\n<meta property=\"og:title\" content=\"Inklusive Wanderbotschafter:innen - Naturpark Schw\u00e4bisch-Fr\u00e4nkischer Wald\" \/>\n<meta property=\"og:description\" content=\"Weitere Tour f\u00fcr mobilit\u00e4tseingeschr\u00e4nkte Menschen in Allmersbach im Tal\" \/>\n<meta property=\"og:url\" content=\"https:\/\/www.naturparkmagazin.de\/schwaebisch-fraenkischer-wald\/?p=12371\" \/>\n<meta property=\"og:site_name\" content=\"Naturpark Schw\u00e4bisch-Fr\u00e4nkischer Wald\" \/>\n<meta property=\"article:author\" content=\"https:\/\/www.facebook.com\/naturparkSFW\" \/>\n<meta property=\"article:published_time\" content=\"2023-05-16T13:32:58+00:00\" \/>\n<meta property=\"article:modified_time\" content=\"2023-05-15T13:34:51+00:00\" \/>\n<meta property=\"og:image\" content=\"https:\/\/www.naturparkmagazin.de\/schwaebisch-fraenkischer-wald\/wp-content\/uploads\/sites\/34\/230423_Einweihung_IWB_Allmersbach_kotrba_200x200.jpg\" \/>\n\t<meta property=\"og:image:width\" content=\"200\" \/>\n\t<meta property=\"og:image:height\" content=\"200\" \/>\n\t<meta property=\"og:image:type\" content=\"image\/jpeg\" \/>\n<meta name=\"author\" content=\"Naturpark-Team\" \/>\n<meta name=\"twitter:label1\" content=\"Verfasst von\" \/>\n\t<meta name=\"twitter:data1\" content=\"Naturpark-Team\" \/>\n\t<meta name=\"twitter:label2\" content=\"Gesch\u00e4tzte Lesezeit\" \/>\n\t<meta name=\"twitter:data2\" content=\"3\u00a0Minuten\" \/>\n<script type=\"application\/ld+json\" class=\"yoast-schema-graph\">{\"@context\":\"https:\/\/schema.org\",\"@graph\":[{\"@type\":\"WebPage\",\"@id\":\"https:\/\/www.naturparkmagazin.de\/schwaebisch-fraenkischer-wald\/?p=12371\",\"url\":\"https:\/\/www.naturparkmagazin.de\/schwaebisch-fraenkischer-wald\/?p=12371\",\"name\":\"Inklusive Wanderbotschafter:innen - Naturpark Schw\u00e4bisch-Fr\u00e4nkischer Wald\",\"isPartOf\":{\"@id\":\"https:\/\/www.naturparkmagazin.de\/schwaebisch-fraenkischer-wald\/#website\"},\"datePublished\":\"2023-05-16T13:32:58+00:00\",\"dateModified\":\"2023-05-15T13:34:51+00:00\",\"author\":{\"@id\":\"https:\/\/www.naturparkmagazin.de\/schwaebisch-fraenkischer-wald\/#\/schema\/person\/f047a3702ae747fd7830cf8ac95e6066\"},\"breadcrumb\":{\"@id\":\"https:\/\/www.naturparkmagazin.de\/schwaebisch-fraenkischer-wald\/?p=12371#breadcrumb\"},\"inLanguage\":\"de\",\"potentialAction\":[{\"@type\":\"ReadAction\",\"target\":[\"https:\/\/www.naturparkmagazin.de\/schwaebisch-fraenkischer-wald\/?p=12371\"]}]},{\"@type\":\"BreadcrumbList\",\"@id\":\"https:\/\/www.naturparkmagazin.de\/schwaebisch-fraenkischer-wald\/?p=12371#breadcrumb\",\"itemListElement\":[{\"@type\":\"ListItem\",\"position\":1,\"name\":\"Home\",\"item\":\"https:\/\/www.naturparkmagazin.de\/schwaebisch-fraenkischer-wald\/\"},{\"@type\":\"ListItem\",\"position\":2,\"name\":\"Inklusive Wanderbotschafter:innen\"}]},{\"@type\":\"WebSite\",\"@id\":\"https:\/\/www.naturparkmagazin.de\/schwaebisch-fraenkischer-wald\/#website\",\"url\":\"https:\/\/www.naturparkmagazin.de\/schwaebisch-fraenkischer-wald\/\",\"name\":\"Naturpark Schw\u00e4bisch-Fr\u00e4nkischer Wald\",\"description\":\"\",\"potentialAction\":[{\"@type\":\"SearchAction\",\"target\":{\"@type\":\"EntryPoint\",\"urlTemplate\":\"https:\/\/www.naturparkmagazin.de\/schwaebisch-fraenkischer-wald\/?s={search_term_string}\"},\"query-input\":\"required name=search_term_string\"}],\"inLanguage\":\"de\"},{\"@type\":\"Person\",\"@id\":\"https:\/\/www.naturparkmagazin.de\/schwaebisch-fraenkischer-wald\/#\/schema\/person\/f047a3702ae747fd7830cf8ac95e6066\",\"name\":\"Naturpark-Team\",\"sameAs\":[\"http:\/\/www.naturpark-sfw.de\",\"https:\/\/www.facebook.com\/naturparkSFW\"],\"url\":\"https:\/\/www.naturparkmagazin.de\/schwaebisch-fraenkischer-wald\/author\/bernharddrixler\/\"}]}<\/script>\n<!-- \/ Yoast SEO plugin. -->","yoast_head_json":{"title":"Inklusive Wanderbotschafter:innen - Naturpark Schw\u00e4bisch-Fr\u00e4nkischer Wald","robots":{"index":"index","follow":"follow","max-snippet":"max-snippet:-1","max-image-preview":"max-image-preview:large","max-video-preview":"max-video-preview:-1"},"canonical":"https:\/\/www.naturparkmagazin.de\/schwaebisch-fraenkischer-wald\/?p=12371","og_locale":"de_DE","og_type":"article","og_title":"Inklusive Wanderbotschafter:innen - Naturpark Schw\u00e4bisch-Fr\u00e4nkischer Wald","og_description":"Weitere Tour f\u00fcr mobilit\u00e4tseingeschr\u00e4nkte Menschen in Allmersbach im Tal","og_url":"https:\/\/www.naturparkmagazin.de\/schwaebisch-fraenkischer-wald\/?p=12371","og_site_name":"Naturpark Schw\u00e4bisch-Fr\u00e4nkischer Wald","article_author":"https:\/\/www.facebook.com\/naturparkSFW","article_published_time":"2023-05-16T13:32:58+00:00","article_modified_time":"2023-05-15T13:34:51+00:00","og_image":[{"width":200,"height":200,"url":"https:\/\/www.naturparkmagazin.de\/schwaebisch-fraenkischer-wald\/wp-content\/uploads\/sites\/34\/230423_Einweihung_IWB_Allmersbach_kotrba_200x200.jpg","type":"image\/jpeg"}],"author":"Naturpark-Team","twitter_misc":{"Verfasst von":"Naturpark-Team","Gesch\u00e4tzte Lesezeit":"3\u00a0Minuten"},"schema":{"@context":"https:\/\/schema.org","@graph":[{"@type":"WebPage","@id":"https:\/\/www.naturparkmagazin.de\/schwaebisch-fraenkischer-wald\/?p=12371","url":"https:\/\/www.naturparkmagazin.de\/schwaebisch-fraenkischer-wald\/?p=12371","name":"Inklusive Wanderbotschafter:innen - Naturpark Schw\u00e4bisch-Fr\u00e4nkischer Wald","isPartOf":{"@id":"https:\/\/www.naturparkmagazin.de\/schwaebisch-fraenkischer-wald\/#website"},"datePublished":"2023-05-16T13:32:58+00:00","dateModified":"2023-05-15T13:34:51+00:00","author":{"@id":"https:\/\/www.naturparkmagazin.de\/schwaebisch-fraenkischer-wald\/#\/schema\/person\/f047a3702ae747fd7830cf8ac95e6066"},"breadcrumb":{"@id":"https:\/\/www.naturparkmagazin.de\/schwaebisch-fraenkischer-wald\/?p=12371#breadcrumb"},"inLanguage":"de","potentialAction":[{"@type":"ReadAction","target":["https:\/\/www.naturparkmagazin.de\/schwaebisch-fraenkischer-wald\/?p=12371"]}]},{"@type":"BreadcrumbList","@id":"https:\/\/www.naturparkmagazin.de\/schwaebisch-fraenkischer-wald\/?p=12371#breadcrumb","itemListElement":[{"@type":"ListItem","position":1,"name":"Home","item":"https:\/\/www.naturparkmagazin.de\/schwaebisch-fraenkischer-wald\/"},{"@type":"ListItem","position":2,"name":"Inklusive Wanderbotschafter:innen"}]},{"@type":"WebSite","@id":"https:\/\/www.naturparkmagazin.de\/schwaebisch-fraenkischer-wald\/#website","url":"https:\/\/www.naturparkmagazin.de\/schwaebisch-fraenkischer-wald\/","name":"Naturpark Schw\u00e4bisch-Fr\u00e4nkischer Wald","description":"","potentialAction":[{"@type":"SearchAction","target":{"@type":"EntryPoint","urlTemplate":"https:\/\/www.naturparkmagazin.de\/schwaebisch-fraenkischer-wald\/?s={search_term_string}"},"query-input":"required name=search_term_string"}],"inLanguage":"de"},{"@type":"Person","@id":"https:\/\/www.naturparkmagazin.de\/schwaebisch-fraenkischer-wald\/#\/schema\/person\/f047a3702ae747fd7830cf8ac95e6066","name":"Naturpark-Team","sameAs":["http:\/\/www.naturpark-sfw.de","https:\/\/www.facebook.com\/naturparkSFW"],"url":"https:\/\/www.naturparkmagazin.de\/schwaebisch-fraenkischer-wald\/author\/bernharddrixler\/"}]}},"_links":{"self":[{"href":"https:\/\/www.naturparkmagazin.de\/schwaebisch-fraenkischer-wald\/wp-json\/wp\/v2\/posts\/12371"}],"collection":[{"href":"https:\/\/www.naturparkmagazin.de\/schwaebisch-fraenkischer-wald\/wp-json\/wp\/v2\/posts"}],"about":[{"href":"https:\/\/www.naturparkmagazin.de\/schwaebisch-fraenkischer-wald\/wp-json\/wp\/v2\/types\/post"}],"author":[{"embeddable":true,"href":"https:\/\/www.naturparkmagazin.de\/schwaebisch-fraenkischer-wald\/wp-json\/wp\/v2\/users\/25"}],"replies":[{"embeddable":true,"href":"https:\/\/www.naturparkmagazin.de\/schwaebisch-fraenkischer-wald\/wp-json\/wp\/v2\/comments?post=12371"}],"version-history":[{"count":3,"href":"https:\/\/www.naturparkmagazin.de\/schwaebisch-fraenkischer-wald\/wp-json\/wp\/v2\/posts\/12371\/revisions"}],"predecessor-version":[{"id":12377,"href":"https:\/\/www.naturparkmagazin.de\/schwaebisch-fraenkischer-wald\/wp-json\/wp\/v2\/posts\/12371\/revisions\/12377"}],"wp:featuredmedia":[{"embeddable":true,"href":"https:\/\/www.naturparkmagazin.de\/schwaebisch-fraenkischer-wald\/wp-json\/wp\/v2\/media\/12374"}],"wp:attachment":[{"href":"https:\/\/www.naturparkmagazin.de\/schwaebisch-fraenkischer-wald\/wp-json\/wp\/v2\/media?parent=12371"}],"wp:term":[{"taxonomy":"category","embeddable":true,"href":"https:\/\/www.naturparkmagazin.de\/schwaebisch-fraenkischer-wald\/wp-json\/wp\/v2\/categories?post=12371"},{"taxonomy":"post_tag","embeddable":true,"href":"https:\/\/www.naturparkmagazin.de\/schwaebisch-fraenkischer-wald\/wp-json\/wp\/v2\/tags?post=12371"}],"curies":[{"name":"wp","href":"https:\/\/api.w.org\/{rel}","templated":true}]}}