{"id":12444,"date":"2023-06-19T14:13:39","date_gmt":"2023-06-19T12:13:39","guid":{"rendered":"https:\/\/www.naturparkmagazin.de\/schwaebisch-fraenkischer-wald\/?p=12444"},"modified":"2023-06-19T14:14:35","modified_gmt":"2023-06-19T12:14:35","slug":"touren-der-inklusiven-wanderbotschafterinnen-auf-q-vadis","status":"publish","type":"post","link":"https:\/\/www.naturparkmagazin.de\/schwaebisch-fraenkischer-wald\/touren-der-inklusiven-wanderbotschafterinnen-auf-q-vadis\/","title":{"rendered":"Touren der inklusiven Wanderbotschafter:innen auf Q-vadis!"},"content":{"rendered":"<p>Das Tourenportal \u201eQ-vadis\u201c bietet viele M\u00f6glichkeiten, einen Ausflug in den Naturpark ganz individuell zu planen. Die Wanderungen k\u00f6nnen gefiltert werden, beispielsweise nach der L\u00e4nge des Weges oder nach Themenweg oder Lehrpfaden. Eine Besonderheit in Q-vadis ist es, auch barrierefreie Wanderungen zu suchen. Alle Details und weitere Informationen zu den Touren sind hinterlegt, wie den GPX-Track und Brosch\u00fcre. Au\u00dferdem sind rollstuhlgerechte Parkpl\u00e4tze markiert und eine rollstuhlgerechte Toilette oder Gastronomie in direkter N\u00e4he der ausgewiesenen Tour auf der hinterlegten Brosch\u00fcre beschrieben.<\/p>\n<div id=\"attachment_12447\" style=\"width: 510px\" class=\"wp-caption aligncenter\"><img aria-describedby=\"caption-attachment-12447\" decoding=\"async\" loading=\"lazy\" class=\"size-full wp-image-12447\" src=\"https:\/\/www.naturparkmagazin.de\/schwaebisch-fraenkischer-wald\/wp-content\/uploads\/sites\/34\/Screenshot-2023-06-19-141033_500.png\" alt=\"\" width=\"500\" height=\"422\" srcset=\"https:\/\/www.naturparkmagazin.de\/schwaebisch-fraenkischer-wald\/wp-content\/uploads\/sites\/34\/Screenshot-2023-06-19-141033_500.png 500w, https:\/\/www.naturparkmagazin.de\/schwaebisch-fraenkischer-wald\/wp-content\/uploads\/sites\/34\/Screenshot-2023-06-19-141033_500-300x253.png 300w, https:\/\/www.naturparkmagazin.de\/schwaebisch-fraenkischer-wald\/wp-content\/uploads\/sites\/34\/Screenshot-2023-06-19-141033_500-200x169.png 200w\" sizes=\"(max-width: 500px) 100vw, 500px\" \/><p id=\"caption-attachment-12447\" class=\"wp-caption-text\">\u00a9 Naturpark SFW Archiv<\/p><\/div>\n<p>Die Touren der inklusiven Wanderbotschafter:innen wurden alle von Rollstuhfahrer:innen getetestet. Diese Touren finden Sie ganz einfach mit dem Schlagwort \u201eInklusive\u201c in unserem <a href=\"https:\/\/q-vadis-schwaebischerwald.com\/karte\/schwaebischer-wald-karte.php\">Tourenportal Q-vadis<\/a>.<\/p>\n<div id=\"attachment_12445\" style=\"width: 510px\" class=\"wp-caption aligncenter\"><img aria-describedby=\"caption-attachment-12445\" decoding=\"async\" loading=\"lazy\" class=\"size-full wp-image-12445\" src=\"https:\/\/www.naturparkmagazin.de\/schwaebisch-fraenkischer-wald\/wp-content\/uploads\/sites\/34\/Q-vadis_Inklusive.jpg\" alt=\"\" width=\"500\" height=\"268\" srcset=\"https:\/\/www.naturparkmagazin.de\/schwaebisch-fraenkischer-wald\/wp-content\/uploads\/sites\/34\/Q-vadis_Inklusive.jpg 500w, https:\/\/www.naturparkmagazin.de\/schwaebisch-fraenkischer-wald\/wp-content\/uploads\/sites\/34\/Q-vadis_Inklusive-300x161.jpg 300w, https:\/\/www.naturparkmagazin.de\/schwaebisch-fraenkischer-wald\/wp-content\/uploads\/sites\/34\/Q-vadis_Inklusive-200x107.jpg 200w\" sizes=\"(max-width: 500px) 100vw, 500px\" \/><p id=\"caption-attachment-12445\" class=\"wp-caption-text\">\u00a9 Naturpark SFW Archiv<\/p><\/div>\n<p>Weitere Informationen zu \u201e<a href=\"https:\/\/www.naturpark-sfw.de\/erleben\/barrierefreie-angebote\/inklusive-wanderbotschafterinnen\">inklusive Wanderbotschafter:innen<\/a>\u201c finden Sie <a href=\"https:\/\/www.naturpark-sfw.de\/erleben\/barrierefreie-angebote\/inklusive-wanderbotschafterinnen\">hier<\/a>.<\/p>\n","protected":false},"excerpt":{"rendered":"<p>Wanderwege f\u00fcr mobilit\u00e4tseingeschr\u00e4nkte Menschen sind im Tourenportal \u201eQ-vadis\u201c mit allen wichtigen Inforationen zu finden! <\/p>\n","protected":false},"author":25,"featured_media":12446,"comment_status":"open","ping_status":"open","sticky":false,"template":"","format":"standard","meta":[],"categories":[7],"tags":[],"yoast_head":"<!-- This site is optimized with the Yoast SEO plugin v19.10 - https:\/\/yoast.com\/wordpress\/plugins\/seo\/ -->\n<title>Touren der inklusiven Wanderbotschafter:innen auf Q-vadis! - Naturpark Schw\u00e4bisch-Fr\u00e4nkischer Wald<\/title>\n<meta name=\"robots\" content=\"index, follow, max-snippet:-1, max-image-preview:large, max-video-preview:-1\" \/>\n<link rel=\"canonical\" href=\"https:\/\/www.naturparkmagazin.de\/schwaebisch-fraenkischer-wald\/touren-der-inklusiven-wanderbotschafterinnen-auf-q-vadis\/\" \/>\n<meta property=\"og:locale\" content=\"de_DE\" \/>\n<meta property=\"og:type\" content=\"article\" \/>\n<meta property=\"og:title\" content=\"Touren der inklusiven Wanderbotschafter:innen auf Q-vadis! - Naturpark Schw\u00e4bisch-Fr\u00e4nkischer Wald\" \/>\n<meta property=\"og:description\" content=\"Wanderwege f\u00fcr mobilit\u00e4tseingeschr\u00e4nkte Menschen sind im Tourenportal \u201eQ-vadis\u201c mit allen wichtigen Inforationen zu finden!\" \/>\n<meta property=\"og:url\" content=\"https:\/\/www.naturparkmagazin.de\/schwaebisch-fraenkischer-wald\/touren-der-inklusiven-wanderbotschafterinnen-auf-q-vadis\/\" \/>\n<meta property=\"og:site_name\" content=\"Naturpark Schw\u00e4bisch-Fr\u00e4nkischer Wald\" \/>\n<meta property=\"article:author\" content=\"https:\/\/www.facebook.com\/naturparkSFW\" \/>\n<meta property=\"article:published_time\" content=\"2023-06-19T12:13:39+00:00\" \/>\n<meta property=\"article:modified_time\" content=\"2023-06-19T12:14:35+00:00\" \/>\n<meta property=\"og:image\" content=\"https:\/\/www.naturparkmagazin.de\/schwaebisch-fraenkischer-wald\/wp-content\/uploads\/sites\/34\/Screenshot-2023-06-19-141157_200.png\" \/>\n\t<meta property=\"og:image:width\" content=\"555\" \/>\n\t<meta property=\"og:image:height\" content=\"551\" \/>\n\t<meta property=\"og:image:type\" content=\"image\/png\" \/>\n<meta name=\"author\" content=\"Naturpark-Team\" \/>\n<meta name=\"twitter:label1\" content=\"Verfasst von\" \/>\n\t<meta name=\"twitter:data1\" content=\"Naturpark-Team\" \/>\n\t<meta name=\"twitter:label2\" content=\"Gesch\u00e4tzte Lesezeit\" \/>\n\t<meta name=\"twitter:data2\" content=\"2\u00a0Minuten\" \/>\n<script type=\"application\/ld+json\" class=\"yoast-schema-graph\">{\"@context\":\"https:\/\/schema.org\",\"@graph\":[{\"@type\":\"WebPage\",\"@id\":\"https:\/\/www.naturparkmagazin.de\/schwaebisch-fraenkischer-wald\/touren-der-inklusiven-wanderbotschafterinnen-auf-q-vadis\/\",\"url\":\"https:\/\/www.naturparkmagazin.de\/schwaebisch-fraenkischer-wald\/touren-der-inklusiven-wanderbotschafterinnen-auf-q-vadis\/\",\"name\":\"Touren der inklusiven Wanderbotschafter:innen auf Q-vadis! - Naturpark Schw\u00e4bisch-Fr\u00e4nkischer Wald\",\"isPartOf\":{\"@id\":\"https:\/\/www.naturparkmagazin.de\/schwaebisch-fraenkischer-wald\/#website\"},\"datePublished\":\"2023-06-19T12:13:39+00:00\",\"dateModified\":\"2023-06-19T12:14:35+00:00\",\"author\":{\"@id\":\"https:\/\/www.naturparkmagazin.de\/schwaebisch-fraenkischer-wald\/#\/schema\/person\/f047a3702ae747fd7830cf8ac95e6066\"},\"breadcrumb\":{\"@id\":\"https:\/\/www.naturparkmagazin.de\/schwaebisch-fraenkischer-wald\/touren-der-inklusiven-wanderbotschafterinnen-auf-q-vadis\/#breadcrumb\"},\"inLanguage\":\"de\",\"potentialAction\":[{\"@type\":\"ReadAction\",\"target\":[\"https:\/\/www.naturparkmagazin.de\/schwaebisch-fraenkischer-wald\/touren-der-inklusiven-wanderbotschafterinnen-auf-q-vadis\/\"]}]},{\"@type\":\"BreadcrumbList\",\"@id\":\"https:\/\/www.naturparkmagazin.de\/schwaebisch-fraenkischer-wald\/touren-der-inklusiven-wanderbotschafterinnen-auf-q-vadis\/#breadcrumb\",\"itemListElement\":[{\"@type\":\"ListItem\",\"position\":1,\"name\":\"Home\",\"item\":\"https:\/\/www.naturparkmagazin.de\/schwaebisch-fraenkischer-wald\/\"},{\"@type\":\"ListItem\",\"position\":2,\"name\":\"Touren der inklusiven Wanderbotschafter:innen auf Q-vadis!\"}]},{\"@type\":\"WebSite\",\"@id\":\"https:\/\/www.naturparkmagazin.de\/schwaebisch-fraenkischer-wald\/#website\",\"url\":\"https:\/\/www.naturparkmagazin.de\/schwaebisch-fraenkischer-wald\/\",\"name\":\"Naturpark Schw\u00e4bisch-Fr\u00e4nkischer Wald\",\"description\":\"\",\"potentialAction\":[{\"@type\":\"SearchAction\",\"target\":{\"@type\":\"EntryPoint\",\"urlTemplate\":\"https:\/\/www.naturparkmagazin.de\/schwaebisch-fraenkischer-wald\/?s={search_term_string}\"},\"query-input\":\"required name=search_term_string\"}],\"inLanguage\":\"de\"},{\"@type\":\"Person\",\"@id\":\"https:\/\/www.naturparkmagazin.de\/schwaebisch-fraenkischer-wald\/#\/schema\/person\/f047a3702ae747fd7830cf8ac95e6066\",\"name\":\"Naturpark-Team\",\"sameAs\":[\"http:\/\/www.naturpark-sfw.de\",\"https:\/\/www.facebook.com\/naturparkSFW\"],\"url\":\"https:\/\/www.naturparkmagazin.de\/schwaebisch-fraenkischer-wald\/author\/bernharddrixler\/\"}]}<\/script>\n<!-- \/ Yoast SEO plugin. -->","yoast_head_json":{"title":"Touren der inklusiven Wanderbotschafter:innen auf Q-vadis! - Naturpark Schw\u00e4bisch-Fr\u00e4nkischer Wald","robots":{"index":"index","follow":"follow","max-snippet":"max-snippet:-1","max-image-preview":"max-image-preview:large","max-video-preview":"max-video-preview:-1"},"canonical":"https:\/\/www.naturparkmagazin.de\/schwaebisch-fraenkischer-wald\/touren-der-inklusiven-wanderbotschafterinnen-auf-q-vadis\/","og_locale":"de_DE","og_type":"article","og_title":"Touren der inklusiven Wanderbotschafter:innen auf Q-vadis! - Naturpark Schw\u00e4bisch-Fr\u00e4nkischer Wald","og_description":"Wanderwege f\u00fcr mobilit\u00e4tseingeschr\u00e4nkte Menschen sind im Tourenportal \u201eQ-vadis\u201c mit allen wichtigen Inforationen zu finden!","og_url":"https:\/\/www.naturparkmagazin.de\/schwaebisch-fraenkischer-wald\/touren-der-inklusiven-wanderbotschafterinnen-auf-q-vadis\/","og_site_name":"Naturpark Schw\u00e4bisch-Fr\u00e4nkischer Wald","article_author":"https:\/\/www.facebook.com\/naturparkSFW","article_published_time":"2023-06-19T12:13:39+00:00","article_modified_time":"2023-06-19T12:14:35+00:00","og_image":[{"width":555,"height":551,"url":"https:\/\/www.naturparkmagazin.de\/schwaebisch-fraenkischer-wald\/wp-content\/uploads\/sites\/34\/Screenshot-2023-06-19-141157_200.png","type":"image\/png"}],"author":"Naturpark-Team","twitter_misc":{"Verfasst von":"Naturpark-Team","Gesch\u00e4tzte Lesezeit":"2\u00a0Minuten"},"schema":{"@context":"https:\/\/schema.org","@graph":[{"@type":"WebPage","@id":"https:\/\/www.naturparkmagazin.de\/schwaebisch-fraenkischer-wald\/touren-der-inklusiven-wanderbotschafterinnen-auf-q-vadis\/","url":"https:\/\/www.naturparkmagazin.de\/schwaebisch-fraenkischer-wald\/touren-der-inklusiven-wanderbotschafterinnen-auf-q-vadis\/","name":"Touren der inklusiven Wanderbotschafter:innen auf Q-vadis! - Naturpark Schw\u00e4bisch-Fr\u00e4nkischer Wald","isPartOf":{"@id":"https:\/\/www.naturparkmagazin.de\/schwaebisch-fraenkischer-wald\/#website"},"datePublished":"2023-06-19T12:13:39+00:00","dateModified":"2023-06-19T12:14:35+00:00","author":{"@id":"https:\/\/www.naturparkmagazin.de\/schwaebisch-fraenkischer-wald\/#\/schema\/person\/f047a3702ae747fd7830cf8ac95e6066"},"breadcrumb":{"@id":"https:\/\/www.naturparkmagazin.de\/schwaebisch-fraenkischer-wald\/touren-der-inklusiven-wanderbotschafterinnen-auf-q-vadis\/#breadcrumb"},"inLanguage":"de","potentialAction":[{"@type":"ReadAction","target":["https:\/\/www.naturparkmagazin.de\/schwaebisch-fraenkischer-wald\/touren-der-inklusiven-wanderbotschafterinnen-auf-q-vadis\/"]}]},{"@type":"BreadcrumbList","@id":"https:\/\/www.naturparkmagazin.de\/schwaebisch-fraenkischer-wald\/touren-der-inklusiven-wanderbotschafterinnen-auf-q-vadis\/#breadcrumb","itemListElement":[{"@type":"ListItem","position":1,"name":"Home","item":"https:\/\/www.naturparkmagazin.de\/schwaebisch-fraenkischer-wald\/"},{"@type":"ListItem","position":2,"name":"Touren der inklusiven Wanderbotschafter:innen auf Q-vadis!"}]},{"@type":"WebSite","@id":"https:\/\/www.naturparkmagazin.de\/schwaebisch-fraenkischer-wald\/#website","url":"https:\/\/www.naturparkmagazin.de\/schwaebisch-fraenkischer-wald\/","name":"Naturpark Schw\u00e4bisch-Fr\u00e4nkischer Wald","description":"","potentialAction":[{"@type":"SearchAction","target":{"@type":"EntryPoint","urlTemplate":"https:\/\/www.naturparkmagazin.de\/schwaebisch-fraenkischer-wald\/?s={search_term_string}"},"query-input":"required name=search_term_string"}],"inLanguage":"de"},{"@type":"Person","@id":"https:\/\/www.naturparkmagazin.de\/schwaebisch-fraenkischer-wald\/#\/schema\/person\/f047a3702ae747fd7830cf8ac95e6066","name":"Naturpark-Team","sameAs":["http:\/\/www.naturpark-sfw.de","https:\/\/www.facebook.com\/naturparkSFW"],"url":"https:\/\/www.naturparkmagazin.de\/schwaebisch-fraenkischer-wald\/author\/bernharddrixler\/"}]}},"_links":{"self":[{"href":"https:\/\/www.naturparkmagazin.de\/schwaebisch-fraenkischer-wald\/wp-json\/wp\/v2\/posts\/12444"}],"collection":[{"href":"https:\/\/www.naturparkmagazin.de\/schwaebisch-fraenkischer-wald\/wp-json\/wp\/v2\/posts"}],"about":[{"href":"https:\/\/www.naturparkmagazin.de\/schwaebisch-fraenkischer-wald\/wp-json\/wp\/v2\/types\/post"}],"author":[{"embeddable":true,"href":"https:\/\/www.naturparkmagazin.de\/schwaebisch-fraenkischer-wald\/wp-json\/wp\/v2\/users\/25"}],"replies":[{"embeddable":true,"href":"https:\/\/www.naturparkmagazin.de\/schwaebisch-fraenkischer-wald\/wp-json\/wp\/v2\/comments?post=12444"}],"version-history":[{"count":2,"href":"https:\/\/www.naturparkmagazin.de\/schwaebisch-fraenkischer-wald\/wp-json\/wp\/v2\/posts\/12444\/revisions"}],"predecessor-version":[{"id":12449,"href":"https:\/\/www.naturparkmagazin.de\/schwaebisch-fraenkischer-wald\/wp-json\/wp\/v2\/posts\/12444\/revisions\/12449"}],"wp:featuredmedia":[{"embeddable":true,"href":"https:\/\/www.naturparkmagazin.de\/schwaebisch-fraenkischer-wald\/wp-json\/wp\/v2\/media\/12446"}],"wp:attachment":[{"href":"https:\/\/www.naturparkmagazin.de\/schwaebisch-fraenkischer-wald\/wp-json\/wp\/v2\/media?parent=12444"}],"wp:term":[{"taxonomy":"category","embeddable":true,"href":"https:\/\/www.naturparkmagazin.de\/schwaebisch-fraenkischer-wald\/wp-json\/wp\/v2\/categories?post=12444"},{"taxonomy":"post_tag","embeddable":true,"href":"https:\/\/www.naturparkmagazin.de\/schwaebisch-fraenkischer-wald\/wp-json\/wp\/v2\/tags?post=12444"}],"curies":[{"name":"wp","href":"https:\/\/api.w.org\/{rel}","templated":true}]}}