{"id":12619,"date":"2023-10-18T09:41:05","date_gmt":"2023-10-18T07:41:05","guid":{"rendered":"https:\/\/www.naturparkmagazin.de\/schwaebisch-fraenkischer-wald\/?p=12619"},"modified":"2023-10-24T15:31:52","modified_gmt":"2023-10-24T13:31:52","slug":"inklusive-wanderbotschafterinnen-tour-in-allmersbach-im-tal","status":"publish","type":"post","link":"https:\/\/www.naturparkmagazin.de\/schwaebisch-fraenkischer-wald\/inklusive-wanderbotschafterinnen-tour-in-allmersbach-im-tal\/","title":{"rendered":"Inklusive Wanderbotschafter:innen &#8211; Tour in Allmersbach im Tal"},"content":{"rendered":"<div id=\"attachment_12622\" style=\"width: 510px\" class=\"wp-caption aligncenter\"><img aria-describedby=\"caption-attachment-12622\" decoding=\"async\" loading=\"lazy\" class=\"size-full wp-image-12622\" src=\"https:\/\/www.naturparkmagazin.de\/schwaebisch-fraenkischer-wald\/wp-content\/uploads\/sites\/34\/220824_IWB_Allmersbach-500x300-1.jpg\" alt=\"\" width=\"500\" height=\"310\" srcset=\"https:\/\/www.naturparkmagazin.de\/schwaebisch-fraenkischer-wald\/wp-content\/uploads\/sites\/34\/220824_IWB_Allmersbach-500x300-1.jpg 500w, https:\/\/www.naturparkmagazin.de\/schwaebisch-fraenkischer-wald\/wp-content\/uploads\/sites\/34\/220824_IWB_Allmersbach-500x300-1-300x186.jpg 300w, https:\/\/www.naturparkmagazin.de\/schwaebisch-fraenkischer-wald\/wp-content\/uploads\/sites\/34\/220824_IWB_Allmersbach-500x300-1-200x124.jpg 200w\" sizes=\"(max-width: 500px) 100vw, 500px\" \/><p id=\"caption-attachment-12622\" class=\"wp-caption-text\">\u00a9 Naturpark SFW Archiv<\/p><\/div>\n<p>Genie\u00dfen Sie die sch\u00f6nen Herbsttage bei einer kleinen Wanderung rund um den Allmersbach. Die neue Tour der inklusiven Wanderbotschafter:innen in Allmersbach im Tal l\u00e4dt ganzj\u00e4hrig ein, eine sch\u00f6ne Tour in der Naturpark-Gemeinde zu machen. Die Tour ist ausschlie\u00dflich auf geteerten und geschotterten Feldwegen, auf denen Sie die Herbstsonne wunderbar genie\u00dfen k\u00f6nnen. In regelm\u00e4\u00dfigen Abst\u00e4nden finden Sie einladende Ruheb\u00e4nke, die gut mit einem Rollator oder Gehilfe zu erreichen sind. Genie\u00dfen Sie das Pl\u00e4tschern des Allmersbachs in einer sch\u00f6nen landschaftlichen Umgebung.<\/p>\n<p>Am Startpunkt k\u00f6nnen Sie sich bei der B\u00e4ckerei Maurer mit einem leckeren Vesper eindecken oder anschlie\u00dfend im Vereinsheim Allmersbach einkehren. Die B\u00e4ckerei und das Vereinsheim verf\u00fcgen \u00fcber ein rollstuhlgerechtes WC.<\/p>\n<p>Die <a href=\"https:\/\/q-vadis-schwaebischerwald.com\/karte\/schwaebischer-wald-karte.php?type=wege&amp;id=724\">Tour<\/a> ist \u00fcber unser Tourenportal Q-vadis zu finden, mit GPX-Track und Flyer zum Herunterladen. Mit dem Schlagwort \u201eInklusive\u201c finden Sie auf Q-vadis alle weiteren Touren.<\/p>\n<p>Die Flyer k\u00f6nnen Sie ebenfalls \u00fcber unsere kostenlose <a href=\"https:\/\/www.naturpark-sfw.de\/informieren\/broschueren-bestellung\">Brosch\u00fcrenbestellung<\/a> auf der Naturpark-Homepage bestellen.<\/p>\n<div id=\"attachment_12620\" style=\"width: 367px\" class=\"wp-caption aligncenter\"><img aria-describedby=\"caption-attachment-12620\" decoding=\"async\" loading=\"lazy\" class=\"size-full wp-image-12620\" src=\"https:\/\/www.naturparkmagazin.de\/schwaebisch-fraenkischer-wald\/wp-content\/uploads\/sites\/34\/IWB_Allmersbach-500x300-1.png\" alt=\"\" width=\"357\" height=\"500\" srcset=\"https:\/\/www.naturparkmagazin.de\/schwaebisch-fraenkischer-wald\/wp-content\/uploads\/sites\/34\/IWB_Allmersbach-500x300-1.png 357w, https:\/\/www.naturparkmagazin.de\/schwaebisch-fraenkischer-wald\/wp-content\/uploads\/sites\/34\/IWB_Allmersbach-500x300-1-300x420.png 300w, https:\/\/www.naturparkmagazin.de\/schwaebisch-fraenkischer-wald\/wp-content\/uploads\/sites\/34\/IWB_Allmersbach-500x300-1-200x280.png 200w\" sizes=\"(max-width: 357px) 100vw, 357px\" \/><p id=\"caption-attachment-12620\" class=\"wp-caption-text\">\u00a9 Naturpark SFW Archiv<\/p><\/div>\n<div id=\"attachment_12621\" style=\"width: 365px\" class=\"wp-caption aligncenter\"><img aria-describedby=\"caption-attachment-12621\" decoding=\"async\" loading=\"lazy\" class=\"size-full wp-image-12621\" src=\"https:\/\/www.naturparkmagazin.de\/schwaebisch-fraenkischer-wald\/wp-content\/uploads\/sites\/34\/IWB-Allmersbach-2_500x300.png\" alt=\"\" width=\"355\" height=\"500\" srcset=\"https:\/\/www.naturparkmagazin.de\/schwaebisch-fraenkischer-wald\/wp-content\/uploads\/sites\/34\/IWB-Allmersbach-2_500x300.png 355w, https:\/\/www.naturparkmagazin.de\/schwaebisch-fraenkischer-wald\/wp-content\/uploads\/sites\/34\/IWB-Allmersbach-2_500x300-300x423.png 300w, https:\/\/www.naturparkmagazin.de\/schwaebisch-fraenkischer-wald\/wp-content\/uploads\/sites\/34\/IWB-Allmersbach-2_500x300-200x282.png 200w\" sizes=\"(max-width: 355px) 100vw, 355px\" \/><p id=\"caption-attachment-12621\" class=\"wp-caption-text\">\u00a9 Naturpark SFW Archiv<\/p><\/div>\n","protected":false},"excerpt":{"rendered":"<p>Idyllische Wanderung entlang des Allmersbachs<\/p>\n","protected":false},"author":25,"featured_media":12374,"comment_status":"open","ping_status":"open","sticky":false,"template":"","format":"standard","meta":[],"categories":[617],"tags":[],"yoast_head":"<!-- This site is optimized with the Yoast SEO plugin v19.10 - https:\/\/yoast.com\/wordpress\/plugins\/seo\/ -->\n<title>Inklusive Wanderbotschafter:innen - Tour in Allmersbach im Tal - Naturpark Schw\u00e4bisch-Fr\u00e4nkischer Wald<\/title>\n<meta name=\"robots\" content=\"index, follow, max-snippet:-1, max-image-preview:large, max-video-preview:-1\" \/>\n<link rel=\"canonical\" href=\"https:\/\/www.naturparkmagazin.de\/schwaebisch-fraenkischer-wald\/inklusive-wanderbotschafterinnen-tour-in-allmersbach-im-tal\/\" \/>\n<meta property=\"og:locale\" content=\"de_DE\" \/>\n<meta property=\"og:type\" content=\"article\" \/>\n<meta property=\"og:title\" content=\"Inklusive Wanderbotschafter:innen - Tour in Allmersbach im Tal - Naturpark Schw\u00e4bisch-Fr\u00e4nkischer Wald\" \/>\n<meta property=\"og:description\" content=\"Idyllische Wanderung entlang des Allmersbachs\" \/>\n<meta property=\"og:url\" content=\"https:\/\/www.naturparkmagazin.de\/schwaebisch-fraenkischer-wald\/inklusive-wanderbotschafterinnen-tour-in-allmersbach-im-tal\/\" \/>\n<meta property=\"og:site_name\" content=\"Naturpark Schw\u00e4bisch-Fr\u00e4nkischer Wald\" \/>\n<meta property=\"article:author\" content=\"https:\/\/www.facebook.com\/naturparkSFW\" \/>\n<meta property=\"article:published_time\" content=\"2023-10-18T07:41:05+00:00\" \/>\n<meta property=\"article:modified_time\" content=\"2023-10-24T13:31:52+00:00\" \/>\n<meta property=\"og:image\" content=\"https:\/\/www.naturparkmagazin.de\/schwaebisch-fraenkischer-wald\/wp-content\/uploads\/sites\/34\/230423_Einweihung_IWB_Allmersbach_kotrba_200x200.jpg\" \/>\n\t<meta property=\"og:image:width\" content=\"200\" \/>\n\t<meta property=\"og:image:height\" content=\"200\" \/>\n\t<meta property=\"og:image:type\" content=\"image\/jpeg\" \/>\n<meta name=\"author\" content=\"Naturpark-Team\" \/>\n<meta name=\"twitter:label1\" content=\"Verfasst von\" \/>\n\t<meta name=\"twitter:data1\" content=\"Naturpark-Team\" \/>\n\t<meta name=\"twitter:label2\" content=\"Gesch\u00e4tzte Lesezeit\" \/>\n\t<meta name=\"twitter:data2\" content=\"2\u00a0Minuten\" \/>\n<script type=\"application\/ld+json\" class=\"yoast-schema-graph\">{\"@context\":\"https:\/\/schema.org\",\"@graph\":[{\"@type\":\"WebPage\",\"@id\":\"https:\/\/www.naturparkmagazin.de\/schwaebisch-fraenkischer-wald\/inklusive-wanderbotschafterinnen-tour-in-allmersbach-im-tal\/\",\"url\":\"https:\/\/www.naturparkmagazin.de\/schwaebisch-fraenkischer-wald\/inklusive-wanderbotschafterinnen-tour-in-allmersbach-im-tal\/\",\"name\":\"Inklusive Wanderbotschafter:innen - Tour in Allmersbach im Tal - Naturpark Schw\u00e4bisch-Fr\u00e4nkischer Wald\",\"isPartOf\":{\"@id\":\"https:\/\/www.naturparkmagazin.de\/schwaebisch-fraenkischer-wald\/#website\"},\"datePublished\":\"2023-10-18T07:41:05+00:00\",\"dateModified\":\"2023-10-24T13:31:52+00:00\",\"author\":{\"@id\":\"https:\/\/www.naturparkmagazin.de\/schwaebisch-fraenkischer-wald\/#\/schema\/person\/f047a3702ae747fd7830cf8ac95e6066\"},\"breadcrumb\":{\"@id\":\"https:\/\/www.naturparkmagazin.de\/schwaebisch-fraenkischer-wald\/inklusive-wanderbotschafterinnen-tour-in-allmersbach-im-tal\/#breadcrumb\"},\"inLanguage\":\"de\",\"potentialAction\":[{\"@type\":\"ReadAction\",\"target\":[\"https:\/\/www.naturparkmagazin.de\/schwaebisch-fraenkischer-wald\/inklusive-wanderbotschafterinnen-tour-in-allmersbach-im-tal\/\"]}]},{\"@type\":\"BreadcrumbList\",\"@id\":\"https:\/\/www.naturparkmagazin.de\/schwaebisch-fraenkischer-wald\/inklusive-wanderbotschafterinnen-tour-in-allmersbach-im-tal\/#breadcrumb\",\"itemListElement\":[{\"@type\":\"ListItem\",\"position\":1,\"name\":\"Home\",\"item\":\"https:\/\/www.naturparkmagazin.de\/schwaebisch-fraenkischer-wald\/\"},{\"@type\":\"ListItem\",\"position\":2,\"name\":\"Inklusive Wanderbotschafter:innen &#8211; Tour in Allmersbach im Tal\"}]},{\"@type\":\"WebSite\",\"@id\":\"https:\/\/www.naturparkmagazin.de\/schwaebisch-fraenkischer-wald\/#website\",\"url\":\"https:\/\/www.naturparkmagazin.de\/schwaebisch-fraenkischer-wald\/\",\"name\":\"Naturpark Schw\u00e4bisch-Fr\u00e4nkischer Wald\",\"description\":\"\",\"potentialAction\":[{\"@type\":\"SearchAction\",\"target\":{\"@type\":\"EntryPoint\",\"urlTemplate\":\"https:\/\/www.naturparkmagazin.de\/schwaebisch-fraenkischer-wald\/?s={search_term_string}\"},\"query-input\":\"required name=search_term_string\"}],\"inLanguage\":\"de\"},{\"@type\":\"Person\",\"@id\":\"https:\/\/www.naturparkmagazin.de\/schwaebisch-fraenkischer-wald\/#\/schema\/person\/f047a3702ae747fd7830cf8ac95e6066\",\"name\":\"Naturpark-Team\",\"sameAs\":[\"http:\/\/www.naturpark-sfw.de\",\"https:\/\/www.facebook.com\/naturparkSFW\"],\"url\":\"https:\/\/www.naturparkmagazin.de\/schwaebisch-fraenkischer-wald\/author\/bernharddrixler\/\"}]}<\/script>\n<!-- \/ Yoast SEO plugin. -->","yoast_head_json":{"title":"Inklusive Wanderbotschafter:innen - Tour in Allmersbach im Tal - Naturpark Schw\u00e4bisch-Fr\u00e4nkischer Wald","robots":{"index":"index","follow":"follow","max-snippet":"max-snippet:-1","max-image-preview":"max-image-preview:large","max-video-preview":"max-video-preview:-1"},"canonical":"https:\/\/www.naturparkmagazin.de\/schwaebisch-fraenkischer-wald\/inklusive-wanderbotschafterinnen-tour-in-allmersbach-im-tal\/","og_locale":"de_DE","og_type":"article","og_title":"Inklusive Wanderbotschafter:innen - Tour in Allmersbach im Tal - Naturpark Schw\u00e4bisch-Fr\u00e4nkischer Wald","og_description":"Idyllische Wanderung entlang des Allmersbachs","og_url":"https:\/\/www.naturparkmagazin.de\/schwaebisch-fraenkischer-wald\/inklusive-wanderbotschafterinnen-tour-in-allmersbach-im-tal\/","og_site_name":"Naturpark Schw\u00e4bisch-Fr\u00e4nkischer Wald","article_author":"https:\/\/www.facebook.com\/naturparkSFW","article_published_time":"2023-10-18T07:41:05+00:00","article_modified_time":"2023-10-24T13:31:52+00:00","og_image":[{"width":200,"height":200,"url":"https:\/\/www.naturparkmagazin.de\/schwaebisch-fraenkischer-wald\/wp-content\/uploads\/sites\/34\/230423_Einweihung_IWB_Allmersbach_kotrba_200x200.jpg","type":"image\/jpeg"}],"author":"Naturpark-Team","twitter_misc":{"Verfasst von":"Naturpark-Team","Gesch\u00e4tzte Lesezeit":"2\u00a0Minuten"},"schema":{"@context":"https:\/\/schema.org","@graph":[{"@type":"WebPage","@id":"https:\/\/www.naturparkmagazin.de\/schwaebisch-fraenkischer-wald\/inklusive-wanderbotschafterinnen-tour-in-allmersbach-im-tal\/","url":"https:\/\/www.naturparkmagazin.de\/schwaebisch-fraenkischer-wald\/inklusive-wanderbotschafterinnen-tour-in-allmersbach-im-tal\/","name":"Inklusive Wanderbotschafter:innen - Tour in Allmersbach im Tal - Naturpark Schw\u00e4bisch-Fr\u00e4nkischer Wald","isPartOf":{"@id":"https:\/\/www.naturparkmagazin.de\/schwaebisch-fraenkischer-wald\/#website"},"datePublished":"2023-10-18T07:41:05+00:00","dateModified":"2023-10-24T13:31:52+00:00","author":{"@id":"https:\/\/www.naturparkmagazin.de\/schwaebisch-fraenkischer-wald\/#\/schema\/person\/f047a3702ae747fd7830cf8ac95e6066"},"breadcrumb":{"@id":"https:\/\/www.naturparkmagazin.de\/schwaebisch-fraenkischer-wald\/inklusive-wanderbotschafterinnen-tour-in-allmersbach-im-tal\/#breadcrumb"},"inLanguage":"de","potentialAction":[{"@type":"ReadAction","target":["https:\/\/www.naturparkmagazin.de\/schwaebisch-fraenkischer-wald\/inklusive-wanderbotschafterinnen-tour-in-allmersbach-im-tal\/"]}]},{"@type":"BreadcrumbList","@id":"https:\/\/www.naturparkmagazin.de\/schwaebisch-fraenkischer-wald\/inklusive-wanderbotschafterinnen-tour-in-allmersbach-im-tal\/#breadcrumb","itemListElement":[{"@type":"ListItem","position":1,"name":"Home","item":"https:\/\/www.naturparkmagazin.de\/schwaebisch-fraenkischer-wald\/"},{"@type":"ListItem","position":2,"name":"Inklusive Wanderbotschafter:innen &#8211; Tour in Allmersbach im Tal"}]},{"@type":"WebSite","@id":"https:\/\/www.naturparkmagazin.de\/schwaebisch-fraenkischer-wald\/#website","url":"https:\/\/www.naturparkmagazin.de\/schwaebisch-fraenkischer-wald\/","name":"Naturpark Schw\u00e4bisch-Fr\u00e4nkischer Wald","description":"","potentialAction":[{"@type":"SearchAction","target":{"@type":"EntryPoint","urlTemplate":"https:\/\/www.naturparkmagazin.de\/schwaebisch-fraenkischer-wald\/?s={search_term_string}"},"query-input":"required name=search_term_string"}],"inLanguage":"de"},{"@type":"Person","@id":"https:\/\/www.naturparkmagazin.de\/schwaebisch-fraenkischer-wald\/#\/schema\/person\/f047a3702ae747fd7830cf8ac95e6066","name":"Naturpark-Team","sameAs":["http:\/\/www.naturpark-sfw.de","https:\/\/www.facebook.com\/naturparkSFW"],"url":"https:\/\/www.naturparkmagazin.de\/schwaebisch-fraenkischer-wald\/author\/bernharddrixler\/"}]}},"_links":{"self":[{"href":"https:\/\/www.naturparkmagazin.de\/schwaebisch-fraenkischer-wald\/wp-json\/wp\/v2\/posts\/12619"}],"collection":[{"href":"https:\/\/www.naturparkmagazin.de\/schwaebisch-fraenkischer-wald\/wp-json\/wp\/v2\/posts"}],"about":[{"href":"https:\/\/www.naturparkmagazin.de\/schwaebisch-fraenkischer-wald\/wp-json\/wp\/v2\/types\/post"}],"author":[{"embeddable":true,"href":"https:\/\/www.naturparkmagazin.de\/schwaebisch-fraenkischer-wald\/wp-json\/wp\/v2\/users\/25"}],"replies":[{"embeddable":true,"href":"https:\/\/www.naturparkmagazin.de\/schwaebisch-fraenkischer-wald\/wp-json\/wp\/v2\/comments?post=12619"}],"version-history":[{"count":3,"href":"https:\/\/www.naturparkmagazin.de\/schwaebisch-fraenkischer-wald\/wp-json\/wp\/v2\/posts\/12619\/revisions"}],"predecessor-version":[{"id":12644,"href":"https:\/\/www.naturparkmagazin.de\/schwaebisch-fraenkischer-wald\/wp-json\/wp\/v2\/posts\/12619\/revisions\/12644"}],"wp:featuredmedia":[{"embeddable":true,"href":"https:\/\/www.naturparkmagazin.de\/schwaebisch-fraenkischer-wald\/wp-json\/wp\/v2\/media\/12374"}],"wp:attachment":[{"href":"https:\/\/www.naturparkmagazin.de\/schwaebisch-fraenkischer-wald\/wp-json\/wp\/v2\/media?parent=12619"}],"wp:term":[{"taxonomy":"category","embeddable":true,"href":"https:\/\/www.naturparkmagazin.de\/schwaebisch-fraenkischer-wald\/wp-json\/wp\/v2\/categories?post=12619"},{"taxonomy":"post_tag","embeddable":true,"href":"https:\/\/www.naturparkmagazin.de\/schwaebisch-fraenkischer-wald\/wp-json\/wp\/v2\/tags?post=12619"}],"curies":[{"name":"wp","href":"https:\/\/api.w.org\/{rel}","templated":true}]}}