{"id":12625,"date":"2023-10-18T10:01:13","date_gmt":"2023-10-18T08:01:13","guid":{"rendered":"https:\/\/www.naturparkmagazin.de\/schwaebisch-fraenkischer-wald\/?p=12625"},"modified":"2023-10-27T14:58:14","modified_gmt":"2023-10-27T12:58:14","slug":"inklusive-wanderbotschafterinnen-2","status":"publish","type":"post","link":"https:\/\/www.naturparkmagazin.de\/schwaebisch-fraenkischer-wald\/inklusive-wanderbotschafterinnen-2\/","title":{"rendered":"Inklusive Wanderbotschafter:innen"},"content":{"rendered":"<div id=\"attachment_12626\" style=\"width: 510px\" class=\"wp-caption aligncenter\"><img aria-describedby=\"caption-attachment-12626\" decoding=\"async\" loading=\"lazy\" class=\"size-full wp-image-12626\" src=\"https:\/\/www.naturparkmagazin.de\/schwaebisch-fraenkischer-wald\/wp-content\/uploads\/sites\/34\/Wanderbotschafter_149_500x300.jpg\" alt=\"\" width=\"500\" height=\"333\" srcset=\"https:\/\/www.naturparkmagazin.de\/schwaebisch-fraenkischer-wald\/wp-content\/uploads\/sites\/34\/Wanderbotschafter_149_500x300.jpg 500w, https:\/\/www.naturparkmagazin.de\/schwaebisch-fraenkischer-wald\/wp-content\/uploads\/sites\/34\/Wanderbotschafter_149_500x300-300x200.jpg 300w, https:\/\/www.naturparkmagazin.de\/schwaebisch-fraenkischer-wald\/wp-content\/uploads\/sites\/34\/Wanderbotschafter_149_500x300-200x133.jpg 200w\" sizes=\"(max-width: 500px) 100vw, 500px\" \/><p id=\"caption-attachment-12626\" class=\"wp-caption-text\">\u00a9 Naturpark SFW \/ Monika Sanwald<\/p><\/div>\n<p>Einblick ins Projekt \u201eInklusive Wanderbotschafter:innen im Naturpark Schw\u00e4bisch-Fr\u00e4nkischer Wald\u201c. Das Bild zeigt die Gruppe beim Fotoshooting im August. \u201eEs spiegelt die Freude, die das Projekt mit sich bringt\u201c sagt Projektmanagerin Jasmin Kotrba. \u201eBei jeder Tour finden sich engagierte ehrenamtliche Wanderbotschafter:innen die gemeinsam neue Touren und neue Gegebenheiten testen.\u201c<\/p>\n<p>Die Wanderbotschafter:innen erm\u00f6glichen eine Bewertung der Touren auch aus Perspektive eines mobilit\u00e4tseingeschr\u00e4nkten Menschen, was ein sehr gro\u00dfer Mehrwert f\u00fcr das gesamte Projekt darstellt, da die Zielgruppe direkt von Anfang an mit beteiligt ist.<\/p>\n","protected":false},"excerpt":{"rendered":"<p>Einblick ins Projekt \u201eInklusive Wanderbotschafter:innen im Naturpark Schw\u00e4bisch-Fr\u00e4nkischer Wald\u201c. Das Bild zeigt die Gruppe beim Fotoshooting im August. \u201eEs spiegelt die Freude, die das Projekt mit sich bringt\u201c sagt Projektmanagerin Jasmin Kotrba. \u201eBei jeder Tour finden sich engagierte ehrenamtliche Wanderbotschafter:innen die gemeinsam neue Touren und neue Gegebenheiten testen.\u201c Die Wanderbotschafter:innen erm\u00f6glichen eine Bewertung der Touren<\/p>\n","protected":false},"author":25,"featured_media":12627,"comment_status":"open","ping_status":"open","sticky":false,"template":"","format":"standard","meta":[],"categories":[10],"tags":[],"yoast_head":"<!-- This site is optimized with the Yoast SEO plugin v19.10 - https:\/\/yoast.com\/wordpress\/plugins\/seo\/ -->\n<title>Inklusive Wanderbotschafter:innen - Naturpark Schw\u00e4bisch-Fr\u00e4nkischer Wald<\/title>\n<meta name=\"robots\" content=\"index, follow, max-snippet:-1, max-image-preview:large, max-video-preview:-1\" \/>\n<link rel=\"canonical\" href=\"https:\/\/www.naturparkmagazin.de\/schwaebisch-fraenkischer-wald\/inklusive-wanderbotschafterinnen-2\/\" \/>\n<meta property=\"og:locale\" content=\"de_DE\" \/>\n<meta property=\"og:type\" content=\"article\" \/>\n<meta property=\"og:title\" content=\"Inklusive Wanderbotschafter:innen - Naturpark Schw\u00e4bisch-Fr\u00e4nkischer Wald\" \/>\n<meta property=\"og:description\" content=\"Einblick ins Projekt \u201eInklusive Wanderbotschafter:innen im Naturpark Schw\u00e4bisch-Fr\u00e4nkischer Wald\u201c. Das Bild zeigt die Gruppe beim Fotoshooting im August. \u201eEs spiegelt die Freude, die das Projekt mit sich bringt\u201c sagt Projektmanagerin Jasmin Kotrba. \u201eBei jeder Tour finden sich engagierte ehrenamtliche Wanderbotschafter:innen die gemeinsam neue Touren und neue Gegebenheiten testen.\u201c Die Wanderbotschafter:innen erm\u00f6glichen eine Bewertung der Touren\" \/>\n<meta property=\"og:url\" content=\"https:\/\/www.naturparkmagazin.de\/schwaebisch-fraenkischer-wald\/inklusive-wanderbotschafterinnen-2\/\" \/>\n<meta property=\"og:site_name\" content=\"Naturpark Schw\u00e4bisch-Fr\u00e4nkischer Wald\" \/>\n<meta property=\"article:author\" content=\"https:\/\/www.facebook.com\/naturparkSFW\" \/>\n<meta property=\"article:published_time\" content=\"2023-10-18T08:01:13+00:00\" \/>\n<meta property=\"article:modified_time\" content=\"2023-10-27T12:58:14+00:00\" \/>\n<meta property=\"og:image\" content=\"https:\/\/www.naturparkmagazin.de\/schwaebisch-fraenkischer-wald\/wp-content\/uploads\/sites\/34\/Wanderbotschafter_149_200x200.jpg\" \/>\n\t<meta property=\"og:image:width\" content=\"201\" \/>\n\t<meta property=\"og:image:height\" content=\"200\" \/>\n\t<meta property=\"og:image:type\" content=\"image\/jpeg\" \/>\n<meta name=\"author\" content=\"Naturpark-Team\" \/>\n<meta name=\"twitter:label1\" content=\"Verfasst von\" \/>\n\t<meta name=\"twitter:data1\" content=\"Naturpark-Team\" \/>\n\t<meta name=\"twitter:label2\" content=\"Gesch\u00e4tzte Lesezeit\" \/>\n\t<meta name=\"twitter:data2\" content=\"1\u00a0Minute\" \/>\n<script type=\"application\/ld+json\" class=\"yoast-schema-graph\">{\"@context\":\"https:\/\/schema.org\",\"@graph\":[{\"@type\":\"WebPage\",\"@id\":\"https:\/\/www.naturparkmagazin.de\/schwaebisch-fraenkischer-wald\/inklusive-wanderbotschafterinnen-2\/\",\"url\":\"https:\/\/www.naturparkmagazin.de\/schwaebisch-fraenkischer-wald\/inklusive-wanderbotschafterinnen-2\/\",\"name\":\"Inklusive Wanderbotschafter:innen - Naturpark Schw\u00e4bisch-Fr\u00e4nkischer Wald\",\"isPartOf\":{\"@id\":\"https:\/\/www.naturparkmagazin.de\/schwaebisch-fraenkischer-wald\/#website\"},\"datePublished\":\"2023-10-18T08:01:13+00:00\",\"dateModified\":\"2023-10-27T12:58:14+00:00\",\"author\":{\"@id\":\"https:\/\/www.naturparkmagazin.de\/schwaebisch-fraenkischer-wald\/#\/schema\/person\/f047a3702ae747fd7830cf8ac95e6066\"},\"breadcrumb\":{\"@id\":\"https:\/\/www.naturparkmagazin.de\/schwaebisch-fraenkischer-wald\/inklusive-wanderbotschafterinnen-2\/#breadcrumb\"},\"inLanguage\":\"de\",\"potentialAction\":[{\"@type\":\"ReadAction\",\"target\":[\"https:\/\/www.naturparkmagazin.de\/schwaebisch-fraenkischer-wald\/inklusive-wanderbotschafterinnen-2\/\"]}]},{\"@type\":\"BreadcrumbList\",\"@id\":\"https:\/\/www.naturparkmagazin.de\/schwaebisch-fraenkischer-wald\/inklusive-wanderbotschafterinnen-2\/#breadcrumb\",\"itemListElement\":[{\"@type\":\"ListItem\",\"position\":1,\"name\":\"Home\",\"item\":\"https:\/\/www.naturparkmagazin.de\/schwaebisch-fraenkischer-wald\/\"},{\"@type\":\"ListItem\",\"position\":2,\"name\":\"Inklusive Wanderbotschafter:innen\"}]},{\"@type\":\"WebSite\",\"@id\":\"https:\/\/www.naturparkmagazin.de\/schwaebisch-fraenkischer-wald\/#website\",\"url\":\"https:\/\/www.naturparkmagazin.de\/schwaebisch-fraenkischer-wald\/\",\"name\":\"Naturpark Schw\u00e4bisch-Fr\u00e4nkischer Wald\",\"description\":\"\",\"potentialAction\":[{\"@type\":\"SearchAction\",\"target\":{\"@type\":\"EntryPoint\",\"urlTemplate\":\"https:\/\/www.naturparkmagazin.de\/schwaebisch-fraenkischer-wald\/?s={search_term_string}\"},\"query-input\":\"required name=search_term_string\"}],\"inLanguage\":\"de\"},{\"@type\":\"Person\",\"@id\":\"https:\/\/www.naturparkmagazin.de\/schwaebisch-fraenkischer-wald\/#\/schema\/person\/f047a3702ae747fd7830cf8ac95e6066\",\"name\":\"Naturpark-Team\",\"sameAs\":[\"http:\/\/www.naturpark-sfw.de\",\"https:\/\/www.facebook.com\/naturparkSFW\"],\"url\":\"https:\/\/www.naturparkmagazin.de\/schwaebisch-fraenkischer-wald\/author\/bernharddrixler\/\"}]}<\/script>\n<!-- \/ Yoast SEO plugin. -->","yoast_head_json":{"title":"Inklusive Wanderbotschafter:innen - Naturpark Schw\u00e4bisch-Fr\u00e4nkischer Wald","robots":{"index":"index","follow":"follow","max-snippet":"max-snippet:-1","max-image-preview":"max-image-preview:large","max-video-preview":"max-video-preview:-1"},"canonical":"https:\/\/www.naturparkmagazin.de\/schwaebisch-fraenkischer-wald\/inklusive-wanderbotschafterinnen-2\/","og_locale":"de_DE","og_type":"article","og_title":"Inklusive Wanderbotschafter:innen - Naturpark Schw\u00e4bisch-Fr\u00e4nkischer Wald","og_description":"Einblick ins Projekt \u201eInklusive Wanderbotschafter:innen im Naturpark Schw\u00e4bisch-Fr\u00e4nkischer Wald\u201c. Das Bild zeigt die Gruppe beim Fotoshooting im August. \u201eEs spiegelt die Freude, die das Projekt mit sich bringt\u201c sagt Projektmanagerin Jasmin Kotrba. \u201eBei jeder Tour finden sich engagierte ehrenamtliche Wanderbotschafter:innen die gemeinsam neue Touren und neue Gegebenheiten testen.\u201c Die Wanderbotschafter:innen erm\u00f6glichen eine Bewertung der Touren","og_url":"https:\/\/www.naturparkmagazin.de\/schwaebisch-fraenkischer-wald\/inklusive-wanderbotschafterinnen-2\/","og_site_name":"Naturpark Schw\u00e4bisch-Fr\u00e4nkischer Wald","article_author":"https:\/\/www.facebook.com\/naturparkSFW","article_published_time":"2023-10-18T08:01:13+00:00","article_modified_time":"2023-10-27T12:58:14+00:00","og_image":[{"width":201,"height":200,"url":"https:\/\/www.naturparkmagazin.de\/schwaebisch-fraenkischer-wald\/wp-content\/uploads\/sites\/34\/Wanderbotschafter_149_200x200.jpg","type":"image\/jpeg"}],"author":"Naturpark-Team","twitter_misc":{"Verfasst von":"Naturpark-Team","Gesch\u00e4tzte Lesezeit":"1\u00a0Minute"},"schema":{"@context":"https:\/\/schema.org","@graph":[{"@type":"WebPage","@id":"https:\/\/www.naturparkmagazin.de\/schwaebisch-fraenkischer-wald\/inklusive-wanderbotschafterinnen-2\/","url":"https:\/\/www.naturparkmagazin.de\/schwaebisch-fraenkischer-wald\/inklusive-wanderbotschafterinnen-2\/","name":"Inklusive Wanderbotschafter:innen - Naturpark Schw\u00e4bisch-Fr\u00e4nkischer Wald","isPartOf":{"@id":"https:\/\/www.naturparkmagazin.de\/schwaebisch-fraenkischer-wald\/#website"},"datePublished":"2023-10-18T08:01:13+00:00","dateModified":"2023-10-27T12:58:14+00:00","author":{"@id":"https:\/\/www.naturparkmagazin.de\/schwaebisch-fraenkischer-wald\/#\/schema\/person\/f047a3702ae747fd7830cf8ac95e6066"},"breadcrumb":{"@id":"https:\/\/www.naturparkmagazin.de\/schwaebisch-fraenkischer-wald\/inklusive-wanderbotschafterinnen-2\/#breadcrumb"},"inLanguage":"de","potentialAction":[{"@type":"ReadAction","target":["https:\/\/www.naturparkmagazin.de\/schwaebisch-fraenkischer-wald\/inklusive-wanderbotschafterinnen-2\/"]}]},{"@type":"BreadcrumbList","@id":"https:\/\/www.naturparkmagazin.de\/schwaebisch-fraenkischer-wald\/inklusive-wanderbotschafterinnen-2\/#breadcrumb","itemListElement":[{"@type":"ListItem","position":1,"name":"Home","item":"https:\/\/www.naturparkmagazin.de\/schwaebisch-fraenkischer-wald\/"},{"@type":"ListItem","position":2,"name":"Inklusive Wanderbotschafter:innen"}]},{"@type":"WebSite","@id":"https:\/\/www.naturparkmagazin.de\/schwaebisch-fraenkischer-wald\/#website","url":"https:\/\/www.naturparkmagazin.de\/schwaebisch-fraenkischer-wald\/","name":"Naturpark Schw\u00e4bisch-Fr\u00e4nkischer Wald","description":"","potentialAction":[{"@type":"SearchAction","target":{"@type":"EntryPoint","urlTemplate":"https:\/\/www.naturparkmagazin.de\/schwaebisch-fraenkischer-wald\/?s={search_term_string}"},"query-input":"required name=search_term_string"}],"inLanguage":"de"},{"@type":"Person","@id":"https:\/\/www.naturparkmagazin.de\/schwaebisch-fraenkischer-wald\/#\/schema\/person\/f047a3702ae747fd7830cf8ac95e6066","name":"Naturpark-Team","sameAs":["http:\/\/www.naturpark-sfw.de","https:\/\/www.facebook.com\/naturparkSFW"],"url":"https:\/\/www.naturparkmagazin.de\/schwaebisch-fraenkischer-wald\/author\/bernharddrixler\/"}]}},"_links":{"self":[{"href":"https:\/\/www.naturparkmagazin.de\/schwaebisch-fraenkischer-wald\/wp-json\/wp\/v2\/posts\/12625"}],"collection":[{"href":"https:\/\/www.naturparkmagazin.de\/schwaebisch-fraenkischer-wald\/wp-json\/wp\/v2\/posts"}],"about":[{"href":"https:\/\/www.naturparkmagazin.de\/schwaebisch-fraenkischer-wald\/wp-json\/wp\/v2\/types\/post"}],"author":[{"embeddable":true,"href":"https:\/\/www.naturparkmagazin.de\/schwaebisch-fraenkischer-wald\/wp-json\/wp\/v2\/users\/25"}],"replies":[{"embeddable":true,"href":"https:\/\/www.naturparkmagazin.de\/schwaebisch-fraenkischer-wald\/wp-json\/wp\/v2\/comments?post=12625"}],"version-history":[{"count":2,"href":"https:\/\/www.naturparkmagazin.de\/schwaebisch-fraenkischer-wald\/wp-json\/wp\/v2\/posts\/12625\/revisions"}],"predecessor-version":[{"id":12645,"href":"https:\/\/www.naturparkmagazin.de\/schwaebisch-fraenkischer-wald\/wp-json\/wp\/v2\/posts\/12625\/revisions\/12645"}],"wp:featuredmedia":[{"embeddable":true,"href":"https:\/\/www.naturparkmagazin.de\/schwaebisch-fraenkischer-wald\/wp-json\/wp\/v2\/media\/12627"}],"wp:attachment":[{"href":"https:\/\/www.naturparkmagazin.de\/schwaebisch-fraenkischer-wald\/wp-json\/wp\/v2\/media?parent=12625"}],"wp:term":[{"taxonomy":"category","embeddable":true,"href":"https:\/\/www.naturparkmagazin.de\/schwaebisch-fraenkischer-wald\/wp-json\/wp\/v2\/categories?post=12625"},{"taxonomy":"post_tag","embeddable":true,"href":"https:\/\/www.naturparkmagazin.de\/schwaebisch-fraenkischer-wald\/wp-json\/wp\/v2\/tags?post=12625"}],"curies":[{"name":"wp","href":"https:\/\/api.w.org\/{rel}","templated":true}]}}