{"id":12670,"date":"2023-11-17T15:35:04","date_gmt":"2023-11-17T14:35:04","guid":{"rendered":"https:\/\/www.naturparkmagazin.de\/schwaebisch-fraenkischer-wald\/?p=12670"},"modified":"2023-11-20T14:45:49","modified_gmt":"2023-11-20T13:45:49","slug":"bio-oele-aus-dem-naturpark-von-maik-romakeit","status":"publish","type":"post","link":"https:\/\/www.naturparkmagazin.de\/schwaebisch-fraenkischer-wald\/bio-oele-aus-dem-naturpark-von-maik-romakeit\/","title":{"rendered":"Maik Romakeit stellt hochwertige Bio-\u00d6le her"},"content":{"rendered":"<div id=\"attachment_12675\" style=\"width: 510px\" class=\"wp-caption aligncenter\"><img aria-describedby=\"caption-attachment-12675\" decoding=\"async\" loading=\"lazy\" class=\"size-full wp-image-12675\" src=\"https:\/\/www.naturparkmagazin.de\/schwaebisch-fraenkischer-wald\/wp-content\/uploads\/sites\/34\/Prominent_Romakeit_500x300.jpg\" alt=\"\" width=\"500\" height=\"300\" srcset=\"https:\/\/www.naturparkmagazin.de\/schwaebisch-fraenkischer-wald\/wp-content\/uploads\/sites\/34\/Prominent_Romakeit_500x300.jpg 500w, https:\/\/www.naturparkmagazin.de\/schwaebisch-fraenkischer-wald\/wp-content\/uploads\/sites\/34\/Prominent_Romakeit_500x300-300x180.jpg 300w, https:\/\/www.naturparkmagazin.de\/schwaebisch-fraenkischer-wald\/wp-content\/uploads\/sites\/34\/Prominent_Romakeit_500x300-200x120.jpg 200w\" sizes=\"(max-width: 500px) 100vw, 500px\" \/><p id=\"caption-attachment-12675\" class=\"wp-caption-text\">\u00a9 Naturpark SFW<\/p><\/div>\n<p>Angefangen hat alles mit einer Schaupresse eines Lein\u00f6l-Produzenten bei einem Herbstmarkt bei Weleda. Und dann dachte sich Maik Romakeit: \u201eDas sieht einfach aus, das kann ich auch\u201c. Da er aktiv beim Projekt \u201eBl\u00fchende Landschaften\u201c dabei war und seine Frau Ern\u00e4hrungsberaterin ist, besch\u00e4ftigte er sich ohnehin bereits l\u00e4nger mit den Themen \u201eBiodiversit\u00e4t\u201c und \u201eGesunde Ern\u00e4hrung\u201c.<\/p>\n<p>Romakeit ist kein gelernter Landwirt und besitzt kein eigenes Ackerland. Regionalit\u00e4t ist ihm jedoch sehr wichtig und so kauft er alle Saaten bei Landwirt:innen aus der Umgebung ein. Zun\u00e4chst war es nicht so einfach, die Produkte in kleinen Mengen zu bekommen. Einige Landwirt:innen, mit denen er jetzt zusammenarbeitet, waren dann doch offen und wie er sagt \u201eexperimentierfreudig\u201c. Au\u00dfer Sonnenblumen kauft er alle Saaten direkt bei den Landwirt:innen ein.<\/p>\n<p>Beim <a href=\"https:\/\/www.naturpark-sfw.de\/geniessen\/naturparkmaerkte\">Naturparkmarkt<\/a> am 3. September 2023 war er zum ersten Mal mit seinem Label \u201em.oel\u201c dabei und gleich sehr erfolgreich. \u201eDie Naturparkmarkt-Kund:innen schauen nicht nur, sondern sind auch kaufkr\u00e4ftig unterwegs\u201c, so Romakeit. Von der Atmosph\u00e4re auf den Naturparkm\u00e4rkten ist er begeistert. Das war sozusagen sein Einstieg ins \u201eMarktleben\u201c.<\/p>\n<p>Welche \u00d6le Sie bei \u201em.oel\u201c bekommen k\u00f6nnen, finden Sie unter <a href=\"https:\/\/www.naturparkmagazin.de\/schwaebisch-fraenkischer-wald\/hochwertige-kaltgepresste-und-regionale-bio-oele\/\">\u201eProdukt des Monats\u201c<\/a>.<\/p>\n<div id=\"attachment_12672\" style=\"width: 310px\" class=\"wp-caption aligncenter\"><img aria-describedby=\"caption-attachment-12672\" decoding=\"async\" loading=\"lazy\" class=\"size-full wp-image-12672\" src=\"https:\/\/www.naturparkmagazin.de\/schwaebisch-fraenkischer-wald\/wp-content\/uploads\/sites\/34\/Prominent_Romakeit_300x500.jpg\" alt=\"\" width=\"300\" height=\"451\" srcset=\"https:\/\/www.naturparkmagazin.de\/schwaebisch-fraenkischer-wald\/wp-content\/uploads\/sites\/34\/Prominent_Romakeit_300x500.jpg 300w, https:\/\/www.naturparkmagazin.de\/schwaebisch-fraenkischer-wald\/wp-content\/uploads\/sites\/34\/Prominent_Romakeit_300x500-200x301.jpg 200w\" sizes=\"(max-width: 300px) 100vw, 300px\" \/><p id=\"caption-attachment-12672\" class=\"wp-caption-text\">\u00a9 Naturpark SFW<\/p><\/div>\n<p>&nbsp;<\/p>\n","protected":false},"excerpt":{"rendered":"<p>Maik Romakeit aus Ruppertshofen-H\u00f6nig produziert und vermarktet seit 2019 Bio-\u00d6le im Nebenerwerb.<\/p>\n","protected":false},"author":25,"featured_media":12671,"comment_status":"open","ping_status":"open","sticky":false,"template":"","format":"standard","meta":[],"categories":[8],"tags":[],"yoast_head":"<!-- This site is optimized with the Yoast SEO plugin v19.10 - https:\/\/yoast.com\/wordpress\/plugins\/seo\/ -->\n<title>Maik Romakeit stellt hochwertige Bio-\u00d6le her - Naturpark Schw\u00e4bisch-Fr\u00e4nkischer Wald<\/title>\n<meta name=\"robots\" content=\"index, follow, max-snippet:-1, max-image-preview:large, max-video-preview:-1\" \/>\n<link rel=\"canonical\" href=\"https:\/\/www.naturparkmagazin.de\/schwaebisch-fraenkischer-wald\/bio-oele-aus-dem-naturpark-von-maik-romakeit\/\" \/>\n<meta property=\"og:locale\" content=\"de_DE\" \/>\n<meta property=\"og:type\" content=\"article\" \/>\n<meta property=\"og:title\" content=\"Maik Romakeit stellt hochwertige Bio-\u00d6le her - Naturpark Schw\u00e4bisch-Fr\u00e4nkischer Wald\" \/>\n<meta property=\"og:description\" content=\"Maik Romakeit aus Ruppertshofen-H\u00f6nig produziert und vermarktet seit 2019 Bio-\u00d6le im Nebenerwerb.\" \/>\n<meta property=\"og:url\" content=\"https:\/\/www.naturparkmagazin.de\/schwaebisch-fraenkischer-wald\/bio-oele-aus-dem-naturpark-von-maik-romakeit\/\" \/>\n<meta property=\"og:site_name\" content=\"Naturpark Schw\u00e4bisch-Fr\u00e4nkischer Wald\" \/>\n<meta property=\"article:author\" content=\"https:\/\/www.facebook.com\/naturparkSFW\" \/>\n<meta property=\"article:published_time\" content=\"2023-11-17T14:35:04+00:00\" \/>\n<meta property=\"article:modified_time\" content=\"2023-11-20T13:45:49+00:00\" \/>\n<meta property=\"og:image\" content=\"https:\/\/www.naturparkmagazin.de\/schwaebisch-fraenkischer-wald\/wp-content\/uploads\/sites\/34\/Prominent_Romakeit_200x200.jpg\" \/>\n\t<meta property=\"og:image:width\" content=\"200\" \/>\n\t<meta property=\"og:image:height\" content=\"200\" \/>\n\t<meta property=\"og:image:type\" content=\"image\/jpeg\" \/>\n<meta name=\"author\" content=\"Naturpark-Team\" \/>\n<meta name=\"twitter:label1\" content=\"Verfasst von\" \/>\n\t<meta name=\"twitter:data1\" content=\"Naturpark-Team\" \/>\n\t<meta name=\"twitter:label2\" content=\"Gesch\u00e4tzte Lesezeit\" \/>\n\t<meta name=\"twitter:data2\" content=\"2\u00a0Minuten\" \/>\n<script type=\"application\/ld+json\" class=\"yoast-schema-graph\">{\"@context\":\"https:\/\/schema.org\",\"@graph\":[{\"@type\":\"WebPage\",\"@id\":\"https:\/\/www.naturparkmagazin.de\/schwaebisch-fraenkischer-wald\/bio-oele-aus-dem-naturpark-von-maik-romakeit\/\",\"url\":\"https:\/\/www.naturparkmagazin.de\/schwaebisch-fraenkischer-wald\/bio-oele-aus-dem-naturpark-von-maik-romakeit\/\",\"name\":\"Maik Romakeit stellt hochwertige Bio-\u00d6le her - Naturpark Schw\u00e4bisch-Fr\u00e4nkischer Wald\",\"isPartOf\":{\"@id\":\"https:\/\/www.naturparkmagazin.de\/schwaebisch-fraenkischer-wald\/#website\"},\"datePublished\":\"2023-11-17T14:35:04+00:00\",\"dateModified\":\"2023-11-20T13:45:49+00:00\",\"author\":{\"@id\":\"https:\/\/www.naturparkmagazin.de\/schwaebisch-fraenkischer-wald\/#\/schema\/person\/f047a3702ae747fd7830cf8ac95e6066\"},\"breadcrumb\":{\"@id\":\"https:\/\/www.naturparkmagazin.de\/schwaebisch-fraenkischer-wald\/bio-oele-aus-dem-naturpark-von-maik-romakeit\/#breadcrumb\"},\"inLanguage\":\"de\",\"potentialAction\":[{\"@type\":\"ReadAction\",\"target\":[\"https:\/\/www.naturparkmagazin.de\/schwaebisch-fraenkischer-wald\/bio-oele-aus-dem-naturpark-von-maik-romakeit\/\"]}]},{\"@type\":\"BreadcrumbList\",\"@id\":\"https:\/\/www.naturparkmagazin.de\/schwaebisch-fraenkischer-wald\/bio-oele-aus-dem-naturpark-von-maik-romakeit\/#breadcrumb\",\"itemListElement\":[{\"@type\":\"ListItem\",\"position\":1,\"name\":\"Home\",\"item\":\"https:\/\/www.naturparkmagazin.de\/schwaebisch-fraenkischer-wald\/\"},{\"@type\":\"ListItem\",\"position\":2,\"name\":\"Maik Romakeit stellt hochwertige Bio-\u00d6le her\"}]},{\"@type\":\"WebSite\",\"@id\":\"https:\/\/www.naturparkmagazin.de\/schwaebisch-fraenkischer-wald\/#website\",\"url\":\"https:\/\/www.naturparkmagazin.de\/schwaebisch-fraenkischer-wald\/\",\"name\":\"Naturpark Schw\u00e4bisch-Fr\u00e4nkischer Wald\",\"description\":\"\",\"potentialAction\":[{\"@type\":\"SearchAction\",\"target\":{\"@type\":\"EntryPoint\",\"urlTemplate\":\"https:\/\/www.naturparkmagazin.de\/schwaebisch-fraenkischer-wald\/?s={search_term_string}\"},\"query-input\":\"required name=search_term_string\"}],\"inLanguage\":\"de\"},{\"@type\":\"Person\",\"@id\":\"https:\/\/www.naturparkmagazin.de\/schwaebisch-fraenkischer-wald\/#\/schema\/person\/f047a3702ae747fd7830cf8ac95e6066\",\"name\":\"Naturpark-Team\",\"sameAs\":[\"http:\/\/www.naturpark-sfw.de\",\"https:\/\/www.facebook.com\/naturparkSFW\"],\"url\":\"https:\/\/www.naturparkmagazin.de\/schwaebisch-fraenkischer-wald\/author\/bernharddrixler\/\"}]}<\/script>\n<!-- \/ Yoast SEO plugin. -->","yoast_head_json":{"title":"Maik Romakeit stellt hochwertige Bio-\u00d6le her - Naturpark Schw\u00e4bisch-Fr\u00e4nkischer Wald","robots":{"index":"index","follow":"follow","max-snippet":"max-snippet:-1","max-image-preview":"max-image-preview:large","max-video-preview":"max-video-preview:-1"},"canonical":"https:\/\/www.naturparkmagazin.de\/schwaebisch-fraenkischer-wald\/bio-oele-aus-dem-naturpark-von-maik-romakeit\/","og_locale":"de_DE","og_type":"article","og_title":"Maik Romakeit stellt hochwertige Bio-\u00d6le her - Naturpark Schw\u00e4bisch-Fr\u00e4nkischer Wald","og_description":"Maik Romakeit aus Ruppertshofen-H\u00f6nig produziert und vermarktet seit 2019 Bio-\u00d6le im Nebenerwerb.","og_url":"https:\/\/www.naturparkmagazin.de\/schwaebisch-fraenkischer-wald\/bio-oele-aus-dem-naturpark-von-maik-romakeit\/","og_site_name":"Naturpark Schw\u00e4bisch-Fr\u00e4nkischer Wald","article_author":"https:\/\/www.facebook.com\/naturparkSFW","article_published_time":"2023-11-17T14:35:04+00:00","article_modified_time":"2023-11-20T13:45:49+00:00","og_image":[{"width":200,"height":200,"url":"https:\/\/www.naturparkmagazin.de\/schwaebisch-fraenkischer-wald\/wp-content\/uploads\/sites\/34\/Prominent_Romakeit_200x200.jpg","type":"image\/jpeg"}],"author":"Naturpark-Team","twitter_misc":{"Verfasst von":"Naturpark-Team","Gesch\u00e4tzte Lesezeit":"2\u00a0Minuten"},"schema":{"@context":"https:\/\/schema.org","@graph":[{"@type":"WebPage","@id":"https:\/\/www.naturparkmagazin.de\/schwaebisch-fraenkischer-wald\/bio-oele-aus-dem-naturpark-von-maik-romakeit\/","url":"https:\/\/www.naturparkmagazin.de\/schwaebisch-fraenkischer-wald\/bio-oele-aus-dem-naturpark-von-maik-romakeit\/","name":"Maik Romakeit stellt hochwertige Bio-\u00d6le her - Naturpark Schw\u00e4bisch-Fr\u00e4nkischer Wald","isPartOf":{"@id":"https:\/\/www.naturparkmagazin.de\/schwaebisch-fraenkischer-wald\/#website"},"datePublished":"2023-11-17T14:35:04+00:00","dateModified":"2023-11-20T13:45:49+00:00","author":{"@id":"https:\/\/www.naturparkmagazin.de\/schwaebisch-fraenkischer-wald\/#\/schema\/person\/f047a3702ae747fd7830cf8ac95e6066"},"breadcrumb":{"@id":"https:\/\/www.naturparkmagazin.de\/schwaebisch-fraenkischer-wald\/bio-oele-aus-dem-naturpark-von-maik-romakeit\/#breadcrumb"},"inLanguage":"de","potentialAction":[{"@type":"ReadAction","target":["https:\/\/www.naturparkmagazin.de\/schwaebisch-fraenkischer-wald\/bio-oele-aus-dem-naturpark-von-maik-romakeit\/"]}]},{"@type":"BreadcrumbList","@id":"https:\/\/www.naturparkmagazin.de\/schwaebisch-fraenkischer-wald\/bio-oele-aus-dem-naturpark-von-maik-romakeit\/#breadcrumb","itemListElement":[{"@type":"ListItem","position":1,"name":"Home","item":"https:\/\/www.naturparkmagazin.de\/schwaebisch-fraenkischer-wald\/"},{"@type":"ListItem","position":2,"name":"Maik Romakeit stellt hochwertige Bio-\u00d6le her"}]},{"@type":"WebSite","@id":"https:\/\/www.naturparkmagazin.de\/schwaebisch-fraenkischer-wald\/#website","url":"https:\/\/www.naturparkmagazin.de\/schwaebisch-fraenkischer-wald\/","name":"Naturpark Schw\u00e4bisch-Fr\u00e4nkischer Wald","description":"","potentialAction":[{"@type":"SearchAction","target":{"@type":"EntryPoint","urlTemplate":"https:\/\/www.naturparkmagazin.de\/schwaebisch-fraenkischer-wald\/?s={search_term_string}"},"query-input":"required name=search_term_string"}],"inLanguage":"de"},{"@type":"Person","@id":"https:\/\/www.naturparkmagazin.de\/schwaebisch-fraenkischer-wald\/#\/schema\/person\/f047a3702ae747fd7830cf8ac95e6066","name":"Naturpark-Team","sameAs":["http:\/\/www.naturpark-sfw.de","https:\/\/www.facebook.com\/naturparkSFW"],"url":"https:\/\/www.naturparkmagazin.de\/schwaebisch-fraenkischer-wald\/author\/bernharddrixler\/"}]}},"_links":{"self":[{"href":"https:\/\/www.naturparkmagazin.de\/schwaebisch-fraenkischer-wald\/wp-json\/wp\/v2\/posts\/12670"}],"collection":[{"href":"https:\/\/www.naturparkmagazin.de\/schwaebisch-fraenkischer-wald\/wp-json\/wp\/v2\/posts"}],"about":[{"href":"https:\/\/www.naturparkmagazin.de\/schwaebisch-fraenkischer-wald\/wp-json\/wp\/v2\/types\/post"}],"author":[{"embeddable":true,"href":"https:\/\/www.naturparkmagazin.de\/schwaebisch-fraenkischer-wald\/wp-json\/wp\/v2\/users\/25"}],"replies":[{"embeddable":true,"href":"https:\/\/www.naturparkmagazin.de\/schwaebisch-fraenkischer-wald\/wp-json\/wp\/v2\/comments?post=12670"}],"version-history":[{"count":8,"href":"https:\/\/www.naturparkmagazin.de\/schwaebisch-fraenkischer-wald\/wp-json\/wp\/v2\/posts\/12670\/revisions"}],"predecessor-version":[{"id":12708,"href":"https:\/\/www.naturparkmagazin.de\/schwaebisch-fraenkischer-wald\/wp-json\/wp\/v2\/posts\/12670\/revisions\/12708"}],"wp:featuredmedia":[{"embeddable":true,"href":"https:\/\/www.naturparkmagazin.de\/schwaebisch-fraenkischer-wald\/wp-json\/wp\/v2\/media\/12671"}],"wp:attachment":[{"href":"https:\/\/www.naturparkmagazin.de\/schwaebisch-fraenkischer-wald\/wp-json\/wp\/v2\/media?parent=12670"}],"wp:term":[{"taxonomy":"category","embeddable":true,"href":"https:\/\/www.naturparkmagazin.de\/schwaebisch-fraenkischer-wald\/wp-json\/wp\/v2\/categories?post=12670"},{"taxonomy":"post_tag","embeddable":true,"href":"https:\/\/www.naturparkmagazin.de\/schwaebisch-fraenkischer-wald\/wp-json\/wp\/v2\/tags?post=12670"}],"curies":[{"name":"wp","href":"https:\/\/api.w.org\/{rel}","templated":true}]}}