{"id":12678,"date":"2023-11-17T15:49:46","date_gmt":"2023-11-17T14:49:46","guid":{"rendered":"https:\/\/www.naturparkmagazin.de\/schwaebisch-fraenkischer-wald\/?p=12678"},"modified":"2023-11-20T14:53:59","modified_gmt":"2023-11-20T13:53:59","slug":"hochwertige-kaltgepresste-und-regionale-bio-oele","status":"publish","type":"post","link":"https:\/\/www.naturparkmagazin.de\/schwaebisch-fraenkischer-wald\/hochwertige-kaltgepresste-und-regionale-bio-oele\/","title":{"rendered":"Hochwertige, kaltgepresste und regionale Bio-\u00d6le"},"content":{"rendered":"<div id=\"attachment_12673\" style=\"width: 510px\" class=\"wp-caption aligncenter\"><img aria-describedby=\"caption-attachment-12673\" decoding=\"async\" loading=\"lazy\" class=\"size-full wp-image-12673\" src=\"https:\/\/www.naturparkmagazin.de\/schwaebisch-fraenkischer-wald\/wp-content\/uploads\/sites\/34\/Romakeit_Oele_500x300.jpg\" alt=\"\" width=\"500\" height=\"300\" srcset=\"https:\/\/www.naturparkmagazin.de\/schwaebisch-fraenkischer-wald\/wp-content\/uploads\/sites\/34\/Romakeit_Oele_500x300.jpg 500w, https:\/\/www.naturparkmagazin.de\/schwaebisch-fraenkischer-wald\/wp-content\/uploads\/sites\/34\/Romakeit_Oele_500x300-300x180.jpg 300w, https:\/\/www.naturparkmagazin.de\/schwaebisch-fraenkischer-wald\/wp-content\/uploads\/sites\/34\/Romakeit_Oele_500x300-200x120.jpg 200w\" sizes=\"(max-width: 500px) 100vw, 500px\" \/><p id=\"caption-attachment-12673\" class=\"wp-caption-text\">\u00a9 Naturpark SFW<\/p><\/div>\n<p>Unter dem Label \u201em.oel\u201c produziert <a href=\"https:\/\/www.naturparkmagazin.de\/schwaebisch-fraenkischer-wald\/bio-oele-aus-dem-naturpark-von-maik-romakeit\/\">Maik Romakeit<\/a> verschieden \u00d6le. Das Lein\u00f6l ist bei den Kunden am beliebtesten. \u201eEs ist sehr fein im Geschmack\u201c, erz\u00e4hlt er begeistert und erg\u00e4nzt: \u201eLein\u00f6l ist mein Zugpferd\u201c. Vorteile von kalt gepresstem \u00d6l sind generell die hohe Qualit\u00e4t, die enthaltenen Vitamine sowie die gesunden, mehrfach unges\u00e4ttigten Fetts\u00e4uren.<\/p>\n<p>Aus dem \u201ePresskuchen\u201c, das ist der nach der Pressung der \u00d6lsaaten verbleibende Feststoff und der nicht ausgepresste \u00d6lanteil, stellt Romakeit Mehl her, wie z. B. Leinmehl oder Hanfmehl. Die Reste gehen in die Tierf\u00fctterung f\u00fcr K\u00fche, Schweine oder H\u00fchner und auf den Kompost. \u201eSomit k\u00f6nnen die Kreisl\u00e4ufe geschlossen werden\u201c, berichtet Romakeit. Es gibt also keine Abfallprodukte aus der \u00d6lproduktion. Ziel ist es f\u00fcr ihn \u201eCO<sub>2<\/sub>-positiv\u201c zu werden.<\/p>\n<p><strong>Das sind die Sorten von m.oel und f\u00fcr was sie sich eignen bzw. gut sind:<\/strong><\/p>\n<ul>\n<li><u>Lein\u00f6l:<\/u> F\u00fcr die kalte K\u00fcche! Geeignet f\u00fcr Salate, M\u00fcsli, Aufstriche, \u00fcber gegarte Speisen oder pur. Ihre gesunde Omega-3-Quelle!<\/li>\n<li><u>Hanf\u00f6l:<\/u> F\u00fcr die kalte K\u00fcche! Geeignet f\u00fcr Salate, M\u00fcsli, Aufstriche, \u00fcber gegarte Speisen oder pur. F\u00fcr Ihr gesundes und optimales Fetts\u00e4uremuster!<\/li>\n<li><u>Leindotter\u00f6l:<\/u> F\u00fcr die kalte K\u00fcche! Geeignet f\u00fcr Salate, M\u00fcsli, Aufstriche, \u00fcber gegarte Speisen oder pur. Ihr Vitamin E-Spender!<\/li>\n<li><u>Raps\u00f6l:<\/u> Der universelle Klassiker! Kalt oder zum Garen und Braten verwenden!<\/li>\n<li><u>Senf\u00f6l:<\/u> Das besondere \u00d6l! Im Geschmack mild-w\u00fcrzig. Kalt oder zum Garen, Braten oder Frittieren verwenden! Wirkt antibakteriell, entz\u00fcndungshemmend und \u00e4u\u00dferlich durchblutungsf\u00f6rdernd.<\/li>\n<li><u>Sonnenblumen\u00f6l:<\/u> Der universelle Klassiker! Kalt oder zum Garen und mild Braten verwenden!<\/li>\n<li><u>Brat\u00f6l:<\/u> Das Sonnenblumen\u00f6l \u201eHigh Oleic\u201c kann hoch erhitzt werden.<\/li>\n<\/ul>\n<p>Beim <a href=\"https:\/\/www.naturparkmagazin.de\/schwaebisch-fraenkischer-wald\/weihnachtslaedle-im-naturparkzentrum-murrhardt\/\">Naturpark-Weihnachtsl\u00e4dle<\/a> im Naturparkzentrum in Murrhardt ist Maik Romakeit vom 1. bis 22. Dezember ebenfalls mit seinen \u00d6len dabei. Kommen Sie gerne zu den \u00d6ffnungszeiten vorbei!<\/p>\n<p>Bekommen k\u00f6nnen Sie die \u00d6le auch im eigenen Hofladen in Ruppertshofen-H\u00f6nig oder bei 15 L\u00e4den von Aalen bis Schw\u00e4bisch Hall. Zum Einkauf im Hofladen und f\u00fcr weitere Information gerne anrufen!<\/p>\n<p>Maik Romeikat, m.oel, Birkenloherstrasse 25, 73577 Ruppertshofen-H\u00f6nig, Telefon: 0160 90450430, Mail: <a href=\"mailto:info@m-oel.de\">info@m-oel.de<\/a>, <a href=\"http:\/\/www.m-oel.de\">www.m-oel.de<\/a><\/p>\n","protected":false},"excerpt":{"rendered":"<p>Hochwertige, kaltgepresste und regionale Bio-\u00d6le k\u00f6nnen Sie bei Maik Romakeit aus Ruppertshofen-H\u00f6nig kaufen und probieren! <\/p>\n","protected":false},"author":25,"featured_media":12679,"comment_status":"open","ping_status":"open","sticky":false,"template":"","format":"standard","meta":[],"categories":[13],"tags":[],"yoast_head":"<!-- This site is optimized with the Yoast SEO plugin v19.10 - https:\/\/yoast.com\/wordpress\/plugins\/seo\/ -->\n<title>Hochwertige, kaltgepresste und regionale Bio-\u00d6le - Naturpark Schw\u00e4bisch-Fr\u00e4nkischer Wald<\/title>\n<meta name=\"robots\" content=\"index, follow, max-snippet:-1, max-image-preview:large, max-video-preview:-1\" \/>\n<link rel=\"canonical\" href=\"https:\/\/www.naturparkmagazin.de\/schwaebisch-fraenkischer-wald\/hochwertige-kaltgepresste-und-regionale-bio-oele\/\" \/>\n<meta property=\"og:locale\" content=\"de_DE\" \/>\n<meta property=\"og:type\" content=\"article\" \/>\n<meta property=\"og:title\" content=\"Hochwertige, kaltgepresste und regionale Bio-\u00d6le - Naturpark Schw\u00e4bisch-Fr\u00e4nkischer Wald\" \/>\n<meta property=\"og:description\" content=\"Hochwertige, kaltgepresste und regionale Bio-\u00d6le k\u00f6nnen Sie bei Maik Romakeit aus Ruppertshofen-H\u00f6nig kaufen und probieren!\" \/>\n<meta property=\"og:url\" content=\"https:\/\/www.naturparkmagazin.de\/schwaebisch-fraenkischer-wald\/hochwertige-kaltgepresste-und-regionale-bio-oele\/\" \/>\n<meta property=\"og:site_name\" content=\"Naturpark Schw\u00e4bisch-Fr\u00e4nkischer Wald\" \/>\n<meta property=\"article:author\" content=\"https:\/\/www.facebook.com\/naturparkSFW\" \/>\n<meta property=\"article:published_time\" content=\"2023-11-17T14:49:46+00:00\" \/>\n<meta property=\"article:modified_time\" content=\"2023-11-20T13:53:59+00:00\" \/>\n<meta property=\"og:image\" content=\"https:\/\/www.naturparkmagazin.de\/schwaebisch-fraenkischer-wald\/wp-content\/uploads\/sites\/34\/Romakeit_Oele_200x200.jpg\" \/>\n\t<meta property=\"og:image:width\" content=\"200\" \/>\n\t<meta property=\"og:image:height\" content=\"200\" \/>\n\t<meta property=\"og:image:type\" content=\"image\/jpeg\" \/>\n<meta name=\"author\" content=\"Naturpark-Team\" \/>\n<meta name=\"twitter:label1\" content=\"Verfasst von\" \/>\n\t<meta name=\"twitter:data1\" content=\"Naturpark-Team\" \/>\n\t<meta name=\"twitter:label2\" content=\"Gesch\u00e4tzte Lesezeit\" \/>\n\t<meta name=\"twitter:data2\" content=\"2\u00a0Minuten\" \/>\n<script type=\"application\/ld+json\" class=\"yoast-schema-graph\">{\"@context\":\"https:\/\/schema.org\",\"@graph\":[{\"@type\":\"WebPage\",\"@id\":\"https:\/\/www.naturparkmagazin.de\/schwaebisch-fraenkischer-wald\/hochwertige-kaltgepresste-und-regionale-bio-oele\/\",\"url\":\"https:\/\/www.naturparkmagazin.de\/schwaebisch-fraenkischer-wald\/hochwertige-kaltgepresste-und-regionale-bio-oele\/\",\"name\":\"Hochwertige, kaltgepresste und regionale Bio-\u00d6le - Naturpark Schw\u00e4bisch-Fr\u00e4nkischer Wald\",\"isPartOf\":{\"@id\":\"https:\/\/www.naturparkmagazin.de\/schwaebisch-fraenkischer-wald\/#website\"},\"datePublished\":\"2023-11-17T14:49:46+00:00\",\"dateModified\":\"2023-11-20T13:53:59+00:00\",\"author\":{\"@id\":\"https:\/\/www.naturparkmagazin.de\/schwaebisch-fraenkischer-wald\/#\/schema\/person\/f047a3702ae747fd7830cf8ac95e6066\"},\"breadcrumb\":{\"@id\":\"https:\/\/www.naturparkmagazin.de\/schwaebisch-fraenkischer-wald\/hochwertige-kaltgepresste-und-regionale-bio-oele\/#breadcrumb\"},\"inLanguage\":\"de\",\"potentialAction\":[{\"@type\":\"ReadAction\",\"target\":[\"https:\/\/www.naturparkmagazin.de\/schwaebisch-fraenkischer-wald\/hochwertige-kaltgepresste-und-regionale-bio-oele\/\"]}]},{\"@type\":\"BreadcrumbList\",\"@id\":\"https:\/\/www.naturparkmagazin.de\/schwaebisch-fraenkischer-wald\/hochwertige-kaltgepresste-und-regionale-bio-oele\/#breadcrumb\",\"itemListElement\":[{\"@type\":\"ListItem\",\"position\":1,\"name\":\"Home\",\"item\":\"https:\/\/www.naturparkmagazin.de\/schwaebisch-fraenkischer-wald\/\"},{\"@type\":\"ListItem\",\"position\":2,\"name\":\"Hochwertige, kaltgepresste und regionale Bio-\u00d6le\"}]},{\"@type\":\"WebSite\",\"@id\":\"https:\/\/www.naturparkmagazin.de\/schwaebisch-fraenkischer-wald\/#website\",\"url\":\"https:\/\/www.naturparkmagazin.de\/schwaebisch-fraenkischer-wald\/\",\"name\":\"Naturpark Schw\u00e4bisch-Fr\u00e4nkischer Wald\",\"description\":\"\",\"potentialAction\":[{\"@type\":\"SearchAction\",\"target\":{\"@type\":\"EntryPoint\",\"urlTemplate\":\"https:\/\/www.naturparkmagazin.de\/schwaebisch-fraenkischer-wald\/?s={search_term_string}\"},\"query-input\":\"required name=search_term_string\"}],\"inLanguage\":\"de\"},{\"@type\":\"Person\",\"@id\":\"https:\/\/www.naturparkmagazin.de\/schwaebisch-fraenkischer-wald\/#\/schema\/person\/f047a3702ae747fd7830cf8ac95e6066\",\"name\":\"Naturpark-Team\",\"sameAs\":[\"http:\/\/www.naturpark-sfw.de\",\"https:\/\/www.facebook.com\/naturparkSFW\"],\"url\":\"https:\/\/www.naturparkmagazin.de\/schwaebisch-fraenkischer-wald\/author\/bernharddrixler\/\"}]}<\/script>\n<!-- \/ Yoast SEO plugin. -->","yoast_head_json":{"title":"Hochwertige, kaltgepresste und regionale Bio-\u00d6le - Naturpark Schw\u00e4bisch-Fr\u00e4nkischer Wald","robots":{"index":"index","follow":"follow","max-snippet":"max-snippet:-1","max-image-preview":"max-image-preview:large","max-video-preview":"max-video-preview:-1"},"canonical":"https:\/\/www.naturparkmagazin.de\/schwaebisch-fraenkischer-wald\/hochwertige-kaltgepresste-und-regionale-bio-oele\/","og_locale":"de_DE","og_type":"article","og_title":"Hochwertige, kaltgepresste und regionale Bio-\u00d6le - Naturpark Schw\u00e4bisch-Fr\u00e4nkischer Wald","og_description":"Hochwertige, kaltgepresste und regionale Bio-\u00d6le k\u00f6nnen Sie bei Maik Romakeit aus Ruppertshofen-H\u00f6nig kaufen und probieren!","og_url":"https:\/\/www.naturparkmagazin.de\/schwaebisch-fraenkischer-wald\/hochwertige-kaltgepresste-und-regionale-bio-oele\/","og_site_name":"Naturpark Schw\u00e4bisch-Fr\u00e4nkischer Wald","article_author":"https:\/\/www.facebook.com\/naturparkSFW","article_published_time":"2023-11-17T14:49:46+00:00","article_modified_time":"2023-11-20T13:53:59+00:00","og_image":[{"width":200,"height":200,"url":"https:\/\/www.naturparkmagazin.de\/schwaebisch-fraenkischer-wald\/wp-content\/uploads\/sites\/34\/Romakeit_Oele_200x200.jpg","type":"image\/jpeg"}],"author":"Naturpark-Team","twitter_misc":{"Verfasst von":"Naturpark-Team","Gesch\u00e4tzte Lesezeit":"2\u00a0Minuten"},"schema":{"@context":"https:\/\/schema.org","@graph":[{"@type":"WebPage","@id":"https:\/\/www.naturparkmagazin.de\/schwaebisch-fraenkischer-wald\/hochwertige-kaltgepresste-und-regionale-bio-oele\/","url":"https:\/\/www.naturparkmagazin.de\/schwaebisch-fraenkischer-wald\/hochwertige-kaltgepresste-und-regionale-bio-oele\/","name":"Hochwertige, kaltgepresste und regionale Bio-\u00d6le - Naturpark Schw\u00e4bisch-Fr\u00e4nkischer Wald","isPartOf":{"@id":"https:\/\/www.naturparkmagazin.de\/schwaebisch-fraenkischer-wald\/#website"},"datePublished":"2023-11-17T14:49:46+00:00","dateModified":"2023-11-20T13:53:59+00:00","author":{"@id":"https:\/\/www.naturparkmagazin.de\/schwaebisch-fraenkischer-wald\/#\/schema\/person\/f047a3702ae747fd7830cf8ac95e6066"},"breadcrumb":{"@id":"https:\/\/www.naturparkmagazin.de\/schwaebisch-fraenkischer-wald\/hochwertige-kaltgepresste-und-regionale-bio-oele\/#breadcrumb"},"inLanguage":"de","potentialAction":[{"@type":"ReadAction","target":["https:\/\/www.naturparkmagazin.de\/schwaebisch-fraenkischer-wald\/hochwertige-kaltgepresste-und-regionale-bio-oele\/"]}]},{"@type":"BreadcrumbList","@id":"https:\/\/www.naturparkmagazin.de\/schwaebisch-fraenkischer-wald\/hochwertige-kaltgepresste-und-regionale-bio-oele\/#breadcrumb","itemListElement":[{"@type":"ListItem","position":1,"name":"Home","item":"https:\/\/www.naturparkmagazin.de\/schwaebisch-fraenkischer-wald\/"},{"@type":"ListItem","position":2,"name":"Hochwertige, kaltgepresste und regionale Bio-\u00d6le"}]},{"@type":"WebSite","@id":"https:\/\/www.naturparkmagazin.de\/schwaebisch-fraenkischer-wald\/#website","url":"https:\/\/www.naturparkmagazin.de\/schwaebisch-fraenkischer-wald\/","name":"Naturpark Schw\u00e4bisch-Fr\u00e4nkischer Wald","description":"","potentialAction":[{"@type":"SearchAction","target":{"@type":"EntryPoint","urlTemplate":"https:\/\/www.naturparkmagazin.de\/schwaebisch-fraenkischer-wald\/?s={search_term_string}"},"query-input":"required name=search_term_string"}],"inLanguage":"de"},{"@type":"Person","@id":"https:\/\/www.naturparkmagazin.de\/schwaebisch-fraenkischer-wald\/#\/schema\/person\/f047a3702ae747fd7830cf8ac95e6066","name":"Naturpark-Team","sameAs":["http:\/\/www.naturpark-sfw.de","https:\/\/www.facebook.com\/naturparkSFW"],"url":"https:\/\/www.naturparkmagazin.de\/schwaebisch-fraenkischer-wald\/author\/bernharddrixler\/"}]}},"_links":{"self":[{"href":"https:\/\/www.naturparkmagazin.de\/schwaebisch-fraenkischer-wald\/wp-json\/wp\/v2\/posts\/12678"}],"collection":[{"href":"https:\/\/www.naturparkmagazin.de\/schwaebisch-fraenkischer-wald\/wp-json\/wp\/v2\/posts"}],"about":[{"href":"https:\/\/www.naturparkmagazin.de\/schwaebisch-fraenkischer-wald\/wp-json\/wp\/v2\/types\/post"}],"author":[{"embeddable":true,"href":"https:\/\/www.naturparkmagazin.de\/schwaebisch-fraenkischer-wald\/wp-json\/wp\/v2\/users\/25"}],"replies":[{"embeddable":true,"href":"https:\/\/www.naturparkmagazin.de\/schwaebisch-fraenkischer-wald\/wp-json\/wp\/v2\/comments?post=12678"}],"version-history":[{"count":5,"href":"https:\/\/www.naturparkmagazin.de\/schwaebisch-fraenkischer-wald\/wp-json\/wp\/v2\/posts\/12678\/revisions"}],"predecessor-version":[{"id":12709,"href":"https:\/\/www.naturparkmagazin.de\/schwaebisch-fraenkischer-wald\/wp-json\/wp\/v2\/posts\/12678\/revisions\/12709"}],"wp:featuredmedia":[{"embeddable":true,"href":"https:\/\/www.naturparkmagazin.de\/schwaebisch-fraenkischer-wald\/wp-json\/wp\/v2\/media\/12679"}],"wp:attachment":[{"href":"https:\/\/www.naturparkmagazin.de\/schwaebisch-fraenkischer-wald\/wp-json\/wp\/v2\/media?parent=12678"}],"wp:term":[{"taxonomy":"category","embeddable":true,"href":"https:\/\/www.naturparkmagazin.de\/schwaebisch-fraenkischer-wald\/wp-json\/wp\/v2\/categories?post=12678"},{"taxonomy":"post_tag","embeddable":true,"href":"https:\/\/www.naturparkmagazin.de\/schwaebisch-fraenkischer-wald\/wp-json\/wp\/v2\/tags?post=12678"}],"curies":[{"name":"wp","href":"https:\/\/api.w.org\/{rel}","templated":true}]}}