{"id":1273,"date":"2014-11-19T14:46:47","date_gmt":"2014-11-19T13:46:47","guid":{"rendered":"http:\/\/www.naturparkmagazin.de\/schwaebisch-fraenkischer-wald\/?p=1273"},"modified":"2014-11-18T15:02:04","modified_gmt":"2014-11-18T14:02:04","slug":"hoechste-qualitaet-aus-der-region","status":"publish","type":"post","link":"https:\/\/www.naturparkmagazin.de\/schwaebisch-fraenkischer-wald\/hoechste-qualitaet-aus-der-region\/","title":{"rendered":"H\u00f6chste Qualit\u00e4t aus der Region Hohenlohe-Schw\u00e4bischer Wald"},"content":{"rendered":"<p><a href=\"https:\/\/www.naturparkmagazin.de\/schwaebisch-fraenkischer-wald\/wp-content\/uploads\/sites\/34\/Honig.jpg\"><img decoding=\"async\" loading=\"lazy\" class=\"alignright size-thumbnail wp-image-1277\" alt=\"Premiumhonig\" src=\"https:\/\/www.naturparkmagazin.de\/schwaebisch-fraenkischer-wald\/wp-content\/uploads\/sites\/34\/Honig-300x294.jpg\" width=\"300\" height=\"294\" \/><\/a><strong>Premuimhonig<\/strong><\/p>\n<p>Honig aus &#8222;Hohenlohe-Schw\u00e4bischer Wald&#8220; kommt aus einer Landschaft mit einer noch weitgehend intakten Natur. Die Honigtau und Nektar spendenden Pflanzen sind in spezifischer Ausgewogenheit vorhanden und lassen einen Honig entstehen, der in seiner geschmacklichen Vielfalt und nat\u00fcrlichen Beschaffenheit typisch f\u00fcr die Region ist.<\/p>\n<p>Wussten Sie&#8230;<\/p>\n<ul>\n<li>dass der Anteil an der Best\u00e4ubungsarbeit durch Insekten bis zu 80 % von der Honigbiene getragen wird?<\/li>\n<li>dass allein der wirtschaftliche Wert dieser kostenlosen Best\u00e4ubungsarbeit der Bienen um ein Vielfaches den Wert des Honigertrages \u00fcbersteigt?<\/li>\n<li>dass ohne Imker die Honigbiene eine weitere vom Aussterben extrem bedrohte Art w\u00e4re?<\/li>\n<li>dass f\u00fcr 1 kgr Honig 3-5 Millionen Bl\u00fcten angeflogen werden m\u00fcssen?<\/li>\n<li>dass somit jeder Honigkunde ein potentieller Natursch\u00fctzer ist?<\/li>\n<\/ul>\n<p>Essen Sie Honig von dort, wo Sie leben! Sie tun damit etwas f\u00fcr Ihr Wohlbefinden, der Umwelt zuliebe und f\u00fcr eine intakte Natur!<\/p>\n<p>Viele weitere Informationen finden Sie hier: <a href=\"http:\/\/www.premiumhonig.info\" target=\"_blank\">www.premiumhonig.info<\/a><\/p>\n","protected":false},"excerpt":{"rendered":"<p>Honig aus &#8222;Hohenlohe-Schw\u00e4bischer Wald&#8220; kommt aus einer Landschaft mit einer noch weitgehend intakten Natur. Die Honigtau und Nektar spendenden Pflanzen sind in spezifischer Ausgewogenheit vorhanden und lassen einen Honig entstehen, der in seiner geschmacklichen Vielfalt und nat\u00fcrlichen Beschaffenheit typisch f\u00fcr die Region ist.<\/p>\n","protected":false},"author":25,"featured_media":1277,"comment_status":"open","ping_status":"open","sticky":false,"template":"","format":"standard","meta":[],"categories":[13],"tags":[],"yoast_head":"<!-- This site is optimized with the Yoast SEO plugin v19.10 - https:\/\/yoast.com\/wordpress\/plugins\/seo\/ -->\n<title>H\u00f6chste Qualit\u00e4t aus der Region Hohenlohe-Schw\u00e4bischer Wald - Naturpark Schw\u00e4bisch-Fr\u00e4nkischer Wald<\/title>\n<meta name=\"robots\" content=\"index, follow, max-snippet:-1, max-image-preview:large, max-video-preview:-1\" \/>\n<link rel=\"canonical\" href=\"https:\/\/www.naturparkmagazin.de\/schwaebisch-fraenkischer-wald\/hoechste-qualitaet-aus-der-region\/\" \/>\n<meta property=\"og:locale\" content=\"de_DE\" \/>\n<meta property=\"og:type\" content=\"article\" \/>\n<meta property=\"og:title\" content=\"H\u00f6chste Qualit\u00e4t aus der Region Hohenlohe-Schw\u00e4bischer Wald - Naturpark Schw\u00e4bisch-Fr\u00e4nkischer Wald\" \/>\n<meta property=\"og:description\" content=\"Honig aus &quot;Hohenlohe-Schw\u00e4bischer Wald&quot; kommt aus einer Landschaft mit einer noch weitgehend intakten Natur. Die Honigtau und Nektar spendenden Pflanzen sind in spezifischer Ausgewogenheit vorhanden und lassen einen Honig entstehen, der in seiner geschmacklichen Vielfalt und nat\u00fcrlichen Beschaffenheit typisch f\u00fcr die Region ist.\" \/>\n<meta property=\"og:url\" content=\"https:\/\/www.naturparkmagazin.de\/schwaebisch-fraenkischer-wald\/hoechste-qualitaet-aus-der-region\/\" \/>\n<meta property=\"og:site_name\" content=\"Naturpark Schw\u00e4bisch-Fr\u00e4nkischer Wald\" \/>\n<meta property=\"article:author\" content=\"https:\/\/www.facebook.com\/naturparkSFW\" \/>\n<meta property=\"article:published_time\" content=\"2014-11-19T13:46:47+00:00\" \/>\n<meta property=\"article:modified_time\" content=\"2014-11-18T14:02:04+00:00\" \/>\n<meta property=\"og:image\" content=\"https:\/\/www.naturparkmagazin.de\/schwaebisch-fraenkischer-wald\/wp-content\/uploads\/sites\/34\/Honig.jpg\" \/>\n\t<meta property=\"og:image:width\" content=\"611\" \/>\n\t<meta property=\"og:image:height\" content=\"600\" \/>\n\t<meta property=\"og:image:type\" content=\"image\/jpeg\" \/>\n<meta name=\"author\" content=\"Naturpark-Team\" \/>\n<meta name=\"twitter:label1\" content=\"Verfasst von\" \/>\n\t<meta name=\"twitter:data1\" content=\"Naturpark-Team\" \/>\n\t<meta name=\"twitter:label2\" content=\"Gesch\u00e4tzte Lesezeit\" \/>\n\t<meta name=\"twitter:data2\" content=\"1\u00a0Minute\" \/>\n<script type=\"application\/ld+json\" class=\"yoast-schema-graph\">{\"@context\":\"https:\/\/schema.org\",\"@graph\":[{\"@type\":\"WebPage\",\"@id\":\"https:\/\/www.naturparkmagazin.de\/schwaebisch-fraenkischer-wald\/hoechste-qualitaet-aus-der-region\/\",\"url\":\"https:\/\/www.naturparkmagazin.de\/schwaebisch-fraenkischer-wald\/hoechste-qualitaet-aus-der-region\/\",\"name\":\"H\u00f6chste Qualit\u00e4t aus der Region Hohenlohe-Schw\u00e4bischer Wald - Naturpark Schw\u00e4bisch-Fr\u00e4nkischer Wald\",\"isPartOf\":{\"@id\":\"https:\/\/www.naturparkmagazin.de\/schwaebisch-fraenkischer-wald\/#website\"},\"datePublished\":\"2014-11-19T13:46:47+00:00\",\"dateModified\":\"2014-11-18T14:02:04+00:00\",\"author\":{\"@id\":\"https:\/\/www.naturparkmagazin.de\/schwaebisch-fraenkischer-wald\/#\/schema\/person\/f047a3702ae747fd7830cf8ac95e6066\"},\"breadcrumb\":{\"@id\":\"https:\/\/www.naturparkmagazin.de\/schwaebisch-fraenkischer-wald\/hoechste-qualitaet-aus-der-region\/#breadcrumb\"},\"inLanguage\":\"de\",\"potentialAction\":[{\"@type\":\"ReadAction\",\"target\":[\"https:\/\/www.naturparkmagazin.de\/schwaebisch-fraenkischer-wald\/hoechste-qualitaet-aus-der-region\/\"]}]},{\"@type\":\"BreadcrumbList\",\"@id\":\"https:\/\/www.naturparkmagazin.de\/schwaebisch-fraenkischer-wald\/hoechste-qualitaet-aus-der-region\/#breadcrumb\",\"itemListElement\":[{\"@type\":\"ListItem\",\"position\":1,\"name\":\"Home\",\"item\":\"https:\/\/www.naturparkmagazin.de\/schwaebisch-fraenkischer-wald\/\"},{\"@type\":\"ListItem\",\"position\":2,\"name\":\"H\u00f6chste Qualit\u00e4t aus der Region Hohenlohe-Schw\u00e4bischer Wald\"}]},{\"@type\":\"WebSite\",\"@id\":\"https:\/\/www.naturparkmagazin.de\/schwaebisch-fraenkischer-wald\/#website\",\"url\":\"https:\/\/www.naturparkmagazin.de\/schwaebisch-fraenkischer-wald\/\",\"name\":\"Naturpark Schw\u00e4bisch-Fr\u00e4nkischer Wald\",\"description\":\"\",\"potentialAction\":[{\"@type\":\"SearchAction\",\"target\":{\"@type\":\"EntryPoint\",\"urlTemplate\":\"https:\/\/www.naturparkmagazin.de\/schwaebisch-fraenkischer-wald\/?s={search_term_string}\"},\"query-input\":\"required name=search_term_string\"}],\"inLanguage\":\"de\"},{\"@type\":\"Person\",\"@id\":\"https:\/\/www.naturparkmagazin.de\/schwaebisch-fraenkischer-wald\/#\/schema\/person\/f047a3702ae747fd7830cf8ac95e6066\",\"name\":\"Naturpark-Team\",\"sameAs\":[\"http:\/\/www.naturpark-sfw.de\",\"https:\/\/www.facebook.com\/naturparkSFW\"],\"url\":\"https:\/\/www.naturparkmagazin.de\/schwaebisch-fraenkischer-wald\/author\/bernharddrixler\/\"}]}<\/script>\n<!-- \/ Yoast SEO plugin. -->","yoast_head_json":{"title":"H\u00f6chste Qualit\u00e4t aus der Region Hohenlohe-Schw\u00e4bischer Wald - Naturpark Schw\u00e4bisch-Fr\u00e4nkischer Wald","robots":{"index":"index","follow":"follow","max-snippet":"max-snippet:-1","max-image-preview":"max-image-preview:large","max-video-preview":"max-video-preview:-1"},"canonical":"https:\/\/www.naturparkmagazin.de\/schwaebisch-fraenkischer-wald\/hoechste-qualitaet-aus-der-region\/","og_locale":"de_DE","og_type":"article","og_title":"H\u00f6chste Qualit\u00e4t aus der Region Hohenlohe-Schw\u00e4bischer Wald - Naturpark Schw\u00e4bisch-Fr\u00e4nkischer Wald","og_description":"Honig aus \"Hohenlohe-Schw\u00e4bischer Wald\" kommt aus einer Landschaft mit einer noch weitgehend intakten Natur. Die Honigtau und Nektar spendenden Pflanzen sind in spezifischer Ausgewogenheit vorhanden und lassen einen Honig entstehen, der in seiner geschmacklichen Vielfalt und nat\u00fcrlichen Beschaffenheit typisch f\u00fcr die Region ist.","og_url":"https:\/\/www.naturparkmagazin.de\/schwaebisch-fraenkischer-wald\/hoechste-qualitaet-aus-der-region\/","og_site_name":"Naturpark Schw\u00e4bisch-Fr\u00e4nkischer Wald","article_author":"https:\/\/www.facebook.com\/naturparkSFW","article_published_time":"2014-11-19T13:46:47+00:00","article_modified_time":"2014-11-18T14:02:04+00:00","og_image":[{"width":611,"height":600,"url":"https:\/\/www.naturparkmagazin.de\/schwaebisch-fraenkischer-wald\/wp-content\/uploads\/sites\/34\/Honig.jpg","type":"image\/jpeg"}],"author":"Naturpark-Team","twitter_misc":{"Verfasst von":"Naturpark-Team","Gesch\u00e4tzte Lesezeit":"1\u00a0Minute"},"schema":{"@context":"https:\/\/schema.org","@graph":[{"@type":"WebPage","@id":"https:\/\/www.naturparkmagazin.de\/schwaebisch-fraenkischer-wald\/hoechste-qualitaet-aus-der-region\/","url":"https:\/\/www.naturparkmagazin.de\/schwaebisch-fraenkischer-wald\/hoechste-qualitaet-aus-der-region\/","name":"H\u00f6chste Qualit\u00e4t aus der Region Hohenlohe-Schw\u00e4bischer Wald - Naturpark Schw\u00e4bisch-Fr\u00e4nkischer Wald","isPartOf":{"@id":"https:\/\/www.naturparkmagazin.de\/schwaebisch-fraenkischer-wald\/#website"},"datePublished":"2014-11-19T13:46:47+00:00","dateModified":"2014-11-18T14:02:04+00:00","author":{"@id":"https:\/\/www.naturparkmagazin.de\/schwaebisch-fraenkischer-wald\/#\/schema\/person\/f047a3702ae747fd7830cf8ac95e6066"},"breadcrumb":{"@id":"https:\/\/www.naturparkmagazin.de\/schwaebisch-fraenkischer-wald\/hoechste-qualitaet-aus-der-region\/#breadcrumb"},"inLanguage":"de","potentialAction":[{"@type":"ReadAction","target":["https:\/\/www.naturparkmagazin.de\/schwaebisch-fraenkischer-wald\/hoechste-qualitaet-aus-der-region\/"]}]},{"@type":"BreadcrumbList","@id":"https:\/\/www.naturparkmagazin.de\/schwaebisch-fraenkischer-wald\/hoechste-qualitaet-aus-der-region\/#breadcrumb","itemListElement":[{"@type":"ListItem","position":1,"name":"Home","item":"https:\/\/www.naturparkmagazin.de\/schwaebisch-fraenkischer-wald\/"},{"@type":"ListItem","position":2,"name":"H\u00f6chste Qualit\u00e4t aus der Region Hohenlohe-Schw\u00e4bischer Wald"}]},{"@type":"WebSite","@id":"https:\/\/www.naturparkmagazin.de\/schwaebisch-fraenkischer-wald\/#website","url":"https:\/\/www.naturparkmagazin.de\/schwaebisch-fraenkischer-wald\/","name":"Naturpark Schw\u00e4bisch-Fr\u00e4nkischer Wald","description":"","potentialAction":[{"@type":"SearchAction","target":{"@type":"EntryPoint","urlTemplate":"https:\/\/www.naturparkmagazin.de\/schwaebisch-fraenkischer-wald\/?s={search_term_string}"},"query-input":"required name=search_term_string"}],"inLanguage":"de"},{"@type":"Person","@id":"https:\/\/www.naturparkmagazin.de\/schwaebisch-fraenkischer-wald\/#\/schema\/person\/f047a3702ae747fd7830cf8ac95e6066","name":"Naturpark-Team","sameAs":["http:\/\/www.naturpark-sfw.de","https:\/\/www.facebook.com\/naturparkSFW"],"url":"https:\/\/www.naturparkmagazin.de\/schwaebisch-fraenkischer-wald\/author\/bernharddrixler\/"}]}},"_links":{"self":[{"href":"https:\/\/www.naturparkmagazin.de\/schwaebisch-fraenkischer-wald\/wp-json\/wp\/v2\/posts\/1273"}],"collection":[{"href":"https:\/\/www.naturparkmagazin.de\/schwaebisch-fraenkischer-wald\/wp-json\/wp\/v2\/posts"}],"about":[{"href":"https:\/\/www.naturparkmagazin.de\/schwaebisch-fraenkischer-wald\/wp-json\/wp\/v2\/types\/post"}],"author":[{"embeddable":true,"href":"https:\/\/www.naturparkmagazin.de\/schwaebisch-fraenkischer-wald\/wp-json\/wp\/v2\/users\/25"}],"replies":[{"embeddable":true,"href":"https:\/\/www.naturparkmagazin.de\/schwaebisch-fraenkischer-wald\/wp-json\/wp\/v2\/comments?post=1273"}],"version-history":[{"count":5,"href":"https:\/\/www.naturparkmagazin.de\/schwaebisch-fraenkischer-wald\/wp-json\/wp\/v2\/posts\/1273\/revisions"}],"predecessor-version":[{"id":1281,"href":"https:\/\/www.naturparkmagazin.de\/schwaebisch-fraenkischer-wald\/wp-json\/wp\/v2\/posts\/1273\/revisions\/1281"}],"wp:featuredmedia":[{"embeddable":true,"href":"https:\/\/www.naturparkmagazin.de\/schwaebisch-fraenkischer-wald\/wp-json\/wp\/v2\/media\/1277"}],"wp:attachment":[{"href":"https:\/\/www.naturparkmagazin.de\/schwaebisch-fraenkischer-wald\/wp-json\/wp\/v2\/media?parent=1273"}],"wp:term":[{"taxonomy":"category","embeddable":true,"href":"https:\/\/www.naturparkmagazin.de\/schwaebisch-fraenkischer-wald\/wp-json\/wp\/v2\/categories?post=1273"},{"taxonomy":"post_tag","embeddable":true,"href":"https:\/\/www.naturparkmagazin.de\/schwaebisch-fraenkischer-wald\/wp-json\/wp\/v2\/tags?post=1273"}],"curies":[{"name":"wp","href":"https:\/\/api.w.org\/{rel}","templated":true}]}}