{"id":13055,"date":"2024-01-25T10:13:04","date_gmt":"2024-01-25T09:13:04","guid":{"rendered":"https:\/\/www.naturparkmagazin.de\/schwaebisch-fraenkischer-wald\/?p=13055"},"modified":"2024-01-25T10:18:56","modified_gmt":"2024-01-25T09:18:56","slug":"naturpark-aktiv-2024-die-koehler-vom-kochertal","status":"publish","type":"post","link":"https:\/\/www.naturparkmagazin.de\/schwaebisch-fraenkischer-wald\/naturpark-aktiv-2024-die-koehler-vom-kochertal\/","title":{"rendered":"Naturpark aktiv 2024 &#8211; Die K\u00f6hler vom Kochertal"},"content":{"rendered":"<div class=\"mceTemp\"><\/div>\n<div id=\"attachment_10751\" style=\"width: 510px\" class=\"wp-caption aligncenter\"><img aria-describedby=\"caption-attachment-10751\" decoding=\"async\" loading=\"lazy\" class=\"size-full wp-image-10751\" src=\"https:\/\/www.naturparkmagazin.de\/schwaebisch-fraenkischer-wald\/wp-content\/uploads\/sites\/34\/220220_Angstenberger_Rolf_500x300.jpg\" alt=\"\" width=\"500\" height=\"326\" srcset=\"https:\/\/www.naturparkmagazin.de\/schwaebisch-fraenkischer-wald\/wp-content\/uploads\/sites\/34\/220220_Angstenberger_Rolf_500x300.jpg 500w, https:\/\/www.naturparkmagazin.de\/schwaebisch-fraenkischer-wald\/wp-content\/uploads\/sites\/34\/220220_Angstenberger_Rolf_500x300-300x196.jpg 300w, https:\/\/www.naturparkmagazin.de\/schwaebisch-fraenkischer-wald\/wp-content\/uploads\/sites\/34\/220220_Angstenberger_Rolf_500x300-200x130.jpg 200w\" sizes=\"(max-width: 500px) 100vw, 500px\" \/><p id=\"caption-attachment-10751\" class=\"wp-caption-text\">\u00a9 Naturpark SFW<\/p><\/div>\n<p>Unter dem Motto &#8222;Spuren der Vergangenheit&#8220; f\u00fchrt die Tour zu ehemaligen K\u00f6hlerplatten. Vor rund 150 Jahren waren dort Holzkohlemeiler aufgebaut. Die Teilnehmenden erfahren Wissenswertes zu diesem alten Waldgewerbe, dem Leben der K\u00f6hler und der Verwendung der Holzkohle.<\/p>\n<ul>\n<li>Rolf Angstenberger<\/li>\n<li>13 Uhr<\/li>\n<li>Abtsgm\u00fcnd \u2013 Sch\u00e4ufele<\/li>\n<li>Treffpunkt: Parkplatz Naturschutzgebiet Tal der Blinden Rot an der L1073<\/li>\n<li>Ca. 3 Stunden<\/li>\n<li>6 \u20ac\/Person, Kinder bis 16 Jahre kostenlos<\/li>\n<li>Anmeldung bis 25. Februar<\/li>\n<li>Strecke ca. 6,5 km<\/li>\n<li>Streckenweise abseits vom Weg, um zu den K\u00f6hlerplatten zu kommen<\/li>\n<li>0 73 66 \/ 91 92 48<\/li>\n<li>angstenberger@die-naturparkfuehrer.de<\/li>\n<li><a href=\"http:\/\/www.die-naturparkfuehrer.de\">www.die-naturparkfuehrer.de\u00a0<\/a><\/li>\n<\/ul>\n","protected":false},"excerpt":{"rendered":"<p>Unter dem Motto &#8222;Spuren der Vergangenheit&#8220; f\u00fchrt die Tour zu ehemaligen K\u00f6hlerplatten. Vor rund 150 Jahren waren dort Holzkohlemeiler aufgebaut. Die Teilnehmenden erfahren Wissenswertes zu diesem alten Waldgewerbe, dem Leben der K\u00f6hler und der Verwendung der Holzkohle. Rolf Angstenberger 13 Uhr Abtsgm\u00fcnd \u2013 Sch\u00e4ufele Treffpunkt: Parkplatz Naturschutzgebiet Tal der Blinden Rot an der L1073 Ca.<\/p>\n","protected":false},"author":25,"featured_media":10750,"comment_status":"open","ping_status":"open","sticky":false,"template":"","format":"standard","meta":[],"categories":[11],"tags":[],"yoast_head":"<!-- This site is optimized with the Yoast SEO plugin v19.10 - https:\/\/yoast.com\/wordpress\/plugins\/seo\/ -->\n<title>Naturpark aktiv 2024 - Die K\u00f6hler vom Kochertal - Naturpark Schw\u00e4bisch-Fr\u00e4nkischer Wald<\/title>\n<meta name=\"robots\" content=\"index, follow, max-snippet:-1, max-image-preview:large, max-video-preview:-1\" \/>\n<link rel=\"canonical\" href=\"https:\/\/www.naturparkmagazin.de\/schwaebisch-fraenkischer-wald\/naturpark-aktiv-2024-die-koehler-vom-kochertal\/\" \/>\n<meta property=\"og:locale\" content=\"de_DE\" \/>\n<meta property=\"og:type\" content=\"article\" \/>\n<meta property=\"og:title\" content=\"Naturpark aktiv 2024 - Die K\u00f6hler vom Kochertal - Naturpark Schw\u00e4bisch-Fr\u00e4nkischer Wald\" \/>\n<meta property=\"og:description\" content=\"Unter dem Motto &#8222;Spuren der Vergangenheit&#8220; f\u00fchrt die Tour zu ehemaligen K\u00f6hlerplatten. Vor rund 150 Jahren waren dort Holzkohlemeiler aufgebaut. Die Teilnehmenden erfahren Wissenswertes zu diesem alten Waldgewerbe, dem Leben der K\u00f6hler und der Verwendung der Holzkohle. Rolf Angstenberger 13 Uhr Abtsgm\u00fcnd \u2013 Sch\u00e4ufele Treffpunkt: Parkplatz Naturschutzgebiet Tal der Blinden Rot an der L1073 Ca.\" \/>\n<meta property=\"og:url\" content=\"https:\/\/www.naturparkmagazin.de\/schwaebisch-fraenkischer-wald\/naturpark-aktiv-2024-die-koehler-vom-kochertal\/\" \/>\n<meta property=\"og:site_name\" content=\"Naturpark Schw\u00e4bisch-Fr\u00e4nkischer Wald\" \/>\n<meta property=\"article:author\" content=\"https:\/\/www.facebook.com\/naturparkSFW\" \/>\n<meta property=\"article:published_time\" content=\"2024-01-25T09:13:04+00:00\" \/>\n<meta property=\"article:modified_time\" content=\"2024-01-25T09:18:56+00:00\" \/>\n<meta property=\"og:image\" content=\"https:\/\/www.naturparkmagazin.de\/schwaebisch-fraenkischer-wald\/wp-content\/uploads\/sites\/34\/220220_Angstenberger_Rolf_200x200.jpg\" \/>\n\t<meta property=\"og:image:width\" content=\"200\" \/>\n\t<meta property=\"og:image:height\" content=\"200\" \/>\n\t<meta property=\"og:image:type\" content=\"image\/jpeg\" \/>\n<meta name=\"author\" content=\"Naturpark-Team\" \/>\n<meta name=\"twitter:label1\" content=\"Verfasst von\" \/>\n\t<meta name=\"twitter:data1\" content=\"Naturpark-Team\" \/>\n\t<meta name=\"twitter:label2\" content=\"Gesch\u00e4tzte Lesezeit\" \/>\n\t<meta name=\"twitter:data2\" content=\"1\u00a0Minute\" \/>\n<script type=\"application\/ld+json\" class=\"yoast-schema-graph\">{\"@context\":\"https:\/\/schema.org\",\"@graph\":[{\"@type\":\"WebPage\",\"@id\":\"https:\/\/www.naturparkmagazin.de\/schwaebisch-fraenkischer-wald\/naturpark-aktiv-2024-die-koehler-vom-kochertal\/\",\"url\":\"https:\/\/www.naturparkmagazin.de\/schwaebisch-fraenkischer-wald\/naturpark-aktiv-2024-die-koehler-vom-kochertal\/\",\"name\":\"Naturpark aktiv 2024 - Die K\u00f6hler vom Kochertal - Naturpark Schw\u00e4bisch-Fr\u00e4nkischer Wald\",\"isPartOf\":{\"@id\":\"https:\/\/www.naturparkmagazin.de\/schwaebisch-fraenkischer-wald\/#website\"},\"datePublished\":\"2024-01-25T09:13:04+00:00\",\"dateModified\":\"2024-01-25T09:18:56+00:00\",\"author\":{\"@id\":\"https:\/\/www.naturparkmagazin.de\/schwaebisch-fraenkischer-wald\/#\/schema\/person\/f047a3702ae747fd7830cf8ac95e6066\"},\"breadcrumb\":{\"@id\":\"https:\/\/www.naturparkmagazin.de\/schwaebisch-fraenkischer-wald\/naturpark-aktiv-2024-die-koehler-vom-kochertal\/#breadcrumb\"},\"inLanguage\":\"de\",\"potentialAction\":[{\"@type\":\"ReadAction\",\"target\":[\"https:\/\/www.naturparkmagazin.de\/schwaebisch-fraenkischer-wald\/naturpark-aktiv-2024-die-koehler-vom-kochertal\/\"]}]},{\"@type\":\"BreadcrumbList\",\"@id\":\"https:\/\/www.naturparkmagazin.de\/schwaebisch-fraenkischer-wald\/naturpark-aktiv-2024-die-koehler-vom-kochertal\/#breadcrumb\",\"itemListElement\":[{\"@type\":\"ListItem\",\"position\":1,\"name\":\"Home\",\"item\":\"https:\/\/www.naturparkmagazin.de\/schwaebisch-fraenkischer-wald\/\"},{\"@type\":\"ListItem\",\"position\":2,\"name\":\"Naturpark aktiv 2024 &#8211; Die K\u00f6hler vom Kochertal\"}]},{\"@type\":\"WebSite\",\"@id\":\"https:\/\/www.naturparkmagazin.de\/schwaebisch-fraenkischer-wald\/#website\",\"url\":\"https:\/\/www.naturparkmagazin.de\/schwaebisch-fraenkischer-wald\/\",\"name\":\"Naturpark Schw\u00e4bisch-Fr\u00e4nkischer Wald\",\"description\":\"\",\"potentialAction\":[{\"@type\":\"SearchAction\",\"target\":{\"@type\":\"EntryPoint\",\"urlTemplate\":\"https:\/\/www.naturparkmagazin.de\/schwaebisch-fraenkischer-wald\/?s={search_term_string}\"},\"query-input\":\"required name=search_term_string\"}],\"inLanguage\":\"de\"},{\"@type\":\"Person\",\"@id\":\"https:\/\/www.naturparkmagazin.de\/schwaebisch-fraenkischer-wald\/#\/schema\/person\/f047a3702ae747fd7830cf8ac95e6066\",\"name\":\"Naturpark-Team\",\"sameAs\":[\"http:\/\/www.naturpark-sfw.de\",\"https:\/\/www.facebook.com\/naturparkSFW\"],\"url\":\"https:\/\/www.naturparkmagazin.de\/schwaebisch-fraenkischer-wald\/author\/bernharddrixler\/\"}]}<\/script>\n<!-- \/ Yoast SEO plugin. -->","yoast_head_json":{"title":"Naturpark aktiv 2024 - Die K\u00f6hler vom Kochertal - Naturpark Schw\u00e4bisch-Fr\u00e4nkischer Wald","robots":{"index":"index","follow":"follow","max-snippet":"max-snippet:-1","max-image-preview":"max-image-preview:large","max-video-preview":"max-video-preview:-1"},"canonical":"https:\/\/www.naturparkmagazin.de\/schwaebisch-fraenkischer-wald\/naturpark-aktiv-2024-die-koehler-vom-kochertal\/","og_locale":"de_DE","og_type":"article","og_title":"Naturpark aktiv 2024 - Die K\u00f6hler vom Kochertal - Naturpark Schw\u00e4bisch-Fr\u00e4nkischer Wald","og_description":"Unter dem Motto &#8222;Spuren der Vergangenheit&#8220; f\u00fchrt die Tour zu ehemaligen K\u00f6hlerplatten. Vor rund 150 Jahren waren dort Holzkohlemeiler aufgebaut. Die Teilnehmenden erfahren Wissenswertes zu diesem alten Waldgewerbe, dem Leben der K\u00f6hler und der Verwendung der Holzkohle. Rolf Angstenberger 13 Uhr Abtsgm\u00fcnd \u2013 Sch\u00e4ufele Treffpunkt: Parkplatz Naturschutzgebiet Tal der Blinden Rot an der L1073 Ca.","og_url":"https:\/\/www.naturparkmagazin.de\/schwaebisch-fraenkischer-wald\/naturpark-aktiv-2024-die-koehler-vom-kochertal\/","og_site_name":"Naturpark Schw\u00e4bisch-Fr\u00e4nkischer Wald","article_author":"https:\/\/www.facebook.com\/naturparkSFW","article_published_time":"2024-01-25T09:13:04+00:00","article_modified_time":"2024-01-25T09:18:56+00:00","og_image":[{"width":200,"height":200,"url":"https:\/\/www.naturparkmagazin.de\/schwaebisch-fraenkischer-wald\/wp-content\/uploads\/sites\/34\/220220_Angstenberger_Rolf_200x200.jpg","type":"image\/jpeg"}],"author":"Naturpark-Team","twitter_misc":{"Verfasst von":"Naturpark-Team","Gesch\u00e4tzte Lesezeit":"1\u00a0Minute"},"schema":{"@context":"https:\/\/schema.org","@graph":[{"@type":"WebPage","@id":"https:\/\/www.naturparkmagazin.de\/schwaebisch-fraenkischer-wald\/naturpark-aktiv-2024-die-koehler-vom-kochertal\/","url":"https:\/\/www.naturparkmagazin.de\/schwaebisch-fraenkischer-wald\/naturpark-aktiv-2024-die-koehler-vom-kochertal\/","name":"Naturpark aktiv 2024 - Die K\u00f6hler vom Kochertal - Naturpark Schw\u00e4bisch-Fr\u00e4nkischer Wald","isPartOf":{"@id":"https:\/\/www.naturparkmagazin.de\/schwaebisch-fraenkischer-wald\/#website"},"datePublished":"2024-01-25T09:13:04+00:00","dateModified":"2024-01-25T09:18:56+00:00","author":{"@id":"https:\/\/www.naturparkmagazin.de\/schwaebisch-fraenkischer-wald\/#\/schema\/person\/f047a3702ae747fd7830cf8ac95e6066"},"breadcrumb":{"@id":"https:\/\/www.naturparkmagazin.de\/schwaebisch-fraenkischer-wald\/naturpark-aktiv-2024-die-koehler-vom-kochertal\/#breadcrumb"},"inLanguage":"de","potentialAction":[{"@type":"ReadAction","target":["https:\/\/www.naturparkmagazin.de\/schwaebisch-fraenkischer-wald\/naturpark-aktiv-2024-die-koehler-vom-kochertal\/"]}]},{"@type":"BreadcrumbList","@id":"https:\/\/www.naturparkmagazin.de\/schwaebisch-fraenkischer-wald\/naturpark-aktiv-2024-die-koehler-vom-kochertal\/#breadcrumb","itemListElement":[{"@type":"ListItem","position":1,"name":"Home","item":"https:\/\/www.naturparkmagazin.de\/schwaebisch-fraenkischer-wald\/"},{"@type":"ListItem","position":2,"name":"Naturpark aktiv 2024 &#8211; Die K\u00f6hler vom Kochertal"}]},{"@type":"WebSite","@id":"https:\/\/www.naturparkmagazin.de\/schwaebisch-fraenkischer-wald\/#website","url":"https:\/\/www.naturparkmagazin.de\/schwaebisch-fraenkischer-wald\/","name":"Naturpark Schw\u00e4bisch-Fr\u00e4nkischer Wald","description":"","potentialAction":[{"@type":"SearchAction","target":{"@type":"EntryPoint","urlTemplate":"https:\/\/www.naturparkmagazin.de\/schwaebisch-fraenkischer-wald\/?s={search_term_string}"},"query-input":"required name=search_term_string"}],"inLanguage":"de"},{"@type":"Person","@id":"https:\/\/www.naturparkmagazin.de\/schwaebisch-fraenkischer-wald\/#\/schema\/person\/f047a3702ae747fd7830cf8ac95e6066","name":"Naturpark-Team","sameAs":["http:\/\/www.naturpark-sfw.de","https:\/\/www.facebook.com\/naturparkSFW"],"url":"https:\/\/www.naturparkmagazin.de\/schwaebisch-fraenkischer-wald\/author\/bernharddrixler\/"}]}},"_links":{"self":[{"href":"https:\/\/www.naturparkmagazin.de\/schwaebisch-fraenkischer-wald\/wp-json\/wp\/v2\/posts\/13055"}],"collection":[{"href":"https:\/\/www.naturparkmagazin.de\/schwaebisch-fraenkischer-wald\/wp-json\/wp\/v2\/posts"}],"about":[{"href":"https:\/\/www.naturparkmagazin.de\/schwaebisch-fraenkischer-wald\/wp-json\/wp\/v2\/types\/post"}],"author":[{"embeddable":true,"href":"https:\/\/www.naturparkmagazin.de\/schwaebisch-fraenkischer-wald\/wp-json\/wp\/v2\/users\/25"}],"replies":[{"embeddable":true,"href":"https:\/\/www.naturparkmagazin.de\/schwaebisch-fraenkischer-wald\/wp-json\/wp\/v2\/comments?post=13055"}],"version-history":[{"count":5,"href":"https:\/\/www.naturparkmagazin.de\/schwaebisch-fraenkischer-wald\/wp-json\/wp\/v2\/posts\/13055\/revisions"}],"predecessor-version":[{"id":13064,"href":"https:\/\/www.naturparkmagazin.de\/schwaebisch-fraenkischer-wald\/wp-json\/wp\/v2\/posts\/13055\/revisions\/13064"}],"wp:featuredmedia":[{"embeddable":true,"href":"https:\/\/www.naturparkmagazin.de\/schwaebisch-fraenkischer-wald\/wp-json\/wp\/v2\/media\/10750"}],"wp:attachment":[{"href":"https:\/\/www.naturparkmagazin.de\/schwaebisch-fraenkischer-wald\/wp-json\/wp\/v2\/media?parent=13055"}],"wp:term":[{"taxonomy":"category","embeddable":true,"href":"https:\/\/www.naturparkmagazin.de\/schwaebisch-fraenkischer-wald\/wp-json\/wp\/v2\/categories?post=13055"},{"taxonomy":"post_tag","embeddable":true,"href":"https:\/\/www.naturparkmagazin.de\/schwaebisch-fraenkischer-wald\/wp-json\/wp\/v2\/tags?post=13055"}],"curies":[{"name":"wp","href":"https:\/\/api.w.org\/{rel}","templated":true}]}}