{"id":13419,"date":"2024-09-19T12:45:01","date_gmt":"2024-09-19T10:45:01","guid":{"rendered":"https:\/\/www.naturparkmagazin.de\/schwaebisch-fraenkischer-wald\/?p=13419"},"modified":"2024-08-07T12:47:07","modified_gmt":"2024-08-07T10:47:07","slug":"naturpark-aktiv-2024-25-km-durch-die-herbstlichen-waldenburger-berge","status":"publish","type":"post","link":"https:\/\/www.naturparkmagazin.de\/schwaebisch-fraenkischer-wald\/naturpark-aktiv-2024-25-km-durch-die-herbstlichen-waldenburger-berge\/","title":{"rendered":"Naturpark aktiv 2024 \u2013 25 km durch die herbstlichen Waldenburger Berge"},"content":{"rendered":"<div id=\"attachment_7409\" style=\"width: 510px\" class=\"wp-caption aligncenter\"><img aria-describedby=\"caption-attachment-7409\" decoding=\"async\" loading=\"lazy\" class=\"size-full wp-image-7409\" src=\"https:\/\/www.naturparkmagazin.de\/schwaebisch-fraenkischer-wald\/wp-content\/uploads\/sites\/34\/191020_NPaktiv_Krautter.jpg\" alt=\"25 km durch die herbstlichen Waldenburger Berge\" width=\"500\" height=\"300\" srcset=\"https:\/\/www.naturparkmagazin.de\/schwaebisch-fraenkischer-wald\/wp-content\/uploads\/sites\/34\/191020_NPaktiv_Krautter.jpg 500w, https:\/\/www.naturparkmagazin.de\/schwaebisch-fraenkischer-wald\/wp-content\/uploads\/sites\/34\/191020_NPaktiv_Krautter-300x180.jpg 300w, https:\/\/www.naturparkmagazin.de\/schwaebisch-fraenkischer-wald\/wp-content\/uploads\/sites\/34\/191020_NPaktiv_Krautter-200x120.jpg 200w\" sizes=\"(max-width: 500px) 100vw, 500px\" \/><p id=\"caption-attachment-7409\" class=\"wp-caption-text\">\u00a9 Naturpark SFW<\/p><\/div>\n<p>Der Nordostrand des Naturparks Schw\u00e4bisch-Fr\u00e4nkischer Wald, der &#8222;Balkon Hohenlohes&#8220; mit seinen grandiosen Aussichten auf die Hohenloher Ebene, ist das Ziel der 25-km-Wanderung, mit der das sportliche Wanderjahr abgeschlossen wird. Ein Muss f\u00fcr Alle, die gerne distanzwandern, Natur genie\u00dfen und noch einmal in den Herbstwald eintauchen wollen.<\/p>\n<ul>\n<li>Prof. Dr. Manfred Krautter und Walter Hieber<\/li>\n<li>8.30 Uhr<\/li>\n<li>Waldenburg, Parkplatz Neum\u00fchle am Neum\u00fchlsee<\/li>\n<li>Ca. 7,5 Stunden<\/li>\n<li>23 \u20ac\/Person, inkl. Vesper und Getr\u00e4nken<\/li>\n<li>Anmeldung bis 18. Oktober<\/li>\n<li>0 71 81 \/ 8 39 94<\/li>\n<li>krautter@die-naturparkfuehrer.de<\/li>\n<li><a href=\"http:\/\/www.die-naturparkfuehrer.de\/\" target=\"_blank\" rel=\"noopener\">www.die-naturparkfuehrer.de<\/a><\/li>\n<\/ul>\n","protected":false},"excerpt":{"rendered":"<p>Der Nordostrand des Naturparks Schw\u00e4bisch-Fr\u00e4nkischer Wald, der &#8222;Balkon Hohenlohes&#8220; mit seinen grandiosen Aussichten auf die Hohenloher Ebene, ist das Ziel der 25-km-Wanderung, mit der das sportliche Wanderjahr abgeschlossen wird. Ein Muss f\u00fcr Alle, die gerne distanzwandern, Natur genie\u00dfen und noch einmal in den Herbstwald eintauchen wollen. Prof. Dr. Manfred Krautter und Walter Hieber 8.30 Uhr<\/p>\n","protected":false},"author":25,"featured_media":7410,"comment_status":"open","ping_status":"open","sticky":false,"template":"","format":"standard","meta":[],"categories":[11],"tags":[],"yoast_head":"<!-- This site is optimized with the Yoast SEO plugin v19.10 - https:\/\/yoast.com\/wordpress\/plugins\/seo\/ -->\n<title>Naturpark aktiv 2024 \u2013 25 km durch die herbstlichen Waldenburger Berge - Naturpark Schw\u00e4bisch-Fr\u00e4nkischer Wald<\/title>\n<meta name=\"robots\" content=\"index, follow, max-snippet:-1, max-image-preview:large, max-video-preview:-1\" \/>\n<link rel=\"canonical\" href=\"https:\/\/www.naturparkmagazin.de\/schwaebisch-fraenkischer-wald\/?p=13419\" \/>\n<meta property=\"og:locale\" content=\"de_DE\" \/>\n<meta property=\"og:type\" content=\"article\" \/>\n<meta property=\"og:title\" content=\"Naturpark aktiv 2024 \u2013 25 km durch die herbstlichen Waldenburger Berge - Naturpark Schw\u00e4bisch-Fr\u00e4nkischer Wald\" \/>\n<meta property=\"og:description\" content=\"Der Nordostrand des Naturparks Schw\u00e4bisch-Fr\u00e4nkischer Wald, der &#8222;Balkon Hohenlohes&#8220; mit seinen grandiosen Aussichten auf die Hohenloher Ebene, ist das Ziel der 25-km-Wanderung, mit der das sportliche Wanderjahr abgeschlossen wird. Ein Muss f\u00fcr Alle, die gerne distanzwandern, Natur genie\u00dfen und noch einmal in den Herbstwald eintauchen wollen. Prof. Dr. Manfred Krautter und Walter Hieber 8.30 Uhr\" \/>\n<meta property=\"og:url\" content=\"https:\/\/www.naturparkmagazin.de\/schwaebisch-fraenkischer-wald\/?p=13419\" \/>\n<meta property=\"og:site_name\" content=\"Naturpark Schw\u00e4bisch-Fr\u00e4nkischer Wald\" \/>\n<meta property=\"article:author\" content=\"https:\/\/www.facebook.com\/naturparkSFW\" \/>\n<meta property=\"article:published_time\" content=\"2024-09-19T10:45:01+00:00\" \/>\n<meta property=\"article:modified_time\" content=\"2024-08-07T10:47:07+00:00\" \/>\n<meta property=\"og:image\" content=\"https:\/\/www.naturparkmagazin.de\/schwaebisch-fraenkischer-wald\/wp-content\/uploads\/sites\/34\/191020_NPaktiv_Krautter1.jpg\" \/>\n\t<meta property=\"og:image:width\" content=\"200\" \/>\n\t<meta property=\"og:image:height\" content=\"200\" \/>\n\t<meta property=\"og:image:type\" content=\"image\/jpeg\" \/>\n<meta name=\"author\" content=\"Naturpark-Team\" \/>\n<meta name=\"twitter:label1\" content=\"Verfasst von\" \/>\n\t<meta name=\"twitter:data1\" content=\"Naturpark-Team\" \/>\n\t<meta name=\"twitter:label2\" content=\"Gesch\u00e4tzte Lesezeit\" \/>\n\t<meta name=\"twitter:data2\" content=\"1\u00a0Minute\" \/>\n<script type=\"application\/ld+json\" class=\"yoast-schema-graph\">{\"@context\":\"https:\/\/schema.org\",\"@graph\":[{\"@type\":\"WebPage\",\"@id\":\"https:\/\/www.naturparkmagazin.de\/schwaebisch-fraenkischer-wald\/?p=13419\",\"url\":\"https:\/\/www.naturparkmagazin.de\/schwaebisch-fraenkischer-wald\/?p=13419\",\"name\":\"Naturpark aktiv 2024 \u2013 25 km durch die herbstlichen Waldenburger Berge - Naturpark Schw\u00e4bisch-Fr\u00e4nkischer Wald\",\"isPartOf\":{\"@id\":\"https:\/\/www.naturparkmagazin.de\/schwaebisch-fraenkischer-wald\/#website\"},\"datePublished\":\"2024-09-19T10:45:01+00:00\",\"dateModified\":\"2024-08-07T10:47:07+00:00\",\"author\":{\"@id\":\"https:\/\/www.naturparkmagazin.de\/schwaebisch-fraenkischer-wald\/#\/schema\/person\/f047a3702ae747fd7830cf8ac95e6066\"},\"breadcrumb\":{\"@id\":\"https:\/\/www.naturparkmagazin.de\/schwaebisch-fraenkischer-wald\/?p=13419#breadcrumb\"},\"inLanguage\":\"de\",\"potentialAction\":[{\"@type\":\"ReadAction\",\"target\":[\"https:\/\/www.naturparkmagazin.de\/schwaebisch-fraenkischer-wald\/?p=13419\"]}]},{\"@type\":\"BreadcrumbList\",\"@id\":\"https:\/\/www.naturparkmagazin.de\/schwaebisch-fraenkischer-wald\/?p=13419#breadcrumb\",\"itemListElement\":[{\"@type\":\"ListItem\",\"position\":1,\"name\":\"Home\",\"item\":\"https:\/\/www.naturparkmagazin.de\/schwaebisch-fraenkischer-wald\/\"},{\"@type\":\"ListItem\",\"position\":2,\"name\":\"Naturpark aktiv 2024 \u2013 25 km durch die herbstlichen Waldenburger Berge\"}]},{\"@type\":\"WebSite\",\"@id\":\"https:\/\/www.naturparkmagazin.de\/schwaebisch-fraenkischer-wald\/#website\",\"url\":\"https:\/\/www.naturparkmagazin.de\/schwaebisch-fraenkischer-wald\/\",\"name\":\"Naturpark Schw\u00e4bisch-Fr\u00e4nkischer Wald\",\"description\":\"\",\"potentialAction\":[{\"@type\":\"SearchAction\",\"target\":{\"@type\":\"EntryPoint\",\"urlTemplate\":\"https:\/\/www.naturparkmagazin.de\/schwaebisch-fraenkischer-wald\/?s={search_term_string}\"},\"query-input\":\"required name=search_term_string\"}],\"inLanguage\":\"de\"},{\"@type\":\"Person\",\"@id\":\"https:\/\/www.naturparkmagazin.de\/schwaebisch-fraenkischer-wald\/#\/schema\/person\/f047a3702ae747fd7830cf8ac95e6066\",\"name\":\"Naturpark-Team\",\"sameAs\":[\"http:\/\/www.naturpark-sfw.de\",\"https:\/\/www.facebook.com\/naturparkSFW\"],\"url\":\"https:\/\/www.naturparkmagazin.de\/schwaebisch-fraenkischer-wald\/author\/bernharddrixler\/\"}]}<\/script>\n<!-- \/ Yoast SEO plugin. -->","yoast_head_json":{"title":"Naturpark aktiv 2024 \u2013 25 km durch die herbstlichen Waldenburger Berge - Naturpark Schw\u00e4bisch-Fr\u00e4nkischer Wald","robots":{"index":"index","follow":"follow","max-snippet":"max-snippet:-1","max-image-preview":"max-image-preview:large","max-video-preview":"max-video-preview:-1"},"canonical":"https:\/\/www.naturparkmagazin.de\/schwaebisch-fraenkischer-wald\/?p=13419","og_locale":"de_DE","og_type":"article","og_title":"Naturpark aktiv 2024 \u2013 25 km durch die herbstlichen Waldenburger Berge - Naturpark Schw\u00e4bisch-Fr\u00e4nkischer Wald","og_description":"Der Nordostrand des Naturparks Schw\u00e4bisch-Fr\u00e4nkischer Wald, der &#8222;Balkon Hohenlohes&#8220; mit seinen grandiosen Aussichten auf die Hohenloher Ebene, ist das Ziel der 25-km-Wanderung, mit der das sportliche Wanderjahr abgeschlossen wird. Ein Muss f\u00fcr Alle, die gerne distanzwandern, Natur genie\u00dfen und noch einmal in den Herbstwald eintauchen wollen. Prof. Dr. Manfred Krautter und Walter Hieber 8.30 Uhr","og_url":"https:\/\/www.naturparkmagazin.de\/schwaebisch-fraenkischer-wald\/?p=13419","og_site_name":"Naturpark Schw\u00e4bisch-Fr\u00e4nkischer Wald","article_author":"https:\/\/www.facebook.com\/naturparkSFW","article_published_time":"2024-09-19T10:45:01+00:00","article_modified_time":"2024-08-07T10:47:07+00:00","og_image":[{"width":200,"height":200,"url":"https:\/\/www.naturparkmagazin.de\/schwaebisch-fraenkischer-wald\/wp-content\/uploads\/sites\/34\/191020_NPaktiv_Krautter1.jpg","type":"image\/jpeg"}],"author":"Naturpark-Team","twitter_misc":{"Verfasst von":"Naturpark-Team","Gesch\u00e4tzte Lesezeit":"1\u00a0Minute"},"schema":{"@context":"https:\/\/schema.org","@graph":[{"@type":"WebPage","@id":"https:\/\/www.naturparkmagazin.de\/schwaebisch-fraenkischer-wald\/?p=13419","url":"https:\/\/www.naturparkmagazin.de\/schwaebisch-fraenkischer-wald\/?p=13419","name":"Naturpark aktiv 2024 \u2013 25 km durch die herbstlichen Waldenburger Berge - Naturpark Schw\u00e4bisch-Fr\u00e4nkischer Wald","isPartOf":{"@id":"https:\/\/www.naturparkmagazin.de\/schwaebisch-fraenkischer-wald\/#website"},"datePublished":"2024-09-19T10:45:01+00:00","dateModified":"2024-08-07T10:47:07+00:00","author":{"@id":"https:\/\/www.naturparkmagazin.de\/schwaebisch-fraenkischer-wald\/#\/schema\/person\/f047a3702ae747fd7830cf8ac95e6066"},"breadcrumb":{"@id":"https:\/\/www.naturparkmagazin.de\/schwaebisch-fraenkischer-wald\/?p=13419#breadcrumb"},"inLanguage":"de","potentialAction":[{"@type":"ReadAction","target":["https:\/\/www.naturparkmagazin.de\/schwaebisch-fraenkischer-wald\/?p=13419"]}]},{"@type":"BreadcrumbList","@id":"https:\/\/www.naturparkmagazin.de\/schwaebisch-fraenkischer-wald\/?p=13419#breadcrumb","itemListElement":[{"@type":"ListItem","position":1,"name":"Home","item":"https:\/\/www.naturparkmagazin.de\/schwaebisch-fraenkischer-wald\/"},{"@type":"ListItem","position":2,"name":"Naturpark aktiv 2024 \u2013 25 km durch die herbstlichen Waldenburger Berge"}]},{"@type":"WebSite","@id":"https:\/\/www.naturparkmagazin.de\/schwaebisch-fraenkischer-wald\/#website","url":"https:\/\/www.naturparkmagazin.de\/schwaebisch-fraenkischer-wald\/","name":"Naturpark Schw\u00e4bisch-Fr\u00e4nkischer Wald","description":"","potentialAction":[{"@type":"SearchAction","target":{"@type":"EntryPoint","urlTemplate":"https:\/\/www.naturparkmagazin.de\/schwaebisch-fraenkischer-wald\/?s={search_term_string}"},"query-input":"required name=search_term_string"}],"inLanguage":"de"},{"@type":"Person","@id":"https:\/\/www.naturparkmagazin.de\/schwaebisch-fraenkischer-wald\/#\/schema\/person\/f047a3702ae747fd7830cf8ac95e6066","name":"Naturpark-Team","sameAs":["http:\/\/www.naturpark-sfw.de","https:\/\/www.facebook.com\/naturparkSFW"],"url":"https:\/\/www.naturparkmagazin.de\/schwaebisch-fraenkischer-wald\/author\/bernharddrixler\/"}]}},"_links":{"self":[{"href":"https:\/\/www.naturparkmagazin.de\/schwaebisch-fraenkischer-wald\/wp-json\/wp\/v2\/posts\/13419"}],"collection":[{"href":"https:\/\/www.naturparkmagazin.de\/schwaebisch-fraenkischer-wald\/wp-json\/wp\/v2\/posts"}],"about":[{"href":"https:\/\/www.naturparkmagazin.de\/schwaebisch-fraenkischer-wald\/wp-json\/wp\/v2\/types\/post"}],"author":[{"embeddable":true,"href":"https:\/\/www.naturparkmagazin.de\/schwaebisch-fraenkischer-wald\/wp-json\/wp\/v2\/users\/25"}],"replies":[{"embeddable":true,"href":"https:\/\/www.naturparkmagazin.de\/schwaebisch-fraenkischer-wald\/wp-json\/wp\/v2\/comments?post=13419"}],"version-history":[{"count":1,"href":"https:\/\/www.naturparkmagazin.de\/schwaebisch-fraenkischer-wald\/wp-json\/wp\/v2\/posts\/13419\/revisions"}],"predecessor-version":[{"id":13420,"href":"https:\/\/www.naturparkmagazin.de\/schwaebisch-fraenkischer-wald\/wp-json\/wp\/v2\/posts\/13419\/revisions\/13420"}],"wp:featuredmedia":[{"embeddable":true,"href":"https:\/\/www.naturparkmagazin.de\/schwaebisch-fraenkischer-wald\/wp-json\/wp\/v2\/media\/7410"}],"wp:attachment":[{"href":"https:\/\/www.naturparkmagazin.de\/schwaebisch-fraenkischer-wald\/wp-json\/wp\/v2\/media?parent=13419"}],"wp:term":[{"taxonomy":"category","embeddable":true,"href":"https:\/\/www.naturparkmagazin.de\/schwaebisch-fraenkischer-wald\/wp-json\/wp\/v2\/categories?post=13419"},{"taxonomy":"post_tag","embeddable":true,"href":"https:\/\/www.naturparkmagazin.de\/schwaebisch-fraenkischer-wald\/wp-json\/wp\/v2\/tags?post=13419"}],"curies":[{"name":"wp","href":"https:\/\/api.w.org\/{rel}","templated":true}]}}