{"id":13445,"date":"2024-11-21T14:04:11","date_gmt":"2024-11-21T13:04:11","guid":{"rendered":"https:\/\/www.naturparkmagazin.de\/schwaebisch-fraenkischer-wald\/?p=13445"},"modified":"2024-10-28T15:10:31","modified_gmt":"2024-10-28T14:10:31","slug":"naturpark-aktiv-2024-adventszauber-im-winterwald","status":"publish","type":"post","link":"https:\/\/www.naturparkmagazin.de\/schwaebisch-fraenkischer-wald\/naturpark-aktiv-2024-adventszauber-im-winterwald\/","title":{"rendered":"Naturpark aktiv 2024 \u2013 Adventszauber im Winterwald am 8. Dezember"},"content":{"rendered":"<div id=\"attachment_13447\" style=\"width: 510px\" class=\"wp-caption aligncenter\"><img aria-describedby=\"caption-attachment-13447\" decoding=\"async\" loading=\"lazy\" class=\"size-full wp-image-13447\" src=\"https:\/\/www.naturparkmagazin.de\/schwaebisch-fraenkischer-wald\/wp-content\/uploads\/sites\/34\/24-12-08_Bohn_500x300.jpg\" alt=\"\" width=\"500\" height=\"375\" srcset=\"https:\/\/www.naturparkmagazin.de\/schwaebisch-fraenkischer-wald\/wp-content\/uploads\/sites\/34\/24-12-08_Bohn_500x300.jpg 500w, https:\/\/www.naturparkmagazin.de\/schwaebisch-fraenkischer-wald\/wp-content\/uploads\/sites\/34\/24-12-08_Bohn_500x300-300x225.jpg 300w, https:\/\/www.naturparkmagazin.de\/schwaebisch-fraenkischer-wald\/wp-content\/uploads\/sites\/34\/24-12-08_Bohn_500x300-420x315.jpg 420w, https:\/\/www.naturparkmagazin.de\/schwaebisch-fraenkischer-wald\/wp-content\/uploads\/sites\/34\/24-12-08_Bohn_500x300-180x135.jpg 180w, https:\/\/www.naturparkmagazin.de\/schwaebisch-fraenkischer-wald\/wp-content\/uploads\/sites\/34\/24-12-08_Bohn_500x300-95x71.jpg 95w, https:\/\/www.naturparkmagazin.de\/schwaebisch-fraenkischer-wald\/wp-content\/uploads\/sites\/34\/24-12-08_Bohn_500x300-200x150.jpg 200w\" sizes=\"(max-width: 500px) 100vw, 500px\" \/><p id=\"caption-attachment-13447\" class=\"wp-caption-text\">\u00a9 Naturpark SFW<\/p><\/div>\n<p>Die Wanderung f\u00fchrt tief in den winterlichen Spielwald, wo die Adventsstimmung im Mittelpunkt steht. Hier lauschen die Teilnehmenden den beruhigenden Ger\u00e4uschen des Waldes, folgen geheimnisvollen Tierspuren im Schnee und tauchen in die Stille der Natur ein. Die Adventswanderung endet gem\u00fctlich am warmen Lagerfeuer, wo duftender Punsch die Magie des Advents perfekt abrundet.<\/p>\n<ul>\n<li>Ruth Bohn<\/li>\n<li>14 Uhr<\/li>\n<li>Murrhardt &#8211; Kirchenkirnberg, Parkplatz beim Sportplatz Kirchenkirnberg-Spielhof<\/li>\n<li>Ca. 2,5 Stunden<\/li>\n<li>8 \u20ac\/Person, Kinder bis 10 Jahre 4 \u20ac, inkl. Punsch<\/li>\n<li>Anmeldung bis 6. Dezember<\/li>\n<li>Tasse mitbringen<\/li>\n<li>0 71 84 \/ 21 98<\/li>\n<li>bohn@die-naturparkfuehrer.de<\/li>\n<li><a href=\"http:\/\/www.die-naturparkfuehrer.de\/\" target=\"_blank\" rel=\"noopener\">www.die-naturparkfuehrer.de<\/a><\/li>\n<\/ul>\n","protected":false},"excerpt":{"rendered":"<p>Die Wanderung f\u00fchrt tief in den winterlichen Spielwald, wo die Adventsstimmung im Mittelpunkt steht. Hier lauschen die Teilnehmenden den beruhigenden Ger\u00e4uschen des Waldes, folgen geheimnisvollen Tierspuren im Schnee und tauchen in die Stille der Natur ein. Die Adventswanderung endet gem\u00fctlich am warmen Lagerfeuer, wo duftender Punsch die Magie des Advents perfekt abrundet. Ruth Bohn 14<\/p>\n","protected":false},"author":25,"featured_media":13446,"comment_status":"open","ping_status":"open","sticky":false,"template":"","format":"standard","meta":[],"categories":[11],"tags":[],"yoast_head":"<!-- This site is optimized with the Yoast SEO plugin v19.10 - https:\/\/yoast.com\/wordpress\/plugins\/seo\/ -->\n<title>Naturpark aktiv 2024 \u2013 Adventszauber im Winterwald am 8. Dezember - Naturpark Schw\u00e4bisch-Fr\u00e4nkischer Wald<\/title>\n<meta name=\"robots\" content=\"index, follow, max-snippet:-1, max-image-preview:large, max-video-preview:-1\" \/>\n<link rel=\"canonical\" href=\"https:\/\/www.naturparkmagazin.de\/schwaebisch-fraenkischer-wald\/?p=13445\" \/>\n<meta property=\"og:locale\" content=\"de_DE\" \/>\n<meta property=\"og:type\" content=\"article\" \/>\n<meta property=\"og:title\" content=\"Naturpark aktiv 2024 \u2013 Adventszauber im Winterwald am 8. Dezember - Naturpark Schw\u00e4bisch-Fr\u00e4nkischer Wald\" \/>\n<meta property=\"og:description\" content=\"Die Wanderung f\u00fchrt tief in den winterlichen Spielwald, wo die Adventsstimmung im Mittelpunkt steht. Hier lauschen die Teilnehmenden den beruhigenden Ger\u00e4uschen des Waldes, folgen geheimnisvollen Tierspuren im Schnee und tauchen in die Stille der Natur ein. Die Adventswanderung endet gem\u00fctlich am warmen Lagerfeuer, wo duftender Punsch die Magie des Advents perfekt abrundet. Ruth Bohn 14\" \/>\n<meta property=\"og:url\" content=\"https:\/\/www.naturparkmagazin.de\/schwaebisch-fraenkischer-wald\/?p=13445\" \/>\n<meta property=\"og:site_name\" content=\"Naturpark Schw\u00e4bisch-Fr\u00e4nkischer Wald\" \/>\n<meta property=\"article:author\" content=\"https:\/\/www.facebook.com\/naturparkSFW\" \/>\n<meta property=\"article:published_time\" content=\"2024-11-21T13:04:11+00:00\" \/>\n<meta property=\"article:modified_time\" content=\"2024-10-28T14:10:31+00:00\" \/>\n<meta property=\"og:image\" content=\"https:\/\/www.naturparkmagazin.de\/schwaebisch-fraenkischer-wald\/wp-content\/uploads\/sites\/34\/24-12-08_Bohn_200x200.jpg\" \/>\n\t<meta property=\"og:image:width\" content=\"200\" \/>\n\t<meta property=\"og:image:height\" content=\"200\" \/>\n\t<meta property=\"og:image:type\" content=\"image\/jpeg\" \/>\n<meta name=\"author\" content=\"Naturpark-Team\" \/>\n<meta name=\"twitter:label1\" content=\"Verfasst von\" \/>\n\t<meta name=\"twitter:data1\" content=\"Naturpark-Team\" \/>\n\t<meta name=\"twitter:label2\" content=\"Gesch\u00e4tzte Lesezeit\" \/>\n\t<meta name=\"twitter:data2\" content=\"1\u00a0Minute\" \/>\n<script type=\"application\/ld+json\" class=\"yoast-schema-graph\">{\"@context\":\"https:\/\/schema.org\",\"@graph\":[{\"@type\":\"WebPage\",\"@id\":\"https:\/\/www.naturparkmagazin.de\/schwaebisch-fraenkischer-wald\/?p=13445\",\"url\":\"https:\/\/www.naturparkmagazin.de\/schwaebisch-fraenkischer-wald\/?p=13445\",\"name\":\"Naturpark aktiv 2024 \u2013 Adventszauber im Winterwald am 8. Dezember - Naturpark Schw\u00e4bisch-Fr\u00e4nkischer Wald\",\"isPartOf\":{\"@id\":\"https:\/\/www.naturparkmagazin.de\/schwaebisch-fraenkischer-wald\/#website\"},\"datePublished\":\"2024-11-21T13:04:11+00:00\",\"dateModified\":\"2024-10-28T14:10:31+00:00\",\"author\":{\"@id\":\"https:\/\/www.naturparkmagazin.de\/schwaebisch-fraenkischer-wald\/#\/schema\/person\/f047a3702ae747fd7830cf8ac95e6066\"},\"breadcrumb\":{\"@id\":\"https:\/\/www.naturparkmagazin.de\/schwaebisch-fraenkischer-wald\/?p=13445#breadcrumb\"},\"inLanguage\":\"de\",\"potentialAction\":[{\"@type\":\"ReadAction\",\"target\":[\"https:\/\/www.naturparkmagazin.de\/schwaebisch-fraenkischer-wald\/?p=13445\"]}]},{\"@type\":\"BreadcrumbList\",\"@id\":\"https:\/\/www.naturparkmagazin.de\/schwaebisch-fraenkischer-wald\/?p=13445#breadcrumb\",\"itemListElement\":[{\"@type\":\"ListItem\",\"position\":1,\"name\":\"Home\",\"item\":\"https:\/\/www.naturparkmagazin.de\/schwaebisch-fraenkischer-wald\/\"},{\"@type\":\"ListItem\",\"position\":2,\"name\":\"Naturpark aktiv 2024 \u2013 Adventszauber im Winterwald am 8. Dezember\"}]},{\"@type\":\"WebSite\",\"@id\":\"https:\/\/www.naturparkmagazin.de\/schwaebisch-fraenkischer-wald\/#website\",\"url\":\"https:\/\/www.naturparkmagazin.de\/schwaebisch-fraenkischer-wald\/\",\"name\":\"Naturpark Schw\u00e4bisch-Fr\u00e4nkischer Wald\",\"description\":\"\",\"potentialAction\":[{\"@type\":\"SearchAction\",\"target\":{\"@type\":\"EntryPoint\",\"urlTemplate\":\"https:\/\/www.naturparkmagazin.de\/schwaebisch-fraenkischer-wald\/?s={search_term_string}\"},\"query-input\":\"required name=search_term_string\"}],\"inLanguage\":\"de\"},{\"@type\":\"Person\",\"@id\":\"https:\/\/www.naturparkmagazin.de\/schwaebisch-fraenkischer-wald\/#\/schema\/person\/f047a3702ae747fd7830cf8ac95e6066\",\"name\":\"Naturpark-Team\",\"sameAs\":[\"http:\/\/www.naturpark-sfw.de\",\"https:\/\/www.facebook.com\/naturparkSFW\"],\"url\":\"https:\/\/www.naturparkmagazin.de\/schwaebisch-fraenkischer-wald\/author\/bernharddrixler\/\"}]}<\/script>\n<!-- \/ Yoast SEO plugin. -->","yoast_head_json":{"title":"Naturpark aktiv 2024 \u2013 Adventszauber im Winterwald am 8. Dezember - Naturpark Schw\u00e4bisch-Fr\u00e4nkischer Wald","robots":{"index":"index","follow":"follow","max-snippet":"max-snippet:-1","max-image-preview":"max-image-preview:large","max-video-preview":"max-video-preview:-1"},"canonical":"https:\/\/www.naturparkmagazin.de\/schwaebisch-fraenkischer-wald\/?p=13445","og_locale":"de_DE","og_type":"article","og_title":"Naturpark aktiv 2024 \u2013 Adventszauber im Winterwald am 8. Dezember - Naturpark Schw\u00e4bisch-Fr\u00e4nkischer Wald","og_description":"Die Wanderung f\u00fchrt tief in den winterlichen Spielwald, wo die Adventsstimmung im Mittelpunkt steht. Hier lauschen die Teilnehmenden den beruhigenden Ger\u00e4uschen des Waldes, folgen geheimnisvollen Tierspuren im Schnee und tauchen in die Stille der Natur ein. Die Adventswanderung endet gem\u00fctlich am warmen Lagerfeuer, wo duftender Punsch die Magie des Advents perfekt abrundet. Ruth Bohn 14","og_url":"https:\/\/www.naturparkmagazin.de\/schwaebisch-fraenkischer-wald\/?p=13445","og_site_name":"Naturpark Schw\u00e4bisch-Fr\u00e4nkischer Wald","article_author":"https:\/\/www.facebook.com\/naturparkSFW","article_published_time":"2024-11-21T13:04:11+00:00","article_modified_time":"2024-10-28T14:10:31+00:00","og_image":[{"width":200,"height":200,"url":"https:\/\/www.naturparkmagazin.de\/schwaebisch-fraenkischer-wald\/wp-content\/uploads\/sites\/34\/24-12-08_Bohn_200x200.jpg","type":"image\/jpeg"}],"author":"Naturpark-Team","twitter_misc":{"Verfasst von":"Naturpark-Team","Gesch\u00e4tzte Lesezeit":"1\u00a0Minute"},"schema":{"@context":"https:\/\/schema.org","@graph":[{"@type":"WebPage","@id":"https:\/\/www.naturparkmagazin.de\/schwaebisch-fraenkischer-wald\/?p=13445","url":"https:\/\/www.naturparkmagazin.de\/schwaebisch-fraenkischer-wald\/?p=13445","name":"Naturpark aktiv 2024 \u2013 Adventszauber im Winterwald am 8. Dezember - Naturpark Schw\u00e4bisch-Fr\u00e4nkischer Wald","isPartOf":{"@id":"https:\/\/www.naturparkmagazin.de\/schwaebisch-fraenkischer-wald\/#website"},"datePublished":"2024-11-21T13:04:11+00:00","dateModified":"2024-10-28T14:10:31+00:00","author":{"@id":"https:\/\/www.naturparkmagazin.de\/schwaebisch-fraenkischer-wald\/#\/schema\/person\/f047a3702ae747fd7830cf8ac95e6066"},"breadcrumb":{"@id":"https:\/\/www.naturparkmagazin.de\/schwaebisch-fraenkischer-wald\/?p=13445#breadcrumb"},"inLanguage":"de","potentialAction":[{"@type":"ReadAction","target":["https:\/\/www.naturparkmagazin.de\/schwaebisch-fraenkischer-wald\/?p=13445"]}]},{"@type":"BreadcrumbList","@id":"https:\/\/www.naturparkmagazin.de\/schwaebisch-fraenkischer-wald\/?p=13445#breadcrumb","itemListElement":[{"@type":"ListItem","position":1,"name":"Home","item":"https:\/\/www.naturparkmagazin.de\/schwaebisch-fraenkischer-wald\/"},{"@type":"ListItem","position":2,"name":"Naturpark aktiv 2024 \u2013 Adventszauber im Winterwald am 8. Dezember"}]},{"@type":"WebSite","@id":"https:\/\/www.naturparkmagazin.de\/schwaebisch-fraenkischer-wald\/#website","url":"https:\/\/www.naturparkmagazin.de\/schwaebisch-fraenkischer-wald\/","name":"Naturpark Schw\u00e4bisch-Fr\u00e4nkischer Wald","description":"","potentialAction":[{"@type":"SearchAction","target":{"@type":"EntryPoint","urlTemplate":"https:\/\/www.naturparkmagazin.de\/schwaebisch-fraenkischer-wald\/?s={search_term_string}"},"query-input":"required name=search_term_string"}],"inLanguage":"de"},{"@type":"Person","@id":"https:\/\/www.naturparkmagazin.de\/schwaebisch-fraenkischer-wald\/#\/schema\/person\/f047a3702ae747fd7830cf8ac95e6066","name":"Naturpark-Team","sameAs":["http:\/\/www.naturpark-sfw.de","https:\/\/www.facebook.com\/naturparkSFW"],"url":"https:\/\/www.naturparkmagazin.de\/schwaebisch-fraenkischer-wald\/author\/bernharddrixler\/"}]}},"_links":{"self":[{"href":"https:\/\/www.naturparkmagazin.de\/schwaebisch-fraenkischer-wald\/wp-json\/wp\/v2\/posts\/13445"}],"collection":[{"href":"https:\/\/www.naturparkmagazin.de\/schwaebisch-fraenkischer-wald\/wp-json\/wp\/v2\/posts"}],"about":[{"href":"https:\/\/www.naturparkmagazin.de\/schwaebisch-fraenkischer-wald\/wp-json\/wp\/v2\/types\/post"}],"author":[{"embeddable":true,"href":"https:\/\/www.naturparkmagazin.de\/schwaebisch-fraenkischer-wald\/wp-json\/wp\/v2\/users\/25"}],"replies":[{"embeddable":true,"href":"https:\/\/www.naturparkmagazin.de\/schwaebisch-fraenkischer-wald\/wp-json\/wp\/v2\/comments?post=13445"}],"version-history":[{"count":2,"href":"https:\/\/www.naturparkmagazin.de\/schwaebisch-fraenkischer-wald\/wp-json\/wp\/v2\/posts\/13445\/revisions"}],"predecessor-version":[{"id":13589,"href":"https:\/\/www.naturparkmagazin.de\/schwaebisch-fraenkischer-wald\/wp-json\/wp\/v2\/posts\/13445\/revisions\/13589"}],"wp:featuredmedia":[{"embeddable":true,"href":"https:\/\/www.naturparkmagazin.de\/schwaebisch-fraenkischer-wald\/wp-json\/wp\/v2\/media\/13446"}],"wp:attachment":[{"href":"https:\/\/www.naturparkmagazin.de\/schwaebisch-fraenkischer-wald\/wp-json\/wp\/v2\/media?parent=13445"}],"wp:term":[{"taxonomy":"category","embeddable":true,"href":"https:\/\/www.naturparkmagazin.de\/schwaebisch-fraenkischer-wald\/wp-json\/wp\/v2\/categories?post=13445"},{"taxonomy":"post_tag","embeddable":true,"href":"https:\/\/www.naturparkmagazin.de\/schwaebisch-fraenkischer-wald\/wp-json\/wp\/v2\/tags?post=13445"}],"curies":[{"name":"wp","href":"https:\/\/api.w.org\/{rel}","templated":true}]}}