{"id":1360,"date":"2014-12-15T07:48:24","date_gmt":"2014-12-15T06:48:24","guid":{"rendered":"http:\/\/www.naturparkmagazin.de\/schwaebisch-fraenkischer-wald\/?p=1360"},"modified":"2014-12-15T07:55:52","modified_gmt":"2014-12-15T06:55:52","slug":"naturpark-aktiv-familien-schneeschuhtour-ueber-berglen-und-tal","status":"publish","type":"post","link":"https:\/\/www.naturparkmagazin.de\/schwaebisch-fraenkischer-wald\/naturpark-aktiv-familien-schneeschuhtour-ueber-berglen-und-tal\/","title":{"rendered":"Naturpark aktiv &#8211; Familien-Schneeschuhtour \u00fcber Berg(len) und Tal"},"content":{"rendered":"<p>Auf \u201egro\u00dfem Fu\u00df\u201c geht es \u00fcber die Berg(l)e und T\u00e4ler der Berglen.<\/p>\n<p>\u00dcber glitzernde Felder, durch dichte W\u00e4lder, Tierspuren folgend die frische Winterluft genie\u00dfen. Unterwegs <a href=\"https:\/\/www.naturparkmagazin.de\/schwaebisch-fraenkischer-wald\/wp-content\/uploads\/sites\/34\/150125_hieber.jpg\"><img decoding=\"async\" loading=\"lazy\" class=\"size-thumbnail wp-image-1362 alignright\" alt=\"Schneeschuhwanderung\" src=\"https:\/\/www.naturparkmagazin.de\/schwaebisch-fraenkischer-wald\/wp-content\/uploads\/sites\/34\/150125_hieber-300x240.jpg\" width=\"300\" height=\"240\" srcset=\"https:\/\/www.naturparkmagazin.de\/schwaebisch-fraenkischer-wald\/wp-content\/uploads\/sites\/34\/150125_hieber-300x240.jpg 300w, https:\/\/www.naturparkmagazin.de\/schwaebisch-fraenkischer-wald\/wp-content\/uploads\/sites\/34\/150125_hieber-200x160.jpg 200w, https:\/\/www.naturparkmagazin.de\/schwaebisch-fraenkischer-wald\/wp-content\/uploads\/sites\/34\/150125_hieber.jpg 599w\" sizes=\"(max-width: 300px) 100vw, 300px\" \/><\/a>w\u00e4rmen ein leckerer Punsch und ein kleines Feuer im Schnee die Wanderer auf. Wenn\u2019s nicht gen\u00fcgend Schnee hat, gibt\u2019s als Ersatz eine spielerisch-sportlich-spa\u00dfige Familien-Winterwanderung.\nInfos zur Schneelage im Schneeschuhticker tagesaktuell auf <a href=\"http:\/\/www.waldentdecker.de\" target=\"_blank\">www.waldentdecker.de<\/a>\n<strong>! Anmeldung erforderlich bis 23. Januar !<\/strong>\nDie Tour wird begleitet von Naturparkf\u00fchrer Walter Hieber. Sie startet um 14 Uhr in Berglen-Reichenbach, Parkplatz beim Friedhof und dauert ca. 2,5 Stunden. Warme Kleidung, feste mindestens kn\u00f6chelhohe Schuhe sind erforderlich.Die Kosten betragen 8 \u20ac\/Person, Kinder 5 \u20ac, inkl. Punsch\/Gl\u00fchwein, zzgl. 5 \u20ac f\u00fcr Schneeschuhe und St\u00f6cke.\nAnmeldungen bitte bis 23. Januar:\nTelefon: 0 71 82 \/ 93 56 97\nE-Mail: <a href=\"mailto:hieber@die-naturparkfuehrer.de\" target=\"_blank\">hieber@die-naturparkfuehrer.de<\/a><\/p>\n","protected":false},"excerpt":{"rendered":"<p>25.01.: Auf \u201egro\u00dfem Fu\u00df\u201c geht es mit Naturparkf\u00fchrer Walter Hieber \u00fcber die Berg(l)e und T\u00e4ler der Berglen. \u00dcber glitzernde Felder, durch dichte W\u00e4lder, Tierspuren folgend die frische Winterluft genie\u00dfen. Unterwegs w\u00e4rmen ein leckerer Punsch und ein kleines Feuer im Schnee die Wanderer auf.<\/p>\n","protected":false},"author":25,"featured_media":1362,"comment_status":"open","ping_status":"open","sticky":false,"template":"","format":"standard","meta":[],"categories":[11],"tags":[],"yoast_head":"<!-- This site is optimized with the Yoast SEO plugin v19.10 - https:\/\/yoast.com\/wordpress\/plugins\/seo\/ -->\n<title>Naturpark aktiv - Familien-Schneeschuhtour \u00fcber Berg(len) und Tal - Naturpark Schw\u00e4bisch-Fr\u00e4nkischer Wald<\/title>\n<meta name=\"robots\" content=\"index, follow, max-snippet:-1, max-image-preview:large, max-video-preview:-1\" \/>\n<link rel=\"canonical\" href=\"https:\/\/www.naturparkmagazin.de\/schwaebisch-fraenkischer-wald\/naturpark-aktiv-familien-schneeschuhtour-ueber-berglen-und-tal\/\" \/>\n<meta property=\"og:locale\" content=\"de_DE\" \/>\n<meta property=\"og:type\" content=\"article\" \/>\n<meta property=\"og:title\" content=\"Naturpark aktiv - Familien-Schneeschuhtour \u00fcber Berg(len) und Tal - Naturpark Schw\u00e4bisch-Fr\u00e4nkischer Wald\" \/>\n<meta property=\"og:description\" content=\"25.01.: Auf \u201egro\u00dfem Fu\u00df\u201c geht es mit Naturparkf\u00fchrer Walter Hieber \u00fcber die Berg(l)e und T\u00e4ler der Berglen. \u00dcber glitzernde Felder, durch dichte W\u00e4lder, Tierspuren folgend die frische Winterluft genie\u00dfen. Unterwegs w\u00e4rmen ein leckerer Punsch und ein kleines Feuer im Schnee die Wanderer auf.\" \/>\n<meta property=\"og:url\" content=\"https:\/\/www.naturparkmagazin.de\/schwaebisch-fraenkischer-wald\/naturpark-aktiv-familien-schneeschuhtour-ueber-berglen-und-tal\/\" \/>\n<meta property=\"og:site_name\" content=\"Naturpark Schw\u00e4bisch-Fr\u00e4nkischer Wald\" \/>\n<meta property=\"article:author\" content=\"https:\/\/www.facebook.com\/naturparkSFW\" \/>\n<meta property=\"article:published_time\" content=\"2014-12-15T06:48:24+00:00\" \/>\n<meta property=\"article:modified_time\" content=\"2014-12-15T06:55:52+00:00\" \/>\n<meta property=\"og:image\" content=\"https:\/\/www.naturparkmagazin.de\/schwaebisch-fraenkischer-wald\/wp-content\/uploads\/sites\/34\/150125_hieber.jpg\" \/>\n\t<meta property=\"og:image:width\" content=\"599\" \/>\n\t<meta property=\"og:image:height\" content=\"480\" \/>\n\t<meta property=\"og:image:type\" content=\"image\/jpeg\" \/>\n<meta name=\"author\" content=\"Naturpark-Team\" \/>\n<meta name=\"twitter:label1\" content=\"Verfasst von\" \/>\n\t<meta name=\"twitter:data1\" content=\"Naturpark-Team\" \/>\n\t<meta name=\"twitter:label2\" content=\"Gesch\u00e4tzte Lesezeit\" \/>\n\t<meta name=\"twitter:data2\" content=\"1\u00a0Minute\" \/>\n<script type=\"application\/ld+json\" class=\"yoast-schema-graph\">{\"@context\":\"https:\/\/schema.org\",\"@graph\":[{\"@type\":\"WebPage\",\"@id\":\"https:\/\/www.naturparkmagazin.de\/schwaebisch-fraenkischer-wald\/naturpark-aktiv-familien-schneeschuhtour-ueber-berglen-und-tal\/\",\"url\":\"https:\/\/www.naturparkmagazin.de\/schwaebisch-fraenkischer-wald\/naturpark-aktiv-familien-schneeschuhtour-ueber-berglen-und-tal\/\",\"name\":\"Naturpark aktiv - Familien-Schneeschuhtour \u00fcber Berg(len) und Tal - Naturpark Schw\u00e4bisch-Fr\u00e4nkischer Wald\",\"isPartOf\":{\"@id\":\"https:\/\/www.naturparkmagazin.de\/schwaebisch-fraenkischer-wald\/#website\"},\"datePublished\":\"2014-12-15T06:48:24+00:00\",\"dateModified\":\"2014-12-15T06:55:52+00:00\",\"author\":{\"@id\":\"https:\/\/www.naturparkmagazin.de\/schwaebisch-fraenkischer-wald\/#\/schema\/person\/f047a3702ae747fd7830cf8ac95e6066\"},\"breadcrumb\":{\"@id\":\"https:\/\/www.naturparkmagazin.de\/schwaebisch-fraenkischer-wald\/naturpark-aktiv-familien-schneeschuhtour-ueber-berglen-und-tal\/#breadcrumb\"},\"inLanguage\":\"de\",\"potentialAction\":[{\"@type\":\"ReadAction\",\"target\":[\"https:\/\/www.naturparkmagazin.de\/schwaebisch-fraenkischer-wald\/naturpark-aktiv-familien-schneeschuhtour-ueber-berglen-und-tal\/\"]}]},{\"@type\":\"BreadcrumbList\",\"@id\":\"https:\/\/www.naturparkmagazin.de\/schwaebisch-fraenkischer-wald\/naturpark-aktiv-familien-schneeschuhtour-ueber-berglen-und-tal\/#breadcrumb\",\"itemListElement\":[{\"@type\":\"ListItem\",\"position\":1,\"name\":\"Home\",\"item\":\"https:\/\/www.naturparkmagazin.de\/schwaebisch-fraenkischer-wald\/\"},{\"@type\":\"ListItem\",\"position\":2,\"name\":\"Naturpark aktiv &#8211; Familien-Schneeschuhtour \u00fcber Berg(len) und Tal\"}]},{\"@type\":\"WebSite\",\"@id\":\"https:\/\/www.naturparkmagazin.de\/schwaebisch-fraenkischer-wald\/#website\",\"url\":\"https:\/\/www.naturparkmagazin.de\/schwaebisch-fraenkischer-wald\/\",\"name\":\"Naturpark Schw\u00e4bisch-Fr\u00e4nkischer Wald\",\"description\":\"\",\"potentialAction\":[{\"@type\":\"SearchAction\",\"target\":{\"@type\":\"EntryPoint\",\"urlTemplate\":\"https:\/\/www.naturparkmagazin.de\/schwaebisch-fraenkischer-wald\/?s={search_term_string}\"},\"query-input\":\"required name=search_term_string\"}],\"inLanguage\":\"de\"},{\"@type\":\"Person\",\"@id\":\"https:\/\/www.naturparkmagazin.de\/schwaebisch-fraenkischer-wald\/#\/schema\/person\/f047a3702ae747fd7830cf8ac95e6066\",\"name\":\"Naturpark-Team\",\"sameAs\":[\"http:\/\/www.naturpark-sfw.de\",\"https:\/\/www.facebook.com\/naturparkSFW\"],\"url\":\"https:\/\/www.naturparkmagazin.de\/schwaebisch-fraenkischer-wald\/author\/bernharddrixler\/\"}]}<\/script>\n<!-- \/ Yoast SEO plugin. -->","yoast_head_json":{"title":"Naturpark aktiv - Familien-Schneeschuhtour \u00fcber Berg(len) und Tal - Naturpark Schw\u00e4bisch-Fr\u00e4nkischer Wald","robots":{"index":"index","follow":"follow","max-snippet":"max-snippet:-1","max-image-preview":"max-image-preview:large","max-video-preview":"max-video-preview:-1"},"canonical":"https:\/\/www.naturparkmagazin.de\/schwaebisch-fraenkischer-wald\/naturpark-aktiv-familien-schneeschuhtour-ueber-berglen-und-tal\/","og_locale":"de_DE","og_type":"article","og_title":"Naturpark aktiv - Familien-Schneeschuhtour \u00fcber Berg(len) und Tal - Naturpark Schw\u00e4bisch-Fr\u00e4nkischer Wald","og_description":"25.01.: Auf \u201egro\u00dfem Fu\u00df\u201c geht es mit Naturparkf\u00fchrer Walter Hieber \u00fcber die Berg(l)e und T\u00e4ler der Berglen. \u00dcber glitzernde Felder, durch dichte W\u00e4lder, Tierspuren folgend die frische Winterluft genie\u00dfen. Unterwegs w\u00e4rmen ein leckerer Punsch und ein kleines Feuer im Schnee die Wanderer auf.","og_url":"https:\/\/www.naturparkmagazin.de\/schwaebisch-fraenkischer-wald\/naturpark-aktiv-familien-schneeschuhtour-ueber-berglen-und-tal\/","og_site_name":"Naturpark Schw\u00e4bisch-Fr\u00e4nkischer Wald","article_author":"https:\/\/www.facebook.com\/naturparkSFW","article_published_time":"2014-12-15T06:48:24+00:00","article_modified_time":"2014-12-15T06:55:52+00:00","og_image":[{"width":599,"height":480,"url":"https:\/\/www.naturparkmagazin.de\/schwaebisch-fraenkischer-wald\/wp-content\/uploads\/sites\/34\/150125_hieber.jpg","type":"image\/jpeg"}],"author":"Naturpark-Team","twitter_misc":{"Verfasst von":"Naturpark-Team","Gesch\u00e4tzte Lesezeit":"1\u00a0Minute"},"schema":{"@context":"https:\/\/schema.org","@graph":[{"@type":"WebPage","@id":"https:\/\/www.naturparkmagazin.de\/schwaebisch-fraenkischer-wald\/naturpark-aktiv-familien-schneeschuhtour-ueber-berglen-und-tal\/","url":"https:\/\/www.naturparkmagazin.de\/schwaebisch-fraenkischer-wald\/naturpark-aktiv-familien-schneeschuhtour-ueber-berglen-und-tal\/","name":"Naturpark aktiv - Familien-Schneeschuhtour \u00fcber Berg(len) und Tal - Naturpark Schw\u00e4bisch-Fr\u00e4nkischer Wald","isPartOf":{"@id":"https:\/\/www.naturparkmagazin.de\/schwaebisch-fraenkischer-wald\/#website"},"datePublished":"2014-12-15T06:48:24+00:00","dateModified":"2014-12-15T06:55:52+00:00","author":{"@id":"https:\/\/www.naturparkmagazin.de\/schwaebisch-fraenkischer-wald\/#\/schema\/person\/f047a3702ae747fd7830cf8ac95e6066"},"breadcrumb":{"@id":"https:\/\/www.naturparkmagazin.de\/schwaebisch-fraenkischer-wald\/naturpark-aktiv-familien-schneeschuhtour-ueber-berglen-und-tal\/#breadcrumb"},"inLanguage":"de","potentialAction":[{"@type":"ReadAction","target":["https:\/\/www.naturparkmagazin.de\/schwaebisch-fraenkischer-wald\/naturpark-aktiv-familien-schneeschuhtour-ueber-berglen-und-tal\/"]}]},{"@type":"BreadcrumbList","@id":"https:\/\/www.naturparkmagazin.de\/schwaebisch-fraenkischer-wald\/naturpark-aktiv-familien-schneeschuhtour-ueber-berglen-und-tal\/#breadcrumb","itemListElement":[{"@type":"ListItem","position":1,"name":"Home","item":"https:\/\/www.naturparkmagazin.de\/schwaebisch-fraenkischer-wald\/"},{"@type":"ListItem","position":2,"name":"Naturpark aktiv &#8211; Familien-Schneeschuhtour \u00fcber Berg(len) und Tal"}]},{"@type":"WebSite","@id":"https:\/\/www.naturparkmagazin.de\/schwaebisch-fraenkischer-wald\/#website","url":"https:\/\/www.naturparkmagazin.de\/schwaebisch-fraenkischer-wald\/","name":"Naturpark Schw\u00e4bisch-Fr\u00e4nkischer Wald","description":"","potentialAction":[{"@type":"SearchAction","target":{"@type":"EntryPoint","urlTemplate":"https:\/\/www.naturparkmagazin.de\/schwaebisch-fraenkischer-wald\/?s={search_term_string}"},"query-input":"required name=search_term_string"}],"inLanguage":"de"},{"@type":"Person","@id":"https:\/\/www.naturparkmagazin.de\/schwaebisch-fraenkischer-wald\/#\/schema\/person\/f047a3702ae747fd7830cf8ac95e6066","name":"Naturpark-Team","sameAs":["http:\/\/www.naturpark-sfw.de","https:\/\/www.facebook.com\/naturparkSFW"],"url":"https:\/\/www.naturparkmagazin.de\/schwaebisch-fraenkischer-wald\/author\/bernharddrixler\/"}]}},"_links":{"self":[{"href":"https:\/\/www.naturparkmagazin.de\/schwaebisch-fraenkischer-wald\/wp-json\/wp\/v2\/posts\/1360"}],"collection":[{"href":"https:\/\/www.naturparkmagazin.de\/schwaebisch-fraenkischer-wald\/wp-json\/wp\/v2\/posts"}],"about":[{"href":"https:\/\/www.naturparkmagazin.de\/schwaebisch-fraenkischer-wald\/wp-json\/wp\/v2\/types\/post"}],"author":[{"embeddable":true,"href":"https:\/\/www.naturparkmagazin.de\/schwaebisch-fraenkischer-wald\/wp-json\/wp\/v2\/users\/25"}],"replies":[{"embeddable":true,"href":"https:\/\/www.naturparkmagazin.de\/schwaebisch-fraenkischer-wald\/wp-json\/wp\/v2\/comments?post=1360"}],"version-history":[{"count":3,"href":"https:\/\/www.naturparkmagazin.de\/schwaebisch-fraenkischer-wald\/wp-json\/wp\/v2\/posts\/1360\/revisions"}],"predecessor-version":[{"id":1370,"href":"https:\/\/www.naturparkmagazin.de\/schwaebisch-fraenkischer-wald\/wp-json\/wp\/v2\/posts\/1360\/revisions\/1370"}],"wp:featuredmedia":[{"embeddable":true,"href":"https:\/\/www.naturparkmagazin.de\/schwaebisch-fraenkischer-wald\/wp-json\/wp\/v2\/media\/1362"}],"wp:attachment":[{"href":"https:\/\/www.naturparkmagazin.de\/schwaebisch-fraenkischer-wald\/wp-json\/wp\/v2\/media?parent=1360"}],"wp:term":[{"taxonomy":"category","embeddable":true,"href":"https:\/\/www.naturparkmagazin.de\/schwaebisch-fraenkischer-wald\/wp-json\/wp\/v2\/categories?post=1360"},{"taxonomy":"post_tag","embeddable":true,"href":"https:\/\/www.naturparkmagazin.de\/schwaebisch-fraenkischer-wald\/wp-json\/wp\/v2\/tags?post=1360"}],"curies":[{"name":"wp","href":"https:\/\/api.w.org\/{rel}","templated":true}]}}