{"id":1430,"date":"2014-12-15T12:23:26","date_gmt":"2014-12-15T11:23:26","guid":{"rendered":"http:\/\/www.naturparkmagazin.de\/schwaebisch-fraenkischer-wald\/?p=1430"},"modified":"2014-12-19T07:23:17","modified_gmt":"2014-12-19T06:23:17","slug":"cmt-weltweit-groesste-publikumsmesse-fuer-tourismus-und-freizeit","status":"publish","type":"post","link":"https:\/\/www.naturparkmagazin.de\/schwaebisch-fraenkischer-wald\/cmt-weltweit-groesste-publikumsmesse-fuer-tourismus-und-freizeit\/","title":{"rendered":"CMT &#8211; Weltweit gr\u00f6\u00dfte Publikumsmesse f\u00fcr Tourismus und Freizeit in Stuttgart"},"content":{"rendered":"<p>WILD | NAT\u00dcRLICH | LIEBLICH<\/p>\n<div id=\"attachment_1431\" style=\"width: 310px\" class=\"wp-caption alignright\"><a href=\"https:\/\/www.naturparkmagazin.de\/schwaebisch-fraenkischer-wald\/wp-content\/uploads\/sites\/34\/CMT-2014-Tourismustag.jpg\"><img aria-describedby=\"caption-attachment-1431\" decoding=\"async\" loading=\"lazy\" class=\"size-thumbnail wp-image-1431\" alt=\"Bernhard Drixler, GF des Naturparks Schw\u00e4bisch-Fr\u00e4nkischer Wald, auf der B\u00fchne beim Tourismustag der CMT 2014\" src=\"https:\/\/www.naturparkmagazin.de\/schwaebisch-fraenkischer-wald\/wp-content\/uploads\/sites\/34\/CMT-2014-Tourismustag-300x180.jpg\" width=\"300\" height=\"180\" srcset=\"https:\/\/www.naturparkmagazin.de\/schwaebisch-fraenkischer-wald\/wp-content\/uploads\/sites\/34\/CMT-2014-Tourismustag-300x180.jpg 300w, https:\/\/www.naturparkmagazin.de\/schwaebisch-fraenkischer-wald\/wp-content\/uploads\/sites\/34\/CMT-2014-Tourismustag.jpg 500w, https:\/\/www.naturparkmagazin.de\/schwaebisch-fraenkischer-wald\/wp-content\/uploads\/sites\/34\/CMT-2014-Tourismustag-200x120.jpg 200w\" sizes=\"(max-width: 300px) 100vw, 300px\" \/><\/a><p id=\"caption-attachment-1431\" class=\"wp-caption-text\">Bernhard Drixler, GF des Naturparks Schw\u00e4bisch-Fr\u00e4nkischer Wald, auf der B\u00fchne beim Tourismustag der CMT 2014<\/p><\/div>\n<p>Unter dem Motto &#8222;Gr\u00fcner S\u00fcden&#8220; pr\u00e4sentieren sich in diesem Jahr auf der CMT gemeinsam:<\/p>\n<ul>\n<li>die 7 Naturparke Baden-W\u00fcrttembergs<\/li>\n<li>das Biosph\u00e4rengebiet Schw\u00e4bische Alb<\/li>\n<li>der Nationalpark Schwarzwald<\/li>\n<\/ul>\n<p>Die Gro\u00dfschutzgebiete Baden-W\u00fcrttemberg bieten auf einem gemeinsamen Stand vom 17. bis 25. Januar die hervorragende Gelegenheit, Baden-W\u00fcrttemberg nachhaltig zu entdecken.<\/p>\n<p>Halle 6, Stand 6 B 42<\/p>\n<p>&nbsp;<\/p>\n","protected":false},"excerpt":{"rendered":"<p>17.-25.01.: Die Gro\u00dfschutzgebiete Baden-W\u00fcrttemberg bieten auf einem gemeinsamen Stand die hervorragende Gelegenheit, Baden-W\u00fcrttemberg nachhaltig zu entdecken.<\/p>\n","protected":false},"author":25,"featured_media":1431,"comment_status":"open","ping_status":"open","sticky":false,"template":"","format":"standard","meta":[],"categories":[7],"tags":[],"yoast_head":"<!-- This site is optimized with the Yoast SEO plugin v19.10 - https:\/\/yoast.com\/wordpress\/plugins\/seo\/ -->\n<title>CMT - Weltweit gr\u00f6\u00dfte Publikumsmesse f\u00fcr Tourismus und Freizeit in Stuttgart - Naturpark Schw\u00e4bisch-Fr\u00e4nkischer Wald<\/title>\n<meta name=\"robots\" content=\"index, follow, max-snippet:-1, max-image-preview:large, max-video-preview:-1\" \/>\n<link rel=\"canonical\" href=\"https:\/\/www.naturparkmagazin.de\/schwaebisch-fraenkischer-wald\/cmt-weltweit-groesste-publikumsmesse-fuer-tourismus-und-freizeit\/\" \/>\n<meta property=\"og:locale\" content=\"de_DE\" \/>\n<meta property=\"og:type\" content=\"article\" \/>\n<meta property=\"og:title\" content=\"CMT - Weltweit gr\u00f6\u00dfte Publikumsmesse f\u00fcr Tourismus und Freizeit in Stuttgart - Naturpark Schw\u00e4bisch-Fr\u00e4nkischer Wald\" \/>\n<meta property=\"og:description\" content=\"17.-25.01.: Die Gro\u00dfschutzgebiete Baden-W\u00fcrttemberg bieten auf einem gemeinsamen Stand die hervorragende Gelegenheit, Baden-W\u00fcrttemberg nachhaltig zu entdecken.\" \/>\n<meta property=\"og:url\" content=\"https:\/\/www.naturparkmagazin.de\/schwaebisch-fraenkischer-wald\/cmt-weltweit-groesste-publikumsmesse-fuer-tourismus-und-freizeit\/\" \/>\n<meta property=\"og:site_name\" content=\"Naturpark Schw\u00e4bisch-Fr\u00e4nkischer Wald\" \/>\n<meta property=\"article:author\" content=\"https:\/\/www.facebook.com\/naturparkSFW\" \/>\n<meta property=\"article:published_time\" content=\"2014-12-15T11:23:26+00:00\" \/>\n<meta property=\"article:modified_time\" content=\"2014-12-19T06:23:17+00:00\" \/>\n<meta property=\"og:image\" content=\"https:\/\/www.naturparkmagazin.de\/schwaebisch-fraenkischer-wald\/wp-content\/uploads\/sites\/34\/CMT-2014-Tourismustag.jpg\" \/>\n\t<meta property=\"og:image:width\" content=\"500\" \/>\n\t<meta property=\"og:image:height\" content=\"300\" \/>\n\t<meta property=\"og:image:type\" content=\"image\/jpeg\" \/>\n<meta name=\"author\" content=\"Naturpark-Team\" \/>\n<meta name=\"twitter:label1\" content=\"Verfasst von\" \/>\n\t<meta name=\"twitter:data1\" content=\"Naturpark-Team\" \/>\n<script type=\"application\/ld+json\" class=\"yoast-schema-graph\">{\"@context\":\"https:\/\/schema.org\",\"@graph\":[{\"@type\":\"WebPage\",\"@id\":\"https:\/\/www.naturparkmagazin.de\/schwaebisch-fraenkischer-wald\/cmt-weltweit-groesste-publikumsmesse-fuer-tourismus-und-freizeit\/\",\"url\":\"https:\/\/www.naturparkmagazin.de\/schwaebisch-fraenkischer-wald\/cmt-weltweit-groesste-publikumsmesse-fuer-tourismus-und-freizeit\/\",\"name\":\"CMT - Weltweit gr\u00f6\u00dfte Publikumsmesse f\u00fcr Tourismus und Freizeit in Stuttgart - Naturpark Schw\u00e4bisch-Fr\u00e4nkischer Wald\",\"isPartOf\":{\"@id\":\"https:\/\/www.naturparkmagazin.de\/schwaebisch-fraenkischer-wald\/#website\"},\"datePublished\":\"2014-12-15T11:23:26+00:00\",\"dateModified\":\"2014-12-19T06:23:17+00:00\",\"author\":{\"@id\":\"https:\/\/www.naturparkmagazin.de\/schwaebisch-fraenkischer-wald\/#\/schema\/person\/f047a3702ae747fd7830cf8ac95e6066\"},\"breadcrumb\":{\"@id\":\"https:\/\/www.naturparkmagazin.de\/schwaebisch-fraenkischer-wald\/cmt-weltweit-groesste-publikumsmesse-fuer-tourismus-und-freizeit\/#breadcrumb\"},\"inLanguage\":\"de\",\"potentialAction\":[{\"@type\":\"ReadAction\",\"target\":[\"https:\/\/www.naturparkmagazin.de\/schwaebisch-fraenkischer-wald\/cmt-weltweit-groesste-publikumsmesse-fuer-tourismus-und-freizeit\/\"]}]},{\"@type\":\"BreadcrumbList\",\"@id\":\"https:\/\/www.naturparkmagazin.de\/schwaebisch-fraenkischer-wald\/cmt-weltweit-groesste-publikumsmesse-fuer-tourismus-und-freizeit\/#breadcrumb\",\"itemListElement\":[{\"@type\":\"ListItem\",\"position\":1,\"name\":\"Home\",\"item\":\"https:\/\/www.naturparkmagazin.de\/schwaebisch-fraenkischer-wald\/\"},{\"@type\":\"ListItem\",\"position\":2,\"name\":\"CMT &#8211; Weltweit gr\u00f6\u00dfte Publikumsmesse f\u00fcr Tourismus und Freizeit in Stuttgart\"}]},{\"@type\":\"WebSite\",\"@id\":\"https:\/\/www.naturparkmagazin.de\/schwaebisch-fraenkischer-wald\/#website\",\"url\":\"https:\/\/www.naturparkmagazin.de\/schwaebisch-fraenkischer-wald\/\",\"name\":\"Naturpark Schw\u00e4bisch-Fr\u00e4nkischer Wald\",\"description\":\"\",\"potentialAction\":[{\"@type\":\"SearchAction\",\"target\":{\"@type\":\"EntryPoint\",\"urlTemplate\":\"https:\/\/www.naturparkmagazin.de\/schwaebisch-fraenkischer-wald\/?s={search_term_string}\"},\"query-input\":\"required name=search_term_string\"}],\"inLanguage\":\"de\"},{\"@type\":\"Person\",\"@id\":\"https:\/\/www.naturparkmagazin.de\/schwaebisch-fraenkischer-wald\/#\/schema\/person\/f047a3702ae747fd7830cf8ac95e6066\",\"name\":\"Naturpark-Team\",\"sameAs\":[\"http:\/\/www.naturpark-sfw.de\",\"https:\/\/www.facebook.com\/naturparkSFW\"],\"url\":\"https:\/\/www.naturparkmagazin.de\/schwaebisch-fraenkischer-wald\/author\/bernharddrixler\/\"}]}<\/script>\n<!-- \/ Yoast SEO plugin. -->","yoast_head_json":{"title":"CMT - Weltweit gr\u00f6\u00dfte Publikumsmesse f\u00fcr Tourismus und Freizeit in Stuttgart - Naturpark Schw\u00e4bisch-Fr\u00e4nkischer Wald","robots":{"index":"index","follow":"follow","max-snippet":"max-snippet:-1","max-image-preview":"max-image-preview:large","max-video-preview":"max-video-preview:-1"},"canonical":"https:\/\/www.naturparkmagazin.de\/schwaebisch-fraenkischer-wald\/cmt-weltweit-groesste-publikumsmesse-fuer-tourismus-und-freizeit\/","og_locale":"de_DE","og_type":"article","og_title":"CMT - Weltweit gr\u00f6\u00dfte Publikumsmesse f\u00fcr Tourismus und Freizeit in Stuttgart - Naturpark Schw\u00e4bisch-Fr\u00e4nkischer Wald","og_description":"17.-25.01.: Die Gro\u00dfschutzgebiete Baden-W\u00fcrttemberg bieten auf einem gemeinsamen Stand die hervorragende Gelegenheit, Baden-W\u00fcrttemberg nachhaltig zu entdecken.","og_url":"https:\/\/www.naturparkmagazin.de\/schwaebisch-fraenkischer-wald\/cmt-weltweit-groesste-publikumsmesse-fuer-tourismus-und-freizeit\/","og_site_name":"Naturpark Schw\u00e4bisch-Fr\u00e4nkischer Wald","article_author":"https:\/\/www.facebook.com\/naturparkSFW","article_published_time":"2014-12-15T11:23:26+00:00","article_modified_time":"2014-12-19T06:23:17+00:00","og_image":[{"width":500,"height":300,"url":"https:\/\/www.naturparkmagazin.de\/schwaebisch-fraenkischer-wald\/wp-content\/uploads\/sites\/34\/CMT-2014-Tourismustag.jpg","type":"image\/jpeg"}],"author":"Naturpark-Team","twitter_misc":{"Verfasst von":"Naturpark-Team"},"schema":{"@context":"https:\/\/schema.org","@graph":[{"@type":"WebPage","@id":"https:\/\/www.naturparkmagazin.de\/schwaebisch-fraenkischer-wald\/cmt-weltweit-groesste-publikumsmesse-fuer-tourismus-und-freizeit\/","url":"https:\/\/www.naturparkmagazin.de\/schwaebisch-fraenkischer-wald\/cmt-weltweit-groesste-publikumsmesse-fuer-tourismus-und-freizeit\/","name":"CMT - Weltweit gr\u00f6\u00dfte Publikumsmesse f\u00fcr Tourismus und Freizeit in Stuttgart - Naturpark Schw\u00e4bisch-Fr\u00e4nkischer Wald","isPartOf":{"@id":"https:\/\/www.naturparkmagazin.de\/schwaebisch-fraenkischer-wald\/#website"},"datePublished":"2014-12-15T11:23:26+00:00","dateModified":"2014-12-19T06:23:17+00:00","author":{"@id":"https:\/\/www.naturparkmagazin.de\/schwaebisch-fraenkischer-wald\/#\/schema\/person\/f047a3702ae747fd7830cf8ac95e6066"},"breadcrumb":{"@id":"https:\/\/www.naturparkmagazin.de\/schwaebisch-fraenkischer-wald\/cmt-weltweit-groesste-publikumsmesse-fuer-tourismus-und-freizeit\/#breadcrumb"},"inLanguage":"de","potentialAction":[{"@type":"ReadAction","target":["https:\/\/www.naturparkmagazin.de\/schwaebisch-fraenkischer-wald\/cmt-weltweit-groesste-publikumsmesse-fuer-tourismus-und-freizeit\/"]}]},{"@type":"BreadcrumbList","@id":"https:\/\/www.naturparkmagazin.de\/schwaebisch-fraenkischer-wald\/cmt-weltweit-groesste-publikumsmesse-fuer-tourismus-und-freizeit\/#breadcrumb","itemListElement":[{"@type":"ListItem","position":1,"name":"Home","item":"https:\/\/www.naturparkmagazin.de\/schwaebisch-fraenkischer-wald\/"},{"@type":"ListItem","position":2,"name":"CMT &#8211; Weltweit gr\u00f6\u00dfte Publikumsmesse f\u00fcr Tourismus und Freizeit in Stuttgart"}]},{"@type":"WebSite","@id":"https:\/\/www.naturparkmagazin.de\/schwaebisch-fraenkischer-wald\/#website","url":"https:\/\/www.naturparkmagazin.de\/schwaebisch-fraenkischer-wald\/","name":"Naturpark Schw\u00e4bisch-Fr\u00e4nkischer Wald","description":"","potentialAction":[{"@type":"SearchAction","target":{"@type":"EntryPoint","urlTemplate":"https:\/\/www.naturparkmagazin.de\/schwaebisch-fraenkischer-wald\/?s={search_term_string}"},"query-input":"required name=search_term_string"}],"inLanguage":"de"},{"@type":"Person","@id":"https:\/\/www.naturparkmagazin.de\/schwaebisch-fraenkischer-wald\/#\/schema\/person\/f047a3702ae747fd7830cf8ac95e6066","name":"Naturpark-Team","sameAs":["http:\/\/www.naturpark-sfw.de","https:\/\/www.facebook.com\/naturparkSFW"],"url":"https:\/\/www.naturparkmagazin.de\/schwaebisch-fraenkischer-wald\/author\/bernharddrixler\/"}]}},"_links":{"self":[{"href":"https:\/\/www.naturparkmagazin.de\/schwaebisch-fraenkischer-wald\/wp-json\/wp\/v2\/posts\/1430"}],"collection":[{"href":"https:\/\/www.naturparkmagazin.de\/schwaebisch-fraenkischer-wald\/wp-json\/wp\/v2\/posts"}],"about":[{"href":"https:\/\/www.naturparkmagazin.de\/schwaebisch-fraenkischer-wald\/wp-json\/wp\/v2\/types\/post"}],"author":[{"embeddable":true,"href":"https:\/\/www.naturparkmagazin.de\/schwaebisch-fraenkischer-wald\/wp-json\/wp\/v2\/users\/25"}],"replies":[{"embeddable":true,"href":"https:\/\/www.naturparkmagazin.de\/schwaebisch-fraenkischer-wald\/wp-json\/wp\/v2\/comments?post=1430"}],"version-history":[{"count":4,"href":"https:\/\/www.naturparkmagazin.de\/schwaebisch-fraenkischer-wald\/wp-json\/wp\/v2\/posts\/1430\/revisions"}],"predecessor-version":[{"id":1437,"href":"https:\/\/www.naturparkmagazin.de\/schwaebisch-fraenkischer-wald\/wp-json\/wp\/v2\/posts\/1430\/revisions\/1437"}],"wp:featuredmedia":[{"embeddable":true,"href":"https:\/\/www.naturparkmagazin.de\/schwaebisch-fraenkischer-wald\/wp-json\/wp\/v2\/media\/1431"}],"wp:attachment":[{"href":"https:\/\/www.naturparkmagazin.de\/schwaebisch-fraenkischer-wald\/wp-json\/wp\/v2\/media?parent=1430"}],"wp:term":[{"taxonomy":"category","embeddable":true,"href":"https:\/\/www.naturparkmagazin.de\/schwaebisch-fraenkischer-wald\/wp-json\/wp\/v2\/categories?post=1430"},{"taxonomy":"post_tag","embeddable":true,"href":"https:\/\/www.naturparkmagazin.de\/schwaebisch-fraenkischer-wald\/wp-json\/wp\/v2\/tags?post=1430"}],"curies":[{"name":"wp","href":"https:\/\/api.w.org\/{rel}","templated":true}]}}