{"id":1438,"date":"2014-12-15T13:00:07","date_gmt":"2014-12-15T12:00:07","guid":{"rendered":"http:\/\/www.naturparkmagazin.de\/schwaebisch-fraenkischer-wald\/?p=1438"},"modified":"2014-12-19T07:22:44","modified_gmt":"2014-12-19T06:22:44","slug":"naturpark-aktiv-2015-weit-mehr-als-wandern","status":"publish","type":"post","link":"https:\/\/www.naturparkmagazin.de\/schwaebisch-fraenkischer-wald\/naturpark-aktiv-2015-weit-mehr-als-wandern\/","title":{"rendered":"Naturpark aktiv 2015 &#8211; Weit mehr als Wandern!"},"content":{"rendered":"<p><b>Naturerlebnisse mit den Naturparkf\u00fchrern <a href=\"https:\/\/www.naturparkmagazin.de\/schwaebisch-fraenkischer-wald\/wp-content\/uploads\/sites\/34\/Naturpark-aktiv-2015.jpg\"><img decoding=\"async\" loading=\"lazy\" class=\"alignright size-thumbnail wp-image-1442\" alt=\"Naturpark aktiv 2015\" src=\"https:\/\/www.naturparkmagazin.de\/schwaebisch-fraenkischer-wald\/wp-content\/uploads\/sites\/34\/Naturpark-aktiv-2015-300x600.jpg\" width=\"300\" height=\"600\" srcset=\"https:\/\/www.naturparkmagazin.de\/schwaebisch-fraenkischer-wald\/wp-content\/uploads\/sites\/34\/Naturpark-aktiv-2015-300x600.jpg 300w, https:\/\/www.naturparkmagazin.de\/schwaebisch-fraenkischer-wald\/wp-content\/uploads\/sites\/34\/Naturpark-aktiv-2015-620x1240.jpg 620w, https:\/\/www.naturparkmagazin.de\/schwaebisch-fraenkischer-wald\/wp-content\/uploads\/sites\/34\/Naturpark-aktiv-2015-670x1340.jpg 670w, https:\/\/www.naturparkmagazin.de\/schwaebisch-fraenkischer-wald\/wp-content\/uploads\/sites\/34\/Naturpark-aktiv-2015-200x400.jpg 200w, https:\/\/www.naturparkmagazin.de\/schwaebisch-fraenkischer-wald\/wp-content\/uploads\/sites\/34\/Naturpark-aktiv-2015.jpg 827w\" sizes=\"(max-width: 300px) 100vw, 300px\" \/><\/a><\/b><\/p>\n<p>Von vielen sehnlichst erwartet, liegt es nun vor, das Jahresprogramm des Naturparks Schw\u00e4bisch-Fr\u00e4nkischer Wald: \u201eNaturpark aktiv 2015\u201c. Die Naturparkf\u00fchrer Schw\u00e4bisch-Fr\u00e4nkischer Wald nehmen Sie an allen Sonn- und Feiertagen des Jahres mit auf ihren Weg zu Land und Leuten. Sie haben Geschichten und Geschichte mit im Gep\u00e4ck und so manche Information, die erstaunt und verbl\u00fcfft. Oder h\u00e4tten Sie gewusst, dass es \u00fcber 30 Orchideenarten im Naturpark gibt und der Biber wieder Einzug gehalten hat.<\/p>\n<p>Erschlie\u00dfen Sie sich den Naturpark mit allen Sinnen und nutzen Sie das vielf\u00e4ltige Wissen der Naturparkf\u00fchrer um das Paradies vor Ihrer Haust\u00fcr (neu) zu entdecken.<\/p>\n<p>Die insgesamt 118 F\u00fchrungen reichen von der sportlich ambitionierten Mountainbike-Tour durch den Wald \u00fcber geschichtstr\u00e4chtige F\u00fchrungen zu den historischen M\u00fchlen bis hin zur meditativ-besinnlichen Vollmondwanderung. Da d\u00fcrfte f\u00fcr jeden Geschmack etwas dabei sein.<\/p>\n<p>Mit dabei sind in diesem Jahr rund 22 neue Naturparkf\u00fchrer. Diese werden derzeit nach den bundesweit geltenden BANU-Kriterien ausgebildet und sind dann im April 2015 zertifizierte Naturparkf\u00fchrer, vor allem zust\u00e4ndig f\u00fcr die neuen Kommunen im Naturpark.<\/p>\n<p>&nbsp;<\/p>\n<p>Die Brosch\u00fcre steht ab sofort auf der Homepage (www.naturpark-sfw.de) zum Download bereit, ist ab Mitte Januar in der Naturpark-Gesch\u00e4ftsstelle bestellbar und liegt dann auch im Naturparkzentrum zur Mitnahme bereit.<\/p>\n","protected":false},"excerpt":{"rendered":"<p>Weit mehr als Wandern! Naturerlebnisse mit den Naturparkf\u00fchrern. Von vielen sehnlichst erwartet, liegt es nun vor, das Jahresprogramm des Naturparks Schw\u00e4bisch-Fr\u00e4nkischer Wald: \u201eNaturpark aktiv 2015\u201c. <\/p>\n","protected":false},"author":25,"featured_media":1468,"comment_status":"open","ping_status":"open","sticky":false,"template":"","format":"standard","meta":[],"categories":[7],"tags":[],"yoast_head":"<!-- This site is optimized with the Yoast SEO plugin v19.10 - https:\/\/yoast.com\/wordpress\/plugins\/seo\/ -->\n<title>Naturpark aktiv 2015 - Weit mehr als Wandern!  - Naturpark Schw\u00e4bisch-Fr\u00e4nkischer Wald<\/title>\n<meta name=\"robots\" content=\"index, follow, max-snippet:-1, max-image-preview:large, max-video-preview:-1\" \/>\n<link rel=\"canonical\" href=\"https:\/\/www.naturparkmagazin.de\/schwaebisch-fraenkischer-wald\/naturpark-aktiv-2015-weit-mehr-als-wandern\/\" \/>\n<meta property=\"og:locale\" content=\"de_DE\" \/>\n<meta property=\"og:type\" content=\"article\" \/>\n<meta property=\"og:title\" content=\"Naturpark aktiv 2015 - Weit mehr als Wandern!  - Naturpark Schw\u00e4bisch-Fr\u00e4nkischer Wald\" \/>\n<meta property=\"og:description\" content=\"Weit mehr als Wandern! Naturerlebnisse mit den Naturparkf\u00fchrern. Von vielen sehnlichst erwartet, liegt es nun vor, das Jahresprogramm des Naturparks Schw\u00e4bisch-Fr\u00e4nkischer Wald: \u201eNaturpark aktiv 2015\u201c.\" \/>\n<meta property=\"og:url\" content=\"https:\/\/www.naturparkmagazin.de\/schwaebisch-fraenkischer-wald\/naturpark-aktiv-2015-weit-mehr-als-wandern\/\" \/>\n<meta property=\"og:site_name\" content=\"Naturpark Schw\u00e4bisch-Fr\u00e4nkischer Wald\" \/>\n<meta property=\"article:author\" content=\"https:\/\/www.facebook.com\/naturparkSFW\" \/>\n<meta property=\"article:published_time\" content=\"2014-12-15T12:00:07+00:00\" \/>\n<meta property=\"article:modified_time\" content=\"2014-12-19T06:22:44+00:00\" \/>\n<meta property=\"og:image\" content=\"https:\/\/www.naturparkmagazin.de\/schwaebisch-fraenkischer-wald\/wp-content\/uploads\/sites\/34\/Naturpark-aktiv-2015-Beitrag.jpg\" \/>\n\t<meta property=\"og:image:width\" content=\"754\" \/>\n\t<meta property=\"og:image:height\" content=\"664\" \/>\n\t<meta property=\"og:image:type\" content=\"image\/jpeg\" \/>\n<meta name=\"author\" content=\"Naturpark-Team\" \/>\n<meta name=\"twitter:label1\" content=\"Verfasst von\" \/>\n\t<meta name=\"twitter:data1\" content=\"Naturpark-Team\" \/>\n\t<meta name=\"twitter:label2\" content=\"Gesch\u00e4tzte Lesezeit\" \/>\n\t<meta name=\"twitter:data2\" content=\"1\u00a0Minute\" \/>\n<script type=\"application\/ld+json\" class=\"yoast-schema-graph\">{\"@context\":\"https:\/\/schema.org\",\"@graph\":[{\"@type\":\"WebPage\",\"@id\":\"https:\/\/www.naturparkmagazin.de\/schwaebisch-fraenkischer-wald\/naturpark-aktiv-2015-weit-mehr-als-wandern\/\",\"url\":\"https:\/\/www.naturparkmagazin.de\/schwaebisch-fraenkischer-wald\/naturpark-aktiv-2015-weit-mehr-als-wandern\/\",\"name\":\"Naturpark aktiv 2015 - Weit mehr als Wandern! - Naturpark Schw\u00e4bisch-Fr\u00e4nkischer Wald\",\"isPartOf\":{\"@id\":\"https:\/\/www.naturparkmagazin.de\/schwaebisch-fraenkischer-wald\/#website\"},\"datePublished\":\"2014-12-15T12:00:07+00:00\",\"dateModified\":\"2014-12-19T06:22:44+00:00\",\"author\":{\"@id\":\"https:\/\/www.naturparkmagazin.de\/schwaebisch-fraenkischer-wald\/#\/schema\/person\/f047a3702ae747fd7830cf8ac95e6066\"},\"breadcrumb\":{\"@id\":\"https:\/\/www.naturparkmagazin.de\/schwaebisch-fraenkischer-wald\/naturpark-aktiv-2015-weit-mehr-als-wandern\/#breadcrumb\"},\"inLanguage\":\"de\",\"potentialAction\":[{\"@type\":\"ReadAction\",\"target\":[\"https:\/\/www.naturparkmagazin.de\/schwaebisch-fraenkischer-wald\/naturpark-aktiv-2015-weit-mehr-als-wandern\/\"]}]},{\"@type\":\"BreadcrumbList\",\"@id\":\"https:\/\/www.naturparkmagazin.de\/schwaebisch-fraenkischer-wald\/naturpark-aktiv-2015-weit-mehr-als-wandern\/#breadcrumb\",\"itemListElement\":[{\"@type\":\"ListItem\",\"position\":1,\"name\":\"Home\",\"item\":\"https:\/\/www.naturparkmagazin.de\/schwaebisch-fraenkischer-wald\/\"},{\"@type\":\"ListItem\",\"position\":2,\"name\":\"Naturpark aktiv 2015 &#8211; Weit mehr als Wandern!\"}]},{\"@type\":\"WebSite\",\"@id\":\"https:\/\/www.naturparkmagazin.de\/schwaebisch-fraenkischer-wald\/#website\",\"url\":\"https:\/\/www.naturparkmagazin.de\/schwaebisch-fraenkischer-wald\/\",\"name\":\"Naturpark Schw\u00e4bisch-Fr\u00e4nkischer Wald\",\"description\":\"\",\"potentialAction\":[{\"@type\":\"SearchAction\",\"target\":{\"@type\":\"EntryPoint\",\"urlTemplate\":\"https:\/\/www.naturparkmagazin.de\/schwaebisch-fraenkischer-wald\/?s={search_term_string}\"},\"query-input\":\"required name=search_term_string\"}],\"inLanguage\":\"de\"},{\"@type\":\"Person\",\"@id\":\"https:\/\/www.naturparkmagazin.de\/schwaebisch-fraenkischer-wald\/#\/schema\/person\/f047a3702ae747fd7830cf8ac95e6066\",\"name\":\"Naturpark-Team\",\"sameAs\":[\"http:\/\/www.naturpark-sfw.de\",\"https:\/\/www.facebook.com\/naturparkSFW\"],\"url\":\"https:\/\/www.naturparkmagazin.de\/schwaebisch-fraenkischer-wald\/author\/bernharddrixler\/\"}]}<\/script>\n<!-- \/ Yoast SEO plugin. -->","yoast_head_json":{"title":"Naturpark aktiv 2015 - Weit mehr als Wandern!  - Naturpark Schw\u00e4bisch-Fr\u00e4nkischer Wald","robots":{"index":"index","follow":"follow","max-snippet":"max-snippet:-1","max-image-preview":"max-image-preview:large","max-video-preview":"max-video-preview:-1"},"canonical":"https:\/\/www.naturparkmagazin.de\/schwaebisch-fraenkischer-wald\/naturpark-aktiv-2015-weit-mehr-als-wandern\/","og_locale":"de_DE","og_type":"article","og_title":"Naturpark aktiv 2015 - Weit mehr als Wandern!  - Naturpark Schw\u00e4bisch-Fr\u00e4nkischer Wald","og_description":"Weit mehr als Wandern! Naturerlebnisse mit den Naturparkf\u00fchrern. Von vielen sehnlichst erwartet, liegt es nun vor, das Jahresprogramm des Naturparks Schw\u00e4bisch-Fr\u00e4nkischer Wald: \u201eNaturpark aktiv 2015\u201c.","og_url":"https:\/\/www.naturparkmagazin.de\/schwaebisch-fraenkischer-wald\/naturpark-aktiv-2015-weit-mehr-als-wandern\/","og_site_name":"Naturpark Schw\u00e4bisch-Fr\u00e4nkischer Wald","article_author":"https:\/\/www.facebook.com\/naturparkSFW","article_published_time":"2014-12-15T12:00:07+00:00","article_modified_time":"2014-12-19T06:22:44+00:00","og_image":[{"width":754,"height":664,"url":"https:\/\/www.naturparkmagazin.de\/schwaebisch-fraenkischer-wald\/wp-content\/uploads\/sites\/34\/Naturpark-aktiv-2015-Beitrag.jpg","type":"image\/jpeg"}],"author":"Naturpark-Team","twitter_misc":{"Verfasst von":"Naturpark-Team","Gesch\u00e4tzte Lesezeit":"1\u00a0Minute"},"schema":{"@context":"https:\/\/schema.org","@graph":[{"@type":"WebPage","@id":"https:\/\/www.naturparkmagazin.de\/schwaebisch-fraenkischer-wald\/naturpark-aktiv-2015-weit-mehr-als-wandern\/","url":"https:\/\/www.naturparkmagazin.de\/schwaebisch-fraenkischer-wald\/naturpark-aktiv-2015-weit-mehr-als-wandern\/","name":"Naturpark aktiv 2015 - Weit mehr als Wandern! - Naturpark Schw\u00e4bisch-Fr\u00e4nkischer Wald","isPartOf":{"@id":"https:\/\/www.naturparkmagazin.de\/schwaebisch-fraenkischer-wald\/#website"},"datePublished":"2014-12-15T12:00:07+00:00","dateModified":"2014-12-19T06:22:44+00:00","author":{"@id":"https:\/\/www.naturparkmagazin.de\/schwaebisch-fraenkischer-wald\/#\/schema\/person\/f047a3702ae747fd7830cf8ac95e6066"},"breadcrumb":{"@id":"https:\/\/www.naturparkmagazin.de\/schwaebisch-fraenkischer-wald\/naturpark-aktiv-2015-weit-mehr-als-wandern\/#breadcrumb"},"inLanguage":"de","potentialAction":[{"@type":"ReadAction","target":["https:\/\/www.naturparkmagazin.de\/schwaebisch-fraenkischer-wald\/naturpark-aktiv-2015-weit-mehr-als-wandern\/"]}]},{"@type":"BreadcrumbList","@id":"https:\/\/www.naturparkmagazin.de\/schwaebisch-fraenkischer-wald\/naturpark-aktiv-2015-weit-mehr-als-wandern\/#breadcrumb","itemListElement":[{"@type":"ListItem","position":1,"name":"Home","item":"https:\/\/www.naturparkmagazin.de\/schwaebisch-fraenkischer-wald\/"},{"@type":"ListItem","position":2,"name":"Naturpark aktiv 2015 &#8211; Weit mehr als Wandern!"}]},{"@type":"WebSite","@id":"https:\/\/www.naturparkmagazin.de\/schwaebisch-fraenkischer-wald\/#website","url":"https:\/\/www.naturparkmagazin.de\/schwaebisch-fraenkischer-wald\/","name":"Naturpark Schw\u00e4bisch-Fr\u00e4nkischer Wald","description":"","potentialAction":[{"@type":"SearchAction","target":{"@type":"EntryPoint","urlTemplate":"https:\/\/www.naturparkmagazin.de\/schwaebisch-fraenkischer-wald\/?s={search_term_string}"},"query-input":"required name=search_term_string"}],"inLanguage":"de"},{"@type":"Person","@id":"https:\/\/www.naturparkmagazin.de\/schwaebisch-fraenkischer-wald\/#\/schema\/person\/f047a3702ae747fd7830cf8ac95e6066","name":"Naturpark-Team","sameAs":["http:\/\/www.naturpark-sfw.de","https:\/\/www.facebook.com\/naturparkSFW"],"url":"https:\/\/www.naturparkmagazin.de\/schwaebisch-fraenkischer-wald\/author\/bernharddrixler\/"}]}},"_links":{"self":[{"href":"https:\/\/www.naturparkmagazin.de\/schwaebisch-fraenkischer-wald\/wp-json\/wp\/v2\/posts\/1438"}],"collection":[{"href":"https:\/\/www.naturparkmagazin.de\/schwaebisch-fraenkischer-wald\/wp-json\/wp\/v2\/posts"}],"about":[{"href":"https:\/\/www.naturparkmagazin.de\/schwaebisch-fraenkischer-wald\/wp-json\/wp\/v2\/types\/post"}],"author":[{"embeddable":true,"href":"https:\/\/www.naturparkmagazin.de\/schwaebisch-fraenkischer-wald\/wp-json\/wp\/v2\/users\/25"}],"replies":[{"embeddable":true,"href":"https:\/\/www.naturparkmagazin.de\/schwaebisch-fraenkischer-wald\/wp-json\/wp\/v2\/comments?post=1438"}],"version-history":[{"count":6,"href":"https:\/\/www.naturparkmagazin.de\/schwaebisch-fraenkischer-wald\/wp-json\/wp\/v2\/posts\/1438\/revisions"}],"predecessor-version":[{"id":1474,"href":"https:\/\/www.naturparkmagazin.de\/schwaebisch-fraenkischer-wald\/wp-json\/wp\/v2\/posts\/1438\/revisions\/1474"}],"wp:featuredmedia":[{"embeddable":true,"href":"https:\/\/www.naturparkmagazin.de\/schwaebisch-fraenkischer-wald\/wp-json\/wp\/v2\/media\/1468"}],"wp:attachment":[{"href":"https:\/\/www.naturparkmagazin.de\/schwaebisch-fraenkischer-wald\/wp-json\/wp\/v2\/media?parent=1438"}],"wp:term":[{"taxonomy":"category","embeddable":true,"href":"https:\/\/www.naturparkmagazin.de\/schwaebisch-fraenkischer-wald\/wp-json\/wp\/v2\/categories?post=1438"},{"taxonomy":"post_tag","embeddable":true,"href":"https:\/\/www.naturparkmagazin.de\/schwaebisch-fraenkischer-wald\/wp-json\/wp\/v2\/tags?post=1438"}],"curies":[{"name":"wp","href":"https:\/\/api.w.org\/{rel}","templated":true}]}}