{"id":1495,"date":"2015-01-19T19:24:50","date_gmt":"2015-01-19T18:24:50","guid":{"rendered":"http:\/\/www.naturparkmagazin.de\/schwaebisch-fraenkischer-wald\/?p=1495"},"modified":"2015-01-18T19:28:06","modified_gmt":"2015-01-18T18:28:06","slug":"naturpark-aktiv-an-lichtmess-nach-lichtenstern","status":"publish","type":"post","link":"https:\/\/www.naturparkmagazin.de\/schwaebisch-fraenkischer-wald\/naturpark-aktiv-an-lichtmess-nach-lichtenstern\/","title":{"rendered":"Naturpark aktiv &#8211; An Lichtmess nach Lichtenstern"},"content":{"rendered":"<p>Sonntag, 1. Februar<a href=\"https:\/\/www.naturparkmagazin.de\/schwaebisch-fraenkischer-wald\/wp-content\/uploads\/sites\/34\/150201_NP_aktiv_Ruecker.jpg\"><img decoding=\"async\" loading=\"lazy\" class=\"alignright size-thumbnail wp-image-1483\" alt=\"An Lichtmess nach Lichtenstern\" src=\"https:\/\/www.naturparkmagazin.de\/schwaebisch-fraenkischer-wald\/wp-content\/uploads\/sites\/34\/150201_NP_aktiv_Ruecker-300x225.jpg\" width=\"300\" height=\"225\" srcset=\"https:\/\/www.naturparkmagazin.de\/schwaebisch-fraenkischer-wald\/wp-content\/uploads\/sites\/34\/150201_NP_aktiv_Ruecker-300x225.jpg 300w, https:\/\/www.naturparkmagazin.de\/schwaebisch-fraenkischer-wald\/wp-content\/uploads\/sites\/34\/150201_NP_aktiv_Ruecker-620x465.jpg 620w, https:\/\/www.naturparkmagazin.de\/schwaebisch-fraenkischer-wald\/wp-content\/uploads\/sites\/34\/150201_NP_aktiv_Ruecker-580x435.jpg 580w, https:\/\/www.naturparkmagazin.de\/schwaebisch-fraenkischer-wald\/wp-content\/uploads\/sites\/34\/150201_NP_aktiv_Ruecker-420x315.jpg 420w, https:\/\/www.naturparkmagazin.de\/schwaebisch-fraenkischer-wald\/wp-content\/uploads\/sites\/34\/150201_NP_aktiv_Ruecker-180x135.jpg 180w, https:\/\/www.naturparkmagazin.de\/schwaebisch-fraenkischer-wald\/wp-content\/uploads\/sites\/34\/150201_NP_aktiv_Ruecker-95x71.jpg 95w, https:\/\/www.naturparkmagazin.de\/schwaebisch-fraenkischer-wald\/wp-content\/uploads\/sites\/34\/150201_NP_aktiv_Ruecker-200x150.jpg 200w, https:\/\/www.naturparkmagazin.de\/schwaebisch-fraenkischer-wald\/wp-content\/uploads\/sites\/34\/150201_NP_aktiv_Ruecker.jpg 640w\" sizes=\"(max-width: 300px) 100vw, 300px\" \/><\/a><\/p>\n<p>L\u00f6wensteiner Bergtour: Eine meditative Lichtmesswanderung mit Naturparkf\u00fchrerin Sabine R\u00fccker auf der Suche nach den ersten Fr\u00fchlingsanzeichen. \u00dcber Lumpenloch und Wohlfahrtsberg geht es zum ehemaligen Zisterzienserinnen-Kloster Lichtenstern. Wo der Name \u201eLichtenstern&#8220; herkommt erfahren die Teilnehmer bei einer kleinen F\u00fchrung. Unterwegs w\u00e4rmt ein hei\u00dfer Tee die kalten Glieder.<\/p>\n<p>Die Tour dauert ca. 3 Stunden und kostet 7,50 \u20ac\/Person, inkl. Getr\u00e4nk.<\/p>\n<p>Der Treffpunkt f\u00fcr die 5-6 Kilometer lange Strecke ist in L\u00f6wenstein, B 39 Richtung Hirrweiler, Parkplatz unterhalb Aussichtsplatte um 14 Uhr.<\/p>\n<p>Weitere Informationen unter:<\/p>\n<p>www.sabine-ruecker.de<\/p>\n<p>ruecker@die-naturparkfuehrer.de<\/p>\n","protected":false},"excerpt":{"rendered":"<p>01.02.: An Lichtmess nach Lichtenstern &#8211; Eine meditative Lichtmesswanderung mit Naturparkf\u00fchrerin Sabine R\u00fccker.<\/p>\n","protected":false},"author":25,"featured_media":1483,"comment_status":"open","ping_status":"open","sticky":false,"template":"","format":"standard","meta":[],"categories":[11],"tags":[316],"yoast_head":"<!-- This site is optimized with the Yoast SEO plugin v19.10 - https:\/\/yoast.com\/wordpress\/plugins\/seo\/ -->\n<title>Naturpark aktiv - An Lichtmess nach Lichtenstern - Naturpark Schw\u00e4bisch-Fr\u00e4nkischer Wald<\/title>\n<meta name=\"robots\" content=\"index, follow, max-snippet:-1, max-image-preview:large, max-video-preview:-1\" \/>\n<link rel=\"canonical\" href=\"https:\/\/www.naturparkmagazin.de\/schwaebisch-fraenkischer-wald\/naturpark-aktiv-an-lichtmess-nach-lichtenstern\/\" \/>\n<meta property=\"og:locale\" content=\"de_DE\" \/>\n<meta property=\"og:type\" content=\"article\" \/>\n<meta property=\"og:title\" content=\"Naturpark aktiv - An Lichtmess nach Lichtenstern - Naturpark Schw\u00e4bisch-Fr\u00e4nkischer Wald\" \/>\n<meta property=\"og:description\" content=\"01.02.: An Lichtmess nach Lichtenstern - Eine meditative Lichtmesswanderung mit Naturparkf\u00fchrerin Sabine R\u00fccker.\" \/>\n<meta property=\"og:url\" content=\"https:\/\/www.naturparkmagazin.de\/schwaebisch-fraenkischer-wald\/naturpark-aktiv-an-lichtmess-nach-lichtenstern\/\" \/>\n<meta property=\"og:site_name\" content=\"Naturpark Schw\u00e4bisch-Fr\u00e4nkischer Wald\" \/>\n<meta property=\"article:author\" content=\"https:\/\/www.facebook.com\/naturparkSFW\" \/>\n<meta property=\"article:published_time\" content=\"2015-01-19T18:24:50+00:00\" \/>\n<meta property=\"article:modified_time\" content=\"2015-01-18T18:28:06+00:00\" \/>\n<meta property=\"og:image\" content=\"https:\/\/www.naturparkmagazin.de\/schwaebisch-fraenkischer-wald\/wp-content\/uploads\/sites\/34\/150201_NP_aktiv_Ruecker.jpg\" \/>\n\t<meta property=\"og:image:width\" content=\"640\" \/>\n\t<meta property=\"og:image:height\" content=\"480\" \/>\n\t<meta property=\"og:image:type\" content=\"image\/jpeg\" \/>\n<meta name=\"author\" content=\"Naturpark-Team\" \/>\n<meta name=\"twitter:label1\" content=\"Verfasst von\" \/>\n\t<meta name=\"twitter:data1\" content=\"Naturpark-Team\" \/>\n<script type=\"application\/ld+json\" class=\"yoast-schema-graph\">{\"@context\":\"https:\/\/schema.org\",\"@graph\":[{\"@type\":\"WebPage\",\"@id\":\"https:\/\/www.naturparkmagazin.de\/schwaebisch-fraenkischer-wald\/naturpark-aktiv-an-lichtmess-nach-lichtenstern\/\",\"url\":\"https:\/\/www.naturparkmagazin.de\/schwaebisch-fraenkischer-wald\/naturpark-aktiv-an-lichtmess-nach-lichtenstern\/\",\"name\":\"Naturpark aktiv - An Lichtmess nach Lichtenstern - Naturpark Schw\u00e4bisch-Fr\u00e4nkischer Wald\",\"isPartOf\":{\"@id\":\"https:\/\/www.naturparkmagazin.de\/schwaebisch-fraenkischer-wald\/#website\"},\"datePublished\":\"2015-01-19T18:24:50+00:00\",\"dateModified\":\"2015-01-18T18:28:06+00:00\",\"author\":{\"@id\":\"https:\/\/www.naturparkmagazin.de\/schwaebisch-fraenkischer-wald\/#\/schema\/person\/f047a3702ae747fd7830cf8ac95e6066\"},\"breadcrumb\":{\"@id\":\"https:\/\/www.naturparkmagazin.de\/schwaebisch-fraenkischer-wald\/naturpark-aktiv-an-lichtmess-nach-lichtenstern\/#breadcrumb\"},\"inLanguage\":\"de\",\"potentialAction\":[{\"@type\":\"ReadAction\",\"target\":[\"https:\/\/www.naturparkmagazin.de\/schwaebisch-fraenkischer-wald\/naturpark-aktiv-an-lichtmess-nach-lichtenstern\/\"]}]},{\"@type\":\"BreadcrumbList\",\"@id\":\"https:\/\/www.naturparkmagazin.de\/schwaebisch-fraenkischer-wald\/naturpark-aktiv-an-lichtmess-nach-lichtenstern\/#breadcrumb\",\"itemListElement\":[{\"@type\":\"ListItem\",\"position\":1,\"name\":\"Home\",\"item\":\"https:\/\/www.naturparkmagazin.de\/schwaebisch-fraenkischer-wald\/\"},{\"@type\":\"ListItem\",\"position\":2,\"name\":\"Naturpark aktiv &#8211; An Lichtmess nach Lichtenstern\"}]},{\"@type\":\"WebSite\",\"@id\":\"https:\/\/www.naturparkmagazin.de\/schwaebisch-fraenkischer-wald\/#website\",\"url\":\"https:\/\/www.naturparkmagazin.de\/schwaebisch-fraenkischer-wald\/\",\"name\":\"Naturpark Schw\u00e4bisch-Fr\u00e4nkischer Wald\",\"description\":\"\",\"potentialAction\":[{\"@type\":\"SearchAction\",\"target\":{\"@type\":\"EntryPoint\",\"urlTemplate\":\"https:\/\/www.naturparkmagazin.de\/schwaebisch-fraenkischer-wald\/?s={search_term_string}\"},\"query-input\":\"required name=search_term_string\"}],\"inLanguage\":\"de\"},{\"@type\":\"Person\",\"@id\":\"https:\/\/www.naturparkmagazin.de\/schwaebisch-fraenkischer-wald\/#\/schema\/person\/f047a3702ae747fd7830cf8ac95e6066\",\"name\":\"Naturpark-Team\",\"sameAs\":[\"http:\/\/www.naturpark-sfw.de\",\"https:\/\/www.facebook.com\/naturparkSFW\"],\"url\":\"https:\/\/www.naturparkmagazin.de\/schwaebisch-fraenkischer-wald\/author\/bernharddrixler\/\"}]}<\/script>\n<!-- \/ Yoast SEO plugin. -->","yoast_head_json":{"title":"Naturpark aktiv - An Lichtmess nach Lichtenstern - Naturpark Schw\u00e4bisch-Fr\u00e4nkischer Wald","robots":{"index":"index","follow":"follow","max-snippet":"max-snippet:-1","max-image-preview":"max-image-preview:large","max-video-preview":"max-video-preview:-1"},"canonical":"https:\/\/www.naturparkmagazin.de\/schwaebisch-fraenkischer-wald\/naturpark-aktiv-an-lichtmess-nach-lichtenstern\/","og_locale":"de_DE","og_type":"article","og_title":"Naturpark aktiv - An Lichtmess nach Lichtenstern - Naturpark Schw\u00e4bisch-Fr\u00e4nkischer Wald","og_description":"01.02.: An Lichtmess nach Lichtenstern - Eine meditative Lichtmesswanderung mit Naturparkf\u00fchrerin Sabine R\u00fccker.","og_url":"https:\/\/www.naturparkmagazin.de\/schwaebisch-fraenkischer-wald\/naturpark-aktiv-an-lichtmess-nach-lichtenstern\/","og_site_name":"Naturpark Schw\u00e4bisch-Fr\u00e4nkischer Wald","article_author":"https:\/\/www.facebook.com\/naturparkSFW","article_published_time":"2015-01-19T18:24:50+00:00","article_modified_time":"2015-01-18T18:28:06+00:00","og_image":[{"width":640,"height":480,"url":"https:\/\/www.naturparkmagazin.de\/schwaebisch-fraenkischer-wald\/wp-content\/uploads\/sites\/34\/150201_NP_aktiv_Ruecker.jpg","type":"image\/jpeg"}],"author":"Naturpark-Team","twitter_misc":{"Verfasst von":"Naturpark-Team"},"schema":{"@context":"https:\/\/schema.org","@graph":[{"@type":"WebPage","@id":"https:\/\/www.naturparkmagazin.de\/schwaebisch-fraenkischer-wald\/naturpark-aktiv-an-lichtmess-nach-lichtenstern\/","url":"https:\/\/www.naturparkmagazin.de\/schwaebisch-fraenkischer-wald\/naturpark-aktiv-an-lichtmess-nach-lichtenstern\/","name":"Naturpark aktiv - An Lichtmess nach Lichtenstern - Naturpark Schw\u00e4bisch-Fr\u00e4nkischer Wald","isPartOf":{"@id":"https:\/\/www.naturparkmagazin.de\/schwaebisch-fraenkischer-wald\/#website"},"datePublished":"2015-01-19T18:24:50+00:00","dateModified":"2015-01-18T18:28:06+00:00","author":{"@id":"https:\/\/www.naturparkmagazin.de\/schwaebisch-fraenkischer-wald\/#\/schema\/person\/f047a3702ae747fd7830cf8ac95e6066"},"breadcrumb":{"@id":"https:\/\/www.naturparkmagazin.de\/schwaebisch-fraenkischer-wald\/naturpark-aktiv-an-lichtmess-nach-lichtenstern\/#breadcrumb"},"inLanguage":"de","potentialAction":[{"@type":"ReadAction","target":["https:\/\/www.naturparkmagazin.de\/schwaebisch-fraenkischer-wald\/naturpark-aktiv-an-lichtmess-nach-lichtenstern\/"]}]},{"@type":"BreadcrumbList","@id":"https:\/\/www.naturparkmagazin.de\/schwaebisch-fraenkischer-wald\/naturpark-aktiv-an-lichtmess-nach-lichtenstern\/#breadcrumb","itemListElement":[{"@type":"ListItem","position":1,"name":"Home","item":"https:\/\/www.naturparkmagazin.de\/schwaebisch-fraenkischer-wald\/"},{"@type":"ListItem","position":2,"name":"Naturpark aktiv &#8211; An Lichtmess nach Lichtenstern"}]},{"@type":"WebSite","@id":"https:\/\/www.naturparkmagazin.de\/schwaebisch-fraenkischer-wald\/#website","url":"https:\/\/www.naturparkmagazin.de\/schwaebisch-fraenkischer-wald\/","name":"Naturpark Schw\u00e4bisch-Fr\u00e4nkischer Wald","description":"","potentialAction":[{"@type":"SearchAction","target":{"@type":"EntryPoint","urlTemplate":"https:\/\/www.naturparkmagazin.de\/schwaebisch-fraenkischer-wald\/?s={search_term_string}"},"query-input":"required name=search_term_string"}],"inLanguage":"de"},{"@type":"Person","@id":"https:\/\/www.naturparkmagazin.de\/schwaebisch-fraenkischer-wald\/#\/schema\/person\/f047a3702ae747fd7830cf8ac95e6066","name":"Naturpark-Team","sameAs":["http:\/\/www.naturpark-sfw.de","https:\/\/www.facebook.com\/naturparkSFW"],"url":"https:\/\/www.naturparkmagazin.de\/schwaebisch-fraenkischer-wald\/author\/bernharddrixler\/"}]}},"_links":{"self":[{"href":"https:\/\/www.naturparkmagazin.de\/schwaebisch-fraenkischer-wald\/wp-json\/wp\/v2\/posts\/1495"}],"collection":[{"href":"https:\/\/www.naturparkmagazin.de\/schwaebisch-fraenkischer-wald\/wp-json\/wp\/v2\/posts"}],"about":[{"href":"https:\/\/www.naturparkmagazin.de\/schwaebisch-fraenkischer-wald\/wp-json\/wp\/v2\/types\/post"}],"author":[{"embeddable":true,"href":"https:\/\/www.naturparkmagazin.de\/schwaebisch-fraenkischer-wald\/wp-json\/wp\/v2\/users\/25"}],"replies":[{"embeddable":true,"href":"https:\/\/www.naturparkmagazin.de\/schwaebisch-fraenkischer-wald\/wp-json\/wp\/v2\/comments?post=1495"}],"version-history":[{"count":1,"href":"https:\/\/www.naturparkmagazin.de\/schwaebisch-fraenkischer-wald\/wp-json\/wp\/v2\/posts\/1495\/revisions"}],"predecessor-version":[{"id":1496,"href":"https:\/\/www.naturparkmagazin.de\/schwaebisch-fraenkischer-wald\/wp-json\/wp\/v2\/posts\/1495\/revisions\/1496"}],"wp:featuredmedia":[{"embeddable":true,"href":"https:\/\/www.naturparkmagazin.de\/schwaebisch-fraenkischer-wald\/wp-json\/wp\/v2\/media\/1483"}],"wp:attachment":[{"href":"https:\/\/www.naturparkmagazin.de\/schwaebisch-fraenkischer-wald\/wp-json\/wp\/v2\/media?parent=1495"}],"wp:term":[{"taxonomy":"category","embeddable":true,"href":"https:\/\/www.naturparkmagazin.de\/schwaebisch-fraenkischer-wald\/wp-json\/wp\/v2\/categories?post=1495"},{"taxonomy":"post_tag","embeddable":true,"href":"https:\/\/www.naturparkmagazin.de\/schwaebisch-fraenkischer-wald\/wp-json\/wp\/v2\/tags?post=1495"}],"curies":[{"name":"wp","href":"https:\/\/api.w.org\/{rel}","templated":true}]}}