{"id":1517,"date":"2015-01-19T09:33:36","date_gmt":"2015-01-19T08:33:36","guid":{"rendered":"http:\/\/www.naturparkmagazin.de\/schwaebisch-fraenkischer-wald\/?p=1517"},"modified":"2015-01-20T11:00:25","modified_gmt":"2015-01-20T10:00:25","slug":"grosses-erlebnis-fuer-zwei-junge-schuelerinnen","status":"publish","type":"post","link":"https:\/\/www.naturparkmagazin.de\/schwaebisch-fraenkischer-wald\/grosses-erlebnis-fuer-zwei-junge-schuelerinnen\/","title":{"rendered":"Gro\u00dfes Erlebnis f\u00fcr zwei junge Sch\u00fclerinnen"},"content":{"rendered":"<p>Im Rahmen der Berufs- und BetriebsOrientierung (BBO) f\u00fcr die Jahrgangsstufe 10 am Heinrich-von-Z\u00fcgel-Gymnasium in Murrhardt erhielten die Sch\u00fclerinnen Jana und Helen <a href=\"https:\/\/www.naturparkmagazin.de\/schwaebisch-fraenkischer-wald\/wp-content\/uploads\/sites\/34\/2015_BBO.jpg\"><img decoding=\"async\" loading=\"lazy\" class=\"alignright size-thumbnail wp-image-1518\" alt=\"Stellv. Kathi Schieber mit Jana und Helen\" src=\"https:\/\/www.naturparkmagazin.de\/schwaebisch-fraenkischer-wald\/wp-content\/uploads\/sites\/34\/2015_BBO-300x240.jpg\" width=\"300\" height=\"240\" srcset=\"https:\/\/www.naturparkmagazin.de\/schwaebisch-fraenkischer-wald\/wp-content\/uploads\/sites\/34\/2015_BBO-300x240.jpg 300w, https:\/\/www.naturparkmagazin.de\/schwaebisch-fraenkischer-wald\/wp-content\/uploads\/sites\/34\/2015_BBO-200x160.jpg 200w, https:\/\/www.naturparkmagazin.de\/schwaebisch-fraenkischer-wald\/wp-content\/uploads\/sites\/34\/2015_BBO.jpg 600w\" sizes=\"(max-width: 300px) 100vw, 300px\" \/><\/a>eine tolle Chance: sie durften die stellvertretende Naturparkgesch\u00e4ftsf\u00fchrerin Kathi Schieber einen Tag lang auf der CMT in Stuttgart begleiten. Und dies war nicht nur &#8222;irgendein&#8220; Messetag, sondern der Tourismus-Tag! An diesem ist die Pressepr\u00e4senz immer am gr\u00f6\u00dften. So fand unter anderem die gemeinsame Pressekonferenz der Gro\u00dfschutzgebiete Baden-W\u00fcrttembergs mit Minister Alexander Bonde, f\u00fcr Minister f\u00fcr L\u00e4ndlichen Raum und Verbraucherschutz in Baden-W\u00fcrttemberg, statt. Die beiden Sch\u00fclerinnen erlebten au\u00dferdem den Standbesuch des Ministers und viele der vor- und nachbereitenden Hintergrundarbeiten f\u00fcr solch ein Ereignis.<\/p>\n<p>Hintergrundwissen zur Berufs- und BetriebsOrientierung am\u00a0Heinrich-von-Z\u00fcgel-Gymnasium in Murrhardt:\nBeim Modul \u201eExperience\u201c des BBO sollen die Sch\u00fcler*innen an einer geeigneten Untersuchungsfrage die Kernkompetenz des von ihnen besuchten Unternehmens selbst herausarbeiten. Die Sch\u00fcler*innen des Gymnasiums haben generell nur sehr wenige Kenntnisse \u00fcber Betriebsabl\u00e4ufe. F\u00fcr sie ist der Blick in eine Firma buchst\u00e4blich das Erleben einer f\u00fcr sie ganz neuen, fremden Welt. Durch eine lebensnahe Fragestellung sollen die Sch\u00fcler angeregt werden, vor Ort eine Recherche durchzuf\u00fchren. Ihr Forschergeist soll aktiviert werden. Dabei sollen sie, gewisserma\u00dfen nebenher, Ihr Unternehmen kennenlernen. Die Sch\u00fcler kommen also mit einer allgemeinen Fragehaltung. Sie haben noch keine speziellen Fragen, denn sie wissen i.d.R. wenig \u00fcber den Betrieb.<\/p>\n","protected":false},"excerpt":{"rendered":"<p>Zwei Sch\u00fclerinnen begleiteten die stellvertretende Naturparkgesch\u00e4ftsf\u00fchrerin Kathi Schieber einen Tag lang auf der CMT<\/p>\n","protected":false},"author":25,"featured_media":1518,"comment_status":"open","ping_status":"open","sticky":false,"template":"","format":"standard","meta":[],"categories":[7],"tags":[316],"yoast_head":"<!-- This site is optimized with the Yoast SEO plugin v19.10 - https:\/\/yoast.com\/wordpress\/plugins\/seo\/ -->\n<title>Gro\u00dfes Erlebnis f\u00fcr zwei junge Sch\u00fclerinnen - Naturpark Schw\u00e4bisch-Fr\u00e4nkischer Wald<\/title>\n<meta name=\"robots\" content=\"index, follow, max-snippet:-1, max-image-preview:large, max-video-preview:-1\" \/>\n<link rel=\"canonical\" href=\"https:\/\/www.naturparkmagazin.de\/schwaebisch-fraenkischer-wald\/grosses-erlebnis-fuer-zwei-junge-schuelerinnen\/\" \/>\n<meta property=\"og:locale\" content=\"de_DE\" \/>\n<meta property=\"og:type\" content=\"article\" \/>\n<meta property=\"og:title\" content=\"Gro\u00dfes Erlebnis f\u00fcr zwei junge Sch\u00fclerinnen - Naturpark Schw\u00e4bisch-Fr\u00e4nkischer Wald\" \/>\n<meta property=\"og:description\" content=\"Zwei Sch\u00fclerinnen begleiteten die stellvertretende Naturparkgesch\u00e4ftsf\u00fchrerin Kathi Schieber einen Tag lang auf der CMT\" \/>\n<meta property=\"og:url\" content=\"https:\/\/www.naturparkmagazin.de\/schwaebisch-fraenkischer-wald\/grosses-erlebnis-fuer-zwei-junge-schuelerinnen\/\" \/>\n<meta property=\"og:site_name\" content=\"Naturpark Schw\u00e4bisch-Fr\u00e4nkischer Wald\" \/>\n<meta property=\"article:author\" content=\"https:\/\/www.facebook.com\/naturparkSFW\" \/>\n<meta property=\"article:published_time\" content=\"2015-01-19T08:33:36+00:00\" \/>\n<meta property=\"article:modified_time\" content=\"2015-01-20T10:00:25+00:00\" \/>\n<meta property=\"og:image\" content=\"https:\/\/www.naturparkmagazin.de\/schwaebisch-fraenkischer-wald\/wp-content\/uploads\/sites\/34\/2015_BBO.jpg\" \/>\n\t<meta property=\"og:image:width\" content=\"600\" \/>\n\t<meta property=\"og:image:height\" content=\"480\" \/>\n\t<meta property=\"og:image:type\" content=\"image\/jpeg\" \/>\n<meta name=\"author\" content=\"Naturpark-Team\" \/>\n<meta name=\"twitter:label1\" content=\"Verfasst von\" \/>\n\t<meta name=\"twitter:data1\" content=\"Naturpark-Team\" \/>\n\t<meta name=\"twitter:label2\" content=\"Gesch\u00e4tzte Lesezeit\" \/>\n\t<meta name=\"twitter:data2\" content=\"1\u00a0Minute\" \/>\n<script type=\"application\/ld+json\" class=\"yoast-schema-graph\">{\"@context\":\"https:\/\/schema.org\",\"@graph\":[{\"@type\":\"WebPage\",\"@id\":\"https:\/\/www.naturparkmagazin.de\/schwaebisch-fraenkischer-wald\/grosses-erlebnis-fuer-zwei-junge-schuelerinnen\/\",\"url\":\"https:\/\/www.naturparkmagazin.de\/schwaebisch-fraenkischer-wald\/grosses-erlebnis-fuer-zwei-junge-schuelerinnen\/\",\"name\":\"Gro\u00dfes Erlebnis f\u00fcr zwei junge Sch\u00fclerinnen - Naturpark Schw\u00e4bisch-Fr\u00e4nkischer Wald\",\"isPartOf\":{\"@id\":\"https:\/\/www.naturparkmagazin.de\/schwaebisch-fraenkischer-wald\/#website\"},\"datePublished\":\"2015-01-19T08:33:36+00:00\",\"dateModified\":\"2015-01-20T10:00:25+00:00\",\"author\":{\"@id\":\"https:\/\/www.naturparkmagazin.de\/schwaebisch-fraenkischer-wald\/#\/schema\/person\/f047a3702ae747fd7830cf8ac95e6066\"},\"breadcrumb\":{\"@id\":\"https:\/\/www.naturparkmagazin.de\/schwaebisch-fraenkischer-wald\/grosses-erlebnis-fuer-zwei-junge-schuelerinnen\/#breadcrumb\"},\"inLanguage\":\"de\",\"potentialAction\":[{\"@type\":\"ReadAction\",\"target\":[\"https:\/\/www.naturparkmagazin.de\/schwaebisch-fraenkischer-wald\/grosses-erlebnis-fuer-zwei-junge-schuelerinnen\/\"]}]},{\"@type\":\"BreadcrumbList\",\"@id\":\"https:\/\/www.naturparkmagazin.de\/schwaebisch-fraenkischer-wald\/grosses-erlebnis-fuer-zwei-junge-schuelerinnen\/#breadcrumb\",\"itemListElement\":[{\"@type\":\"ListItem\",\"position\":1,\"name\":\"Home\",\"item\":\"https:\/\/www.naturparkmagazin.de\/schwaebisch-fraenkischer-wald\/\"},{\"@type\":\"ListItem\",\"position\":2,\"name\":\"Gro\u00dfes Erlebnis f\u00fcr zwei junge Sch\u00fclerinnen\"}]},{\"@type\":\"WebSite\",\"@id\":\"https:\/\/www.naturparkmagazin.de\/schwaebisch-fraenkischer-wald\/#website\",\"url\":\"https:\/\/www.naturparkmagazin.de\/schwaebisch-fraenkischer-wald\/\",\"name\":\"Naturpark Schw\u00e4bisch-Fr\u00e4nkischer Wald\",\"description\":\"\",\"potentialAction\":[{\"@type\":\"SearchAction\",\"target\":{\"@type\":\"EntryPoint\",\"urlTemplate\":\"https:\/\/www.naturparkmagazin.de\/schwaebisch-fraenkischer-wald\/?s={search_term_string}\"},\"query-input\":\"required name=search_term_string\"}],\"inLanguage\":\"de\"},{\"@type\":\"Person\",\"@id\":\"https:\/\/www.naturparkmagazin.de\/schwaebisch-fraenkischer-wald\/#\/schema\/person\/f047a3702ae747fd7830cf8ac95e6066\",\"name\":\"Naturpark-Team\",\"sameAs\":[\"http:\/\/www.naturpark-sfw.de\",\"https:\/\/www.facebook.com\/naturparkSFW\"],\"url\":\"https:\/\/www.naturparkmagazin.de\/schwaebisch-fraenkischer-wald\/author\/bernharddrixler\/\"}]}<\/script>\n<!-- \/ Yoast SEO plugin. -->","yoast_head_json":{"title":"Gro\u00dfes Erlebnis f\u00fcr zwei junge Sch\u00fclerinnen - Naturpark Schw\u00e4bisch-Fr\u00e4nkischer Wald","robots":{"index":"index","follow":"follow","max-snippet":"max-snippet:-1","max-image-preview":"max-image-preview:large","max-video-preview":"max-video-preview:-1"},"canonical":"https:\/\/www.naturparkmagazin.de\/schwaebisch-fraenkischer-wald\/grosses-erlebnis-fuer-zwei-junge-schuelerinnen\/","og_locale":"de_DE","og_type":"article","og_title":"Gro\u00dfes Erlebnis f\u00fcr zwei junge Sch\u00fclerinnen - Naturpark Schw\u00e4bisch-Fr\u00e4nkischer Wald","og_description":"Zwei Sch\u00fclerinnen begleiteten die stellvertretende Naturparkgesch\u00e4ftsf\u00fchrerin Kathi Schieber einen Tag lang auf der CMT","og_url":"https:\/\/www.naturparkmagazin.de\/schwaebisch-fraenkischer-wald\/grosses-erlebnis-fuer-zwei-junge-schuelerinnen\/","og_site_name":"Naturpark Schw\u00e4bisch-Fr\u00e4nkischer Wald","article_author":"https:\/\/www.facebook.com\/naturparkSFW","article_published_time":"2015-01-19T08:33:36+00:00","article_modified_time":"2015-01-20T10:00:25+00:00","og_image":[{"width":600,"height":480,"url":"https:\/\/www.naturparkmagazin.de\/schwaebisch-fraenkischer-wald\/wp-content\/uploads\/sites\/34\/2015_BBO.jpg","type":"image\/jpeg"}],"author":"Naturpark-Team","twitter_misc":{"Verfasst von":"Naturpark-Team","Gesch\u00e4tzte Lesezeit":"1\u00a0Minute"},"schema":{"@context":"https:\/\/schema.org","@graph":[{"@type":"WebPage","@id":"https:\/\/www.naturparkmagazin.de\/schwaebisch-fraenkischer-wald\/grosses-erlebnis-fuer-zwei-junge-schuelerinnen\/","url":"https:\/\/www.naturparkmagazin.de\/schwaebisch-fraenkischer-wald\/grosses-erlebnis-fuer-zwei-junge-schuelerinnen\/","name":"Gro\u00dfes Erlebnis f\u00fcr zwei junge Sch\u00fclerinnen - Naturpark Schw\u00e4bisch-Fr\u00e4nkischer Wald","isPartOf":{"@id":"https:\/\/www.naturparkmagazin.de\/schwaebisch-fraenkischer-wald\/#website"},"datePublished":"2015-01-19T08:33:36+00:00","dateModified":"2015-01-20T10:00:25+00:00","author":{"@id":"https:\/\/www.naturparkmagazin.de\/schwaebisch-fraenkischer-wald\/#\/schema\/person\/f047a3702ae747fd7830cf8ac95e6066"},"breadcrumb":{"@id":"https:\/\/www.naturparkmagazin.de\/schwaebisch-fraenkischer-wald\/grosses-erlebnis-fuer-zwei-junge-schuelerinnen\/#breadcrumb"},"inLanguage":"de","potentialAction":[{"@type":"ReadAction","target":["https:\/\/www.naturparkmagazin.de\/schwaebisch-fraenkischer-wald\/grosses-erlebnis-fuer-zwei-junge-schuelerinnen\/"]}]},{"@type":"BreadcrumbList","@id":"https:\/\/www.naturparkmagazin.de\/schwaebisch-fraenkischer-wald\/grosses-erlebnis-fuer-zwei-junge-schuelerinnen\/#breadcrumb","itemListElement":[{"@type":"ListItem","position":1,"name":"Home","item":"https:\/\/www.naturparkmagazin.de\/schwaebisch-fraenkischer-wald\/"},{"@type":"ListItem","position":2,"name":"Gro\u00dfes Erlebnis f\u00fcr zwei junge Sch\u00fclerinnen"}]},{"@type":"WebSite","@id":"https:\/\/www.naturparkmagazin.de\/schwaebisch-fraenkischer-wald\/#website","url":"https:\/\/www.naturparkmagazin.de\/schwaebisch-fraenkischer-wald\/","name":"Naturpark Schw\u00e4bisch-Fr\u00e4nkischer Wald","description":"","potentialAction":[{"@type":"SearchAction","target":{"@type":"EntryPoint","urlTemplate":"https:\/\/www.naturparkmagazin.de\/schwaebisch-fraenkischer-wald\/?s={search_term_string}"},"query-input":"required name=search_term_string"}],"inLanguage":"de"},{"@type":"Person","@id":"https:\/\/www.naturparkmagazin.de\/schwaebisch-fraenkischer-wald\/#\/schema\/person\/f047a3702ae747fd7830cf8ac95e6066","name":"Naturpark-Team","sameAs":["http:\/\/www.naturpark-sfw.de","https:\/\/www.facebook.com\/naturparkSFW"],"url":"https:\/\/www.naturparkmagazin.de\/schwaebisch-fraenkischer-wald\/author\/bernharddrixler\/"}]}},"_links":{"self":[{"href":"https:\/\/www.naturparkmagazin.de\/schwaebisch-fraenkischer-wald\/wp-json\/wp\/v2\/posts\/1517"}],"collection":[{"href":"https:\/\/www.naturparkmagazin.de\/schwaebisch-fraenkischer-wald\/wp-json\/wp\/v2\/posts"}],"about":[{"href":"https:\/\/www.naturparkmagazin.de\/schwaebisch-fraenkischer-wald\/wp-json\/wp\/v2\/types\/post"}],"author":[{"embeddable":true,"href":"https:\/\/www.naturparkmagazin.de\/schwaebisch-fraenkischer-wald\/wp-json\/wp\/v2\/users\/25"}],"replies":[{"embeddable":true,"href":"https:\/\/www.naturparkmagazin.de\/schwaebisch-fraenkischer-wald\/wp-json\/wp\/v2\/comments?post=1517"}],"version-history":[{"count":6,"href":"https:\/\/www.naturparkmagazin.de\/schwaebisch-fraenkischer-wald\/wp-json\/wp\/v2\/posts\/1517\/revisions"}],"predecessor-version":[{"id":1529,"href":"https:\/\/www.naturparkmagazin.de\/schwaebisch-fraenkischer-wald\/wp-json\/wp\/v2\/posts\/1517\/revisions\/1529"}],"wp:featuredmedia":[{"embeddable":true,"href":"https:\/\/www.naturparkmagazin.de\/schwaebisch-fraenkischer-wald\/wp-json\/wp\/v2\/media\/1518"}],"wp:attachment":[{"href":"https:\/\/www.naturparkmagazin.de\/schwaebisch-fraenkischer-wald\/wp-json\/wp\/v2\/media?parent=1517"}],"wp:term":[{"taxonomy":"category","embeddable":true,"href":"https:\/\/www.naturparkmagazin.de\/schwaebisch-fraenkischer-wald\/wp-json\/wp\/v2\/categories?post=1517"},{"taxonomy":"post_tag","embeddable":true,"href":"https:\/\/www.naturparkmagazin.de\/schwaebisch-fraenkischer-wald\/wp-json\/wp\/v2\/tags?post=1517"}],"curies":[{"name":"wp","href":"https:\/\/api.w.org\/{rel}","templated":true}]}}