{"id":1546,"date":"2015-01-19T13:07:16","date_gmt":"2015-01-19T12:07:16","guid":{"rendered":"http:\/\/www.naturparkmagazin.de\/schwaebisch-fraenkischer-wald\/?p=1546"},"modified":"2015-01-21T13:35:54","modified_gmt":"2015-01-21T12:35:54","slug":"traditionelle-toepferkunst-im-schwaebisch-fraenkischen-wald","status":"publish","type":"post","link":"https:\/\/www.naturparkmagazin.de\/schwaebisch-fraenkischer-wald\/traditionelle-toepferkunst-im-schwaebisch-fraenkischen-wald\/","title":{"rendered":"Traditionelle T\u00f6pferkunst im Schw\u00e4bisch-Fr\u00e4nkischen Wald"},"content":{"rendered":"<p>Das T\u00f6pferhandwerk hat im Schw\u00e4bisch-Fr\u00e4nkischen Wald eine Jahrhunderte lange Tradition. <a href=\"https:\/\/www.naturparkmagazin.de\/schwaebisch-fraenkischer-wald\/wp-content\/uploads\/sites\/34\/Lautertal-Keramik.jpg\"><img decoding=\"async\" loading=\"lazy\" class=\"alignright size-thumbnail wp-image-1547\" alt=\"Lautertal-Keramik von Heike Becker\" src=\"https:\/\/www.naturparkmagazin.de\/schwaebisch-fraenkischer-wald\/wp-content\/uploads\/sites\/34\/Lautertal-Keramik-300x225.jpg\" width=\"300\" height=\"225\" srcset=\"https:\/\/www.naturparkmagazin.de\/schwaebisch-fraenkischer-wald\/wp-content\/uploads\/sites\/34\/Lautertal-Keramik-300x225.jpg 300w, https:\/\/www.naturparkmagazin.de\/schwaebisch-fraenkischer-wald\/wp-content\/uploads\/sites\/34\/Lautertal-Keramik-620x465.jpg 620w, https:\/\/www.naturparkmagazin.de\/schwaebisch-fraenkischer-wald\/wp-content\/uploads\/sites\/34\/Lautertal-Keramik-580x435.jpg 580w, https:\/\/www.naturparkmagazin.de\/schwaebisch-fraenkischer-wald\/wp-content\/uploads\/sites\/34\/Lautertal-Keramik-420x315.jpg 420w, https:\/\/www.naturparkmagazin.de\/schwaebisch-fraenkischer-wald\/wp-content\/uploads\/sites\/34\/Lautertal-Keramik-180x135.jpg 180w, https:\/\/www.naturparkmagazin.de\/schwaebisch-fraenkischer-wald\/wp-content\/uploads\/sites\/34\/Lautertal-Keramik-95x71.jpg 95w, https:\/\/www.naturparkmagazin.de\/schwaebisch-fraenkischer-wald\/wp-content\/uploads\/sites\/34\/Lautertal-Keramik-200x150.jpg 200w, https:\/\/www.naturparkmagazin.de\/schwaebisch-fraenkischer-wald\/wp-content\/uploads\/sites\/34\/Lautertal-Keramik.jpg 640w\" sizes=\"(max-width: 300px) 100vw, 300px\" \/><\/a><\/p>\n<p>Die Region z\u00e4hlt zu den \u00e4ltesten T\u00f6pferlandschaften in Deutschland. Nachweislich haben hier schon zu r\u00f6mischen Zeiten, Werkst\u00e4tten das Terra Sigillata produziert. In sp\u00e4tr\u00f6mischer Zeit galt das rot schimmernde Geschirr im ganzen Imperium als \u201efeines Porzellan der Antike\u201c und war ein besonderes Luxusgut.<\/p>\n<p>Die Jahrhunderte lange Tradition der T\u00f6pferkunst im Lautertal wurde von Heike Becker aus ganz pers\u00f6nlicher Leidenschaft wieder zum Leben erweckt. In einem 200-j\u00e4hrigen ehemaligen B\u00e4ckereigeb\u00e4ude, das am Schnittpunkt zweier T\u00e4ler gelegen ist, entstand 1999 die heutige \u201eLautertalkeramik\u201c im W\u00fcstenroter Teilort Neulautern. Ganz im Sinne der Geschichte und der Tradition des Ortes werden seither \u201eSch\u00fcsseln und Teller\u201c nach historischen Mustern auf der T\u00f6pferscheibe hergestellt. Die Bemalung erfolgt damals wie heute ausschlie\u00dflich von Hand mit dem Malb\u00e4llchen. Gebrannt wird die Ware bei 1080\u00b0C im Elektroofen.<\/p>\n<p>Die Brandfarbe der t\u00f6nernen Gef\u00e4\u00dfe ist nat\u00fcrlich traditionell rot. Die Produkte aus Heike Beckers T\u00f6pferei k\u00f6nnen im hauseigenen kleinen Laden oder auf den Naturpark-M\u00e4rkten der Region erworben werden.<\/p>\n<p>Lautertal-Keramik:\n\u00d6ffnungszeiten: Montag \u2013 Freitag 9.00 h-18.00 Uhr, Samstag 9.00 -14.00 Uhr\nTel: 07194\/1316\nE-Mail: <a href=\"mailto:Lautertalkeramik@t-online.de\">Lautertalkeramik@t-online.de\n<\/a>71543 W\u00fcstenrot-Neulautern<\/p>\n","protected":false},"excerpt":{"rendered":"<p>Das T\u00f6pferhandwerk hat im Schw\u00e4bisch-Fr\u00e4nkischen Wald eine Jahrhunderte lange Tradition. <\/p>\n","protected":false},"author":25,"featured_media":1547,"comment_status":"open","ping_status":"open","sticky":false,"template":"","format":"standard","meta":[],"categories":[13],"tags":[316],"yoast_head":"<!-- This site is optimized with the Yoast SEO plugin v19.10 - https:\/\/yoast.com\/wordpress\/plugins\/seo\/ -->\n<title>Traditionelle T\u00f6pferkunst im Schw\u00e4bisch-Fr\u00e4nkischen Wald - Naturpark Schw\u00e4bisch-Fr\u00e4nkischer Wald<\/title>\n<meta name=\"robots\" content=\"index, follow, max-snippet:-1, max-image-preview:large, max-video-preview:-1\" \/>\n<link rel=\"canonical\" href=\"https:\/\/www.naturparkmagazin.de\/schwaebisch-fraenkischer-wald\/traditionelle-toepferkunst-im-schwaebisch-fraenkischen-wald\/\" \/>\n<meta property=\"og:locale\" content=\"de_DE\" \/>\n<meta property=\"og:type\" content=\"article\" \/>\n<meta property=\"og:title\" content=\"Traditionelle T\u00f6pferkunst im Schw\u00e4bisch-Fr\u00e4nkischen Wald - Naturpark Schw\u00e4bisch-Fr\u00e4nkischer Wald\" \/>\n<meta property=\"og:description\" content=\"Das T\u00f6pferhandwerk hat im Schw\u00e4bisch-Fr\u00e4nkischen Wald eine Jahrhunderte lange Tradition.\" \/>\n<meta property=\"og:url\" content=\"https:\/\/www.naturparkmagazin.de\/schwaebisch-fraenkischer-wald\/traditionelle-toepferkunst-im-schwaebisch-fraenkischen-wald\/\" \/>\n<meta property=\"og:site_name\" content=\"Naturpark Schw\u00e4bisch-Fr\u00e4nkischer Wald\" \/>\n<meta property=\"article:author\" content=\"https:\/\/www.facebook.com\/naturparkSFW\" \/>\n<meta property=\"article:published_time\" content=\"2015-01-19T12:07:16+00:00\" \/>\n<meta property=\"article:modified_time\" content=\"2015-01-21T12:35:54+00:00\" \/>\n<meta property=\"og:image\" content=\"https:\/\/www.naturparkmagazin.de\/schwaebisch-fraenkischer-wald\/wp-content\/uploads\/sites\/34\/Lautertal-Keramik.jpg\" \/>\n\t<meta property=\"og:image:width\" content=\"640\" \/>\n\t<meta property=\"og:image:height\" content=\"480\" \/>\n\t<meta property=\"og:image:type\" content=\"image\/jpeg\" \/>\n<meta name=\"author\" content=\"Naturpark-Team\" \/>\n<meta name=\"twitter:label1\" content=\"Verfasst von\" \/>\n\t<meta name=\"twitter:data1\" content=\"Naturpark-Team\" \/>\n\t<meta name=\"twitter:label2\" content=\"Gesch\u00e4tzte Lesezeit\" \/>\n\t<meta name=\"twitter:data2\" content=\"1\u00a0Minute\" \/>\n<script type=\"application\/ld+json\" class=\"yoast-schema-graph\">{\"@context\":\"https:\/\/schema.org\",\"@graph\":[{\"@type\":\"WebPage\",\"@id\":\"https:\/\/www.naturparkmagazin.de\/schwaebisch-fraenkischer-wald\/traditionelle-toepferkunst-im-schwaebisch-fraenkischen-wald\/\",\"url\":\"https:\/\/www.naturparkmagazin.de\/schwaebisch-fraenkischer-wald\/traditionelle-toepferkunst-im-schwaebisch-fraenkischen-wald\/\",\"name\":\"Traditionelle T\u00f6pferkunst im Schw\u00e4bisch-Fr\u00e4nkischen Wald - Naturpark Schw\u00e4bisch-Fr\u00e4nkischer Wald\",\"isPartOf\":{\"@id\":\"https:\/\/www.naturparkmagazin.de\/schwaebisch-fraenkischer-wald\/#website\"},\"datePublished\":\"2015-01-19T12:07:16+00:00\",\"dateModified\":\"2015-01-21T12:35:54+00:00\",\"author\":{\"@id\":\"https:\/\/www.naturparkmagazin.de\/schwaebisch-fraenkischer-wald\/#\/schema\/person\/f047a3702ae747fd7830cf8ac95e6066\"},\"breadcrumb\":{\"@id\":\"https:\/\/www.naturparkmagazin.de\/schwaebisch-fraenkischer-wald\/traditionelle-toepferkunst-im-schwaebisch-fraenkischen-wald\/#breadcrumb\"},\"inLanguage\":\"de\",\"potentialAction\":[{\"@type\":\"ReadAction\",\"target\":[\"https:\/\/www.naturparkmagazin.de\/schwaebisch-fraenkischer-wald\/traditionelle-toepferkunst-im-schwaebisch-fraenkischen-wald\/\"]}]},{\"@type\":\"BreadcrumbList\",\"@id\":\"https:\/\/www.naturparkmagazin.de\/schwaebisch-fraenkischer-wald\/traditionelle-toepferkunst-im-schwaebisch-fraenkischen-wald\/#breadcrumb\",\"itemListElement\":[{\"@type\":\"ListItem\",\"position\":1,\"name\":\"Home\",\"item\":\"https:\/\/www.naturparkmagazin.de\/schwaebisch-fraenkischer-wald\/\"},{\"@type\":\"ListItem\",\"position\":2,\"name\":\"Traditionelle T\u00f6pferkunst im Schw\u00e4bisch-Fr\u00e4nkischen Wald\"}]},{\"@type\":\"WebSite\",\"@id\":\"https:\/\/www.naturparkmagazin.de\/schwaebisch-fraenkischer-wald\/#website\",\"url\":\"https:\/\/www.naturparkmagazin.de\/schwaebisch-fraenkischer-wald\/\",\"name\":\"Naturpark Schw\u00e4bisch-Fr\u00e4nkischer Wald\",\"description\":\"\",\"potentialAction\":[{\"@type\":\"SearchAction\",\"target\":{\"@type\":\"EntryPoint\",\"urlTemplate\":\"https:\/\/www.naturparkmagazin.de\/schwaebisch-fraenkischer-wald\/?s={search_term_string}\"},\"query-input\":\"required name=search_term_string\"}],\"inLanguage\":\"de\"},{\"@type\":\"Person\",\"@id\":\"https:\/\/www.naturparkmagazin.de\/schwaebisch-fraenkischer-wald\/#\/schema\/person\/f047a3702ae747fd7830cf8ac95e6066\",\"name\":\"Naturpark-Team\",\"sameAs\":[\"http:\/\/www.naturpark-sfw.de\",\"https:\/\/www.facebook.com\/naturparkSFW\"],\"url\":\"https:\/\/www.naturparkmagazin.de\/schwaebisch-fraenkischer-wald\/author\/bernharddrixler\/\"}]}<\/script>\n<!-- \/ Yoast SEO plugin. -->","yoast_head_json":{"title":"Traditionelle T\u00f6pferkunst im Schw\u00e4bisch-Fr\u00e4nkischen Wald - Naturpark Schw\u00e4bisch-Fr\u00e4nkischer Wald","robots":{"index":"index","follow":"follow","max-snippet":"max-snippet:-1","max-image-preview":"max-image-preview:large","max-video-preview":"max-video-preview:-1"},"canonical":"https:\/\/www.naturparkmagazin.de\/schwaebisch-fraenkischer-wald\/traditionelle-toepferkunst-im-schwaebisch-fraenkischen-wald\/","og_locale":"de_DE","og_type":"article","og_title":"Traditionelle T\u00f6pferkunst im Schw\u00e4bisch-Fr\u00e4nkischen Wald - Naturpark Schw\u00e4bisch-Fr\u00e4nkischer Wald","og_description":"Das T\u00f6pferhandwerk hat im Schw\u00e4bisch-Fr\u00e4nkischen Wald eine Jahrhunderte lange Tradition.","og_url":"https:\/\/www.naturparkmagazin.de\/schwaebisch-fraenkischer-wald\/traditionelle-toepferkunst-im-schwaebisch-fraenkischen-wald\/","og_site_name":"Naturpark Schw\u00e4bisch-Fr\u00e4nkischer Wald","article_author":"https:\/\/www.facebook.com\/naturparkSFW","article_published_time":"2015-01-19T12:07:16+00:00","article_modified_time":"2015-01-21T12:35:54+00:00","og_image":[{"width":640,"height":480,"url":"https:\/\/www.naturparkmagazin.de\/schwaebisch-fraenkischer-wald\/wp-content\/uploads\/sites\/34\/Lautertal-Keramik.jpg","type":"image\/jpeg"}],"author":"Naturpark-Team","twitter_misc":{"Verfasst von":"Naturpark-Team","Gesch\u00e4tzte Lesezeit":"1\u00a0Minute"},"schema":{"@context":"https:\/\/schema.org","@graph":[{"@type":"WebPage","@id":"https:\/\/www.naturparkmagazin.de\/schwaebisch-fraenkischer-wald\/traditionelle-toepferkunst-im-schwaebisch-fraenkischen-wald\/","url":"https:\/\/www.naturparkmagazin.de\/schwaebisch-fraenkischer-wald\/traditionelle-toepferkunst-im-schwaebisch-fraenkischen-wald\/","name":"Traditionelle T\u00f6pferkunst im Schw\u00e4bisch-Fr\u00e4nkischen Wald - Naturpark Schw\u00e4bisch-Fr\u00e4nkischer Wald","isPartOf":{"@id":"https:\/\/www.naturparkmagazin.de\/schwaebisch-fraenkischer-wald\/#website"},"datePublished":"2015-01-19T12:07:16+00:00","dateModified":"2015-01-21T12:35:54+00:00","author":{"@id":"https:\/\/www.naturparkmagazin.de\/schwaebisch-fraenkischer-wald\/#\/schema\/person\/f047a3702ae747fd7830cf8ac95e6066"},"breadcrumb":{"@id":"https:\/\/www.naturparkmagazin.de\/schwaebisch-fraenkischer-wald\/traditionelle-toepferkunst-im-schwaebisch-fraenkischen-wald\/#breadcrumb"},"inLanguage":"de","potentialAction":[{"@type":"ReadAction","target":["https:\/\/www.naturparkmagazin.de\/schwaebisch-fraenkischer-wald\/traditionelle-toepferkunst-im-schwaebisch-fraenkischen-wald\/"]}]},{"@type":"BreadcrumbList","@id":"https:\/\/www.naturparkmagazin.de\/schwaebisch-fraenkischer-wald\/traditionelle-toepferkunst-im-schwaebisch-fraenkischen-wald\/#breadcrumb","itemListElement":[{"@type":"ListItem","position":1,"name":"Home","item":"https:\/\/www.naturparkmagazin.de\/schwaebisch-fraenkischer-wald\/"},{"@type":"ListItem","position":2,"name":"Traditionelle T\u00f6pferkunst im Schw\u00e4bisch-Fr\u00e4nkischen Wald"}]},{"@type":"WebSite","@id":"https:\/\/www.naturparkmagazin.de\/schwaebisch-fraenkischer-wald\/#website","url":"https:\/\/www.naturparkmagazin.de\/schwaebisch-fraenkischer-wald\/","name":"Naturpark Schw\u00e4bisch-Fr\u00e4nkischer Wald","description":"","potentialAction":[{"@type":"SearchAction","target":{"@type":"EntryPoint","urlTemplate":"https:\/\/www.naturparkmagazin.de\/schwaebisch-fraenkischer-wald\/?s={search_term_string}"},"query-input":"required name=search_term_string"}],"inLanguage":"de"},{"@type":"Person","@id":"https:\/\/www.naturparkmagazin.de\/schwaebisch-fraenkischer-wald\/#\/schema\/person\/f047a3702ae747fd7830cf8ac95e6066","name":"Naturpark-Team","sameAs":["http:\/\/www.naturpark-sfw.de","https:\/\/www.facebook.com\/naturparkSFW"],"url":"https:\/\/www.naturparkmagazin.de\/schwaebisch-fraenkischer-wald\/author\/bernharddrixler\/"}]}},"_links":{"self":[{"href":"https:\/\/www.naturparkmagazin.de\/schwaebisch-fraenkischer-wald\/wp-json\/wp\/v2\/posts\/1546"}],"collection":[{"href":"https:\/\/www.naturparkmagazin.de\/schwaebisch-fraenkischer-wald\/wp-json\/wp\/v2\/posts"}],"about":[{"href":"https:\/\/www.naturparkmagazin.de\/schwaebisch-fraenkischer-wald\/wp-json\/wp\/v2\/types\/post"}],"author":[{"embeddable":true,"href":"https:\/\/www.naturparkmagazin.de\/schwaebisch-fraenkischer-wald\/wp-json\/wp\/v2\/users\/25"}],"replies":[{"embeddable":true,"href":"https:\/\/www.naturparkmagazin.de\/schwaebisch-fraenkischer-wald\/wp-json\/wp\/v2\/comments?post=1546"}],"version-history":[{"count":4,"href":"https:\/\/www.naturparkmagazin.de\/schwaebisch-fraenkischer-wald\/wp-json\/wp\/v2\/posts\/1546\/revisions"}],"predecessor-version":[{"id":1556,"href":"https:\/\/www.naturparkmagazin.de\/schwaebisch-fraenkischer-wald\/wp-json\/wp\/v2\/posts\/1546\/revisions\/1556"}],"wp:featuredmedia":[{"embeddable":true,"href":"https:\/\/www.naturparkmagazin.de\/schwaebisch-fraenkischer-wald\/wp-json\/wp\/v2\/media\/1547"}],"wp:attachment":[{"href":"https:\/\/www.naturparkmagazin.de\/schwaebisch-fraenkischer-wald\/wp-json\/wp\/v2\/media?parent=1546"}],"wp:term":[{"taxonomy":"category","embeddable":true,"href":"https:\/\/www.naturparkmagazin.de\/schwaebisch-fraenkischer-wald\/wp-json\/wp\/v2\/categories?post=1546"},{"taxonomy":"post_tag","embeddable":true,"href":"https:\/\/www.naturparkmagazin.de\/schwaebisch-fraenkischer-wald\/wp-json\/wp\/v2\/tags?post=1546"}],"curies":[{"name":"wp","href":"https:\/\/api.w.org\/{rel}","templated":true}]}}