{"id":1650,"date":"2015-03-18T09:41:04","date_gmt":"2015-03-18T08:41:04","guid":{"rendered":"http:\/\/www.naturparkmagazin.de\/schwaebisch-fraenkischer-wald\/?p=1650"},"modified":"2015-03-16T10:11:44","modified_gmt":"2015-03-16T09:11:44","slug":"die-kommunen-im-naturpark-berglen","status":"publish","type":"post","link":"https:\/\/www.naturparkmagazin.de\/schwaebisch-fraenkischer-wald\/die-kommunen-im-naturpark-berglen\/","title":{"rendered":"Die Kommunen im Naturpark &#8211; Berglen"},"content":{"rendered":"<div id=\"attachment_1651\" style=\"width: 310px\" class=\"wp-caption alignright\"><a href=\"https:\/\/www.naturparkmagazin.de\/schwaebisch-fraenkischer-wald\/wp-content\/uploads\/sites\/34\/Maximilian-Friedrich.jpg\"><img aria-describedby=\"caption-attachment-1651\" decoding=\"async\" loading=\"lazy\" class=\"size-thumbnail wp-image-1651 \" alt=\"\" src=\"https:\/\/www.naturparkmagazin.de\/schwaebisch-fraenkischer-wald\/wp-content\/uploads\/sites\/34\/Maximilian-Friedrich-300x328.jpg\" width=\"300\" height=\"328\" srcset=\"https:\/\/www.naturparkmagazin.de\/schwaebisch-fraenkischer-wald\/wp-content\/uploads\/sites\/34\/Maximilian-Friedrich-300x328.jpg 300w, https:\/\/www.naturparkmagazin.de\/schwaebisch-fraenkischer-wald\/wp-content\/uploads\/sites\/34\/Maximilian-Friedrich-200x219.jpg 200w, https:\/\/www.naturparkmagazin.de\/schwaebisch-fraenkischer-wald\/wp-content\/uploads\/sites\/34\/Maximilian-Friedrich.jpg 480w\" sizes=\"(max-width: 300px) 100vw, 300px\" \/><\/a><p id=\"caption-attachment-1651\" class=\"wp-caption-text\">Maximilian Friedrich, B\u00fcrgermeister der Gemeinde Berglen<\/p><\/div>\n<p>Seit 2012 ist Maximilian Friedrich B\u00fcrgermeister der Gemeinde Berglen.\nF\u00fcr den Naturpark-Newsletter hat er uns Antworten auf einige neugierige Fragen gegeben:<\/p>\n<dl class=\"wp-caption alignright\" id=\"attachment_1651\" style=\"width: 310px\">\n<dd class=\"wp-caption-dd\"><\/dd>\n<\/dl>\n<p><strong>Meine Lieblingswanderstrecke&#8230;\n<\/strong> Aufgrund der unglaublich vielen sch\u00f6nen Orte in Berglen gibt es f\u00fcr mich nicht einen bestimmten Weg. Besonders reizvoll sind die Wanderwege von Bretzenacker \u00fcber Oberweiler nach Oppelsbohm, vom Waldspielplatz bei Kottweil nach Steinach, der Verbindungsweg von \u00d6dernhardt nach Oppelsbohm, der H\u00f6henweg von \u00d6schelbronn zum Wanderparkplatz \u201eGabrain\u201c oder der Rundweg vom Reichenbacher Spielplatz zur Anh\u00f6he oberhalb von Spechtshof und Lehnenberg und wieder retour. Zweifelsohne bilden die Berglen hier ein tolles Kleinod, insbesondere im Fr\u00fchjahr zur Zeit der Apfelbl\u00fcte, wenn ca. 35.000 Streuobstb\u00e4ume in unsere Gemeinde in ein ganz besonderes Highlight setzen.<\/p>\n<p><strong>Mein Lieblingsplatz in der eigenen Kommune&#8230;<\/strong>\nNeben dem Rathaus in der Ortsmitte von Oppelsbohm in unmittelbarer N\u00e4he zur markanten Mauritiuskirche ist es der heimische Balkon mit Sicht auf zahlreiche Orte der Berglen sowie die Aussichtspunkte oberhalb von Reichenbach, am St\u00f6ckenhof und in der N\u00e4he von Kottweil.<\/p>\n<p><strong>Mein Lieblingsessen&#8230;<\/strong>\nSchw\u00e4bischer Zwiebelrostbraten mit Sp\u00e4tzle und Salat.<\/p>\n<p>&nbsp;<\/p>\n<p>&nbsp;<\/p>\n<div id=\"attachment_1652\" style=\"width: 303px\" class=\"wp-caption alignright\"><a href=\"https:\/\/www.naturparkmagazin.de\/schwaebisch-fraenkischer-wald\/wp-content\/uploads\/sites\/34\/Gemeinde-Berglen.jpg\"><img aria-describedby=\"caption-attachment-1652\" decoding=\"async\" loading=\"lazy\" class=\"size-full wp-image-1652\" title=\"Gemeinde Berglen (Foto: www.berglen.de)\" alt=\"\" src=\"https:\/\/www.naturparkmagazin.de\/schwaebisch-fraenkischer-wald\/wp-content\/uploads\/sites\/34\/Gemeinde-Berglen.jpg\" width=\"293\" height=\"220\" srcset=\"https:\/\/www.naturparkmagazin.de\/schwaebisch-fraenkischer-wald\/wp-content\/uploads\/sites\/34\/Gemeinde-Berglen.jpg 293w, https:\/\/www.naturparkmagazin.de\/schwaebisch-fraenkischer-wald\/wp-content\/uploads\/sites\/34\/Gemeinde-Berglen-180x135.jpg 180w, https:\/\/www.naturparkmagazin.de\/schwaebisch-fraenkischer-wald\/wp-content\/uploads\/sites\/34\/Gemeinde-Berglen-95x71.jpg 95w, https:\/\/www.naturparkmagazin.de\/schwaebisch-fraenkischer-wald\/wp-content\/uploads\/sites\/34\/Gemeinde-Berglen-200x150.jpg 200w\" sizes=\"(max-width: 293px) 100vw, 293px\" \/><\/a><p id=\"caption-attachment-1652\" class=\"wp-caption-text\">Gemeinde Berglen (Foto: www.berglen.de)<\/p><\/div>\n<p><strong>Die Gemeinde Berglen ist in vielerlei Hinsicht eine besondere Gemeinde.<\/strong>\nUmgeben von Streuobst, W\u00e4ldern, \u00c4ckern und Wiesen bilden 21 Teilorte, Weiler und H\u00f6fe die Gesamtgemeinde Berglen. Berglen liegt einerseits am Rande des Schw\u00e4bisch-Fr\u00e4nkischen Waldes, andererseits aber nur ca. 30 km \u00f6stlich von Stuttgart und etwa jeweils 7 km von den\u00a0Gro\u00dfen Kreisst\u00e4dten Winnenden und Schorndorf entfernt. Die sehr gute Verkehrsanbindung, das intensive Vereinsleben und die familienfreundlichen Angebote machen Berglen zu einer attraktiven Wohnortgemeinde. Seit Jahren nimmt die Gemeinde Berglen best\u00e4ndig an Einwohnern zu, insbesondere junge Familien sch\u00e4tzen die Vorz\u00fcge der l\u00e4ndlichen Idylle bei gleichzeitig kurzen Wegen zu den St\u00e4dten. Die malerische Landschaft und die herrliche Lage mitten im Herzen der Keuperh\u00fcgellandschaft \u201eIn den Berglen\u201c machen die Gemeinde zu einem beliebten Wohnort und gefragten Naherholungsgebiet.\u00a0Die Gemeinde Berglen wurde 1972 durch Zusammenschluss der zuvor politisch selbst\u00e4ndigen Gemeinden Bretzenacker, \u00d6dernhardt, \u00d6schelbronn, Oppelsbohm, Reichenbach, Rettersburg, Steinach und Vorderwei\u00dfbuch gegr\u00fcndet. H\u00f6\u00dflinswart kam noch 1975 hinzu. Dies war gleichzeitig der gr\u00f6\u00dfte Zusammenschluss aller ehemals selbstst\u00e4ndigen Gemeinden im gesamten Rems-Murr-Kreis. Ihre Bewohner f\u00fchlen sich als \u201eBerglener\u201c zusammengeh\u00f6rig und doch f\u00fchrt jede Teilgemeinde mit Vereinen und Dorffesten noch ein gewisses Eigenleben.<\/p>\n","protected":false},"excerpt":{"rendered":"<p>B\u00fcrgermeister Maximilian Friedrich stellt seine Gemeinde Berglen vor<\/p>\n","protected":false},"author":25,"featured_media":1651,"comment_status":"open","ping_status":"open","sticky":false,"template":"","format":"standard","meta":[],"categories":[8],"tags":[],"yoast_head":"<!-- This site is optimized with the Yoast SEO plugin v19.10 - https:\/\/yoast.com\/wordpress\/plugins\/seo\/ -->\n<title>Die Kommunen im Naturpark - Berglen - Naturpark Schw\u00e4bisch-Fr\u00e4nkischer Wald<\/title>\n<meta name=\"robots\" content=\"index, follow, max-snippet:-1, max-image-preview:large, max-video-preview:-1\" \/>\n<link rel=\"canonical\" href=\"https:\/\/www.naturparkmagazin.de\/schwaebisch-fraenkischer-wald\/die-kommunen-im-naturpark-berglen\/\" \/>\n<meta property=\"og:locale\" content=\"de_DE\" \/>\n<meta property=\"og:type\" content=\"article\" \/>\n<meta property=\"og:title\" content=\"Die Kommunen im Naturpark - Berglen - Naturpark Schw\u00e4bisch-Fr\u00e4nkischer Wald\" \/>\n<meta property=\"og:description\" content=\"B\u00fcrgermeister Maximilian Friedrich stellt seine Gemeinde Berglen vor\" \/>\n<meta property=\"og:url\" content=\"https:\/\/www.naturparkmagazin.de\/schwaebisch-fraenkischer-wald\/die-kommunen-im-naturpark-berglen\/\" \/>\n<meta property=\"og:site_name\" content=\"Naturpark Schw\u00e4bisch-Fr\u00e4nkischer Wald\" \/>\n<meta property=\"article:author\" content=\"https:\/\/www.facebook.com\/naturparkSFW\" \/>\n<meta property=\"article:published_time\" content=\"2015-03-18T08:41:04+00:00\" \/>\n<meta property=\"article:modified_time\" content=\"2015-03-16T09:11:44+00:00\" \/>\n<meta property=\"og:image\" content=\"https:\/\/www.naturparkmagazin.de\/schwaebisch-fraenkischer-wald\/wp-content\/uploads\/sites\/34\/Maximilian-Friedrich.jpg\" \/>\n\t<meta property=\"og:image:width\" content=\"480\" \/>\n\t<meta property=\"og:image:height\" content=\"525\" \/>\n\t<meta property=\"og:image:type\" content=\"image\/jpeg\" \/>\n<meta name=\"author\" content=\"Naturpark-Team\" \/>\n<meta name=\"twitter:label1\" content=\"Verfasst von\" \/>\n\t<meta name=\"twitter:data1\" content=\"Naturpark-Team\" \/>\n\t<meta name=\"twitter:label2\" content=\"Gesch\u00e4tzte Lesezeit\" \/>\n\t<meta name=\"twitter:data2\" content=\"2\u00a0Minuten\" \/>\n<script type=\"application\/ld+json\" class=\"yoast-schema-graph\">{\"@context\":\"https:\/\/schema.org\",\"@graph\":[{\"@type\":\"WebPage\",\"@id\":\"https:\/\/www.naturparkmagazin.de\/schwaebisch-fraenkischer-wald\/die-kommunen-im-naturpark-berglen\/\",\"url\":\"https:\/\/www.naturparkmagazin.de\/schwaebisch-fraenkischer-wald\/die-kommunen-im-naturpark-berglen\/\",\"name\":\"Die Kommunen im Naturpark - Berglen - Naturpark Schw\u00e4bisch-Fr\u00e4nkischer Wald\",\"isPartOf\":{\"@id\":\"https:\/\/www.naturparkmagazin.de\/schwaebisch-fraenkischer-wald\/#website\"},\"datePublished\":\"2015-03-18T08:41:04+00:00\",\"dateModified\":\"2015-03-16T09:11:44+00:00\",\"author\":{\"@id\":\"https:\/\/www.naturparkmagazin.de\/schwaebisch-fraenkischer-wald\/#\/schema\/person\/f047a3702ae747fd7830cf8ac95e6066\"},\"breadcrumb\":{\"@id\":\"https:\/\/www.naturparkmagazin.de\/schwaebisch-fraenkischer-wald\/die-kommunen-im-naturpark-berglen\/#breadcrumb\"},\"inLanguage\":\"de\",\"potentialAction\":[{\"@type\":\"ReadAction\",\"target\":[\"https:\/\/www.naturparkmagazin.de\/schwaebisch-fraenkischer-wald\/die-kommunen-im-naturpark-berglen\/\"]}]},{\"@type\":\"BreadcrumbList\",\"@id\":\"https:\/\/www.naturparkmagazin.de\/schwaebisch-fraenkischer-wald\/die-kommunen-im-naturpark-berglen\/#breadcrumb\",\"itemListElement\":[{\"@type\":\"ListItem\",\"position\":1,\"name\":\"Home\",\"item\":\"https:\/\/www.naturparkmagazin.de\/schwaebisch-fraenkischer-wald\/\"},{\"@type\":\"ListItem\",\"position\":2,\"name\":\"Die Kommunen im Naturpark &#8211; Berglen\"}]},{\"@type\":\"WebSite\",\"@id\":\"https:\/\/www.naturparkmagazin.de\/schwaebisch-fraenkischer-wald\/#website\",\"url\":\"https:\/\/www.naturparkmagazin.de\/schwaebisch-fraenkischer-wald\/\",\"name\":\"Naturpark Schw\u00e4bisch-Fr\u00e4nkischer Wald\",\"description\":\"\",\"potentialAction\":[{\"@type\":\"SearchAction\",\"target\":{\"@type\":\"EntryPoint\",\"urlTemplate\":\"https:\/\/www.naturparkmagazin.de\/schwaebisch-fraenkischer-wald\/?s={search_term_string}\"},\"query-input\":\"required name=search_term_string\"}],\"inLanguage\":\"de\"},{\"@type\":\"Person\",\"@id\":\"https:\/\/www.naturparkmagazin.de\/schwaebisch-fraenkischer-wald\/#\/schema\/person\/f047a3702ae747fd7830cf8ac95e6066\",\"name\":\"Naturpark-Team\",\"sameAs\":[\"http:\/\/www.naturpark-sfw.de\",\"https:\/\/www.facebook.com\/naturparkSFW\"],\"url\":\"https:\/\/www.naturparkmagazin.de\/schwaebisch-fraenkischer-wald\/author\/bernharddrixler\/\"}]}<\/script>\n<!-- \/ Yoast SEO plugin. -->","yoast_head_json":{"title":"Die Kommunen im Naturpark - Berglen - Naturpark Schw\u00e4bisch-Fr\u00e4nkischer Wald","robots":{"index":"index","follow":"follow","max-snippet":"max-snippet:-1","max-image-preview":"max-image-preview:large","max-video-preview":"max-video-preview:-1"},"canonical":"https:\/\/www.naturparkmagazin.de\/schwaebisch-fraenkischer-wald\/die-kommunen-im-naturpark-berglen\/","og_locale":"de_DE","og_type":"article","og_title":"Die Kommunen im Naturpark - Berglen - Naturpark Schw\u00e4bisch-Fr\u00e4nkischer Wald","og_description":"B\u00fcrgermeister Maximilian Friedrich stellt seine Gemeinde Berglen vor","og_url":"https:\/\/www.naturparkmagazin.de\/schwaebisch-fraenkischer-wald\/die-kommunen-im-naturpark-berglen\/","og_site_name":"Naturpark Schw\u00e4bisch-Fr\u00e4nkischer Wald","article_author":"https:\/\/www.facebook.com\/naturparkSFW","article_published_time":"2015-03-18T08:41:04+00:00","article_modified_time":"2015-03-16T09:11:44+00:00","og_image":[{"width":480,"height":525,"url":"https:\/\/www.naturparkmagazin.de\/schwaebisch-fraenkischer-wald\/wp-content\/uploads\/sites\/34\/Maximilian-Friedrich.jpg","type":"image\/jpeg"}],"author":"Naturpark-Team","twitter_misc":{"Verfasst von":"Naturpark-Team","Gesch\u00e4tzte Lesezeit":"2\u00a0Minuten"},"schema":{"@context":"https:\/\/schema.org","@graph":[{"@type":"WebPage","@id":"https:\/\/www.naturparkmagazin.de\/schwaebisch-fraenkischer-wald\/die-kommunen-im-naturpark-berglen\/","url":"https:\/\/www.naturparkmagazin.de\/schwaebisch-fraenkischer-wald\/die-kommunen-im-naturpark-berglen\/","name":"Die Kommunen im Naturpark - Berglen - Naturpark Schw\u00e4bisch-Fr\u00e4nkischer Wald","isPartOf":{"@id":"https:\/\/www.naturparkmagazin.de\/schwaebisch-fraenkischer-wald\/#website"},"datePublished":"2015-03-18T08:41:04+00:00","dateModified":"2015-03-16T09:11:44+00:00","author":{"@id":"https:\/\/www.naturparkmagazin.de\/schwaebisch-fraenkischer-wald\/#\/schema\/person\/f047a3702ae747fd7830cf8ac95e6066"},"breadcrumb":{"@id":"https:\/\/www.naturparkmagazin.de\/schwaebisch-fraenkischer-wald\/die-kommunen-im-naturpark-berglen\/#breadcrumb"},"inLanguage":"de","potentialAction":[{"@type":"ReadAction","target":["https:\/\/www.naturparkmagazin.de\/schwaebisch-fraenkischer-wald\/die-kommunen-im-naturpark-berglen\/"]}]},{"@type":"BreadcrumbList","@id":"https:\/\/www.naturparkmagazin.de\/schwaebisch-fraenkischer-wald\/die-kommunen-im-naturpark-berglen\/#breadcrumb","itemListElement":[{"@type":"ListItem","position":1,"name":"Home","item":"https:\/\/www.naturparkmagazin.de\/schwaebisch-fraenkischer-wald\/"},{"@type":"ListItem","position":2,"name":"Die Kommunen im Naturpark &#8211; Berglen"}]},{"@type":"WebSite","@id":"https:\/\/www.naturparkmagazin.de\/schwaebisch-fraenkischer-wald\/#website","url":"https:\/\/www.naturparkmagazin.de\/schwaebisch-fraenkischer-wald\/","name":"Naturpark Schw\u00e4bisch-Fr\u00e4nkischer Wald","description":"","potentialAction":[{"@type":"SearchAction","target":{"@type":"EntryPoint","urlTemplate":"https:\/\/www.naturparkmagazin.de\/schwaebisch-fraenkischer-wald\/?s={search_term_string}"},"query-input":"required name=search_term_string"}],"inLanguage":"de"},{"@type":"Person","@id":"https:\/\/www.naturparkmagazin.de\/schwaebisch-fraenkischer-wald\/#\/schema\/person\/f047a3702ae747fd7830cf8ac95e6066","name":"Naturpark-Team","sameAs":["http:\/\/www.naturpark-sfw.de","https:\/\/www.facebook.com\/naturparkSFW"],"url":"https:\/\/www.naturparkmagazin.de\/schwaebisch-fraenkischer-wald\/author\/bernharddrixler\/"}]}},"_links":{"self":[{"href":"https:\/\/www.naturparkmagazin.de\/schwaebisch-fraenkischer-wald\/wp-json\/wp\/v2\/posts\/1650"}],"collection":[{"href":"https:\/\/www.naturparkmagazin.de\/schwaebisch-fraenkischer-wald\/wp-json\/wp\/v2\/posts"}],"about":[{"href":"https:\/\/www.naturparkmagazin.de\/schwaebisch-fraenkischer-wald\/wp-json\/wp\/v2\/types\/post"}],"author":[{"embeddable":true,"href":"https:\/\/www.naturparkmagazin.de\/schwaebisch-fraenkischer-wald\/wp-json\/wp\/v2\/users\/25"}],"replies":[{"embeddable":true,"href":"https:\/\/www.naturparkmagazin.de\/schwaebisch-fraenkischer-wald\/wp-json\/wp\/v2\/comments?post=1650"}],"version-history":[{"count":5,"href":"https:\/\/www.naturparkmagazin.de\/schwaebisch-fraenkischer-wald\/wp-json\/wp\/v2\/posts\/1650\/revisions"}],"predecessor-version":[{"id":1663,"href":"https:\/\/www.naturparkmagazin.de\/schwaebisch-fraenkischer-wald\/wp-json\/wp\/v2\/posts\/1650\/revisions\/1663"}],"wp:featuredmedia":[{"embeddable":true,"href":"https:\/\/www.naturparkmagazin.de\/schwaebisch-fraenkischer-wald\/wp-json\/wp\/v2\/media\/1651"}],"wp:attachment":[{"href":"https:\/\/www.naturparkmagazin.de\/schwaebisch-fraenkischer-wald\/wp-json\/wp\/v2\/media?parent=1650"}],"wp:term":[{"taxonomy":"category","embeddable":true,"href":"https:\/\/www.naturparkmagazin.de\/schwaebisch-fraenkischer-wald\/wp-json\/wp\/v2\/categories?post=1650"},{"taxonomy":"post_tag","embeddable":true,"href":"https:\/\/www.naturparkmagazin.de\/schwaebisch-fraenkischer-wald\/wp-json\/wp\/v2\/tags?post=1650"}],"curies":[{"name":"wp","href":"https:\/\/api.w.org\/{rel}","templated":true}]}}