{"id":1664,"date":"2015-03-18T10:12:48","date_gmt":"2015-03-18T09:12:48","guid":{"rendered":"http:\/\/www.naturparkmagazin.de\/schwaebisch-fraenkischer-wald\/?p=1664"},"modified":"2015-03-16T10:32:31","modified_gmt":"2015-03-16T09:32:31","slug":"brauereigasthof-lamm-ein-naturparkteller-wirt-stellt-sich-vor","status":"publish","type":"post","link":"https:\/\/www.naturparkmagazin.de\/schwaebisch-fraenkischer-wald\/brauereigasthof-lamm-ein-naturparkteller-wirt-stellt-sich-vor\/","title":{"rendered":"Brauereigasthof Lamm &#8211; ein Naturparkteller-Wirt stellt sich vor"},"content":{"rendered":"<div id=\"attachment_1669\" style=\"width: 310px\" class=\"wp-caption alignright\"><a href=\"https:\/\/www.naturparkmagazin.de\/schwaebisch-fraenkischer-wald\/wp-content\/uploads\/sites\/34\/Lamm-Brauerei.jpg\"><img aria-describedby=\"caption-attachment-1669\" decoding=\"async\" loading=\"lazy\" class=\"size-thumbnail wp-image-1669\" alt=\"Lammbrauerei in Abtsgm\u00fcnd-Untergr\u00f6ningen\" src=\"https:\/\/www.naturparkmagazin.de\/schwaebisch-fraenkischer-wald\/wp-content\/uploads\/sites\/34\/Lamm-Brauerei-300x134.jpg\" width=\"300\" height=\"134\" \/><\/a><p id=\"caption-attachment-1669\" class=\"wp-caption-text\">Lammbrauerei in Abtsgm\u00fcnd-Untergr\u00f6ningen<\/p><\/div>\n<p><b>Brauereigasthof zum Lamm in Abtsgm\u00fcnd-Untergr\u00f6ningen<\/b><\/p>\n<p>In Untergr\u00f6ningens Brauereigasthof ist Tradition die Grundlage einer ehrlichen K\u00fcche, die nicht nur von Einheimischen gesch\u00e4tzt wird, sondern auch Ferieng\u00e4ste des Kochertals begeistert. Hier wird noch mit Regelm\u00e4\u00dfigkeit eine lieb-gewonnene Wirtshaus-Gewohnheit gepflegt, wenn sich zu Mittag die \u00e4lteren Herrschaften am runden Stammtisch versammeln. Da wird politisiert, der neueste Tratsch ausgetauscht und dem frisch gezapften Bier in gro\u00dfen Kr\u00fcgen oder Gl\u00e4sern zugesprochen. Seniorchef Heinrich Kunz ist meist mit von der Partie, und Tochter Annette Hafner sorgt daf\u00fcr, dass der fl\u00fcssige Nachschub auch rechtzeitig auf den Tisch kommt. Als Gastgeberin hat sie Wirtsstube und K\u00fcche im Blick, k\u00fcmmert sich um die G\u00e4ste und schaut schon am Morgen in der K\u00fcche nach, ob die Vorbereitungen f\u00fcr den Tag angelaufen sind. Schw\u00e4bische K\u00f6stlichkeiten sind rauf und runter auf der Speisekarte zu finden, von Sauren Nierle \u00fcber Gai\u00dfburger Marsch bis zum Zwiebelrostbraten. Und nat\u00fcrlich werden auch die Brau-Erzeugnisse aufgelistet, f\u00fcr die das \u201eLammbr\u00e4u\u201c bei Biertrinkern so hoch im Kurs steht und um die sich Sagen ranken, von der s\u00e4umigen Magd Appolina, die dem \u201eBierappel\u201c seinen Namen gab, bis zum \u201eKocherreiter Pils\u201c. Schon seit 1830 ist die Familie Kunz, nun in der f\u00fcnften Generation, im Besitz der Lammbrauerei, Sohn Andreas und der Senior f\u00fchren Sie heute gemeinsam. Der Betrieb wurde mittlerweile modernisiert und auf mehrere Beine gestellt: Zum \u201eLamm\u201c geh\u00f6ren neben Gasthof und Brauerei auch ein Zeltvertrieb und ein Getr\u00e4nkehandel. Es ist offensichtlich der Zusammenhalt der Familie, die hier miteinander arbeitet und dem Einkehrer eine herzlichen Aufenthalt beschert.<\/p>\n<p>Naturparkteller-Gerichte 2015 im Lamm:<\/p>\n<p>1. Februar \u2013 30. Juni\nSchweinelendchen auf Sp\u00e4tzle, mit hausgemachter geschm\u00e4lzter Maultasche und ged\u00e4mpften Zwiebeln in Bierso\u00dfe, dazu Salate der Saison, \u00bc Wein\n(wahlweise kann auch ein naturtr\u00fcbes Pils bestellt werden)<\/p>\n<p>1. Juli \u2013 31. Dezember\nGeschmorte B\u00e4ckchen vom Schw\u00e4bisch-H\u00e4llischen Landschwein in Dunkelbierso\u00dfe mit hausgemachten Sp\u00e4tzle, dazu Salate der Saison, \u00bc Wein\n(wahlweise kann auch ein naturtr\u00fcbes Pils bestellt werden)<\/p>\n<p><b>Wirtin: Annette Hafner\nK\u00fcche: Florian Mai und Thomas Bodner\nBrauerei: Andreas und Heinrich Kunz<\/b><\/p>\n<p>&nbsp;<\/p>\n<p>Weitere Informationen finden Sie hier: <a href=\"http:\/\/www.lammbrauerei.de\" target=\"_blank\"><b>www.lammbrauerei.de<\/b><\/a><\/p>\n","protected":false},"excerpt":{"rendered":"<p>Seit 1830 ist die Familie Kunz, nun in der f\u00fcnften Generation, im Besitz der Lammbrauerei<\/p>\n","protected":false},"author":25,"featured_media":1669,"comment_status":"open","ping_status":"open","sticky":false,"template":"","format":"standard","meta":[],"categories":[10],"tags":[],"yoast_head":"<!-- This site is optimized with the Yoast SEO plugin v19.10 - https:\/\/yoast.com\/wordpress\/plugins\/seo\/ -->\n<title>Brauereigasthof Lamm - ein Naturparkteller-Wirt stellt sich vor - Naturpark Schw\u00e4bisch-Fr\u00e4nkischer Wald<\/title>\n<meta name=\"robots\" content=\"index, follow, max-snippet:-1, max-image-preview:large, max-video-preview:-1\" \/>\n<link rel=\"canonical\" href=\"https:\/\/www.naturparkmagazin.de\/schwaebisch-fraenkischer-wald\/brauereigasthof-lamm-ein-naturparkteller-wirt-stellt-sich-vor\/\" \/>\n<meta property=\"og:locale\" content=\"de_DE\" \/>\n<meta property=\"og:type\" content=\"article\" \/>\n<meta property=\"og:title\" content=\"Brauereigasthof Lamm - ein Naturparkteller-Wirt stellt sich vor - Naturpark Schw\u00e4bisch-Fr\u00e4nkischer Wald\" \/>\n<meta property=\"og:description\" content=\"Seit 1830 ist die Familie Kunz, nun in der f\u00fcnften Generation, im Besitz der Lammbrauerei\" \/>\n<meta property=\"og:url\" content=\"https:\/\/www.naturparkmagazin.de\/schwaebisch-fraenkischer-wald\/brauereigasthof-lamm-ein-naturparkteller-wirt-stellt-sich-vor\/\" \/>\n<meta property=\"og:site_name\" content=\"Naturpark Schw\u00e4bisch-Fr\u00e4nkischer Wald\" \/>\n<meta property=\"article:author\" content=\"https:\/\/www.facebook.com\/naturparkSFW\" \/>\n<meta property=\"article:published_time\" content=\"2015-03-18T09:12:48+00:00\" \/>\n<meta property=\"article:modified_time\" content=\"2015-03-16T09:32:31+00:00\" \/>\n<meta property=\"og:image\" content=\"https:\/\/www.naturparkmagazin.de\/schwaebisch-fraenkischer-wald\/wp-content\/uploads\/sites\/34\/Lamm-Brauerei.jpg\" \/>\n\t<meta property=\"og:image:width\" content=\"640\" \/>\n\t<meta property=\"og:image:height\" content=\"287\" \/>\n\t<meta property=\"og:image:type\" content=\"image\/jpeg\" \/>\n<meta name=\"author\" content=\"Naturpark-Team\" \/>\n<meta name=\"twitter:label1\" content=\"Verfasst von\" \/>\n\t<meta name=\"twitter:data1\" content=\"Naturpark-Team\" \/>\n\t<meta name=\"twitter:label2\" content=\"Gesch\u00e4tzte Lesezeit\" \/>\n\t<meta name=\"twitter:data2\" content=\"2\u00a0Minuten\" \/>\n<script type=\"application\/ld+json\" class=\"yoast-schema-graph\">{\"@context\":\"https:\/\/schema.org\",\"@graph\":[{\"@type\":\"WebPage\",\"@id\":\"https:\/\/www.naturparkmagazin.de\/schwaebisch-fraenkischer-wald\/brauereigasthof-lamm-ein-naturparkteller-wirt-stellt-sich-vor\/\",\"url\":\"https:\/\/www.naturparkmagazin.de\/schwaebisch-fraenkischer-wald\/brauereigasthof-lamm-ein-naturparkteller-wirt-stellt-sich-vor\/\",\"name\":\"Brauereigasthof Lamm - ein Naturparkteller-Wirt stellt sich vor - Naturpark Schw\u00e4bisch-Fr\u00e4nkischer Wald\",\"isPartOf\":{\"@id\":\"https:\/\/www.naturparkmagazin.de\/schwaebisch-fraenkischer-wald\/#website\"},\"datePublished\":\"2015-03-18T09:12:48+00:00\",\"dateModified\":\"2015-03-16T09:32:31+00:00\",\"author\":{\"@id\":\"https:\/\/www.naturparkmagazin.de\/schwaebisch-fraenkischer-wald\/#\/schema\/person\/f047a3702ae747fd7830cf8ac95e6066\"},\"breadcrumb\":{\"@id\":\"https:\/\/www.naturparkmagazin.de\/schwaebisch-fraenkischer-wald\/brauereigasthof-lamm-ein-naturparkteller-wirt-stellt-sich-vor\/#breadcrumb\"},\"inLanguage\":\"de\",\"potentialAction\":[{\"@type\":\"ReadAction\",\"target\":[\"https:\/\/www.naturparkmagazin.de\/schwaebisch-fraenkischer-wald\/brauereigasthof-lamm-ein-naturparkteller-wirt-stellt-sich-vor\/\"]}]},{\"@type\":\"BreadcrumbList\",\"@id\":\"https:\/\/www.naturparkmagazin.de\/schwaebisch-fraenkischer-wald\/brauereigasthof-lamm-ein-naturparkteller-wirt-stellt-sich-vor\/#breadcrumb\",\"itemListElement\":[{\"@type\":\"ListItem\",\"position\":1,\"name\":\"Home\",\"item\":\"https:\/\/www.naturparkmagazin.de\/schwaebisch-fraenkischer-wald\/\"},{\"@type\":\"ListItem\",\"position\":2,\"name\":\"Brauereigasthof Lamm &#8211; ein Naturparkteller-Wirt stellt sich vor\"}]},{\"@type\":\"WebSite\",\"@id\":\"https:\/\/www.naturparkmagazin.de\/schwaebisch-fraenkischer-wald\/#website\",\"url\":\"https:\/\/www.naturparkmagazin.de\/schwaebisch-fraenkischer-wald\/\",\"name\":\"Naturpark Schw\u00e4bisch-Fr\u00e4nkischer Wald\",\"description\":\"\",\"potentialAction\":[{\"@type\":\"SearchAction\",\"target\":{\"@type\":\"EntryPoint\",\"urlTemplate\":\"https:\/\/www.naturparkmagazin.de\/schwaebisch-fraenkischer-wald\/?s={search_term_string}\"},\"query-input\":\"required name=search_term_string\"}],\"inLanguage\":\"de\"},{\"@type\":\"Person\",\"@id\":\"https:\/\/www.naturparkmagazin.de\/schwaebisch-fraenkischer-wald\/#\/schema\/person\/f047a3702ae747fd7830cf8ac95e6066\",\"name\":\"Naturpark-Team\",\"sameAs\":[\"http:\/\/www.naturpark-sfw.de\",\"https:\/\/www.facebook.com\/naturparkSFW\"],\"url\":\"https:\/\/www.naturparkmagazin.de\/schwaebisch-fraenkischer-wald\/author\/bernharddrixler\/\"}]}<\/script>\n<!-- \/ Yoast SEO plugin. -->","yoast_head_json":{"title":"Brauereigasthof Lamm - ein Naturparkteller-Wirt stellt sich vor - Naturpark Schw\u00e4bisch-Fr\u00e4nkischer Wald","robots":{"index":"index","follow":"follow","max-snippet":"max-snippet:-1","max-image-preview":"max-image-preview:large","max-video-preview":"max-video-preview:-1"},"canonical":"https:\/\/www.naturparkmagazin.de\/schwaebisch-fraenkischer-wald\/brauereigasthof-lamm-ein-naturparkteller-wirt-stellt-sich-vor\/","og_locale":"de_DE","og_type":"article","og_title":"Brauereigasthof Lamm - ein Naturparkteller-Wirt stellt sich vor - Naturpark Schw\u00e4bisch-Fr\u00e4nkischer Wald","og_description":"Seit 1830 ist die Familie Kunz, nun in der f\u00fcnften Generation, im Besitz der Lammbrauerei","og_url":"https:\/\/www.naturparkmagazin.de\/schwaebisch-fraenkischer-wald\/brauereigasthof-lamm-ein-naturparkteller-wirt-stellt-sich-vor\/","og_site_name":"Naturpark Schw\u00e4bisch-Fr\u00e4nkischer Wald","article_author":"https:\/\/www.facebook.com\/naturparkSFW","article_published_time":"2015-03-18T09:12:48+00:00","article_modified_time":"2015-03-16T09:32:31+00:00","og_image":[{"width":640,"height":287,"url":"https:\/\/www.naturparkmagazin.de\/schwaebisch-fraenkischer-wald\/wp-content\/uploads\/sites\/34\/Lamm-Brauerei.jpg","type":"image\/jpeg"}],"author":"Naturpark-Team","twitter_misc":{"Verfasst von":"Naturpark-Team","Gesch\u00e4tzte Lesezeit":"2\u00a0Minuten"},"schema":{"@context":"https:\/\/schema.org","@graph":[{"@type":"WebPage","@id":"https:\/\/www.naturparkmagazin.de\/schwaebisch-fraenkischer-wald\/brauereigasthof-lamm-ein-naturparkteller-wirt-stellt-sich-vor\/","url":"https:\/\/www.naturparkmagazin.de\/schwaebisch-fraenkischer-wald\/brauereigasthof-lamm-ein-naturparkteller-wirt-stellt-sich-vor\/","name":"Brauereigasthof Lamm - ein Naturparkteller-Wirt stellt sich vor - Naturpark Schw\u00e4bisch-Fr\u00e4nkischer Wald","isPartOf":{"@id":"https:\/\/www.naturparkmagazin.de\/schwaebisch-fraenkischer-wald\/#website"},"datePublished":"2015-03-18T09:12:48+00:00","dateModified":"2015-03-16T09:32:31+00:00","author":{"@id":"https:\/\/www.naturparkmagazin.de\/schwaebisch-fraenkischer-wald\/#\/schema\/person\/f047a3702ae747fd7830cf8ac95e6066"},"breadcrumb":{"@id":"https:\/\/www.naturparkmagazin.de\/schwaebisch-fraenkischer-wald\/brauereigasthof-lamm-ein-naturparkteller-wirt-stellt-sich-vor\/#breadcrumb"},"inLanguage":"de","potentialAction":[{"@type":"ReadAction","target":["https:\/\/www.naturparkmagazin.de\/schwaebisch-fraenkischer-wald\/brauereigasthof-lamm-ein-naturparkteller-wirt-stellt-sich-vor\/"]}]},{"@type":"BreadcrumbList","@id":"https:\/\/www.naturparkmagazin.de\/schwaebisch-fraenkischer-wald\/brauereigasthof-lamm-ein-naturparkteller-wirt-stellt-sich-vor\/#breadcrumb","itemListElement":[{"@type":"ListItem","position":1,"name":"Home","item":"https:\/\/www.naturparkmagazin.de\/schwaebisch-fraenkischer-wald\/"},{"@type":"ListItem","position":2,"name":"Brauereigasthof Lamm &#8211; ein Naturparkteller-Wirt stellt sich vor"}]},{"@type":"WebSite","@id":"https:\/\/www.naturparkmagazin.de\/schwaebisch-fraenkischer-wald\/#website","url":"https:\/\/www.naturparkmagazin.de\/schwaebisch-fraenkischer-wald\/","name":"Naturpark Schw\u00e4bisch-Fr\u00e4nkischer Wald","description":"","potentialAction":[{"@type":"SearchAction","target":{"@type":"EntryPoint","urlTemplate":"https:\/\/www.naturparkmagazin.de\/schwaebisch-fraenkischer-wald\/?s={search_term_string}"},"query-input":"required name=search_term_string"}],"inLanguage":"de"},{"@type":"Person","@id":"https:\/\/www.naturparkmagazin.de\/schwaebisch-fraenkischer-wald\/#\/schema\/person\/f047a3702ae747fd7830cf8ac95e6066","name":"Naturpark-Team","sameAs":["http:\/\/www.naturpark-sfw.de","https:\/\/www.facebook.com\/naturparkSFW"],"url":"https:\/\/www.naturparkmagazin.de\/schwaebisch-fraenkischer-wald\/author\/bernharddrixler\/"}]}},"_links":{"self":[{"href":"https:\/\/www.naturparkmagazin.de\/schwaebisch-fraenkischer-wald\/wp-json\/wp\/v2\/posts\/1664"}],"collection":[{"href":"https:\/\/www.naturparkmagazin.de\/schwaebisch-fraenkischer-wald\/wp-json\/wp\/v2\/posts"}],"about":[{"href":"https:\/\/www.naturparkmagazin.de\/schwaebisch-fraenkischer-wald\/wp-json\/wp\/v2\/types\/post"}],"author":[{"embeddable":true,"href":"https:\/\/www.naturparkmagazin.de\/schwaebisch-fraenkischer-wald\/wp-json\/wp\/v2\/users\/25"}],"replies":[{"embeddable":true,"href":"https:\/\/www.naturparkmagazin.de\/schwaebisch-fraenkischer-wald\/wp-json\/wp\/v2\/comments?post=1664"}],"version-history":[{"count":5,"href":"https:\/\/www.naturparkmagazin.de\/schwaebisch-fraenkischer-wald\/wp-json\/wp\/v2\/posts\/1664\/revisions"}],"predecessor-version":[{"id":1670,"href":"https:\/\/www.naturparkmagazin.de\/schwaebisch-fraenkischer-wald\/wp-json\/wp\/v2\/posts\/1664\/revisions\/1670"}],"wp:featuredmedia":[{"embeddable":true,"href":"https:\/\/www.naturparkmagazin.de\/schwaebisch-fraenkischer-wald\/wp-json\/wp\/v2\/media\/1669"}],"wp:attachment":[{"href":"https:\/\/www.naturparkmagazin.de\/schwaebisch-fraenkischer-wald\/wp-json\/wp\/v2\/media?parent=1664"}],"wp:term":[{"taxonomy":"category","embeddable":true,"href":"https:\/\/www.naturparkmagazin.de\/schwaebisch-fraenkischer-wald\/wp-json\/wp\/v2\/categories?post=1664"},{"taxonomy":"post_tag","embeddable":true,"href":"https:\/\/www.naturparkmagazin.de\/schwaebisch-fraenkischer-wald\/wp-json\/wp\/v2\/tags?post=1664"}],"curies":[{"name":"wp","href":"https:\/\/api.w.org\/{rel}","templated":true}]}}