{"id":1682,"date":"2015-03-18T11:06:41","date_gmt":"2015-03-18T10:06:41","guid":{"rendered":"http:\/\/www.naturparkmagazin.de\/schwaebisch-fraenkischer-wald\/?p=1682"},"modified":"2015-03-25T14:39:09","modified_gmt":"2015-03-25T13:39:09","slug":"maika-bakker-neue-stellvertretende-naturpark-geschaeftsfuehrerin","status":"publish","type":"post","link":"https:\/\/www.naturparkmagazin.de\/schwaebisch-fraenkischer-wald\/maika-bakker-neue-stellvertretende-naturpark-geschaeftsfuehrerin\/","title":{"rendered":"Meika Bakker neue stellvertretende Naturpark-Gesch\u00e4ftsf\u00fchrerin"},"content":{"rendered":"<p>Ab April hat der Naturpark eine neue stellvertretende Gesch\u00e4ftsf\u00fchrerin: Meika Bakker.<\/p>\n<div id=\"attachment_1685\" style=\"width: 310px\" class=\"wp-caption alignright\"><a href=\"https:\/\/www.naturparkmagazin.de\/schwaebisch-fraenkischer-wald\/wp-content\/uploads\/sites\/34\/Meika-Bakker.jpg\"><img aria-describedby=\"caption-attachment-1685\" decoding=\"async\" loading=\"lazy\" class=\"size-thumbnail wp-image-1685\" alt=\"Meika Bakker, ab April neue stellvertretende Naturpark-Gesch\u00e4ftsf\u00fchrerin\" src=\"https:\/\/www.naturparkmagazin.de\/schwaebisch-fraenkischer-wald\/wp-content\/uploads\/sites\/34\/Meika-Bakker-300x449.jpg\" width=\"300\" height=\"449\" \/><\/a><p id=\"caption-attachment-1685\" class=\"wp-caption-text\">Meika Bakker, ab April neue stellvertretende Naturpark-Gesch\u00e4ftsf\u00fchrerin<\/p><\/div>\n<p>Frau Bakker studierte in Oldenburg Landschafts\u00f6kologie und ist in Norddeutschland aufgewachsen.<\/p>\n<p>Das erste Mal war sie f\u00fcr ihr studentisches Praktikum f\u00fcr l\u00e4ngere Zeit &#8222;da unten&#8220; im S\u00fcden. &#8222;Berge&#8220; fand sie aber schon immer faszinierend.<\/p>\n<p>W\u00e4hrend ihres Praktikums, das sie von 2013 im Naturpark Schw\u00e4bisch-Fr\u00e4nkischer Wald absolvierte, hat sie nach eigener Aussage: &#8230;&#8220;die Schwaben und die Landschaft im Naturpark schnell liebgewonnen&#8220;.\u00a0 Nun freut sie sich auf die vielf\u00e4ltigen Aufgaben im Naturpark und auf die Zusammenarbeit mit den Menschen dort.<\/p>\n<p>&nbsp;<\/p>\n<p>Wir w\u00fcnschen ihr viel Freude und Erfolg bei ihrer Naturparkarbeit!<\/p>\n","protected":false},"excerpt":{"rendered":"<p>Ab April hat der Naturpark eine neue stellvertretende Gesch\u00e4ftsf\u00fchrerin: Meika Bakker<\/p>\n","protected":false},"author":25,"featured_media":1756,"comment_status":"open","ping_status":"open","sticky":false,"template":"","format":"standard","meta":[],"categories":[7],"tags":[],"yoast_head":"<!-- This site is optimized with the Yoast SEO plugin v19.10 - https:\/\/yoast.com\/wordpress\/plugins\/seo\/ -->\n<title>Meika Bakker neue stellvertretende Naturpark-Gesch\u00e4ftsf\u00fchrerin - Naturpark Schw\u00e4bisch-Fr\u00e4nkischer Wald<\/title>\n<meta name=\"robots\" content=\"index, follow, max-snippet:-1, max-image-preview:large, max-video-preview:-1\" \/>\n<link rel=\"canonical\" href=\"https:\/\/www.naturparkmagazin.de\/schwaebisch-fraenkischer-wald\/maika-bakker-neue-stellvertretende-naturpark-geschaeftsfuehrerin\/\" \/>\n<meta property=\"og:locale\" content=\"de_DE\" \/>\n<meta property=\"og:type\" content=\"article\" \/>\n<meta property=\"og:title\" content=\"Meika Bakker neue stellvertretende Naturpark-Gesch\u00e4ftsf\u00fchrerin - Naturpark Schw\u00e4bisch-Fr\u00e4nkischer Wald\" \/>\n<meta property=\"og:description\" content=\"Ab April hat der Naturpark eine neue stellvertretende Gesch\u00e4ftsf\u00fchrerin: Meika Bakker\" \/>\n<meta property=\"og:url\" content=\"https:\/\/www.naturparkmagazin.de\/schwaebisch-fraenkischer-wald\/maika-bakker-neue-stellvertretende-naturpark-geschaeftsfuehrerin\/\" \/>\n<meta property=\"og:site_name\" content=\"Naturpark Schw\u00e4bisch-Fr\u00e4nkischer Wald\" \/>\n<meta property=\"article:author\" content=\"https:\/\/www.facebook.com\/naturparkSFW\" \/>\n<meta property=\"article:published_time\" content=\"2015-03-18T10:06:41+00:00\" \/>\n<meta property=\"article:modified_time\" content=\"2015-03-25T13:39:09+00:00\" \/>\n<meta property=\"og:image\" content=\"https:\/\/www.naturparkmagazin.de\/schwaebisch-fraenkischer-wald\/wp-content\/uploads\/sites\/34\/sfw1.jpg\" \/>\n\t<meta property=\"og:image:width\" content=\"180\" \/>\n\t<meta property=\"og:image:height\" content=\"135\" \/>\n\t<meta property=\"og:image:type\" content=\"image\/jpeg\" \/>\n<meta name=\"author\" content=\"Naturpark-Team\" \/>\n<meta name=\"twitter:label1\" content=\"Verfasst von\" \/>\n\t<meta name=\"twitter:data1\" content=\"Naturpark-Team\" \/>\n\t<meta name=\"twitter:label2\" content=\"Gesch\u00e4tzte Lesezeit\" \/>\n\t<meta name=\"twitter:data2\" content=\"1\u00a0Minute\" \/>\n<script type=\"application\/ld+json\" class=\"yoast-schema-graph\">{\"@context\":\"https:\/\/schema.org\",\"@graph\":[{\"@type\":\"WebPage\",\"@id\":\"https:\/\/www.naturparkmagazin.de\/schwaebisch-fraenkischer-wald\/maika-bakker-neue-stellvertretende-naturpark-geschaeftsfuehrerin\/\",\"url\":\"https:\/\/www.naturparkmagazin.de\/schwaebisch-fraenkischer-wald\/maika-bakker-neue-stellvertretende-naturpark-geschaeftsfuehrerin\/\",\"name\":\"Meika Bakker neue stellvertretende Naturpark-Gesch\u00e4ftsf\u00fchrerin - Naturpark Schw\u00e4bisch-Fr\u00e4nkischer Wald\",\"isPartOf\":{\"@id\":\"https:\/\/www.naturparkmagazin.de\/schwaebisch-fraenkischer-wald\/#website\"},\"datePublished\":\"2015-03-18T10:06:41+00:00\",\"dateModified\":\"2015-03-25T13:39:09+00:00\",\"author\":{\"@id\":\"https:\/\/www.naturparkmagazin.de\/schwaebisch-fraenkischer-wald\/#\/schema\/person\/f047a3702ae747fd7830cf8ac95e6066\"},\"breadcrumb\":{\"@id\":\"https:\/\/www.naturparkmagazin.de\/schwaebisch-fraenkischer-wald\/maika-bakker-neue-stellvertretende-naturpark-geschaeftsfuehrerin\/#breadcrumb\"},\"inLanguage\":\"de\",\"potentialAction\":[{\"@type\":\"ReadAction\",\"target\":[\"https:\/\/www.naturparkmagazin.de\/schwaebisch-fraenkischer-wald\/maika-bakker-neue-stellvertretende-naturpark-geschaeftsfuehrerin\/\"]}]},{\"@type\":\"BreadcrumbList\",\"@id\":\"https:\/\/www.naturparkmagazin.de\/schwaebisch-fraenkischer-wald\/maika-bakker-neue-stellvertretende-naturpark-geschaeftsfuehrerin\/#breadcrumb\",\"itemListElement\":[{\"@type\":\"ListItem\",\"position\":1,\"name\":\"Home\",\"item\":\"https:\/\/www.naturparkmagazin.de\/schwaebisch-fraenkischer-wald\/\"},{\"@type\":\"ListItem\",\"position\":2,\"name\":\"Meika Bakker neue stellvertretende Naturpark-Gesch\u00e4ftsf\u00fchrerin\"}]},{\"@type\":\"WebSite\",\"@id\":\"https:\/\/www.naturparkmagazin.de\/schwaebisch-fraenkischer-wald\/#website\",\"url\":\"https:\/\/www.naturparkmagazin.de\/schwaebisch-fraenkischer-wald\/\",\"name\":\"Naturpark Schw\u00e4bisch-Fr\u00e4nkischer Wald\",\"description\":\"\",\"potentialAction\":[{\"@type\":\"SearchAction\",\"target\":{\"@type\":\"EntryPoint\",\"urlTemplate\":\"https:\/\/www.naturparkmagazin.de\/schwaebisch-fraenkischer-wald\/?s={search_term_string}\"},\"query-input\":\"required name=search_term_string\"}],\"inLanguage\":\"de\"},{\"@type\":\"Person\",\"@id\":\"https:\/\/www.naturparkmagazin.de\/schwaebisch-fraenkischer-wald\/#\/schema\/person\/f047a3702ae747fd7830cf8ac95e6066\",\"name\":\"Naturpark-Team\",\"sameAs\":[\"http:\/\/www.naturpark-sfw.de\",\"https:\/\/www.facebook.com\/naturparkSFW\"],\"url\":\"https:\/\/www.naturparkmagazin.de\/schwaebisch-fraenkischer-wald\/author\/bernharddrixler\/\"}]}<\/script>\n<!-- \/ Yoast SEO plugin. -->","yoast_head_json":{"title":"Meika Bakker neue stellvertretende Naturpark-Gesch\u00e4ftsf\u00fchrerin - Naturpark Schw\u00e4bisch-Fr\u00e4nkischer Wald","robots":{"index":"index","follow":"follow","max-snippet":"max-snippet:-1","max-image-preview":"max-image-preview:large","max-video-preview":"max-video-preview:-1"},"canonical":"https:\/\/www.naturparkmagazin.de\/schwaebisch-fraenkischer-wald\/maika-bakker-neue-stellvertretende-naturpark-geschaeftsfuehrerin\/","og_locale":"de_DE","og_type":"article","og_title":"Meika Bakker neue stellvertretende Naturpark-Gesch\u00e4ftsf\u00fchrerin - Naturpark Schw\u00e4bisch-Fr\u00e4nkischer Wald","og_description":"Ab April hat der Naturpark eine neue stellvertretende Gesch\u00e4ftsf\u00fchrerin: Meika Bakker","og_url":"https:\/\/www.naturparkmagazin.de\/schwaebisch-fraenkischer-wald\/maika-bakker-neue-stellvertretende-naturpark-geschaeftsfuehrerin\/","og_site_name":"Naturpark Schw\u00e4bisch-Fr\u00e4nkischer Wald","article_author":"https:\/\/www.facebook.com\/naturparkSFW","article_published_time":"2015-03-18T10:06:41+00:00","article_modified_time":"2015-03-25T13:39:09+00:00","og_image":[{"width":180,"height":135,"url":"https:\/\/www.naturparkmagazin.de\/schwaebisch-fraenkischer-wald\/wp-content\/uploads\/sites\/34\/sfw1.jpg","type":"image\/jpeg"}],"author":"Naturpark-Team","twitter_misc":{"Verfasst von":"Naturpark-Team","Gesch\u00e4tzte Lesezeit":"1\u00a0Minute"},"schema":{"@context":"https:\/\/schema.org","@graph":[{"@type":"WebPage","@id":"https:\/\/www.naturparkmagazin.de\/schwaebisch-fraenkischer-wald\/maika-bakker-neue-stellvertretende-naturpark-geschaeftsfuehrerin\/","url":"https:\/\/www.naturparkmagazin.de\/schwaebisch-fraenkischer-wald\/maika-bakker-neue-stellvertretende-naturpark-geschaeftsfuehrerin\/","name":"Meika Bakker neue stellvertretende Naturpark-Gesch\u00e4ftsf\u00fchrerin - Naturpark Schw\u00e4bisch-Fr\u00e4nkischer Wald","isPartOf":{"@id":"https:\/\/www.naturparkmagazin.de\/schwaebisch-fraenkischer-wald\/#website"},"datePublished":"2015-03-18T10:06:41+00:00","dateModified":"2015-03-25T13:39:09+00:00","author":{"@id":"https:\/\/www.naturparkmagazin.de\/schwaebisch-fraenkischer-wald\/#\/schema\/person\/f047a3702ae747fd7830cf8ac95e6066"},"breadcrumb":{"@id":"https:\/\/www.naturparkmagazin.de\/schwaebisch-fraenkischer-wald\/maika-bakker-neue-stellvertretende-naturpark-geschaeftsfuehrerin\/#breadcrumb"},"inLanguage":"de","potentialAction":[{"@type":"ReadAction","target":["https:\/\/www.naturparkmagazin.de\/schwaebisch-fraenkischer-wald\/maika-bakker-neue-stellvertretende-naturpark-geschaeftsfuehrerin\/"]}]},{"@type":"BreadcrumbList","@id":"https:\/\/www.naturparkmagazin.de\/schwaebisch-fraenkischer-wald\/maika-bakker-neue-stellvertretende-naturpark-geschaeftsfuehrerin\/#breadcrumb","itemListElement":[{"@type":"ListItem","position":1,"name":"Home","item":"https:\/\/www.naturparkmagazin.de\/schwaebisch-fraenkischer-wald\/"},{"@type":"ListItem","position":2,"name":"Meika Bakker neue stellvertretende Naturpark-Gesch\u00e4ftsf\u00fchrerin"}]},{"@type":"WebSite","@id":"https:\/\/www.naturparkmagazin.de\/schwaebisch-fraenkischer-wald\/#website","url":"https:\/\/www.naturparkmagazin.de\/schwaebisch-fraenkischer-wald\/","name":"Naturpark Schw\u00e4bisch-Fr\u00e4nkischer Wald","description":"","potentialAction":[{"@type":"SearchAction","target":{"@type":"EntryPoint","urlTemplate":"https:\/\/www.naturparkmagazin.de\/schwaebisch-fraenkischer-wald\/?s={search_term_string}"},"query-input":"required name=search_term_string"}],"inLanguage":"de"},{"@type":"Person","@id":"https:\/\/www.naturparkmagazin.de\/schwaebisch-fraenkischer-wald\/#\/schema\/person\/f047a3702ae747fd7830cf8ac95e6066","name":"Naturpark-Team","sameAs":["http:\/\/www.naturpark-sfw.de","https:\/\/www.facebook.com\/naturparkSFW"],"url":"https:\/\/www.naturparkmagazin.de\/schwaebisch-fraenkischer-wald\/author\/bernharddrixler\/"}]}},"_links":{"self":[{"href":"https:\/\/www.naturparkmagazin.de\/schwaebisch-fraenkischer-wald\/wp-json\/wp\/v2\/posts\/1682"}],"collection":[{"href":"https:\/\/www.naturparkmagazin.de\/schwaebisch-fraenkischer-wald\/wp-json\/wp\/v2\/posts"}],"about":[{"href":"https:\/\/www.naturparkmagazin.de\/schwaebisch-fraenkischer-wald\/wp-json\/wp\/v2\/types\/post"}],"author":[{"embeddable":true,"href":"https:\/\/www.naturparkmagazin.de\/schwaebisch-fraenkischer-wald\/wp-json\/wp\/v2\/users\/25"}],"replies":[{"embeddable":true,"href":"https:\/\/www.naturparkmagazin.de\/schwaebisch-fraenkischer-wald\/wp-json\/wp\/v2\/comments?post=1682"}],"version-history":[{"count":4,"href":"https:\/\/www.naturparkmagazin.de\/schwaebisch-fraenkischer-wald\/wp-json\/wp\/v2\/posts\/1682\/revisions"}],"predecessor-version":[{"id":1688,"href":"https:\/\/www.naturparkmagazin.de\/schwaebisch-fraenkischer-wald\/wp-json\/wp\/v2\/posts\/1682\/revisions\/1688"}],"wp:featuredmedia":[{"embeddable":true,"href":"https:\/\/www.naturparkmagazin.de\/schwaebisch-fraenkischer-wald\/wp-json\/wp\/v2\/media\/1756"}],"wp:attachment":[{"href":"https:\/\/www.naturparkmagazin.de\/schwaebisch-fraenkischer-wald\/wp-json\/wp\/v2\/media?parent=1682"}],"wp:term":[{"taxonomy":"category","embeddable":true,"href":"https:\/\/www.naturparkmagazin.de\/schwaebisch-fraenkischer-wald\/wp-json\/wp\/v2\/categories?post=1682"},{"taxonomy":"post_tag","embeddable":true,"href":"https:\/\/www.naturparkmagazin.de\/schwaebisch-fraenkischer-wald\/wp-json\/wp\/v2\/tags?post=1682"}],"curies":[{"name":"wp","href":"https:\/\/api.w.org\/{rel}","templated":true}]}}