{"id":1689,"date":"2015-03-18T12:40:39","date_gmt":"2015-03-18T11:40:39","guid":{"rendered":"http:\/\/www.naturparkmagazin.de\/schwaebisch-fraenkischer-wald\/?p=1689"},"modified":"2015-03-18T09:59:41","modified_gmt":"2015-03-18T08:59:41","slug":"erster-naturparkmarkt-2015-in-schwaebisch-hall-bibersfeld","status":"publish","type":"post","link":"https:\/\/www.naturparkmagazin.de\/schwaebisch-fraenkischer-wald\/erster-naturparkmarkt-2015-in-schwaebisch-hall-bibersfeld\/","title":{"rendered":"Erster Naturparkmarkt 2015 in Schw\u00e4bisch Hall-Bibersfeld"},"content":{"rendered":"<p>Sonntag, 26. April von 11 bis 18 Uhr:<\/p>\n<div id=\"attachment_1733\" style=\"width: 310px\" class=\"wp-caption alignright\"><a href=\"https:\/\/www.naturparkmagazin.de\/schwaebisch-fraenkischer-wald\/wp-content\/uploads\/sites\/34\/Titel_Flyer_NPM-Bibersfeld.jpg\"><img aria-describedby=\"caption-attachment-1733\" decoding=\"async\" loading=\"lazy\" class=\"size-thumbnail wp-image-1733\" alt=\"Naturparkmarkt in Schw\u00e4bisch Hall-Bibersfeld\" src=\"https:\/\/www.naturparkmagazin.de\/schwaebisch-fraenkischer-wald\/wp-content\/uploads\/sites\/34\/Titel_Flyer_NPM-Bibersfeld-300x622.jpg\" width=\"300\" height=\"622\" \/><\/a><p id=\"caption-attachment-1733\" class=\"wp-caption-text\">Naturparkmarkt in Schw\u00e4bisch Hall-Bibersfeld<\/p><\/div>\n<p><b>Regional genie\u00dfen in Schw\u00e4bisch Hall-Bibersfeld <\/b><\/p>\n<p>Die Naturparkm\u00e4rkte im Schw\u00e4bisch-Fr\u00e4nkischen Wald starten in die neue Saison. Am Sonntag, 26. April von 11 bis 18 Uhr hei\u00dft es wieder Schlemmen, Schauen und Staunen, wenn die Tore zum Naturparkmarkt in Schw\u00e4bisch Hall-Bibersfeld ge\u00f6ffnet werden. F\u00fcr den Ort Bibersfeld ist 2015 ein Jubil\u00e4umsjahr, mit Stolz kann er auf seine 750-j\u00e4hrige Geschichte zur\u00fcckblicken.<\/p>\n<p>\u00dcber 40 Direktvermarkter aus dem Naturpark Schw\u00e4bisch-Fr\u00e4nkischer Wald pr\u00e4sentieren an diesem Tag sich, ihre Betriebe und Produkte. Bei den sorgf\u00e4ltig zubereiteten Speisen und Getr\u00e4nken ist f\u00fcr jeden Geschmack etwas dabei und auch experimentierfreudige Gaumen kommen auf ihre Kosten.<\/p>\n<p>Fleisch- und Wurstwaren, handgemachter K\u00e4se zum Kaufen oder gleich Vernaschen, Holzofen-Dinnede, Kuchen, Honig und andere Imkereiprodukte sowie Obst, Gem\u00fcse, Spirituosen und Weine. Lassen Sie sich beim Naturparkmarkt von der Qualit\u00e4t und Frische der regionalen Produkte \u00fcberzeugen! Kunsthandwerkliches wie Schmuck, Holz- und T\u00f6pferwaren sowie handgemachte Seifen runden das Angebot ab.<\/p>\n<p>Die famili\u00e4re Naturparkmarkt-Atmosph\u00e4re wird durch ein vielseitiges Rahmenprogramm und liebevoll gestaltete Verkaufsst\u00e4nde bereichert.<\/p>\n<p>Die zertifizierten Naturparkf\u00fchrer Karl Diemer, Michaela K\u00f6hler und Petra Kuch bieten spannende Touren, Aktionen und Geschichten an, wie zum ehemals kl\u00f6sterlichen Fischweiher und heutigem Erholungsidyll Starkholzbacher See, eine Biberwanderung zur Geschichte seiner R\u00fcckkehr nach 150 Jahren oder Baumklettern f\u00fcr Kinder. Motors\u00e4genk\u00fcnstler Ricardo Villacis \u201eschnitzt\u201c eine Biberskulptur anl\u00e4sslich der 750-Jahrfeier. Hohenlohe + Schw\u00e4bisch Hall Tourismus informiert mit einer breit gef\u00e4cherten Auswahl touristischer Prospekte und individueller Freizeit- und Urlaubsberatung \u00fcber die Region.<\/p>\n<p>Die f\u00fcnf Naturparkm\u00e4rkte 2015 sind ein Kooperationsprojekt des Naturparks mit den teilnehmenden Kommunen. Das Projekt wird durch den Naturpark Schw\u00e4bisch-Fr\u00e4nkischer Wald mit Mitteln des Landes Baden-W\u00fcrttemberg, der Lotterie Gl\u00fccksspirale und der Europ\u00e4ischen Union (ELER) gef\u00f6rdert.<\/p>\n<p>Der Flyer zum Naturparkmarkt in Bibersfeld kann beim Naturpark angefordert oder im Internet heruntergeladen werden. Weitere Informationen zu diesem und den anderen Naturparkm\u00e4rkten finden Sie unter <a href=\"http:\/\/www.naturpark-sfw.de\" target=\"_blank\">www.naturpark-sfw.de<\/a><\/p>\n<p>&nbsp;<\/p>\n<p><b>Termin\u00fcbersicht Naturparkm\u00e4rkte 2015 <\/b><\/p>\n<p>Sonntag, 26. April: Schw\u00e4bisch Hall-Bibersfeld, Landkreis Schw\u00e4bisch Hall<\/p>\n<p>Sonntag, 21. Juni: Abstgm\u00fcnd, Ostalbkreis<\/p>\n<p>Sonntag, 05. Juli: Weissach im Tal, Rems-Murr-Kreis<\/p>\n<p>Sonntag, 13. September: Oberrot, Landkreis Schw\u00e4bisch Hall<\/p>\n<p>Sonntag, 04. Oktober: Murrhardt, Rems-Murr-Kreis<\/p>\n","protected":false},"excerpt":{"rendered":"<p>26.04.: Naturparkmarkt in Schw\u00e4bisch Hall &#8211; Ortsteil Bibersfeld<\/p>\n","protected":false},"author":25,"featured_media":1732,"comment_status":"open","ping_status":"open","sticky":false,"template":"","format":"standard","meta":[],"categories":[11],"tags":[],"yoast_head":"<!-- This site is optimized with the Yoast SEO plugin v19.10 - https:\/\/yoast.com\/wordpress\/plugins\/seo\/ -->\n<title>Erster Naturparkmarkt 2015 in Schw\u00e4bisch Hall-Bibersfeld  - Naturpark Schw\u00e4bisch-Fr\u00e4nkischer Wald<\/title>\n<meta name=\"robots\" content=\"index, follow, max-snippet:-1, max-image-preview:large, max-video-preview:-1\" \/>\n<link rel=\"canonical\" href=\"https:\/\/www.naturparkmagazin.de\/schwaebisch-fraenkischer-wald\/erster-naturparkmarkt-2015-in-schwaebisch-hall-bibersfeld\/\" \/>\n<meta property=\"og:locale\" content=\"de_DE\" \/>\n<meta property=\"og:type\" content=\"article\" \/>\n<meta property=\"og:title\" content=\"Erster Naturparkmarkt 2015 in Schw\u00e4bisch Hall-Bibersfeld  - Naturpark Schw\u00e4bisch-Fr\u00e4nkischer Wald\" \/>\n<meta property=\"og:description\" content=\"26.04.: Naturparkmarkt in Schw\u00e4bisch Hall - Ortsteil Bibersfeld\" \/>\n<meta property=\"og:url\" content=\"https:\/\/www.naturparkmagazin.de\/schwaebisch-fraenkischer-wald\/erster-naturparkmarkt-2015-in-schwaebisch-hall-bibersfeld\/\" \/>\n<meta property=\"og:site_name\" content=\"Naturpark Schw\u00e4bisch-Fr\u00e4nkischer Wald\" \/>\n<meta property=\"article:author\" content=\"https:\/\/www.facebook.com\/naturparkSFW\" \/>\n<meta property=\"article:published_time\" content=\"2015-03-18T11:40:39+00:00\" \/>\n<meta property=\"article:modified_time\" content=\"2015-03-18T08:59:41+00:00\" \/>\n<meta property=\"og:image\" content=\"https:\/\/www.naturparkmagazin.de\/schwaebisch-fraenkischer-wald\/wp-content\/uploads\/sites\/34\/Titel_Flyer_NPM-Bibersfeld-Kopie.jpg\" \/>\n\t<meta property=\"og:image:width\" content=\"531\" \/>\n\t<meta property=\"og:image:height\" content=\"923\" \/>\n\t<meta property=\"og:image:type\" content=\"image\/jpeg\" \/>\n<meta name=\"author\" content=\"Naturpark-Team\" \/>\n<meta name=\"twitter:label1\" content=\"Verfasst von\" \/>\n\t<meta name=\"twitter:data1\" content=\"Naturpark-Team\" \/>\n\t<meta name=\"twitter:label2\" content=\"Gesch\u00e4tzte Lesezeit\" \/>\n\t<meta name=\"twitter:data2\" content=\"2\u00a0Minuten\" \/>\n<script type=\"application\/ld+json\" class=\"yoast-schema-graph\">{\"@context\":\"https:\/\/schema.org\",\"@graph\":[{\"@type\":\"WebPage\",\"@id\":\"https:\/\/www.naturparkmagazin.de\/schwaebisch-fraenkischer-wald\/erster-naturparkmarkt-2015-in-schwaebisch-hall-bibersfeld\/\",\"url\":\"https:\/\/www.naturparkmagazin.de\/schwaebisch-fraenkischer-wald\/erster-naturparkmarkt-2015-in-schwaebisch-hall-bibersfeld\/\",\"name\":\"Erster Naturparkmarkt 2015 in Schw\u00e4bisch Hall-Bibersfeld - Naturpark Schw\u00e4bisch-Fr\u00e4nkischer Wald\",\"isPartOf\":{\"@id\":\"https:\/\/www.naturparkmagazin.de\/schwaebisch-fraenkischer-wald\/#website\"},\"datePublished\":\"2015-03-18T11:40:39+00:00\",\"dateModified\":\"2015-03-18T08:59:41+00:00\",\"author\":{\"@id\":\"https:\/\/www.naturparkmagazin.de\/schwaebisch-fraenkischer-wald\/#\/schema\/person\/f047a3702ae747fd7830cf8ac95e6066\"},\"breadcrumb\":{\"@id\":\"https:\/\/www.naturparkmagazin.de\/schwaebisch-fraenkischer-wald\/erster-naturparkmarkt-2015-in-schwaebisch-hall-bibersfeld\/#breadcrumb\"},\"inLanguage\":\"de\",\"potentialAction\":[{\"@type\":\"ReadAction\",\"target\":[\"https:\/\/www.naturparkmagazin.de\/schwaebisch-fraenkischer-wald\/erster-naturparkmarkt-2015-in-schwaebisch-hall-bibersfeld\/\"]}]},{\"@type\":\"BreadcrumbList\",\"@id\":\"https:\/\/www.naturparkmagazin.de\/schwaebisch-fraenkischer-wald\/erster-naturparkmarkt-2015-in-schwaebisch-hall-bibersfeld\/#breadcrumb\",\"itemListElement\":[{\"@type\":\"ListItem\",\"position\":1,\"name\":\"Home\",\"item\":\"https:\/\/www.naturparkmagazin.de\/schwaebisch-fraenkischer-wald\/\"},{\"@type\":\"ListItem\",\"position\":2,\"name\":\"Erster Naturparkmarkt 2015 in Schw\u00e4bisch Hall-Bibersfeld\"}]},{\"@type\":\"WebSite\",\"@id\":\"https:\/\/www.naturparkmagazin.de\/schwaebisch-fraenkischer-wald\/#website\",\"url\":\"https:\/\/www.naturparkmagazin.de\/schwaebisch-fraenkischer-wald\/\",\"name\":\"Naturpark Schw\u00e4bisch-Fr\u00e4nkischer Wald\",\"description\":\"\",\"potentialAction\":[{\"@type\":\"SearchAction\",\"target\":{\"@type\":\"EntryPoint\",\"urlTemplate\":\"https:\/\/www.naturparkmagazin.de\/schwaebisch-fraenkischer-wald\/?s={search_term_string}\"},\"query-input\":\"required name=search_term_string\"}],\"inLanguage\":\"de\"},{\"@type\":\"Person\",\"@id\":\"https:\/\/www.naturparkmagazin.de\/schwaebisch-fraenkischer-wald\/#\/schema\/person\/f047a3702ae747fd7830cf8ac95e6066\",\"name\":\"Naturpark-Team\",\"sameAs\":[\"http:\/\/www.naturpark-sfw.de\",\"https:\/\/www.facebook.com\/naturparkSFW\"],\"url\":\"https:\/\/www.naturparkmagazin.de\/schwaebisch-fraenkischer-wald\/author\/bernharddrixler\/\"}]}<\/script>\n<!-- \/ Yoast SEO plugin. -->","yoast_head_json":{"title":"Erster Naturparkmarkt 2015 in Schw\u00e4bisch Hall-Bibersfeld  - Naturpark Schw\u00e4bisch-Fr\u00e4nkischer Wald","robots":{"index":"index","follow":"follow","max-snippet":"max-snippet:-1","max-image-preview":"max-image-preview:large","max-video-preview":"max-video-preview:-1"},"canonical":"https:\/\/www.naturparkmagazin.de\/schwaebisch-fraenkischer-wald\/erster-naturparkmarkt-2015-in-schwaebisch-hall-bibersfeld\/","og_locale":"de_DE","og_type":"article","og_title":"Erster Naturparkmarkt 2015 in Schw\u00e4bisch Hall-Bibersfeld  - Naturpark Schw\u00e4bisch-Fr\u00e4nkischer Wald","og_description":"26.04.: Naturparkmarkt in Schw\u00e4bisch Hall - Ortsteil Bibersfeld","og_url":"https:\/\/www.naturparkmagazin.de\/schwaebisch-fraenkischer-wald\/erster-naturparkmarkt-2015-in-schwaebisch-hall-bibersfeld\/","og_site_name":"Naturpark Schw\u00e4bisch-Fr\u00e4nkischer Wald","article_author":"https:\/\/www.facebook.com\/naturparkSFW","article_published_time":"2015-03-18T11:40:39+00:00","article_modified_time":"2015-03-18T08:59:41+00:00","og_image":[{"width":531,"height":923,"url":"https:\/\/www.naturparkmagazin.de\/schwaebisch-fraenkischer-wald\/wp-content\/uploads\/sites\/34\/Titel_Flyer_NPM-Bibersfeld-Kopie.jpg","type":"image\/jpeg"}],"author":"Naturpark-Team","twitter_misc":{"Verfasst von":"Naturpark-Team","Gesch\u00e4tzte Lesezeit":"2\u00a0Minuten"},"schema":{"@context":"https:\/\/schema.org","@graph":[{"@type":"WebPage","@id":"https:\/\/www.naturparkmagazin.de\/schwaebisch-fraenkischer-wald\/erster-naturparkmarkt-2015-in-schwaebisch-hall-bibersfeld\/","url":"https:\/\/www.naturparkmagazin.de\/schwaebisch-fraenkischer-wald\/erster-naturparkmarkt-2015-in-schwaebisch-hall-bibersfeld\/","name":"Erster Naturparkmarkt 2015 in Schw\u00e4bisch Hall-Bibersfeld - Naturpark Schw\u00e4bisch-Fr\u00e4nkischer Wald","isPartOf":{"@id":"https:\/\/www.naturparkmagazin.de\/schwaebisch-fraenkischer-wald\/#website"},"datePublished":"2015-03-18T11:40:39+00:00","dateModified":"2015-03-18T08:59:41+00:00","author":{"@id":"https:\/\/www.naturparkmagazin.de\/schwaebisch-fraenkischer-wald\/#\/schema\/person\/f047a3702ae747fd7830cf8ac95e6066"},"breadcrumb":{"@id":"https:\/\/www.naturparkmagazin.de\/schwaebisch-fraenkischer-wald\/erster-naturparkmarkt-2015-in-schwaebisch-hall-bibersfeld\/#breadcrumb"},"inLanguage":"de","potentialAction":[{"@type":"ReadAction","target":["https:\/\/www.naturparkmagazin.de\/schwaebisch-fraenkischer-wald\/erster-naturparkmarkt-2015-in-schwaebisch-hall-bibersfeld\/"]}]},{"@type":"BreadcrumbList","@id":"https:\/\/www.naturparkmagazin.de\/schwaebisch-fraenkischer-wald\/erster-naturparkmarkt-2015-in-schwaebisch-hall-bibersfeld\/#breadcrumb","itemListElement":[{"@type":"ListItem","position":1,"name":"Home","item":"https:\/\/www.naturparkmagazin.de\/schwaebisch-fraenkischer-wald\/"},{"@type":"ListItem","position":2,"name":"Erster Naturparkmarkt 2015 in Schw\u00e4bisch Hall-Bibersfeld"}]},{"@type":"WebSite","@id":"https:\/\/www.naturparkmagazin.de\/schwaebisch-fraenkischer-wald\/#website","url":"https:\/\/www.naturparkmagazin.de\/schwaebisch-fraenkischer-wald\/","name":"Naturpark Schw\u00e4bisch-Fr\u00e4nkischer Wald","description":"","potentialAction":[{"@type":"SearchAction","target":{"@type":"EntryPoint","urlTemplate":"https:\/\/www.naturparkmagazin.de\/schwaebisch-fraenkischer-wald\/?s={search_term_string}"},"query-input":"required name=search_term_string"}],"inLanguage":"de"},{"@type":"Person","@id":"https:\/\/www.naturparkmagazin.de\/schwaebisch-fraenkischer-wald\/#\/schema\/person\/f047a3702ae747fd7830cf8ac95e6066","name":"Naturpark-Team","sameAs":["http:\/\/www.naturpark-sfw.de","https:\/\/www.facebook.com\/naturparkSFW"],"url":"https:\/\/www.naturparkmagazin.de\/schwaebisch-fraenkischer-wald\/author\/bernharddrixler\/"}]}},"_links":{"self":[{"href":"https:\/\/www.naturparkmagazin.de\/schwaebisch-fraenkischer-wald\/wp-json\/wp\/v2\/posts\/1689"}],"collection":[{"href":"https:\/\/www.naturparkmagazin.de\/schwaebisch-fraenkischer-wald\/wp-json\/wp\/v2\/posts"}],"about":[{"href":"https:\/\/www.naturparkmagazin.de\/schwaebisch-fraenkischer-wald\/wp-json\/wp\/v2\/types\/post"}],"author":[{"embeddable":true,"href":"https:\/\/www.naturparkmagazin.de\/schwaebisch-fraenkischer-wald\/wp-json\/wp\/v2\/users\/25"}],"replies":[{"embeddable":true,"href":"https:\/\/www.naturparkmagazin.de\/schwaebisch-fraenkischer-wald\/wp-json\/wp\/v2\/comments?post=1689"}],"version-history":[{"count":2,"href":"https:\/\/www.naturparkmagazin.de\/schwaebisch-fraenkischer-wald\/wp-json\/wp\/v2\/posts\/1689\/revisions"}],"predecessor-version":[{"id":1734,"href":"https:\/\/www.naturparkmagazin.de\/schwaebisch-fraenkischer-wald\/wp-json\/wp\/v2\/posts\/1689\/revisions\/1734"}],"wp:featuredmedia":[{"embeddable":true,"href":"https:\/\/www.naturparkmagazin.de\/schwaebisch-fraenkischer-wald\/wp-json\/wp\/v2\/media\/1732"}],"wp:attachment":[{"href":"https:\/\/www.naturparkmagazin.de\/schwaebisch-fraenkischer-wald\/wp-json\/wp\/v2\/media?parent=1689"}],"wp:term":[{"taxonomy":"category","embeddable":true,"href":"https:\/\/www.naturparkmagazin.de\/schwaebisch-fraenkischer-wald\/wp-json\/wp\/v2\/categories?post=1689"},{"taxonomy":"post_tag","embeddable":true,"href":"https:\/\/www.naturparkmagazin.de\/schwaebisch-fraenkischer-wald\/wp-json\/wp\/v2\/tags?post=1689"}],"curies":[{"name":"wp","href":"https:\/\/api.w.org\/{rel}","templated":true}]}}