{"id":1849,"date":"2015-04-20T15:00:09","date_gmt":"2015-04-20T13:00:09","guid":{"rendered":"http:\/\/www.naturparkmagazin.de\/schwaebisch-fraenkischer-wald\/?p=1849"},"modified":"2015-04-28T10:59:29","modified_gmt":"2015-04-28T08:59:29","slug":"beste-freundinnen-chanson-und-liederprogramm-mit-eurythmie","status":"publish","type":"post","link":"https:\/\/www.naturparkmagazin.de\/schwaebisch-fraenkischer-wald\/beste-freundinnen-chanson-und-liederprogramm-mit-eurythmie\/","title":{"rendered":"&#8222;Beste Freundinnen&#8220; Chanson- und Liederprogramm mit Eurythmie"},"content":{"rendered":"<p><strong>Welzheim-Laufenm\u00fchle<\/strong><\/p>\n<div id=\"attachment_1850\" style=\"width: 310px\" class=\"wp-caption alignright\"><a href=\"https:\/\/www.naturparkmagazin.de\/schwaebisch-fraenkischer-wald\/wp-content\/uploads\/sites\/34\/Beste-Freundinnen-c-Charlotte-Fischer.jpg\"><img aria-describedby=\"caption-attachment-1850\" decoding=\"async\" loading=\"lazy\" class=\"size-thumbnail wp-image-1850\" alt=\"&quot;Beste Freundinnen&quot;, Foto: Charlotte Fischer\" src=\"https:\/\/www.naturparkmagazin.de\/schwaebisch-fraenkischer-wald\/wp-content\/uploads\/sites\/34\/Beste-Freundinnen-c-Charlotte-Fischer-300x199.jpg\" width=\"300\" height=\"199\" \/><\/a><p id=\"caption-attachment-1850\" class=\"wp-caption-text\">&#8222;Beste Freundinnen&#8220;, Foto: Charlotte Fischer<\/p><\/div>\n<p>Unbedingt sehenswert ist das kurzweilige Chanson- und Liederprogramm \u201eBeste Freundinnen\u201c mit Eurythmie von ihrer heiteren Seite. Dorothea Maier und Ulrike Wendt von Studio B7, Apolda, pr\u00e4sentieren am Sonntag, den 3. 5. 2015 in der Christopherus Lebens- und Arbeitsgemeinschaft Laufenm\u00fchle e.V. auf unterhaltsame Weise Chansons und Lieder aus den 1920er bis 1950er Jahren.<\/p>\n<p>&nbsp;<\/p>\n<p>Begleitet werden sie dabei von der Sprachgestalterin und renommierten Chansons\u00e4ngerin Christiane G\u00f6rner und dem Akkordeonisten Ivan Antonic.\nIm Programm geht es vor allem um die verschiedensten Frauengestalten und \u2013 selbstverst\u00e4ndlich \u2013 die Liebe. Da gibt es die tanzende Tavernen-Sch\u00f6nheit und die sich Sehnende, eine Dame von der Post und eine aus dem Kamerun, russische Dramen und franz\u00f6sische Nachtges\u00e4nge \u2013 und am Ende sind alle die allerbesten Freundinnen\u2026\nDer Eintritt in die 17:00 Uhr im Kaspar-Hauser-Saal beginnende Veranstaltung ist frei, Spenden sind herzlich willkommen.<\/p>\n<p>Auch das Caf\u00e9-Restaurant molina und die R\u00f6sterei el molinillo sind wieder t\u00e4glich ge\u00f6ffnet. So steht einer liebevoll zubereiteten St\u00e4rkung oder einem hauseigenen Kaffee oder Espresso vor der Veranstaltung nichts im Wege.<\/p>\n<p>Infos und alle weiteren Termine im Kalender unter: <a href=\"http:\/\/www.eins-und-alles.de\" target=\"_blank\">www.eins-und-alles.de <\/a>\nTelefon: 07182\/8007-77 oder <a href=\"mailto:erfahrungsfeld@laufenmuehle.de\" target=\"_blank\">erfahrungsfeld@laufenmuehle.de<\/a><\/p>\n","protected":false},"excerpt":{"rendered":"<p>03.05.: Kurzweiliges Chanson- und Liederprogramm mit Eurythmie von ihrer heiteren Seite<\/p>\n","protected":false},"author":25,"featured_media":1850,"comment_status":"open","ping_status":"open","sticky":false,"template":"","format":"standard","meta":[],"categories":[11],"tags":[],"yoast_head":"<!-- This site is optimized with the Yoast SEO plugin v19.10 - https:\/\/yoast.com\/wordpress\/plugins\/seo\/ -->\n<title>&quot;Beste Freundinnen&quot; Chanson- und Liederprogramm mit Eurythmie - Naturpark Schw\u00e4bisch-Fr\u00e4nkischer Wald<\/title>\n<meta name=\"robots\" content=\"index, follow, max-snippet:-1, max-image-preview:large, max-video-preview:-1\" \/>\n<link rel=\"canonical\" href=\"https:\/\/www.naturparkmagazin.de\/schwaebisch-fraenkischer-wald\/beste-freundinnen-chanson-und-liederprogramm-mit-eurythmie\/\" \/>\n<meta property=\"og:locale\" content=\"de_DE\" \/>\n<meta property=\"og:type\" content=\"article\" \/>\n<meta property=\"og:title\" content=\"&quot;Beste Freundinnen&quot; Chanson- und Liederprogramm mit Eurythmie - Naturpark Schw\u00e4bisch-Fr\u00e4nkischer Wald\" \/>\n<meta property=\"og:description\" content=\"03.05.: Kurzweiliges Chanson- und Liederprogramm mit Eurythmie von ihrer heiteren Seite\" \/>\n<meta property=\"og:url\" content=\"https:\/\/www.naturparkmagazin.de\/schwaebisch-fraenkischer-wald\/beste-freundinnen-chanson-und-liederprogramm-mit-eurythmie\/\" \/>\n<meta property=\"og:site_name\" content=\"Naturpark Schw\u00e4bisch-Fr\u00e4nkischer Wald\" \/>\n<meta property=\"article:author\" content=\"https:\/\/www.facebook.com\/naturparkSFW\" \/>\n<meta property=\"article:published_time\" content=\"2015-04-20T13:00:09+00:00\" \/>\n<meta property=\"article:modified_time\" content=\"2015-04-28T08:59:29+00:00\" \/>\n<meta property=\"og:image\" content=\"https:\/\/www.naturparkmagazin.de\/schwaebisch-fraenkischer-wald\/wp-content\/uploads\/sites\/34\/Beste-Freundinnen-c-Charlotte-Fischer.jpg\" \/>\n\t<meta property=\"og:image:width\" content=\"640\" \/>\n\t<meta property=\"og:image:height\" content=\"426\" \/>\n\t<meta property=\"og:image:type\" content=\"image\/jpeg\" \/>\n<meta name=\"author\" content=\"Naturpark-Team\" \/>\n<meta name=\"twitter:label1\" content=\"Verfasst von\" \/>\n\t<meta name=\"twitter:data1\" content=\"Naturpark-Team\" \/>\n\t<meta name=\"twitter:label2\" content=\"Gesch\u00e4tzte Lesezeit\" \/>\n\t<meta name=\"twitter:data2\" content=\"1\u00a0Minute\" \/>\n<script type=\"application\/ld+json\" class=\"yoast-schema-graph\">{\"@context\":\"https:\/\/schema.org\",\"@graph\":[{\"@type\":\"WebPage\",\"@id\":\"https:\/\/www.naturparkmagazin.de\/schwaebisch-fraenkischer-wald\/beste-freundinnen-chanson-und-liederprogramm-mit-eurythmie\/\",\"url\":\"https:\/\/www.naturparkmagazin.de\/schwaebisch-fraenkischer-wald\/beste-freundinnen-chanson-und-liederprogramm-mit-eurythmie\/\",\"name\":\"\\\"Beste Freundinnen\\\" Chanson- und Liederprogramm mit Eurythmie - Naturpark Schw\u00e4bisch-Fr\u00e4nkischer Wald\",\"isPartOf\":{\"@id\":\"https:\/\/www.naturparkmagazin.de\/schwaebisch-fraenkischer-wald\/#website\"},\"datePublished\":\"2015-04-20T13:00:09+00:00\",\"dateModified\":\"2015-04-28T08:59:29+00:00\",\"author\":{\"@id\":\"https:\/\/www.naturparkmagazin.de\/schwaebisch-fraenkischer-wald\/#\/schema\/person\/f047a3702ae747fd7830cf8ac95e6066\"},\"breadcrumb\":{\"@id\":\"https:\/\/www.naturparkmagazin.de\/schwaebisch-fraenkischer-wald\/beste-freundinnen-chanson-und-liederprogramm-mit-eurythmie\/#breadcrumb\"},\"inLanguage\":\"de\",\"potentialAction\":[{\"@type\":\"ReadAction\",\"target\":[\"https:\/\/www.naturparkmagazin.de\/schwaebisch-fraenkischer-wald\/beste-freundinnen-chanson-und-liederprogramm-mit-eurythmie\/\"]}]},{\"@type\":\"BreadcrumbList\",\"@id\":\"https:\/\/www.naturparkmagazin.de\/schwaebisch-fraenkischer-wald\/beste-freundinnen-chanson-und-liederprogramm-mit-eurythmie\/#breadcrumb\",\"itemListElement\":[{\"@type\":\"ListItem\",\"position\":1,\"name\":\"Home\",\"item\":\"https:\/\/www.naturparkmagazin.de\/schwaebisch-fraenkischer-wald\/\"},{\"@type\":\"ListItem\",\"position\":2,\"name\":\"&#8222;Beste Freundinnen&#8220; Chanson- und Liederprogramm mit Eurythmie\"}]},{\"@type\":\"WebSite\",\"@id\":\"https:\/\/www.naturparkmagazin.de\/schwaebisch-fraenkischer-wald\/#website\",\"url\":\"https:\/\/www.naturparkmagazin.de\/schwaebisch-fraenkischer-wald\/\",\"name\":\"Naturpark Schw\u00e4bisch-Fr\u00e4nkischer Wald\",\"description\":\"\",\"potentialAction\":[{\"@type\":\"SearchAction\",\"target\":{\"@type\":\"EntryPoint\",\"urlTemplate\":\"https:\/\/www.naturparkmagazin.de\/schwaebisch-fraenkischer-wald\/?s={search_term_string}\"},\"query-input\":\"required name=search_term_string\"}],\"inLanguage\":\"de\"},{\"@type\":\"Person\",\"@id\":\"https:\/\/www.naturparkmagazin.de\/schwaebisch-fraenkischer-wald\/#\/schema\/person\/f047a3702ae747fd7830cf8ac95e6066\",\"name\":\"Naturpark-Team\",\"sameAs\":[\"http:\/\/www.naturpark-sfw.de\",\"https:\/\/www.facebook.com\/naturparkSFW\"],\"url\":\"https:\/\/www.naturparkmagazin.de\/schwaebisch-fraenkischer-wald\/author\/bernharddrixler\/\"}]}<\/script>\n<!-- \/ Yoast SEO plugin. -->","yoast_head_json":{"title":"\"Beste Freundinnen\" Chanson- und Liederprogramm mit Eurythmie - Naturpark Schw\u00e4bisch-Fr\u00e4nkischer Wald","robots":{"index":"index","follow":"follow","max-snippet":"max-snippet:-1","max-image-preview":"max-image-preview:large","max-video-preview":"max-video-preview:-1"},"canonical":"https:\/\/www.naturparkmagazin.de\/schwaebisch-fraenkischer-wald\/beste-freundinnen-chanson-und-liederprogramm-mit-eurythmie\/","og_locale":"de_DE","og_type":"article","og_title":"\"Beste Freundinnen\" Chanson- und Liederprogramm mit Eurythmie - Naturpark Schw\u00e4bisch-Fr\u00e4nkischer Wald","og_description":"03.05.: Kurzweiliges Chanson- und Liederprogramm mit Eurythmie von ihrer heiteren Seite","og_url":"https:\/\/www.naturparkmagazin.de\/schwaebisch-fraenkischer-wald\/beste-freundinnen-chanson-und-liederprogramm-mit-eurythmie\/","og_site_name":"Naturpark Schw\u00e4bisch-Fr\u00e4nkischer Wald","article_author":"https:\/\/www.facebook.com\/naturparkSFW","article_published_time":"2015-04-20T13:00:09+00:00","article_modified_time":"2015-04-28T08:59:29+00:00","og_image":[{"width":640,"height":426,"url":"https:\/\/www.naturparkmagazin.de\/schwaebisch-fraenkischer-wald\/wp-content\/uploads\/sites\/34\/Beste-Freundinnen-c-Charlotte-Fischer.jpg","type":"image\/jpeg"}],"author":"Naturpark-Team","twitter_misc":{"Verfasst von":"Naturpark-Team","Gesch\u00e4tzte Lesezeit":"1\u00a0Minute"},"schema":{"@context":"https:\/\/schema.org","@graph":[{"@type":"WebPage","@id":"https:\/\/www.naturparkmagazin.de\/schwaebisch-fraenkischer-wald\/beste-freundinnen-chanson-und-liederprogramm-mit-eurythmie\/","url":"https:\/\/www.naturparkmagazin.de\/schwaebisch-fraenkischer-wald\/beste-freundinnen-chanson-und-liederprogramm-mit-eurythmie\/","name":"\"Beste Freundinnen\" Chanson- und Liederprogramm mit Eurythmie - Naturpark Schw\u00e4bisch-Fr\u00e4nkischer Wald","isPartOf":{"@id":"https:\/\/www.naturparkmagazin.de\/schwaebisch-fraenkischer-wald\/#website"},"datePublished":"2015-04-20T13:00:09+00:00","dateModified":"2015-04-28T08:59:29+00:00","author":{"@id":"https:\/\/www.naturparkmagazin.de\/schwaebisch-fraenkischer-wald\/#\/schema\/person\/f047a3702ae747fd7830cf8ac95e6066"},"breadcrumb":{"@id":"https:\/\/www.naturparkmagazin.de\/schwaebisch-fraenkischer-wald\/beste-freundinnen-chanson-und-liederprogramm-mit-eurythmie\/#breadcrumb"},"inLanguage":"de","potentialAction":[{"@type":"ReadAction","target":["https:\/\/www.naturparkmagazin.de\/schwaebisch-fraenkischer-wald\/beste-freundinnen-chanson-und-liederprogramm-mit-eurythmie\/"]}]},{"@type":"BreadcrumbList","@id":"https:\/\/www.naturparkmagazin.de\/schwaebisch-fraenkischer-wald\/beste-freundinnen-chanson-und-liederprogramm-mit-eurythmie\/#breadcrumb","itemListElement":[{"@type":"ListItem","position":1,"name":"Home","item":"https:\/\/www.naturparkmagazin.de\/schwaebisch-fraenkischer-wald\/"},{"@type":"ListItem","position":2,"name":"&#8222;Beste Freundinnen&#8220; Chanson- und Liederprogramm mit Eurythmie"}]},{"@type":"WebSite","@id":"https:\/\/www.naturparkmagazin.de\/schwaebisch-fraenkischer-wald\/#website","url":"https:\/\/www.naturparkmagazin.de\/schwaebisch-fraenkischer-wald\/","name":"Naturpark Schw\u00e4bisch-Fr\u00e4nkischer Wald","description":"","potentialAction":[{"@type":"SearchAction","target":{"@type":"EntryPoint","urlTemplate":"https:\/\/www.naturparkmagazin.de\/schwaebisch-fraenkischer-wald\/?s={search_term_string}"},"query-input":"required name=search_term_string"}],"inLanguage":"de"},{"@type":"Person","@id":"https:\/\/www.naturparkmagazin.de\/schwaebisch-fraenkischer-wald\/#\/schema\/person\/f047a3702ae747fd7830cf8ac95e6066","name":"Naturpark-Team","sameAs":["http:\/\/www.naturpark-sfw.de","https:\/\/www.facebook.com\/naturparkSFW"],"url":"https:\/\/www.naturparkmagazin.de\/schwaebisch-fraenkischer-wald\/author\/bernharddrixler\/"}]}},"_links":{"self":[{"href":"https:\/\/www.naturparkmagazin.de\/schwaebisch-fraenkischer-wald\/wp-json\/wp\/v2\/posts\/1849"}],"collection":[{"href":"https:\/\/www.naturparkmagazin.de\/schwaebisch-fraenkischer-wald\/wp-json\/wp\/v2\/posts"}],"about":[{"href":"https:\/\/www.naturparkmagazin.de\/schwaebisch-fraenkischer-wald\/wp-json\/wp\/v2\/types\/post"}],"author":[{"embeddable":true,"href":"https:\/\/www.naturparkmagazin.de\/schwaebisch-fraenkischer-wald\/wp-json\/wp\/v2\/users\/25"}],"replies":[{"embeddable":true,"href":"https:\/\/www.naturparkmagazin.de\/schwaebisch-fraenkischer-wald\/wp-json\/wp\/v2\/comments?post=1849"}],"version-history":[{"count":2,"href":"https:\/\/www.naturparkmagazin.de\/schwaebisch-fraenkischer-wald\/wp-json\/wp\/v2\/posts\/1849\/revisions"}],"predecessor-version":[{"id":1902,"href":"https:\/\/www.naturparkmagazin.de\/schwaebisch-fraenkischer-wald\/wp-json\/wp\/v2\/posts\/1849\/revisions\/1902"}],"wp:featuredmedia":[{"embeddable":true,"href":"https:\/\/www.naturparkmagazin.de\/schwaebisch-fraenkischer-wald\/wp-json\/wp\/v2\/media\/1850"}],"wp:attachment":[{"href":"https:\/\/www.naturparkmagazin.de\/schwaebisch-fraenkischer-wald\/wp-json\/wp\/v2\/media?parent=1849"}],"wp:term":[{"taxonomy":"category","embeddable":true,"href":"https:\/\/www.naturparkmagazin.de\/schwaebisch-fraenkischer-wald\/wp-json\/wp\/v2\/categories?post=1849"},{"taxonomy":"post_tag","embeddable":true,"href":"https:\/\/www.naturparkmagazin.de\/schwaebisch-fraenkischer-wald\/wp-json\/wp\/v2\/tags?post=1849"}],"curies":[{"name":"wp","href":"https:\/\/api.w.org\/{rel}","templated":true}]}}