{"id":1950,"date":"2015-05-20T11:07:28","date_gmt":"2015-05-20T09:07:28","guid":{"rendered":"http:\/\/www.naturparkmagazin.de\/schwaebisch-fraenkischer-wald\/?p=1950"},"modified":"2015-05-13T08:08:02","modified_gmt":"2015-05-13T06:08:02","slug":"ebnisee-fuer-alle-ein-reich-fuer-die-sinne","status":"publish","type":"post","link":"https:\/\/www.naturparkmagazin.de\/schwaebisch-fraenkischer-wald\/ebnisee-fuer-alle-ein-reich-fuer-die-sinne\/","title":{"rendered":"Ebnisee f\u00fcr Alle &#8211; Ein Reich f\u00fcr die Sinne!"},"content":{"rendered":"<p>Sonntag, 28. Juni<\/p>\n<div id=\"attachment_1951\" style=\"width: 310px\" class=\"wp-caption alignright\"><a href=\"https:\/\/www.naturparkmagazin.de\/schwaebisch-fraenkischer-wald\/wp-content\/uploads\/sites\/34\/flyer_erlebnisee_2015_titel.jpg\"><img aria-describedby=\"caption-attachment-1951\" decoding=\"async\" loading=\"lazy\" class=\"size-thumbnail wp-image-1951\" src=\"https:\/\/www.naturparkmagazin.de\/schwaebisch-fraenkischer-wald\/wp-content\/uploads\/sites\/34\/flyer_erlebnisee_2015_titel-300x408.jpg\" alt=\"Ebnisee f\u00fcr alle \" width=\"300\" height=\"408\" srcset=\"https:\/\/www.naturparkmagazin.de\/schwaebisch-fraenkischer-wald\/wp-content\/uploads\/sites\/34\/flyer_erlebnisee_2015_titel-300x408.jpg 300w, https:\/\/www.naturparkmagazin.de\/schwaebisch-fraenkischer-wald\/wp-content\/uploads\/sites\/34\/flyer_erlebnisee_2015_titel-53x71.jpg 53w, https:\/\/www.naturparkmagazin.de\/schwaebisch-fraenkischer-wald\/wp-content\/uploads\/sites\/34\/flyer_erlebnisee_2015_titel-200x272.jpg 200w, https:\/\/www.naturparkmagazin.de\/schwaebisch-fraenkischer-wald\/wp-content\/uploads\/sites\/34\/flyer_erlebnisee_2015_titel.jpg 471w\" sizes=\"(max-width: 300px) 100vw, 300px\" \/><\/a><p id=\"caption-attachment-1951\" class=\"wp-caption-text\">Ebnisee f\u00fcr alle<\/p><\/div>\n<p>&nbsp;<\/p>\n<p>Wenn verwunschene Waldwesen, Flo\u00dfbauer und R\u00f6mer, Rollstuhlfahrer und Fu\u00dfg\u00e4nger aufeinander treffen kann dies nur Eines bedeuten: die integrative Veranstaltungsreihe Ebnisee f\u00fcr alle geht wieder los! Am 28. Juni k\u00f6nnen zwischen 11 und 17 Uhr rund um den Ebnisee bei Kaisersbach flei\u00dfig neue Sinneserfahrungen gesammelt werden.<\/p>\n<p>So l\u00e4sst sich etwa mit erdigen H\u00e4nden die Zauberkraft der Natur entdecken, wenn bei einer Pflanzaktion der Lebenshilfe Rems-Murr neue Lebensr\u00e4ume f\u00fcr Pflanzen und Tiere entstehen. Wer sich eher dem Element Wasser verbunden f\u00fchlt kann sich am Flo\u00dfbau bei Walter Hieber und Klaus Pfeffer beteiligen und zu einer abenteuerlichen Testfahrt auf dem Ebnisee aufbrechen.<\/p>\n<p>Nicht nur angehende Ebnisee-Piraten, auch Fische brauchen das k\u00fchle Nass, was zusammen mit dem Angelsportverein Welzheim um 14 Uhr am DLRG-Haus beim Einsetzen neuer Seebewohner selbst erf\u00fchlt werden kann.<\/p>\n<p>Immer der Nase nach geht es weiter, denn auf den Spuren der R\u00f6mer entdecken Sie mit Michaela K\u00f6hler allerlei Spannendes \u00fcber die K\u00fcche der r\u00f6mischen Provinz und d\u00fcrfen sich im Herstellen von Gew\u00fcrzbildern probieren. Weitere K\u00f6stlichkeiten aus der heimischen Wildkr\u00e4uterk\u00fcche k\u00f6nnen bei Gerda Drexel-Stich probiert werden und wer mag, kann seine Geduld beim Buttersch\u00fctteln unter Beweis stellen.<\/p>\n<p>Spielen und experimentieren k\u00f6nnen Sie beim mobilen \u201eErfahrungsfeld der Sinne\u201c der Laufenm\u00fchle und wer seinen Ohren und Lachmuskeln etwas Gutes tun m\u00f6chte, kann sich vom Rollstuhlfahrer Simon Maier, Mitarbeiter des Kreisjugendringes Rems-Murr, von 14 bis 16 Uhr an der Ebnisee-Infoh\u00fctte ehrlich und mit viel Humor au\u00dfergew\u00f6hnliche Alltagsgeschichten aus dem Leben eines \u201eRollmops\u201c erz\u00e4hlen lassen.<\/p>\n<p>Der Naturpark Schw\u00e4bisch-Fr\u00e4nkischer Wald und der Ebniseeverein w\u00fcnschen allen neugierigen Sammlern von neuen Sinneseindr\u00fccken bei Ebnisee f\u00fcr Alle viel Erfolg!<\/p>\n<p>Das Projekt wird durch den Naturpark Schw\u00e4bisch-Fr\u00e4nkischer Wald mit Mitteln des Landes Baden-W\u00fcrttemberg, der Lotterie Gl\u00fccksspirale und der Europ\u00e4ischen Union gef\u00f6rdert.<\/p>\n","protected":false},"excerpt":{"rendered":"<p>28.06.: Integratives Erleben f\u00fcr alle neugierigen Sammler von neuen Sinneseindr\u00fccken<\/p>\n","protected":false},"author":25,"featured_media":1951,"comment_status":"open","ping_status":"open","sticky":false,"template":"","format":"standard","meta":[],"categories":[11],"tags":[316],"yoast_head":"<!-- This site is optimized with the Yoast SEO plugin v19.10 - https:\/\/yoast.com\/wordpress\/plugins\/seo\/ -->\n<title>Ebnisee f\u00fcr Alle - Ein Reich f\u00fcr die Sinne! - Naturpark Schw\u00e4bisch-Fr\u00e4nkischer Wald<\/title>\n<meta name=\"robots\" content=\"index, follow, max-snippet:-1, max-image-preview:large, max-video-preview:-1\" \/>\n<link rel=\"canonical\" href=\"https:\/\/www.naturparkmagazin.de\/schwaebisch-fraenkischer-wald\/ebnisee-fuer-alle-ein-reich-fuer-die-sinne\/\" \/>\n<meta property=\"og:locale\" content=\"de_DE\" \/>\n<meta property=\"og:type\" content=\"article\" \/>\n<meta property=\"og:title\" content=\"Ebnisee f\u00fcr Alle - Ein Reich f\u00fcr die Sinne! - Naturpark Schw\u00e4bisch-Fr\u00e4nkischer Wald\" \/>\n<meta property=\"og:description\" content=\"28.06.: Integratives Erleben f\u00fcr alle neugierigen Sammler von neuen Sinneseindr\u00fccken\" \/>\n<meta property=\"og:url\" content=\"https:\/\/www.naturparkmagazin.de\/schwaebisch-fraenkischer-wald\/ebnisee-fuer-alle-ein-reich-fuer-die-sinne\/\" \/>\n<meta property=\"og:site_name\" content=\"Naturpark Schw\u00e4bisch-Fr\u00e4nkischer Wald\" \/>\n<meta property=\"article:author\" content=\"https:\/\/www.facebook.com\/naturparkSFW\" \/>\n<meta property=\"article:published_time\" content=\"2015-05-20T09:07:28+00:00\" \/>\n<meta property=\"article:modified_time\" content=\"2015-05-13T06:08:02+00:00\" \/>\n<meta property=\"og:image\" content=\"https:\/\/www.naturparkmagazin.de\/schwaebisch-fraenkischer-wald\/wp-content\/uploads\/sites\/34\/flyer_erlebnisee_2015_titel.jpg\" \/>\n\t<meta property=\"og:image:width\" content=\"471\" \/>\n\t<meta property=\"og:image:height\" content=\"640\" \/>\n\t<meta property=\"og:image:type\" content=\"image\/jpeg\" \/>\n<meta name=\"author\" content=\"Naturpark-Team\" \/>\n<meta name=\"twitter:label1\" content=\"Verfasst von\" \/>\n\t<meta name=\"twitter:data1\" content=\"Naturpark-Team\" \/>\n\t<meta name=\"twitter:label2\" content=\"Gesch\u00e4tzte Lesezeit\" \/>\n\t<meta name=\"twitter:data2\" content=\"2\u00a0Minuten\" \/>\n<script type=\"application\/ld+json\" class=\"yoast-schema-graph\">{\"@context\":\"https:\/\/schema.org\",\"@graph\":[{\"@type\":\"WebPage\",\"@id\":\"https:\/\/www.naturparkmagazin.de\/schwaebisch-fraenkischer-wald\/ebnisee-fuer-alle-ein-reich-fuer-die-sinne\/\",\"url\":\"https:\/\/www.naturparkmagazin.de\/schwaebisch-fraenkischer-wald\/ebnisee-fuer-alle-ein-reich-fuer-die-sinne\/\",\"name\":\"Ebnisee f\u00fcr Alle - Ein Reich f\u00fcr die Sinne! - Naturpark Schw\u00e4bisch-Fr\u00e4nkischer Wald\",\"isPartOf\":{\"@id\":\"https:\/\/www.naturparkmagazin.de\/schwaebisch-fraenkischer-wald\/#website\"},\"datePublished\":\"2015-05-20T09:07:28+00:00\",\"dateModified\":\"2015-05-13T06:08:02+00:00\",\"author\":{\"@id\":\"https:\/\/www.naturparkmagazin.de\/schwaebisch-fraenkischer-wald\/#\/schema\/person\/f047a3702ae747fd7830cf8ac95e6066\"},\"breadcrumb\":{\"@id\":\"https:\/\/www.naturparkmagazin.de\/schwaebisch-fraenkischer-wald\/ebnisee-fuer-alle-ein-reich-fuer-die-sinne\/#breadcrumb\"},\"inLanguage\":\"de\",\"potentialAction\":[{\"@type\":\"ReadAction\",\"target\":[\"https:\/\/www.naturparkmagazin.de\/schwaebisch-fraenkischer-wald\/ebnisee-fuer-alle-ein-reich-fuer-die-sinne\/\"]}]},{\"@type\":\"BreadcrumbList\",\"@id\":\"https:\/\/www.naturparkmagazin.de\/schwaebisch-fraenkischer-wald\/ebnisee-fuer-alle-ein-reich-fuer-die-sinne\/#breadcrumb\",\"itemListElement\":[{\"@type\":\"ListItem\",\"position\":1,\"name\":\"Home\",\"item\":\"https:\/\/www.naturparkmagazin.de\/schwaebisch-fraenkischer-wald\/\"},{\"@type\":\"ListItem\",\"position\":2,\"name\":\"Ebnisee f\u00fcr Alle &#8211; Ein Reich f\u00fcr die Sinne!\"}]},{\"@type\":\"WebSite\",\"@id\":\"https:\/\/www.naturparkmagazin.de\/schwaebisch-fraenkischer-wald\/#website\",\"url\":\"https:\/\/www.naturparkmagazin.de\/schwaebisch-fraenkischer-wald\/\",\"name\":\"Naturpark Schw\u00e4bisch-Fr\u00e4nkischer Wald\",\"description\":\"\",\"potentialAction\":[{\"@type\":\"SearchAction\",\"target\":{\"@type\":\"EntryPoint\",\"urlTemplate\":\"https:\/\/www.naturparkmagazin.de\/schwaebisch-fraenkischer-wald\/?s={search_term_string}\"},\"query-input\":\"required name=search_term_string\"}],\"inLanguage\":\"de\"},{\"@type\":\"Person\",\"@id\":\"https:\/\/www.naturparkmagazin.de\/schwaebisch-fraenkischer-wald\/#\/schema\/person\/f047a3702ae747fd7830cf8ac95e6066\",\"name\":\"Naturpark-Team\",\"sameAs\":[\"http:\/\/www.naturpark-sfw.de\",\"https:\/\/www.facebook.com\/naturparkSFW\"],\"url\":\"https:\/\/www.naturparkmagazin.de\/schwaebisch-fraenkischer-wald\/author\/bernharddrixler\/\"}]}<\/script>\n<!-- \/ Yoast SEO plugin. -->","yoast_head_json":{"title":"Ebnisee f\u00fcr Alle - Ein Reich f\u00fcr die Sinne! - Naturpark Schw\u00e4bisch-Fr\u00e4nkischer Wald","robots":{"index":"index","follow":"follow","max-snippet":"max-snippet:-1","max-image-preview":"max-image-preview:large","max-video-preview":"max-video-preview:-1"},"canonical":"https:\/\/www.naturparkmagazin.de\/schwaebisch-fraenkischer-wald\/ebnisee-fuer-alle-ein-reich-fuer-die-sinne\/","og_locale":"de_DE","og_type":"article","og_title":"Ebnisee f\u00fcr Alle - Ein Reich f\u00fcr die Sinne! - Naturpark Schw\u00e4bisch-Fr\u00e4nkischer Wald","og_description":"28.06.: Integratives Erleben f\u00fcr alle neugierigen Sammler von neuen Sinneseindr\u00fccken","og_url":"https:\/\/www.naturparkmagazin.de\/schwaebisch-fraenkischer-wald\/ebnisee-fuer-alle-ein-reich-fuer-die-sinne\/","og_site_name":"Naturpark Schw\u00e4bisch-Fr\u00e4nkischer Wald","article_author":"https:\/\/www.facebook.com\/naturparkSFW","article_published_time":"2015-05-20T09:07:28+00:00","article_modified_time":"2015-05-13T06:08:02+00:00","og_image":[{"width":471,"height":640,"url":"https:\/\/www.naturparkmagazin.de\/schwaebisch-fraenkischer-wald\/wp-content\/uploads\/sites\/34\/flyer_erlebnisee_2015_titel.jpg","type":"image\/jpeg"}],"author":"Naturpark-Team","twitter_misc":{"Verfasst von":"Naturpark-Team","Gesch\u00e4tzte Lesezeit":"2\u00a0Minuten"},"schema":{"@context":"https:\/\/schema.org","@graph":[{"@type":"WebPage","@id":"https:\/\/www.naturparkmagazin.de\/schwaebisch-fraenkischer-wald\/ebnisee-fuer-alle-ein-reich-fuer-die-sinne\/","url":"https:\/\/www.naturparkmagazin.de\/schwaebisch-fraenkischer-wald\/ebnisee-fuer-alle-ein-reich-fuer-die-sinne\/","name":"Ebnisee f\u00fcr Alle - Ein Reich f\u00fcr die Sinne! - Naturpark Schw\u00e4bisch-Fr\u00e4nkischer Wald","isPartOf":{"@id":"https:\/\/www.naturparkmagazin.de\/schwaebisch-fraenkischer-wald\/#website"},"datePublished":"2015-05-20T09:07:28+00:00","dateModified":"2015-05-13T06:08:02+00:00","author":{"@id":"https:\/\/www.naturparkmagazin.de\/schwaebisch-fraenkischer-wald\/#\/schema\/person\/f047a3702ae747fd7830cf8ac95e6066"},"breadcrumb":{"@id":"https:\/\/www.naturparkmagazin.de\/schwaebisch-fraenkischer-wald\/ebnisee-fuer-alle-ein-reich-fuer-die-sinne\/#breadcrumb"},"inLanguage":"de","potentialAction":[{"@type":"ReadAction","target":["https:\/\/www.naturparkmagazin.de\/schwaebisch-fraenkischer-wald\/ebnisee-fuer-alle-ein-reich-fuer-die-sinne\/"]}]},{"@type":"BreadcrumbList","@id":"https:\/\/www.naturparkmagazin.de\/schwaebisch-fraenkischer-wald\/ebnisee-fuer-alle-ein-reich-fuer-die-sinne\/#breadcrumb","itemListElement":[{"@type":"ListItem","position":1,"name":"Home","item":"https:\/\/www.naturparkmagazin.de\/schwaebisch-fraenkischer-wald\/"},{"@type":"ListItem","position":2,"name":"Ebnisee f\u00fcr Alle &#8211; Ein Reich f\u00fcr die Sinne!"}]},{"@type":"WebSite","@id":"https:\/\/www.naturparkmagazin.de\/schwaebisch-fraenkischer-wald\/#website","url":"https:\/\/www.naturparkmagazin.de\/schwaebisch-fraenkischer-wald\/","name":"Naturpark Schw\u00e4bisch-Fr\u00e4nkischer Wald","description":"","potentialAction":[{"@type":"SearchAction","target":{"@type":"EntryPoint","urlTemplate":"https:\/\/www.naturparkmagazin.de\/schwaebisch-fraenkischer-wald\/?s={search_term_string}"},"query-input":"required name=search_term_string"}],"inLanguage":"de"},{"@type":"Person","@id":"https:\/\/www.naturparkmagazin.de\/schwaebisch-fraenkischer-wald\/#\/schema\/person\/f047a3702ae747fd7830cf8ac95e6066","name":"Naturpark-Team","sameAs":["http:\/\/www.naturpark-sfw.de","https:\/\/www.facebook.com\/naturparkSFW"],"url":"https:\/\/www.naturparkmagazin.de\/schwaebisch-fraenkischer-wald\/author\/bernharddrixler\/"}]}},"_links":{"self":[{"href":"https:\/\/www.naturparkmagazin.de\/schwaebisch-fraenkischer-wald\/wp-json\/wp\/v2\/posts\/1950"}],"collection":[{"href":"https:\/\/www.naturparkmagazin.de\/schwaebisch-fraenkischer-wald\/wp-json\/wp\/v2\/posts"}],"about":[{"href":"https:\/\/www.naturparkmagazin.de\/schwaebisch-fraenkischer-wald\/wp-json\/wp\/v2\/types\/post"}],"author":[{"embeddable":true,"href":"https:\/\/www.naturparkmagazin.de\/schwaebisch-fraenkischer-wald\/wp-json\/wp\/v2\/users\/25"}],"replies":[{"embeddable":true,"href":"https:\/\/www.naturparkmagazin.de\/schwaebisch-fraenkischer-wald\/wp-json\/wp\/v2\/comments?post=1950"}],"version-history":[{"count":1,"href":"https:\/\/www.naturparkmagazin.de\/schwaebisch-fraenkischer-wald\/wp-json\/wp\/v2\/posts\/1950\/revisions"}],"predecessor-version":[{"id":1952,"href":"https:\/\/www.naturparkmagazin.de\/schwaebisch-fraenkischer-wald\/wp-json\/wp\/v2\/posts\/1950\/revisions\/1952"}],"wp:featuredmedia":[{"embeddable":true,"href":"https:\/\/www.naturparkmagazin.de\/schwaebisch-fraenkischer-wald\/wp-json\/wp\/v2\/media\/1951"}],"wp:attachment":[{"href":"https:\/\/www.naturparkmagazin.de\/schwaebisch-fraenkischer-wald\/wp-json\/wp\/v2\/media?parent=1950"}],"wp:term":[{"taxonomy":"category","embeddable":true,"href":"https:\/\/www.naturparkmagazin.de\/schwaebisch-fraenkischer-wald\/wp-json\/wp\/v2\/categories?post=1950"},{"taxonomy":"post_tag","embeddable":true,"href":"https:\/\/www.naturparkmagazin.de\/schwaebisch-fraenkischer-wald\/wp-json\/wp\/v2\/tags?post=1950"}],"curies":[{"name":"wp","href":"https:\/\/api.w.org\/{rel}","templated":true}]}}