{"id":1954,"date":"2015-05-20T11:28:49","date_gmt":"2015-05-20T09:28:49","guid":{"rendered":"http:\/\/www.naturparkmagazin.de\/schwaebisch-fraenkischer-wald\/?p=1954"},"modified":"2015-05-13T08:16:18","modified_gmt":"2015-05-13T06:16:18","slug":"naturparkmarkt-in-abtsgmuend-ran-ans-eingemachte","status":"publish","type":"post","link":"https:\/\/www.naturparkmagazin.de\/schwaebisch-fraenkischer-wald\/naturparkmarkt-in-abtsgmuend-ran-ans-eingemachte\/","title":{"rendered":"Naturparkmarkt in Abtsgm\u00fcnd &#8211; Ran ans Eingemachte!"},"content":{"rendered":"<p>Am 21. Juni darf dieser Spruch ruhig w\u00f6rtlich genommen werden, denn beim zweiten Naturparkmarkt in Abtsgm\u00fcnd wird auf dem<\/p>\n<div id=\"attachment_1955\" style=\"width: 310px\" class=\"wp-caption alignright\"><a href=\"https:\/\/www.naturparkmagazin.de\/schwaebisch-fraenkischer-wald\/wp-content\/uploads\/sites\/34\/titel_npm_abtsgmuend.jpg\"><img aria-describedby=\"caption-attachment-1955\" decoding=\"async\" loading=\"lazy\" class=\"size-thumbnail wp-image-1955\" src=\"https:\/\/www.naturparkmagazin.de\/schwaebisch-fraenkischer-wald\/wp-content\/uploads\/sites\/34\/titel_npm_abtsgmuend-300x643.jpg\" alt=\"Naturparkmarkt Abtsgm\u00fcnd\" width=\"300\" height=\"643\" srcset=\"https:\/\/www.naturparkmagazin.de\/schwaebisch-fraenkischer-wald\/wp-content\/uploads\/sites\/34\/titel_npm_abtsgmuend-300x643.jpg 300w, https:\/\/www.naturparkmagazin.de\/schwaebisch-fraenkischer-wald\/wp-content\/uploads\/sites\/34\/titel_npm_abtsgmuend-620x1329.jpg 620w, https:\/\/www.naturparkmagazin.de\/schwaebisch-fraenkischer-wald\/wp-content\/uploads\/sites\/34\/titel_npm_abtsgmuend-940x2015.jpg 940w, https:\/\/www.naturparkmagazin.de\/schwaebisch-fraenkischer-wald\/wp-content\/uploads\/sites\/34\/titel_npm_abtsgmuend-670x1436.jpg 670w, https:\/\/www.naturparkmagazin.de\/schwaebisch-fraenkischer-wald\/wp-content\/uploads\/sites\/34\/titel_npm_abtsgmuend-200x429.jpg 200w, https:\/\/www.naturparkmagazin.de\/schwaebisch-fraenkischer-wald\/wp-content\/uploads\/sites\/34\/titel_npm_abtsgmuend.jpg 1157w\" sizes=\"(max-width: 300px) 100vw, 300px\" \/><\/a><p id=\"caption-attachment-1955\" class=\"wp-caption-text\">Naturparkmarkt Abtsgm\u00fcnd<\/p><\/div>\n<p>Rathausplatz zwischen 11 und 18 Uhr in der Hochsaison von Erdbeeren, Holunder und Co. bestimmt die eine oder andere eingemachte, leckere Marmelade dabei sein.<\/p>\n<p>Dies ist aber noch l\u00e4ngst nicht alles, was kleine und gro\u00dfe Schlemmerm\u00e4uler bei hoffentlich sch\u00f6nstem Sommerwetter erwarten d\u00fcrfen. Die Gemeinde Abtsgm\u00fcnd veranstaltet zum ersten Mal den Naturparkmarkt und wird mit \u00fcber 40 Direktvermarktern im \u00f6stlichen Bereich des Naturparks Schw\u00e4bisch-Fr\u00e4nkischer Wald das breite Spektrum regional erzeugter Lebensmitteln und Handwerkskunst pr\u00e4sentieren. Zun\u00e4chst sollte man die handgemachten Weidenk\u00f6rbe von Stefan Lemke aus Murrhardt begutachten, die viel Platz f\u00fcr die zahlreichen Leckereien und kreativen Erzeugnisse bieten. Wie w\u00e4re es beispielswiese mit variantenreichen K\u00e4sesorten, Honig, hausgemachte Nudeln, Naturparksenf oder R\u00e4uberlinsen? F\u00fcr ein ausgiebiges Sommerpicknick sollte auf jeden Fall gesorgt sein. Die L\u00f6wenbrauerei Hall aus Schw\u00e4bisch Hall sowie Wielands Brauerei direkt aus Abtsgm\u00fcnd werden trockenen Gaumen mit frischen, kalten Getr\u00e4nken erfreuen.<\/p>\n<p>Wie kreativ die Menschen im Naturpark sind, kann nach der kulinarischen St\u00e4rkung an den zahlreichen Kunsthandwerksst\u00e4nden bestaunt werden. Ob traditionelle Bauernkeramik, Filzprodukte, Schmuck aus lokalen Kieselh\u00f6lzern oder ganze M\u00f6bel aus einheimischen Laubh\u00f6lzern &#8211; f\u00fcr die Versch\u00f6nerung der eigenen vier W\u00e4nde oder des Gartens ist bestimmt etwas dabei.<\/p>\n<p>Auch Abtsgm\u00fcnd selbst kann an diesem Tag entdeckt werden. So bietet Naturparkf\u00fchrer Rolf Angstenberger um 14 Uhr eine Rundtour um den Hornberg an, bei dem sch\u00f6ne Ausblicke auf das St\u00e4dtchen und die schw\u00e4bische Alb inbegriffen sind. F\u00fcr die j\u00fcngeren Naturparkbesucher sind die zahlreichen Naturerlebnisangebote spannend, die das Wissen kleiner Naturforscher auf die Probe stellen.<\/p>\n<p>Der Naturpark Schw\u00e4bisch-Fr\u00e4nkischer Wald und die Gemeinde Abtsgm\u00fcnd freuen sich auf bewusste Naturparkmarktgenie\u00dferinnen und \u2013genie\u00dfer!<\/p>\n<p>Die f\u00fcnf Naturparkm\u00e4rkte 2015 sind ein Kooperationsprojekt des Naturparks mit den teilnehmenden Kommunen. Das Projekt wird durch den Naturpark Schw\u00e4bisch-Fr\u00e4nkischer Wald mit Mitteln des Landes Baden-W\u00fcrttemberg, der Lotterie Gl\u00fccksspirale und der Europ\u00e4ischen Union (ELER) gef\u00f6rdert.<\/p>\n","protected":false},"excerpt":{"rendered":"<p>21.06.: Naturparkmarkt in Abtsgm\u00fcnd f\u00fcr bewusste Naturparkmarktgenie\u00dferinnen und \u2013genie\u00dfer<\/p>\n","protected":false},"author":25,"featured_media":1956,"comment_status":"open","ping_status":"open","sticky":false,"template":"","format":"standard","meta":[],"categories":[11],"tags":[316],"yoast_head":"<!-- This site is optimized with the Yoast SEO plugin v19.10 - https:\/\/yoast.com\/wordpress\/plugins\/seo\/ -->\n<title>Naturparkmarkt in Abtsgm\u00fcnd - Ran ans Eingemachte! - Naturpark Schw\u00e4bisch-Fr\u00e4nkischer Wald<\/title>\n<meta name=\"robots\" content=\"index, follow, max-snippet:-1, max-image-preview:large, max-video-preview:-1\" \/>\n<link rel=\"canonical\" href=\"https:\/\/www.naturparkmagazin.de\/schwaebisch-fraenkischer-wald\/naturparkmarkt-in-abtsgmuend-ran-ans-eingemachte\/\" \/>\n<meta property=\"og:locale\" content=\"de_DE\" \/>\n<meta property=\"og:type\" content=\"article\" \/>\n<meta property=\"og:title\" content=\"Naturparkmarkt in Abtsgm\u00fcnd - Ran ans Eingemachte! - Naturpark Schw\u00e4bisch-Fr\u00e4nkischer Wald\" \/>\n<meta property=\"og:description\" content=\"21.06.: Naturparkmarkt in Abtsgm\u00fcnd f\u00fcr bewusste Naturparkmarktgenie\u00dferinnen und \u2013genie\u00dfer\" \/>\n<meta property=\"og:url\" content=\"https:\/\/www.naturparkmagazin.de\/schwaebisch-fraenkischer-wald\/naturparkmarkt-in-abtsgmuend-ran-ans-eingemachte\/\" \/>\n<meta property=\"og:site_name\" content=\"Naturpark Schw\u00e4bisch-Fr\u00e4nkischer Wald\" \/>\n<meta property=\"article:author\" content=\"https:\/\/www.facebook.com\/naturparkSFW\" \/>\n<meta property=\"article:published_time\" content=\"2015-05-20T09:28:49+00:00\" \/>\n<meta property=\"article:modified_time\" content=\"2015-05-13T06:16:18+00:00\" \/>\n<meta property=\"og:image\" content=\"https:\/\/www.naturparkmagazin.de\/schwaebisch-fraenkischer-wald\/wp-content\/uploads\/sites\/34\/titel_npm_abtsgmuend_2.jpg\" \/>\n\t<meta property=\"og:image:width\" content=\"523\" \/>\n\t<meta property=\"og:image:height\" content=\"480\" \/>\n\t<meta property=\"og:image:type\" content=\"image\/jpeg\" \/>\n<meta name=\"author\" content=\"Naturpark-Team\" \/>\n<meta name=\"twitter:label1\" content=\"Verfasst von\" \/>\n\t<meta name=\"twitter:data1\" content=\"Naturpark-Team\" \/>\n\t<meta name=\"twitter:label2\" content=\"Gesch\u00e4tzte Lesezeit\" \/>\n\t<meta name=\"twitter:data2\" content=\"2\u00a0Minuten\" \/>\n<script type=\"application\/ld+json\" class=\"yoast-schema-graph\">{\"@context\":\"https:\/\/schema.org\",\"@graph\":[{\"@type\":\"WebPage\",\"@id\":\"https:\/\/www.naturparkmagazin.de\/schwaebisch-fraenkischer-wald\/naturparkmarkt-in-abtsgmuend-ran-ans-eingemachte\/\",\"url\":\"https:\/\/www.naturparkmagazin.de\/schwaebisch-fraenkischer-wald\/naturparkmarkt-in-abtsgmuend-ran-ans-eingemachte\/\",\"name\":\"Naturparkmarkt in Abtsgm\u00fcnd - Ran ans Eingemachte! - Naturpark Schw\u00e4bisch-Fr\u00e4nkischer Wald\",\"isPartOf\":{\"@id\":\"https:\/\/www.naturparkmagazin.de\/schwaebisch-fraenkischer-wald\/#website\"},\"datePublished\":\"2015-05-20T09:28:49+00:00\",\"dateModified\":\"2015-05-13T06:16:18+00:00\",\"author\":{\"@id\":\"https:\/\/www.naturparkmagazin.de\/schwaebisch-fraenkischer-wald\/#\/schema\/person\/f047a3702ae747fd7830cf8ac95e6066\"},\"breadcrumb\":{\"@id\":\"https:\/\/www.naturparkmagazin.de\/schwaebisch-fraenkischer-wald\/naturparkmarkt-in-abtsgmuend-ran-ans-eingemachte\/#breadcrumb\"},\"inLanguage\":\"de\",\"potentialAction\":[{\"@type\":\"ReadAction\",\"target\":[\"https:\/\/www.naturparkmagazin.de\/schwaebisch-fraenkischer-wald\/naturparkmarkt-in-abtsgmuend-ran-ans-eingemachte\/\"]}]},{\"@type\":\"BreadcrumbList\",\"@id\":\"https:\/\/www.naturparkmagazin.de\/schwaebisch-fraenkischer-wald\/naturparkmarkt-in-abtsgmuend-ran-ans-eingemachte\/#breadcrumb\",\"itemListElement\":[{\"@type\":\"ListItem\",\"position\":1,\"name\":\"Home\",\"item\":\"https:\/\/www.naturparkmagazin.de\/schwaebisch-fraenkischer-wald\/\"},{\"@type\":\"ListItem\",\"position\":2,\"name\":\"Naturparkmarkt in Abtsgm\u00fcnd &#8211; Ran ans Eingemachte!\"}]},{\"@type\":\"WebSite\",\"@id\":\"https:\/\/www.naturparkmagazin.de\/schwaebisch-fraenkischer-wald\/#website\",\"url\":\"https:\/\/www.naturparkmagazin.de\/schwaebisch-fraenkischer-wald\/\",\"name\":\"Naturpark Schw\u00e4bisch-Fr\u00e4nkischer Wald\",\"description\":\"\",\"potentialAction\":[{\"@type\":\"SearchAction\",\"target\":{\"@type\":\"EntryPoint\",\"urlTemplate\":\"https:\/\/www.naturparkmagazin.de\/schwaebisch-fraenkischer-wald\/?s={search_term_string}\"},\"query-input\":\"required name=search_term_string\"}],\"inLanguage\":\"de\"},{\"@type\":\"Person\",\"@id\":\"https:\/\/www.naturparkmagazin.de\/schwaebisch-fraenkischer-wald\/#\/schema\/person\/f047a3702ae747fd7830cf8ac95e6066\",\"name\":\"Naturpark-Team\",\"sameAs\":[\"http:\/\/www.naturpark-sfw.de\",\"https:\/\/www.facebook.com\/naturparkSFW\"],\"url\":\"https:\/\/www.naturparkmagazin.de\/schwaebisch-fraenkischer-wald\/author\/bernharddrixler\/\"}]}<\/script>\n<!-- \/ Yoast SEO plugin. -->","yoast_head_json":{"title":"Naturparkmarkt in Abtsgm\u00fcnd - Ran ans Eingemachte! - Naturpark Schw\u00e4bisch-Fr\u00e4nkischer Wald","robots":{"index":"index","follow":"follow","max-snippet":"max-snippet:-1","max-image-preview":"max-image-preview:large","max-video-preview":"max-video-preview:-1"},"canonical":"https:\/\/www.naturparkmagazin.de\/schwaebisch-fraenkischer-wald\/naturparkmarkt-in-abtsgmuend-ran-ans-eingemachte\/","og_locale":"de_DE","og_type":"article","og_title":"Naturparkmarkt in Abtsgm\u00fcnd - Ran ans Eingemachte! - Naturpark Schw\u00e4bisch-Fr\u00e4nkischer Wald","og_description":"21.06.: Naturparkmarkt in Abtsgm\u00fcnd f\u00fcr bewusste Naturparkmarktgenie\u00dferinnen und \u2013genie\u00dfer","og_url":"https:\/\/www.naturparkmagazin.de\/schwaebisch-fraenkischer-wald\/naturparkmarkt-in-abtsgmuend-ran-ans-eingemachte\/","og_site_name":"Naturpark Schw\u00e4bisch-Fr\u00e4nkischer Wald","article_author":"https:\/\/www.facebook.com\/naturparkSFW","article_published_time":"2015-05-20T09:28:49+00:00","article_modified_time":"2015-05-13T06:16:18+00:00","og_image":[{"width":523,"height":480,"url":"https:\/\/www.naturparkmagazin.de\/schwaebisch-fraenkischer-wald\/wp-content\/uploads\/sites\/34\/titel_npm_abtsgmuend_2.jpg","type":"image\/jpeg"}],"author":"Naturpark-Team","twitter_misc":{"Verfasst von":"Naturpark-Team","Gesch\u00e4tzte Lesezeit":"2\u00a0Minuten"},"schema":{"@context":"https:\/\/schema.org","@graph":[{"@type":"WebPage","@id":"https:\/\/www.naturparkmagazin.de\/schwaebisch-fraenkischer-wald\/naturparkmarkt-in-abtsgmuend-ran-ans-eingemachte\/","url":"https:\/\/www.naturparkmagazin.de\/schwaebisch-fraenkischer-wald\/naturparkmarkt-in-abtsgmuend-ran-ans-eingemachte\/","name":"Naturparkmarkt in Abtsgm\u00fcnd - Ran ans Eingemachte! - Naturpark Schw\u00e4bisch-Fr\u00e4nkischer Wald","isPartOf":{"@id":"https:\/\/www.naturparkmagazin.de\/schwaebisch-fraenkischer-wald\/#website"},"datePublished":"2015-05-20T09:28:49+00:00","dateModified":"2015-05-13T06:16:18+00:00","author":{"@id":"https:\/\/www.naturparkmagazin.de\/schwaebisch-fraenkischer-wald\/#\/schema\/person\/f047a3702ae747fd7830cf8ac95e6066"},"breadcrumb":{"@id":"https:\/\/www.naturparkmagazin.de\/schwaebisch-fraenkischer-wald\/naturparkmarkt-in-abtsgmuend-ran-ans-eingemachte\/#breadcrumb"},"inLanguage":"de","potentialAction":[{"@type":"ReadAction","target":["https:\/\/www.naturparkmagazin.de\/schwaebisch-fraenkischer-wald\/naturparkmarkt-in-abtsgmuend-ran-ans-eingemachte\/"]}]},{"@type":"BreadcrumbList","@id":"https:\/\/www.naturparkmagazin.de\/schwaebisch-fraenkischer-wald\/naturparkmarkt-in-abtsgmuend-ran-ans-eingemachte\/#breadcrumb","itemListElement":[{"@type":"ListItem","position":1,"name":"Home","item":"https:\/\/www.naturparkmagazin.de\/schwaebisch-fraenkischer-wald\/"},{"@type":"ListItem","position":2,"name":"Naturparkmarkt in Abtsgm\u00fcnd &#8211; Ran ans Eingemachte!"}]},{"@type":"WebSite","@id":"https:\/\/www.naturparkmagazin.de\/schwaebisch-fraenkischer-wald\/#website","url":"https:\/\/www.naturparkmagazin.de\/schwaebisch-fraenkischer-wald\/","name":"Naturpark Schw\u00e4bisch-Fr\u00e4nkischer Wald","description":"","potentialAction":[{"@type":"SearchAction","target":{"@type":"EntryPoint","urlTemplate":"https:\/\/www.naturparkmagazin.de\/schwaebisch-fraenkischer-wald\/?s={search_term_string}"},"query-input":"required name=search_term_string"}],"inLanguage":"de"},{"@type":"Person","@id":"https:\/\/www.naturparkmagazin.de\/schwaebisch-fraenkischer-wald\/#\/schema\/person\/f047a3702ae747fd7830cf8ac95e6066","name":"Naturpark-Team","sameAs":["http:\/\/www.naturpark-sfw.de","https:\/\/www.facebook.com\/naturparkSFW"],"url":"https:\/\/www.naturparkmagazin.de\/schwaebisch-fraenkischer-wald\/author\/bernharddrixler\/"}]}},"_links":{"self":[{"href":"https:\/\/www.naturparkmagazin.de\/schwaebisch-fraenkischer-wald\/wp-json\/wp\/v2\/posts\/1954"}],"collection":[{"href":"https:\/\/www.naturparkmagazin.de\/schwaebisch-fraenkischer-wald\/wp-json\/wp\/v2\/posts"}],"about":[{"href":"https:\/\/www.naturparkmagazin.de\/schwaebisch-fraenkischer-wald\/wp-json\/wp\/v2\/types\/post"}],"author":[{"embeddable":true,"href":"https:\/\/www.naturparkmagazin.de\/schwaebisch-fraenkischer-wald\/wp-json\/wp\/v2\/users\/25"}],"replies":[{"embeddable":true,"href":"https:\/\/www.naturparkmagazin.de\/schwaebisch-fraenkischer-wald\/wp-json\/wp\/v2\/comments?post=1954"}],"version-history":[{"count":1,"href":"https:\/\/www.naturparkmagazin.de\/schwaebisch-fraenkischer-wald\/wp-json\/wp\/v2\/posts\/1954\/revisions"}],"predecessor-version":[{"id":1957,"href":"https:\/\/www.naturparkmagazin.de\/schwaebisch-fraenkischer-wald\/wp-json\/wp\/v2\/posts\/1954\/revisions\/1957"}],"wp:featuredmedia":[{"embeddable":true,"href":"https:\/\/www.naturparkmagazin.de\/schwaebisch-fraenkischer-wald\/wp-json\/wp\/v2\/media\/1956"}],"wp:attachment":[{"href":"https:\/\/www.naturparkmagazin.de\/schwaebisch-fraenkischer-wald\/wp-json\/wp\/v2\/media?parent=1954"}],"wp:term":[{"taxonomy":"category","embeddable":true,"href":"https:\/\/www.naturparkmagazin.de\/schwaebisch-fraenkischer-wald\/wp-json\/wp\/v2\/categories?post=1954"},{"taxonomy":"post_tag","embeddable":true,"href":"https:\/\/www.naturparkmagazin.de\/schwaebisch-fraenkischer-wald\/wp-json\/wp\/v2\/tags?post=1954"}],"curies":[{"name":"wp","href":"https:\/\/api.w.org\/{rel}","templated":true}]}}