{"id":1966,"date":"2015-05-20T08:37:08","date_gmt":"2015-05-20T06:37:08","guid":{"rendered":"http:\/\/www.naturparkmagazin.de\/schwaebisch-fraenkischer-wald\/?p=1966"},"modified":"2015-05-13T08:57:43","modified_gmt":"2015-05-13T06:57:43","slug":"die-kommunen-im-naturpark-mainhardt","status":"publish","type":"post","link":"https:\/\/www.naturparkmagazin.de\/schwaebisch-fraenkischer-wald\/die-kommunen-im-naturpark-mainhardt\/","title":{"rendered":"Die Kommunen im Naturpark &#8211; Mainhardt"},"content":{"rendered":"<p>Mainhardt ist eine lebendige und attraktive Luftkurortgemeinde am Limes, deren historische Wurzeln weit zur\u00fcckreichen.<\/p>\n<div id=\"attachment_1967\" style=\"width: 310px\" class=\"wp-caption alignright\"><a href=\"https:\/\/www.naturparkmagazin.de\/schwaebisch-fraenkischer-wald\/wp-content\/uploads\/sites\/34\/Schl\u00f6ssle-in-Mainhardt.jpg\"><img aria-describedby=\"caption-attachment-1967\" decoding=\"async\" loading=\"lazy\" class=\"size-thumbnail wp-image-1967\" src=\"https:\/\/www.naturparkmagazin.de\/schwaebisch-fraenkischer-wald\/wp-content\/uploads\/sites\/34\/Schl\u00f6ssle-in-Mainhardt-300x192.jpg\" alt=\"Das Schl\u00f6ssle im Hauptort der Gemeinde Mainhardt\" width=\"300\" height=\"192\" srcset=\"https:\/\/www.naturparkmagazin.de\/schwaebisch-fraenkischer-wald\/wp-content\/uploads\/sites\/34\/Schl\u00f6ssle-in-Mainhardt-300x192.jpg 300w, https:\/\/www.naturparkmagazin.de\/schwaebisch-fraenkischer-wald\/wp-content\/uploads\/sites\/34\/Schl\u00f6ssle-in-Mainhardt-620x396.jpg 620w, https:\/\/www.naturparkmagazin.de\/schwaebisch-fraenkischer-wald\/wp-content\/uploads\/sites\/34\/Schl\u00f6ssle-in-Mainhardt-200x128.jpg 200w, https:\/\/www.naturparkmagazin.de\/schwaebisch-fraenkischer-wald\/wp-content\/uploads\/sites\/34\/Schl\u00f6ssle-in-Mainhardt.jpg 640w\" sizes=\"(max-width: 300px) 100vw, 300px\" \/><\/a><p id=\"caption-attachment-1967\" class=\"wp-caption-text\">Das Schl\u00f6ssle im Hauptort der Gemeinde Mainhardt<\/p><\/div>\n<p>Der Mainhardter Wald ist ein Teil des Schw\u00e4bischen Waldes mit einmaligen Ausblicken. Hier finden sich vertr\u00e4umte T\u00e4ler, B\u00e4che und Seen, malerische Wiesen und Auen, die zum Rasten einladen.<\/p>\n<p>Mainhardt selbst wird zum ersten Mal in einer Schenkungsurkunde Kaiser Konrad II erw\u00e4hnt. Am 16. Juli 1027 in Ulm ausgestellt, wird dem Bischof von W\u00fcrzburg ein gro\u00dfes Waldgebiet um das Kloster Murrhardt geschenkt, dessen Nordgrenze eine Stra\u00dfe ist, der durch Mainhardt f\u00fchrte. Mainhardt wurde von einem zun\u00e4chst als Schulthei\u00df und seit 1728 als Amtmann bezeichneten Beamten des Hauses Hohenlohe verwaltet. Er residierte im Mainhardter\u00a0\u201eSchl\u00f6ssle&#8220;.<\/p>\n<p>Mainhardt liegt direkt an der B 14 Schw\u00e4bisch Hall und Stuttgart und bietet mit florierender Wirtschaft, Kinder- und Familienfreundlichkeit sowie einer intakten Natur und Umwelt gute Voraussetzungen f\u00fcr eine gute Zukunft der Gemeinde.<\/p>\n<p>Seit 2010 ist Damian Komor B\u00fcrgermeister der Gemeinde Mainhardt und wurde damals mit frischen 26 Jahren gew\u00e4hlt.<\/p>\n<div id=\"attachment_1968\" style=\"width: 310px\" class=\"wp-caption alignright\"><a href=\"https:\/\/www.naturparkmagazin.de\/schwaebisch-fraenkischer-wald\/wp-content\/uploads\/sites\/34\/Komor_D_022.jpg\"><img aria-describedby=\"caption-attachment-1968\" decoding=\"async\" loading=\"lazy\" class=\"size-thumbnail wp-image-1968\" src=\"https:\/\/www.naturparkmagazin.de\/schwaebisch-fraenkischer-wald\/wp-content\/uploads\/sites\/34\/Komor_D_022-300x450.jpg\" alt=\"B\u00fcrgermeister Damian Komor\" width=\"300\" height=\"450\" srcset=\"https:\/\/www.naturparkmagazin.de\/schwaebisch-fraenkischer-wald\/wp-content\/uploads\/sites\/34\/Komor_D_022-300x450.jpg 300w, https:\/\/www.naturparkmagazin.de\/schwaebisch-fraenkischer-wald\/wp-content\/uploads\/sites\/34\/Komor_D_022-200x300.jpg 200w, https:\/\/www.naturparkmagazin.de\/schwaebisch-fraenkischer-wald\/wp-content\/uploads\/sites\/34\/Komor_D_022.jpg 427w\" sizes=\"(max-width: 300px) 100vw, 300px\" \/><\/a><p id=\"caption-attachment-1968\" class=\"wp-caption-text\">B\u00fcrgermeister Damian Komor<\/p><\/div>\n<p>Er ist Mitglied im Vorstand des Naturparkvereins. In seiner Freizeit wandert er am liebsten auf dem Mainhardter Fuxi-Natur-Erlebnispfad, nicht nur weil er direkt vor der Haust\u00fcre liegt, sondern weil es ihn immer wieder fasziniert, wie viele Besucher, vor allem aber junge Familien mit ihren Kindern nach Mainhardt kommen, um den Fuxi Pfad zu entdecken.<\/p>\n<p>&nbsp;<\/p>\n<p>Alle Informationen rund um den Luftkurort am Limes, so zum Beispiel auch, was es mit den R\u00e4ubern vom Mainhardter Wald auf sich hat, finden Sie hier: <a href=\"http:\/\/www.mainhardt.de\" target=\"_blank\">www.mainhardt.de<\/a><\/p>\n<p>&nbsp;<\/p>\n","protected":false},"excerpt":{"rendered":"<p>Mainhardt ist eine lebendige und attraktive Luftkurortgemeinde am Limes, deren historische Wurzeln weit zur\u00fcckreichen. Der Mainhardter Wald ist ein Teil des Schw\u00e4bischen Waldes mit einmaligen Ausblicken. Hier finden sich vertr\u00e4umte T\u00e4ler, B\u00e4che und Seen, malerische Wiesen und Auen, die zum Rasten einladen. Mainhardt selbst wird zum ersten Mal in einer Schenkungsurkunde Kaiser Konrad II erw\u00e4hnt.<\/p>\n","protected":false},"author":25,"featured_media":1967,"comment_status":"open","ping_status":"open","sticky":false,"template":"","format":"standard","meta":[],"categories":[8],"tags":[],"yoast_head":"<!-- This site is optimized with the Yoast SEO plugin v19.10 - https:\/\/yoast.com\/wordpress\/plugins\/seo\/ -->\n<title>Die Kommunen im Naturpark - Mainhardt - Naturpark Schw\u00e4bisch-Fr\u00e4nkischer Wald<\/title>\n<meta name=\"robots\" content=\"index, follow, max-snippet:-1, max-image-preview:large, max-video-preview:-1\" \/>\n<link rel=\"canonical\" href=\"https:\/\/www.naturparkmagazin.de\/schwaebisch-fraenkischer-wald\/die-kommunen-im-naturpark-mainhardt\/\" \/>\n<meta property=\"og:locale\" content=\"de_DE\" \/>\n<meta property=\"og:type\" content=\"article\" \/>\n<meta property=\"og:title\" content=\"Die Kommunen im Naturpark - Mainhardt - Naturpark Schw\u00e4bisch-Fr\u00e4nkischer Wald\" \/>\n<meta property=\"og:description\" content=\"Mainhardt ist eine lebendige und attraktive Luftkurortgemeinde am Limes, deren historische Wurzeln weit zur\u00fcckreichen. Der Mainhardter Wald ist ein Teil des Schw\u00e4bischen Waldes mit einmaligen Ausblicken. Hier finden sich vertr\u00e4umte T\u00e4ler, B\u00e4che und Seen, malerische Wiesen und Auen, die zum Rasten einladen. Mainhardt selbst wird zum ersten Mal in einer Schenkungsurkunde Kaiser Konrad II erw\u00e4hnt.\" \/>\n<meta property=\"og:url\" content=\"https:\/\/www.naturparkmagazin.de\/schwaebisch-fraenkischer-wald\/die-kommunen-im-naturpark-mainhardt\/\" \/>\n<meta property=\"og:site_name\" content=\"Naturpark Schw\u00e4bisch-Fr\u00e4nkischer Wald\" \/>\n<meta property=\"article:author\" content=\"https:\/\/www.facebook.com\/naturparkSFW\" \/>\n<meta property=\"article:published_time\" content=\"2015-05-20T06:37:08+00:00\" \/>\n<meta property=\"article:modified_time\" content=\"2015-05-13T06:57:43+00:00\" \/>\n<meta property=\"og:image\" content=\"https:\/\/www.naturparkmagazin.de\/schwaebisch-fraenkischer-wald\/wp-content\/uploads\/sites\/34\/Schl\u00f6ssle-in-Mainhardt.jpg\" \/>\n\t<meta property=\"og:image:width\" content=\"640\" \/>\n\t<meta property=\"og:image:height\" content=\"409\" \/>\n\t<meta property=\"og:image:type\" content=\"image\/jpeg\" \/>\n<meta name=\"author\" content=\"Naturpark-Team\" \/>\n<meta name=\"twitter:label1\" content=\"Verfasst von\" \/>\n\t<meta name=\"twitter:data1\" content=\"Naturpark-Team\" \/>\n\t<meta name=\"twitter:label2\" content=\"Gesch\u00e4tzte Lesezeit\" \/>\n\t<meta name=\"twitter:data2\" content=\"1\u00a0Minute\" \/>\n<script type=\"application\/ld+json\" class=\"yoast-schema-graph\">{\"@context\":\"https:\/\/schema.org\",\"@graph\":[{\"@type\":\"WebPage\",\"@id\":\"https:\/\/www.naturparkmagazin.de\/schwaebisch-fraenkischer-wald\/die-kommunen-im-naturpark-mainhardt\/\",\"url\":\"https:\/\/www.naturparkmagazin.de\/schwaebisch-fraenkischer-wald\/die-kommunen-im-naturpark-mainhardt\/\",\"name\":\"Die Kommunen im Naturpark - Mainhardt - Naturpark Schw\u00e4bisch-Fr\u00e4nkischer Wald\",\"isPartOf\":{\"@id\":\"https:\/\/www.naturparkmagazin.de\/schwaebisch-fraenkischer-wald\/#website\"},\"datePublished\":\"2015-05-20T06:37:08+00:00\",\"dateModified\":\"2015-05-13T06:57:43+00:00\",\"author\":{\"@id\":\"https:\/\/www.naturparkmagazin.de\/schwaebisch-fraenkischer-wald\/#\/schema\/person\/f047a3702ae747fd7830cf8ac95e6066\"},\"breadcrumb\":{\"@id\":\"https:\/\/www.naturparkmagazin.de\/schwaebisch-fraenkischer-wald\/die-kommunen-im-naturpark-mainhardt\/#breadcrumb\"},\"inLanguage\":\"de\",\"potentialAction\":[{\"@type\":\"ReadAction\",\"target\":[\"https:\/\/www.naturparkmagazin.de\/schwaebisch-fraenkischer-wald\/die-kommunen-im-naturpark-mainhardt\/\"]}]},{\"@type\":\"BreadcrumbList\",\"@id\":\"https:\/\/www.naturparkmagazin.de\/schwaebisch-fraenkischer-wald\/die-kommunen-im-naturpark-mainhardt\/#breadcrumb\",\"itemListElement\":[{\"@type\":\"ListItem\",\"position\":1,\"name\":\"Home\",\"item\":\"https:\/\/www.naturparkmagazin.de\/schwaebisch-fraenkischer-wald\/\"},{\"@type\":\"ListItem\",\"position\":2,\"name\":\"Die Kommunen im Naturpark &#8211; Mainhardt\"}]},{\"@type\":\"WebSite\",\"@id\":\"https:\/\/www.naturparkmagazin.de\/schwaebisch-fraenkischer-wald\/#website\",\"url\":\"https:\/\/www.naturparkmagazin.de\/schwaebisch-fraenkischer-wald\/\",\"name\":\"Naturpark Schw\u00e4bisch-Fr\u00e4nkischer Wald\",\"description\":\"\",\"potentialAction\":[{\"@type\":\"SearchAction\",\"target\":{\"@type\":\"EntryPoint\",\"urlTemplate\":\"https:\/\/www.naturparkmagazin.de\/schwaebisch-fraenkischer-wald\/?s={search_term_string}\"},\"query-input\":\"required name=search_term_string\"}],\"inLanguage\":\"de\"},{\"@type\":\"Person\",\"@id\":\"https:\/\/www.naturparkmagazin.de\/schwaebisch-fraenkischer-wald\/#\/schema\/person\/f047a3702ae747fd7830cf8ac95e6066\",\"name\":\"Naturpark-Team\",\"sameAs\":[\"http:\/\/www.naturpark-sfw.de\",\"https:\/\/www.facebook.com\/naturparkSFW\"],\"url\":\"https:\/\/www.naturparkmagazin.de\/schwaebisch-fraenkischer-wald\/author\/bernharddrixler\/\"}]}<\/script>\n<!-- \/ Yoast SEO plugin. -->","yoast_head_json":{"title":"Die Kommunen im Naturpark - Mainhardt - Naturpark Schw\u00e4bisch-Fr\u00e4nkischer Wald","robots":{"index":"index","follow":"follow","max-snippet":"max-snippet:-1","max-image-preview":"max-image-preview:large","max-video-preview":"max-video-preview:-1"},"canonical":"https:\/\/www.naturparkmagazin.de\/schwaebisch-fraenkischer-wald\/die-kommunen-im-naturpark-mainhardt\/","og_locale":"de_DE","og_type":"article","og_title":"Die Kommunen im Naturpark - Mainhardt - Naturpark Schw\u00e4bisch-Fr\u00e4nkischer Wald","og_description":"Mainhardt ist eine lebendige und attraktive Luftkurortgemeinde am Limes, deren historische Wurzeln weit zur\u00fcckreichen. Der Mainhardter Wald ist ein Teil des Schw\u00e4bischen Waldes mit einmaligen Ausblicken. Hier finden sich vertr\u00e4umte T\u00e4ler, B\u00e4che und Seen, malerische Wiesen und Auen, die zum Rasten einladen. Mainhardt selbst wird zum ersten Mal in einer Schenkungsurkunde Kaiser Konrad II erw\u00e4hnt.","og_url":"https:\/\/www.naturparkmagazin.de\/schwaebisch-fraenkischer-wald\/die-kommunen-im-naturpark-mainhardt\/","og_site_name":"Naturpark Schw\u00e4bisch-Fr\u00e4nkischer Wald","article_author":"https:\/\/www.facebook.com\/naturparkSFW","article_published_time":"2015-05-20T06:37:08+00:00","article_modified_time":"2015-05-13T06:57:43+00:00","og_image":[{"width":640,"height":409,"url":"https:\/\/www.naturparkmagazin.de\/schwaebisch-fraenkischer-wald\/wp-content\/uploads\/sites\/34\/Schl\u00f6ssle-in-Mainhardt.jpg","type":"image\/jpeg"}],"author":"Naturpark-Team","twitter_misc":{"Verfasst von":"Naturpark-Team","Gesch\u00e4tzte Lesezeit":"1\u00a0Minute"},"schema":{"@context":"https:\/\/schema.org","@graph":[{"@type":"WebPage","@id":"https:\/\/www.naturparkmagazin.de\/schwaebisch-fraenkischer-wald\/die-kommunen-im-naturpark-mainhardt\/","url":"https:\/\/www.naturparkmagazin.de\/schwaebisch-fraenkischer-wald\/die-kommunen-im-naturpark-mainhardt\/","name":"Die Kommunen im Naturpark - Mainhardt - Naturpark Schw\u00e4bisch-Fr\u00e4nkischer Wald","isPartOf":{"@id":"https:\/\/www.naturparkmagazin.de\/schwaebisch-fraenkischer-wald\/#website"},"datePublished":"2015-05-20T06:37:08+00:00","dateModified":"2015-05-13T06:57:43+00:00","author":{"@id":"https:\/\/www.naturparkmagazin.de\/schwaebisch-fraenkischer-wald\/#\/schema\/person\/f047a3702ae747fd7830cf8ac95e6066"},"breadcrumb":{"@id":"https:\/\/www.naturparkmagazin.de\/schwaebisch-fraenkischer-wald\/die-kommunen-im-naturpark-mainhardt\/#breadcrumb"},"inLanguage":"de","potentialAction":[{"@type":"ReadAction","target":["https:\/\/www.naturparkmagazin.de\/schwaebisch-fraenkischer-wald\/die-kommunen-im-naturpark-mainhardt\/"]}]},{"@type":"BreadcrumbList","@id":"https:\/\/www.naturparkmagazin.de\/schwaebisch-fraenkischer-wald\/die-kommunen-im-naturpark-mainhardt\/#breadcrumb","itemListElement":[{"@type":"ListItem","position":1,"name":"Home","item":"https:\/\/www.naturparkmagazin.de\/schwaebisch-fraenkischer-wald\/"},{"@type":"ListItem","position":2,"name":"Die Kommunen im Naturpark &#8211; Mainhardt"}]},{"@type":"WebSite","@id":"https:\/\/www.naturparkmagazin.de\/schwaebisch-fraenkischer-wald\/#website","url":"https:\/\/www.naturparkmagazin.de\/schwaebisch-fraenkischer-wald\/","name":"Naturpark Schw\u00e4bisch-Fr\u00e4nkischer Wald","description":"","potentialAction":[{"@type":"SearchAction","target":{"@type":"EntryPoint","urlTemplate":"https:\/\/www.naturparkmagazin.de\/schwaebisch-fraenkischer-wald\/?s={search_term_string}"},"query-input":"required name=search_term_string"}],"inLanguage":"de"},{"@type":"Person","@id":"https:\/\/www.naturparkmagazin.de\/schwaebisch-fraenkischer-wald\/#\/schema\/person\/f047a3702ae747fd7830cf8ac95e6066","name":"Naturpark-Team","sameAs":["http:\/\/www.naturpark-sfw.de","https:\/\/www.facebook.com\/naturparkSFW"],"url":"https:\/\/www.naturparkmagazin.de\/schwaebisch-fraenkischer-wald\/author\/bernharddrixler\/"}]}},"_links":{"self":[{"href":"https:\/\/www.naturparkmagazin.de\/schwaebisch-fraenkischer-wald\/wp-json\/wp\/v2\/posts\/1966"}],"collection":[{"href":"https:\/\/www.naturparkmagazin.de\/schwaebisch-fraenkischer-wald\/wp-json\/wp\/v2\/posts"}],"about":[{"href":"https:\/\/www.naturparkmagazin.de\/schwaebisch-fraenkischer-wald\/wp-json\/wp\/v2\/types\/post"}],"author":[{"embeddable":true,"href":"https:\/\/www.naturparkmagazin.de\/schwaebisch-fraenkischer-wald\/wp-json\/wp\/v2\/users\/25"}],"replies":[{"embeddable":true,"href":"https:\/\/www.naturparkmagazin.de\/schwaebisch-fraenkischer-wald\/wp-json\/wp\/v2\/comments?post=1966"}],"version-history":[{"count":4,"href":"https:\/\/www.naturparkmagazin.de\/schwaebisch-fraenkischer-wald\/wp-json\/wp\/v2\/posts\/1966\/revisions"}],"predecessor-version":[{"id":1972,"href":"https:\/\/www.naturparkmagazin.de\/schwaebisch-fraenkischer-wald\/wp-json\/wp\/v2\/posts\/1966\/revisions\/1972"}],"wp:featuredmedia":[{"embeddable":true,"href":"https:\/\/www.naturparkmagazin.de\/schwaebisch-fraenkischer-wald\/wp-json\/wp\/v2\/media\/1967"}],"wp:attachment":[{"href":"https:\/\/www.naturparkmagazin.de\/schwaebisch-fraenkischer-wald\/wp-json\/wp\/v2\/media?parent=1966"}],"wp:term":[{"taxonomy":"category","embeddable":true,"href":"https:\/\/www.naturparkmagazin.de\/schwaebisch-fraenkischer-wald\/wp-json\/wp\/v2\/categories?post=1966"},{"taxonomy":"post_tag","embeddable":true,"href":"https:\/\/www.naturparkmagazin.de\/schwaebisch-fraenkischer-wald\/wp-json\/wp\/v2\/tags?post=1966"}],"curies":[{"name":"wp","href":"https:\/\/api.w.org\/{rel}","templated":true}]}}