{"id":1978,"date":"2015-05-20T09:53:15","date_gmt":"2015-05-20T07:53:15","guid":{"rendered":"http:\/\/www.naturparkmagazin.de\/schwaebisch-fraenkischer-wald\/?p=1978"},"modified":"2015-05-27T13:19:14","modified_gmt":"2015-05-27T11:19:14","slug":"der-bahnerlebnispfad-erleben","status":"publish","type":"post","link":"https:\/\/www.naturparkmagazin.de\/schwaebisch-fraenkischer-wald\/der-bahnerlebnispfad-erleben\/","title":{"rendered":"Der Bahnerlebnispfad erleben"},"content":{"rendered":"<p>Unsere stellvertretende Gesch\u00e4ftsf\u00fchrerin Meika Bakker erlebte den Bahnerlebnispfad:<\/p>\n<div id=\"attachment_1980\" style=\"width: 310px\" class=\"wp-caption alignright\"><a href=\"https:\/\/www.naturparkmagazin.de\/schwaebisch-fraenkischer-wald\/wp-content\/uploads\/sites\/34\/150429_Begehung-Bahnerlebnispfad-4.jpg\"><img aria-describedby=\"caption-attachment-1980\" decoding=\"async\" loading=\"lazy\" class=\"size-thumbnail wp-image-1980\" src=\"https:\/\/www.naturparkmagazin.de\/schwaebisch-fraenkischer-wald\/wp-content\/uploads\/sites\/34\/150429_Begehung-Bahnerlebnispfad-4-300x225.jpg\" alt=\"Bahnerlebnispfad zwischen Rudersberg und Welzheim \" width=\"300\" height=\"225\" srcset=\"https:\/\/www.naturparkmagazin.de\/schwaebisch-fraenkischer-wald\/wp-content\/uploads\/sites\/34\/150429_Begehung-Bahnerlebnispfad-4-300x225.jpg 300w, https:\/\/www.naturparkmagazin.de\/schwaebisch-fraenkischer-wald\/wp-content\/uploads\/sites\/34\/150429_Begehung-Bahnerlebnispfad-4-620x465.jpg 620w, https:\/\/www.naturparkmagazin.de\/schwaebisch-fraenkischer-wald\/wp-content\/uploads\/sites\/34\/150429_Begehung-Bahnerlebnispfad-4-580x435.jpg 580w, https:\/\/www.naturparkmagazin.de\/schwaebisch-fraenkischer-wald\/wp-content\/uploads\/sites\/34\/150429_Begehung-Bahnerlebnispfad-4-420x315.jpg 420w, https:\/\/www.naturparkmagazin.de\/schwaebisch-fraenkischer-wald\/wp-content\/uploads\/sites\/34\/150429_Begehung-Bahnerlebnispfad-4-180x135.jpg 180w, https:\/\/www.naturparkmagazin.de\/schwaebisch-fraenkischer-wald\/wp-content\/uploads\/sites\/34\/150429_Begehung-Bahnerlebnispfad-4-95x71.jpg 95w, https:\/\/www.naturparkmagazin.de\/schwaebisch-fraenkischer-wald\/wp-content\/uploads\/sites\/34\/150429_Begehung-Bahnerlebnispfad-4-200x150.jpg 200w, https:\/\/www.naturparkmagazin.de\/schwaebisch-fraenkischer-wald\/wp-content\/uploads\/sites\/34\/150429_Begehung-Bahnerlebnispfad-4.jpg 640w\" sizes=\"(max-width: 300px) 100vw, 300px\" \/><\/a><p id=\"caption-attachment-1980\" class=\"wp-caption-text\">Bahnerlebnispfad zwischen Rudersberg und Welzheim<\/p><\/div>\n<p>&#8222;Zwischen Rudersberg und Welzheim schl\u00e4ngelt sich nicht nur dampfend und schnaufend die Schw\u00e4bische-Waldbahn durch ein besonders idyllisches Fleckchen Landschaft im Schw\u00e4bisch-Fr\u00e4nkischen Wald. Auch ein Wanderweg f\u00fchrt nun seit vergangenem September \u00fcber Streuobstwiesen, Schluchten, Wald und Tal.<\/p>\n<p>Ich habe an einem sonnigen Fr\u00fchlingstag die Gelegenheit genutzt und mir das vom Naturpark gef\u00f6rderte Projekt der Gemeinde Rudersberg und der Stadt Welzheim einmal n\u00e4her angesehen.<\/p>\n<p>Der rund 14 km lange Weg f\u00fchrt vom Bahnhof in Rudersberg zur Haltestelle in Welzheim oder umgekehrt. Dabei werden rund 200 H\u00f6henmeter \u00fcberbr\u00fcckt. Besonders beeindruckend sind die vielf\u00e4ltigen Landschaftseindr\u00fccke, die man auf der Wanderung bekommt. Offene Talblicke wechseln sich ab mit eingeschnittenen Klingen sowie dichten Waldabschnitten. Als urspr\u00fcngliches Nordlicht und nun seit einem Monat Wahl-Schw\u00e4bin sind diese strukturreichen, abwechslungsreichen Anblicke sehr faszinierend.<\/p>\n<p>Der Bahnerlebnispfad wurde gebaut, um die Sch\u00f6nheiten der Natur mit der Technikgeschichte der Schw\u00e4bischen-Waldbahn zu kombinieren. Dies ist besonders durch die M\u00f6glichkeit gegeben, sich kurzweilige Anekdoten \u00fcber die ehrw\u00fcrdige Dampflok und die Bahngeschichte per Audiokommentar anzuh\u00f6ren. Einfach die an bestimmten Streckenpunkten angezeigten Nummern w\u00e4hlen, schon erz\u00e4hlt ein vergn\u00fcgter Schaffner mit Witz und Verstand \u00fcber die Waldbahn.<\/p>\n<p>Auch f\u00fcr die Pausen auf der Wanderung ist gesorgt \u2013 zahlreiche Einkehrm\u00f6glichkeiten lassen m\u00fcde F\u00fc\u00dfe und leere M\u00e4gen wieder munter werden.<\/p>\n<p>Zwar hat meine Auszeit vom Schreibtisch nicht gereicht, den kompletten Bahnerlebnispfad abzuwandern. Dieses Ereignis wird jedoch auf jeden Fall im privaten Kalender vermerkt, denn die Verbindung einer reizvollen Wanderstrecke und einer spannenden Historie ist einen Besuch wert.&#8220;<\/p>\n<p>Weitere Informationen zum Bahnerlebnispfad gibt es bei der <a href=\"http:\/\/www.rudersberg.de\" target=\"_blank\">Gemeinde Rudersberg<\/a> und der <a href=\"http:\/\/www.welzheim.de\" target=\"_blank\">Stadt Welzheim.<\/a><\/p>\n<p>Au\u00dferdem kann die Wanderwegs-Brosch\u00fcre auf der Homepage des Naturparks heruntergeladen oder bestellt werden.<\/p>\n","protected":false},"excerpt":{"rendered":"<p>Unsere stellvertretende Gesch\u00e4ftsf\u00fchrerin Meika Bakker erlebte an einem sonnigen Fr\u00fchlingstag den Bahnerlebnispfad.<\/p>\n","protected":false},"author":25,"featured_media":1980,"comment_status":"open","ping_status":"open","sticky":false,"template":"","format":"standard","meta":[],"categories":[7],"tags":[],"yoast_head":"<!-- This site is optimized with the Yoast SEO plugin v19.10 - https:\/\/yoast.com\/wordpress\/plugins\/seo\/ -->\n<title>Der Bahnerlebnispfad erleben - Naturpark Schw\u00e4bisch-Fr\u00e4nkischer Wald<\/title>\n<meta name=\"robots\" content=\"index, follow, max-snippet:-1, max-image-preview:large, max-video-preview:-1\" \/>\n<link rel=\"canonical\" href=\"https:\/\/www.naturparkmagazin.de\/schwaebisch-fraenkischer-wald\/der-bahnerlebnispfad-erleben\/\" \/>\n<meta property=\"og:locale\" content=\"de_DE\" \/>\n<meta property=\"og:type\" content=\"article\" \/>\n<meta property=\"og:title\" content=\"Der Bahnerlebnispfad erleben - Naturpark Schw\u00e4bisch-Fr\u00e4nkischer Wald\" \/>\n<meta property=\"og:description\" content=\"Unsere stellvertretende Gesch\u00e4ftsf\u00fchrerin Meika Bakker erlebte an einem sonnigen Fr\u00fchlingstag den Bahnerlebnispfad.\" \/>\n<meta property=\"og:url\" content=\"https:\/\/www.naturparkmagazin.de\/schwaebisch-fraenkischer-wald\/der-bahnerlebnispfad-erleben\/\" \/>\n<meta property=\"og:site_name\" content=\"Naturpark Schw\u00e4bisch-Fr\u00e4nkischer Wald\" \/>\n<meta property=\"article:author\" content=\"https:\/\/www.facebook.com\/naturparkSFW\" \/>\n<meta property=\"article:published_time\" content=\"2015-05-20T07:53:15+00:00\" \/>\n<meta property=\"article:modified_time\" content=\"2015-05-27T11:19:14+00:00\" \/>\n<meta property=\"og:image\" content=\"https:\/\/www.naturparkmagazin.de\/schwaebisch-fraenkischer-wald\/wp-content\/uploads\/sites\/34\/150429_Begehung-Bahnerlebnispfad-4.jpg\" \/>\n\t<meta property=\"og:image:width\" content=\"640\" \/>\n\t<meta property=\"og:image:height\" content=\"480\" \/>\n\t<meta property=\"og:image:type\" content=\"image\/jpeg\" \/>\n<meta name=\"author\" content=\"Naturpark-Team\" \/>\n<meta name=\"twitter:label1\" content=\"Verfasst von\" \/>\n\t<meta name=\"twitter:data1\" content=\"Naturpark-Team\" \/>\n\t<meta name=\"twitter:label2\" content=\"Gesch\u00e4tzte Lesezeit\" \/>\n\t<meta name=\"twitter:data2\" content=\"2\u00a0Minuten\" \/>\n<script type=\"application\/ld+json\" class=\"yoast-schema-graph\">{\"@context\":\"https:\/\/schema.org\",\"@graph\":[{\"@type\":\"WebPage\",\"@id\":\"https:\/\/www.naturparkmagazin.de\/schwaebisch-fraenkischer-wald\/der-bahnerlebnispfad-erleben\/\",\"url\":\"https:\/\/www.naturparkmagazin.de\/schwaebisch-fraenkischer-wald\/der-bahnerlebnispfad-erleben\/\",\"name\":\"Der Bahnerlebnispfad erleben - Naturpark Schw\u00e4bisch-Fr\u00e4nkischer Wald\",\"isPartOf\":{\"@id\":\"https:\/\/www.naturparkmagazin.de\/schwaebisch-fraenkischer-wald\/#website\"},\"datePublished\":\"2015-05-20T07:53:15+00:00\",\"dateModified\":\"2015-05-27T11:19:14+00:00\",\"author\":{\"@id\":\"https:\/\/www.naturparkmagazin.de\/schwaebisch-fraenkischer-wald\/#\/schema\/person\/f047a3702ae747fd7830cf8ac95e6066\"},\"breadcrumb\":{\"@id\":\"https:\/\/www.naturparkmagazin.de\/schwaebisch-fraenkischer-wald\/der-bahnerlebnispfad-erleben\/#breadcrumb\"},\"inLanguage\":\"de\",\"potentialAction\":[{\"@type\":\"ReadAction\",\"target\":[\"https:\/\/www.naturparkmagazin.de\/schwaebisch-fraenkischer-wald\/der-bahnerlebnispfad-erleben\/\"]}]},{\"@type\":\"BreadcrumbList\",\"@id\":\"https:\/\/www.naturparkmagazin.de\/schwaebisch-fraenkischer-wald\/der-bahnerlebnispfad-erleben\/#breadcrumb\",\"itemListElement\":[{\"@type\":\"ListItem\",\"position\":1,\"name\":\"Home\",\"item\":\"https:\/\/www.naturparkmagazin.de\/schwaebisch-fraenkischer-wald\/\"},{\"@type\":\"ListItem\",\"position\":2,\"name\":\"Der Bahnerlebnispfad erleben\"}]},{\"@type\":\"WebSite\",\"@id\":\"https:\/\/www.naturparkmagazin.de\/schwaebisch-fraenkischer-wald\/#website\",\"url\":\"https:\/\/www.naturparkmagazin.de\/schwaebisch-fraenkischer-wald\/\",\"name\":\"Naturpark Schw\u00e4bisch-Fr\u00e4nkischer Wald\",\"description\":\"\",\"potentialAction\":[{\"@type\":\"SearchAction\",\"target\":{\"@type\":\"EntryPoint\",\"urlTemplate\":\"https:\/\/www.naturparkmagazin.de\/schwaebisch-fraenkischer-wald\/?s={search_term_string}\"},\"query-input\":\"required name=search_term_string\"}],\"inLanguage\":\"de\"},{\"@type\":\"Person\",\"@id\":\"https:\/\/www.naturparkmagazin.de\/schwaebisch-fraenkischer-wald\/#\/schema\/person\/f047a3702ae747fd7830cf8ac95e6066\",\"name\":\"Naturpark-Team\",\"sameAs\":[\"http:\/\/www.naturpark-sfw.de\",\"https:\/\/www.facebook.com\/naturparkSFW\"],\"url\":\"https:\/\/www.naturparkmagazin.de\/schwaebisch-fraenkischer-wald\/author\/bernharddrixler\/\"}]}<\/script>\n<!-- \/ Yoast SEO plugin. -->","yoast_head_json":{"title":"Der Bahnerlebnispfad erleben - Naturpark Schw\u00e4bisch-Fr\u00e4nkischer Wald","robots":{"index":"index","follow":"follow","max-snippet":"max-snippet:-1","max-image-preview":"max-image-preview:large","max-video-preview":"max-video-preview:-1"},"canonical":"https:\/\/www.naturparkmagazin.de\/schwaebisch-fraenkischer-wald\/der-bahnerlebnispfad-erleben\/","og_locale":"de_DE","og_type":"article","og_title":"Der Bahnerlebnispfad erleben - Naturpark Schw\u00e4bisch-Fr\u00e4nkischer Wald","og_description":"Unsere stellvertretende Gesch\u00e4ftsf\u00fchrerin Meika Bakker erlebte an einem sonnigen Fr\u00fchlingstag den Bahnerlebnispfad.","og_url":"https:\/\/www.naturparkmagazin.de\/schwaebisch-fraenkischer-wald\/der-bahnerlebnispfad-erleben\/","og_site_name":"Naturpark Schw\u00e4bisch-Fr\u00e4nkischer Wald","article_author":"https:\/\/www.facebook.com\/naturparkSFW","article_published_time":"2015-05-20T07:53:15+00:00","article_modified_time":"2015-05-27T11:19:14+00:00","og_image":[{"width":640,"height":480,"url":"https:\/\/www.naturparkmagazin.de\/schwaebisch-fraenkischer-wald\/wp-content\/uploads\/sites\/34\/150429_Begehung-Bahnerlebnispfad-4.jpg","type":"image\/jpeg"}],"author":"Naturpark-Team","twitter_misc":{"Verfasst von":"Naturpark-Team","Gesch\u00e4tzte Lesezeit":"2\u00a0Minuten"},"schema":{"@context":"https:\/\/schema.org","@graph":[{"@type":"WebPage","@id":"https:\/\/www.naturparkmagazin.de\/schwaebisch-fraenkischer-wald\/der-bahnerlebnispfad-erleben\/","url":"https:\/\/www.naturparkmagazin.de\/schwaebisch-fraenkischer-wald\/der-bahnerlebnispfad-erleben\/","name":"Der Bahnerlebnispfad erleben - Naturpark Schw\u00e4bisch-Fr\u00e4nkischer Wald","isPartOf":{"@id":"https:\/\/www.naturparkmagazin.de\/schwaebisch-fraenkischer-wald\/#website"},"datePublished":"2015-05-20T07:53:15+00:00","dateModified":"2015-05-27T11:19:14+00:00","author":{"@id":"https:\/\/www.naturparkmagazin.de\/schwaebisch-fraenkischer-wald\/#\/schema\/person\/f047a3702ae747fd7830cf8ac95e6066"},"breadcrumb":{"@id":"https:\/\/www.naturparkmagazin.de\/schwaebisch-fraenkischer-wald\/der-bahnerlebnispfad-erleben\/#breadcrumb"},"inLanguage":"de","potentialAction":[{"@type":"ReadAction","target":["https:\/\/www.naturparkmagazin.de\/schwaebisch-fraenkischer-wald\/der-bahnerlebnispfad-erleben\/"]}]},{"@type":"BreadcrumbList","@id":"https:\/\/www.naturparkmagazin.de\/schwaebisch-fraenkischer-wald\/der-bahnerlebnispfad-erleben\/#breadcrumb","itemListElement":[{"@type":"ListItem","position":1,"name":"Home","item":"https:\/\/www.naturparkmagazin.de\/schwaebisch-fraenkischer-wald\/"},{"@type":"ListItem","position":2,"name":"Der Bahnerlebnispfad erleben"}]},{"@type":"WebSite","@id":"https:\/\/www.naturparkmagazin.de\/schwaebisch-fraenkischer-wald\/#website","url":"https:\/\/www.naturparkmagazin.de\/schwaebisch-fraenkischer-wald\/","name":"Naturpark Schw\u00e4bisch-Fr\u00e4nkischer Wald","description":"","potentialAction":[{"@type":"SearchAction","target":{"@type":"EntryPoint","urlTemplate":"https:\/\/www.naturparkmagazin.de\/schwaebisch-fraenkischer-wald\/?s={search_term_string}"},"query-input":"required name=search_term_string"}],"inLanguage":"de"},{"@type":"Person","@id":"https:\/\/www.naturparkmagazin.de\/schwaebisch-fraenkischer-wald\/#\/schema\/person\/f047a3702ae747fd7830cf8ac95e6066","name":"Naturpark-Team","sameAs":["http:\/\/www.naturpark-sfw.de","https:\/\/www.facebook.com\/naturparkSFW"],"url":"https:\/\/www.naturparkmagazin.de\/schwaebisch-fraenkischer-wald\/author\/bernharddrixler\/"}]}},"_links":{"self":[{"href":"https:\/\/www.naturparkmagazin.de\/schwaebisch-fraenkischer-wald\/wp-json\/wp\/v2\/posts\/1978"}],"collection":[{"href":"https:\/\/www.naturparkmagazin.de\/schwaebisch-fraenkischer-wald\/wp-json\/wp\/v2\/posts"}],"about":[{"href":"https:\/\/www.naturparkmagazin.de\/schwaebisch-fraenkischer-wald\/wp-json\/wp\/v2\/types\/post"}],"author":[{"embeddable":true,"href":"https:\/\/www.naturparkmagazin.de\/schwaebisch-fraenkischer-wald\/wp-json\/wp\/v2\/users\/25"}],"replies":[{"embeddable":true,"href":"https:\/\/www.naturparkmagazin.de\/schwaebisch-fraenkischer-wald\/wp-json\/wp\/v2\/comments?post=1978"}],"version-history":[{"count":5,"href":"https:\/\/www.naturparkmagazin.de\/schwaebisch-fraenkischer-wald\/wp-json\/wp\/v2\/posts\/1978\/revisions"}],"predecessor-version":[{"id":2032,"href":"https:\/\/www.naturparkmagazin.de\/schwaebisch-fraenkischer-wald\/wp-json\/wp\/v2\/posts\/1978\/revisions\/2032"}],"wp:featuredmedia":[{"embeddable":true,"href":"https:\/\/www.naturparkmagazin.de\/schwaebisch-fraenkischer-wald\/wp-json\/wp\/v2\/media\/1980"}],"wp:attachment":[{"href":"https:\/\/www.naturparkmagazin.de\/schwaebisch-fraenkischer-wald\/wp-json\/wp\/v2\/media?parent=1978"}],"wp:term":[{"taxonomy":"category","embeddable":true,"href":"https:\/\/www.naturparkmagazin.de\/schwaebisch-fraenkischer-wald\/wp-json\/wp\/v2\/categories?post=1978"},{"taxonomy":"post_tag","embeddable":true,"href":"https:\/\/www.naturparkmagazin.de\/schwaebisch-fraenkischer-wald\/wp-json\/wp\/v2\/tags?post=1978"}],"curies":[{"name":"wp","href":"https:\/\/api.w.org\/{rel}","templated":true}]}}