{"id":2141,"date":"2015-06-17T15:17:45","date_gmt":"2015-06-17T13:17:45","guid":{"rendered":"http:\/\/www.naturparkmagazin.de\/schwaebisch-fraenkischer-wald\/?p=2141"},"modified":"2015-06-23T09:41:39","modified_gmt":"2015-06-23T07:41:39","slug":"rueckblicke-unserer-naturparkfuehrerinnen-4","status":"publish","type":"post","link":"https:\/\/www.naturparkmagazin.de\/schwaebisch-fraenkischer-wald\/rueckblicke-unserer-naturparkfuehrerinnen-4\/","title":{"rendered":"Blick zur\u00fcck nach vorn &#8211; Naturparkf\u00fchrer*Innen berichten"},"content":{"rendered":"<p>Zauberhafte Neumondnacht am Ebnisee<\/p>\n<div id=\"attachment_2139\" style=\"width: 210px\" class=\"wp-caption alignright\"><a href=\"https:\/\/www.naturparkmagazin.de\/schwaebisch-fraenkischer-wald\/wp-content\/uploads\/sites\/34\/01_Michaela_Koehler_200.jpg\"><img aria-describedby=\"caption-attachment-2139\" decoding=\"async\" loading=\"lazy\" class=\"size-full wp-image-2139\" src=\"https:\/\/www.naturparkmagazin.de\/schwaebisch-fraenkischer-wald\/wp-content\/uploads\/sites\/34\/01_Michaela_Koehler_200.jpg\" alt=\"Zauberhafte Neumondnacht am Ebnisee\" width=\"200\" height=\"200\" srcset=\"https:\/\/www.naturparkmagazin.de\/schwaebisch-fraenkischer-wald\/wp-content\/uploads\/sites\/34\/01_Michaela_Koehler_200.jpg 200w, https:\/\/www.naturparkmagazin.de\/schwaebisch-fraenkischer-wald\/wp-content\/uploads\/sites\/34\/01_Michaela_Koehler_200-30x30.jpg 30w\" sizes=\"(max-width: 200px) 100vw, 200px\" \/><\/a><p id=\"caption-attachment-2139\" class=\"wp-caption-text\">Zauberhafte Neumondnacht im Mai am Ebnisee<\/p><\/div>\n<p>Au\u00dfergew\u00f6hnliche Gestalten und Kl\u00e4nge rund um den Ebnisee sorgten bei unbeteiligten Sparzierg\u00e4ngern und Anglern an diesem Neumondabend im Mai f\u00fcr Verwunderung. Zwei keltisch anmutenden Frauengestalten, hinter denen sich die Naturparkf\u00fchrerin Michaela K\u00f6hler und die Autorin Sylvia B\u00e4\u00dfler verbargen, erz\u00e4hlten allerlei wissenswerte Geschichten \u00fcber unsere Vorfah\u00acren, die Kelten. Deren uraltes Wissen \u00fcber die Kr\u00e4fte der Natur, die Bedeutung von B\u00e4umen und Naturwesen fesselte die Zuh\u00f6rer.<\/p>\n<p>Bei den kleinen Ritualen, die auf dem Weg um den See zelebriert wurden, standen W\u00fcnsche zum besseren Umgang der Menschen mit der Natur und das Versprechen, einen eigenen Beitrag zum Schutz der Umwelt zu leisten im Mittelpunkt. Immer wieder las Sylvia B\u00e4\u00dfler passend zum Thema kurze Passagen aus ihrem Buch &#8222;Im Schatten der Eichen&#8220;. Die Teilnehmer erfuhren von Michaela K\u00f6hler wie die Kelten einst an Wegkreuzungen ihren Wegegottheiten huldigten. Dazu bekamen sie passende Runen auf Holzscheiben geschenkt. An einem &#8222;Ort der Stille&#8220; lauschten die Teilnehmer den Kl\u00e4ngen der Natur in der Abendd\u00e4mmerung. Am Seeufer tanzten alle im letzten Licht des Tages zur Melodie einer Indianerfl\u00f6te, die von Andreas Deuschle gef\u00fchlvoll gespielt wurde, wobei sie erlebten, dass der K\u00f6rper die Schatztruhe der Seele ist. Beim vier Elemente Ritual kam die Erkenntnis wie wichtig und wertvoll das Zusammenspiel der Elemente ist, die alle von Gottes Odem belebt werden. Gest\u00e4rkt durch Punsch und Kekse machte sich die Gruppe, in stockdunkler, sternenklarer Nacht, nur im Schein ihrer Taschenlampen, auf den Weg zum H\u00f6hepunkt des Abends.<\/p>\n<p>Bei der, von vielen kleinen Lichtern erleuchteten, und mit dem Duft frisch ger\u00e4ucherten Maikr\u00e4utern erf\u00fcllten Gallengrotte spielte Andreas Deuschle auf seinem Didgeridoo. Alle Teilnehmer waren sich einig, dass diesem Abend ein besonderer Zauber inne wohnte, der ihre Sicht auf die Natur und das Leben ver\u00e4ndert hat.<\/p>\n","protected":false},"excerpt":{"rendered":"<p>Zauberhafte Neumondnacht mit Naturparkf\u00fchrerin Michaela K\u00f6hler<\/p>\n","protected":false},"author":25,"featured_media":2139,"comment_status":"open","ping_status":"open","sticky":false,"template":"","format":"standard","meta":[],"categories":[7],"tags":[316],"yoast_head":"<!-- This site is optimized with the Yoast SEO plugin v19.10 - https:\/\/yoast.com\/wordpress\/plugins\/seo\/ -->\n<title>Blick zur\u00fcck nach vorn - Naturparkf\u00fchrer*Innen berichten - Naturpark Schw\u00e4bisch-Fr\u00e4nkischer Wald<\/title>\n<meta name=\"robots\" content=\"index, follow, max-snippet:-1, max-image-preview:large, max-video-preview:-1\" \/>\n<link rel=\"canonical\" href=\"https:\/\/www.naturparkmagazin.de\/schwaebisch-fraenkischer-wald\/rueckblicke-unserer-naturparkfuehrerinnen-4\/\" \/>\n<meta property=\"og:locale\" content=\"de_DE\" \/>\n<meta property=\"og:type\" content=\"article\" \/>\n<meta property=\"og:title\" content=\"Blick zur\u00fcck nach vorn - Naturparkf\u00fchrer*Innen berichten - Naturpark Schw\u00e4bisch-Fr\u00e4nkischer Wald\" \/>\n<meta property=\"og:description\" content=\"Zauberhafte Neumondnacht mit Naturparkf\u00fchrerin Michaela K\u00f6hler\" \/>\n<meta property=\"og:url\" content=\"https:\/\/www.naturparkmagazin.de\/schwaebisch-fraenkischer-wald\/rueckblicke-unserer-naturparkfuehrerinnen-4\/\" \/>\n<meta property=\"og:site_name\" content=\"Naturpark Schw\u00e4bisch-Fr\u00e4nkischer Wald\" \/>\n<meta property=\"article:author\" content=\"https:\/\/www.facebook.com\/naturparkSFW\" \/>\n<meta property=\"article:published_time\" content=\"2015-06-17T13:17:45+00:00\" \/>\n<meta property=\"article:modified_time\" content=\"2015-06-23T07:41:39+00:00\" \/>\n<meta property=\"og:image\" content=\"https:\/\/www.naturparkmagazin.de\/schwaebisch-fraenkischer-wald\/wp-content\/uploads\/sites\/34\/01_Michaela_Koehler_200.jpg\" \/>\n\t<meta property=\"og:image:width\" content=\"200\" \/>\n\t<meta property=\"og:image:height\" content=\"200\" \/>\n\t<meta property=\"og:image:type\" content=\"image\/jpeg\" \/>\n<meta name=\"author\" content=\"Naturpark-Team\" \/>\n<meta name=\"twitter:label1\" content=\"Verfasst von\" \/>\n\t<meta name=\"twitter:data1\" content=\"Naturpark-Team\" \/>\n\t<meta name=\"twitter:label2\" content=\"Gesch\u00e4tzte Lesezeit\" \/>\n\t<meta name=\"twitter:data2\" content=\"2\u00a0Minuten\" \/>\n<script type=\"application\/ld+json\" class=\"yoast-schema-graph\">{\"@context\":\"https:\/\/schema.org\",\"@graph\":[{\"@type\":\"WebPage\",\"@id\":\"https:\/\/www.naturparkmagazin.de\/schwaebisch-fraenkischer-wald\/rueckblicke-unserer-naturparkfuehrerinnen-4\/\",\"url\":\"https:\/\/www.naturparkmagazin.de\/schwaebisch-fraenkischer-wald\/rueckblicke-unserer-naturparkfuehrerinnen-4\/\",\"name\":\"Blick zur\u00fcck nach vorn - Naturparkf\u00fchrer*Innen berichten - Naturpark Schw\u00e4bisch-Fr\u00e4nkischer Wald\",\"isPartOf\":{\"@id\":\"https:\/\/www.naturparkmagazin.de\/schwaebisch-fraenkischer-wald\/#website\"},\"datePublished\":\"2015-06-17T13:17:45+00:00\",\"dateModified\":\"2015-06-23T07:41:39+00:00\",\"author\":{\"@id\":\"https:\/\/www.naturparkmagazin.de\/schwaebisch-fraenkischer-wald\/#\/schema\/person\/f047a3702ae747fd7830cf8ac95e6066\"},\"breadcrumb\":{\"@id\":\"https:\/\/www.naturparkmagazin.de\/schwaebisch-fraenkischer-wald\/rueckblicke-unserer-naturparkfuehrerinnen-4\/#breadcrumb\"},\"inLanguage\":\"de\",\"potentialAction\":[{\"@type\":\"ReadAction\",\"target\":[\"https:\/\/www.naturparkmagazin.de\/schwaebisch-fraenkischer-wald\/rueckblicke-unserer-naturparkfuehrerinnen-4\/\"]}]},{\"@type\":\"BreadcrumbList\",\"@id\":\"https:\/\/www.naturparkmagazin.de\/schwaebisch-fraenkischer-wald\/rueckblicke-unserer-naturparkfuehrerinnen-4\/#breadcrumb\",\"itemListElement\":[{\"@type\":\"ListItem\",\"position\":1,\"name\":\"Home\",\"item\":\"https:\/\/www.naturparkmagazin.de\/schwaebisch-fraenkischer-wald\/\"},{\"@type\":\"ListItem\",\"position\":2,\"name\":\"Blick zur\u00fcck nach vorn &#8211; Naturparkf\u00fchrer*Innen berichten\"}]},{\"@type\":\"WebSite\",\"@id\":\"https:\/\/www.naturparkmagazin.de\/schwaebisch-fraenkischer-wald\/#website\",\"url\":\"https:\/\/www.naturparkmagazin.de\/schwaebisch-fraenkischer-wald\/\",\"name\":\"Naturpark Schw\u00e4bisch-Fr\u00e4nkischer Wald\",\"description\":\"\",\"potentialAction\":[{\"@type\":\"SearchAction\",\"target\":{\"@type\":\"EntryPoint\",\"urlTemplate\":\"https:\/\/www.naturparkmagazin.de\/schwaebisch-fraenkischer-wald\/?s={search_term_string}\"},\"query-input\":\"required name=search_term_string\"}],\"inLanguage\":\"de\"},{\"@type\":\"Person\",\"@id\":\"https:\/\/www.naturparkmagazin.de\/schwaebisch-fraenkischer-wald\/#\/schema\/person\/f047a3702ae747fd7830cf8ac95e6066\",\"name\":\"Naturpark-Team\",\"sameAs\":[\"http:\/\/www.naturpark-sfw.de\",\"https:\/\/www.facebook.com\/naturparkSFW\"],\"url\":\"https:\/\/www.naturparkmagazin.de\/schwaebisch-fraenkischer-wald\/author\/bernharddrixler\/\"}]}<\/script>\n<!-- \/ Yoast SEO plugin. -->","yoast_head_json":{"title":"Blick zur\u00fcck nach vorn - Naturparkf\u00fchrer*Innen berichten - Naturpark Schw\u00e4bisch-Fr\u00e4nkischer Wald","robots":{"index":"index","follow":"follow","max-snippet":"max-snippet:-1","max-image-preview":"max-image-preview:large","max-video-preview":"max-video-preview:-1"},"canonical":"https:\/\/www.naturparkmagazin.de\/schwaebisch-fraenkischer-wald\/rueckblicke-unserer-naturparkfuehrerinnen-4\/","og_locale":"de_DE","og_type":"article","og_title":"Blick zur\u00fcck nach vorn - Naturparkf\u00fchrer*Innen berichten - Naturpark Schw\u00e4bisch-Fr\u00e4nkischer Wald","og_description":"Zauberhafte Neumondnacht mit Naturparkf\u00fchrerin Michaela K\u00f6hler","og_url":"https:\/\/www.naturparkmagazin.de\/schwaebisch-fraenkischer-wald\/rueckblicke-unserer-naturparkfuehrerinnen-4\/","og_site_name":"Naturpark Schw\u00e4bisch-Fr\u00e4nkischer Wald","article_author":"https:\/\/www.facebook.com\/naturparkSFW","article_published_time":"2015-06-17T13:17:45+00:00","article_modified_time":"2015-06-23T07:41:39+00:00","og_image":[{"width":200,"height":200,"url":"https:\/\/www.naturparkmagazin.de\/schwaebisch-fraenkischer-wald\/wp-content\/uploads\/sites\/34\/01_Michaela_Koehler_200.jpg","type":"image\/jpeg"}],"author":"Naturpark-Team","twitter_misc":{"Verfasst von":"Naturpark-Team","Gesch\u00e4tzte Lesezeit":"2\u00a0Minuten"},"schema":{"@context":"https:\/\/schema.org","@graph":[{"@type":"WebPage","@id":"https:\/\/www.naturparkmagazin.de\/schwaebisch-fraenkischer-wald\/rueckblicke-unserer-naturparkfuehrerinnen-4\/","url":"https:\/\/www.naturparkmagazin.de\/schwaebisch-fraenkischer-wald\/rueckblicke-unserer-naturparkfuehrerinnen-4\/","name":"Blick zur\u00fcck nach vorn - Naturparkf\u00fchrer*Innen berichten - Naturpark Schw\u00e4bisch-Fr\u00e4nkischer Wald","isPartOf":{"@id":"https:\/\/www.naturparkmagazin.de\/schwaebisch-fraenkischer-wald\/#website"},"datePublished":"2015-06-17T13:17:45+00:00","dateModified":"2015-06-23T07:41:39+00:00","author":{"@id":"https:\/\/www.naturparkmagazin.de\/schwaebisch-fraenkischer-wald\/#\/schema\/person\/f047a3702ae747fd7830cf8ac95e6066"},"breadcrumb":{"@id":"https:\/\/www.naturparkmagazin.de\/schwaebisch-fraenkischer-wald\/rueckblicke-unserer-naturparkfuehrerinnen-4\/#breadcrumb"},"inLanguage":"de","potentialAction":[{"@type":"ReadAction","target":["https:\/\/www.naturparkmagazin.de\/schwaebisch-fraenkischer-wald\/rueckblicke-unserer-naturparkfuehrerinnen-4\/"]}]},{"@type":"BreadcrumbList","@id":"https:\/\/www.naturparkmagazin.de\/schwaebisch-fraenkischer-wald\/rueckblicke-unserer-naturparkfuehrerinnen-4\/#breadcrumb","itemListElement":[{"@type":"ListItem","position":1,"name":"Home","item":"https:\/\/www.naturparkmagazin.de\/schwaebisch-fraenkischer-wald\/"},{"@type":"ListItem","position":2,"name":"Blick zur\u00fcck nach vorn &#8211; Naturparkf\u00fchrer*Innen berichten"}]},{"@type":"WebSite","@id":"https:\/\/www.naturparkmagazin.de\/schwaebisch-fraenkischer-wald\/#website","url":"https:\/\/www.naturparkmagazin.de\/schwaebisch-fraenkischer-wald\/","name":"Naturpark Schw\u00e4bisch-Fr\u00e4nkischer Wald","description":"","potentialAction":[{"@type":"SearchAction","target":{"@type":"EntryPoint","urlTemplate":"https:\/\/www.naturparkmagazin.de\/schwaebisch-fraenkischer-wald\/?s={search_term_string}"},"query-input":"required name=search_term_string"}],"inLanguage":"de"},{"@type":"Person","@id":"https:\/\/www.naturparkmagazin.de\/schwaebisch-fraenkischer-wald\/#\/schema\/person\/f047a3702ae747fd7830cf8ac95e6066","name":"Naturpark-Team","sameAs":["http:\/\/www.naturpark-sfw.de","https:\/\/www.facebook.com\/naturparkSFW"],"url":"https:\/\/www.naturparkmagazin.de\/schwaebisch-fraenkischer-wald\/author\/bernharddrixler\/"}]}},"_links":{"self":[{"href":"https:\/\/www.naturparkmagazin.de\/schwaebisch-fraenkischer-wald\/wp-json\/wp\/v2\/posts\/2141"}],"collection":[{"href":"https:\/\/www.naturparkmagazin.de\/schwaebisch-fraenkischer-wald\/wp-json\/wp\/v2\/posts"}],"about":[{"href":"https:\/\/www.naturparkmagazin.de\/schwaebisch-fraenkischer-wald\/wp-json\/wp\/v2\/types\/post"}],"author":[{"embeddable":true,"href":"https:\/\/www.naturparkmagazin.de\/schwaebisch-fraenkischer-wald\/wp-json\/wp\/v2\/users\/25"}],"replies":[{"embeddable":true,"href":"https:\/\/www.naturparkmagazin.de\/schwaebisch-fraenkischer-wald\/wp-json\/wp\/v2\/comments?post=2141"}],"version-history":[{"count":6,"href":"https:\/\/www.naturparkmagazin.de\/schwaebisch-fraenkischer-wald\/wp-json\/wp\/v2\/posts\/2141\/revisions"}],"predecessor-version":[{"id":2197,"href":"https:\/\/www.naturparkmagazin.de\/schwaebisch-fraenkischer-wald\/wp-json\/wp\/v2\/posts\/2141\/revisions\/2197"}],"wp:featuredmedia":[{"embeddable":true,"href":"https:\/\/www.naturparkmagazin.de\/schwaebisch-fraenkischer-wald\/wp-json\/wp\/v2\/media\/2139"}],"wp:attachment":[{"href":"https:\/\/www.naturparkmagazin.de\/schwaebisch-fraenkischer-wald\/wp-json\/wp\/v2\/media?parent=2141"}],"wp:term":[{"taxonomy":"category","embeddable":true,"href":"https:\/\/www.naturparkmagazin.de\/schwaebisch-fraenkischer-wald\/wp-json\/wp\/v2\/categories?post=2141"},{"taxonomy":"post_tag","embeddable":true,"href":"https:\/\/www.naturparkmagazin.de\/schwaebisch-fraenkischer-wald\/wp-json\/wp\/v2\/tags?post=2141"}],"curies":[{"name":"wp","href":"https:\/\/api.w.org\/{rel}","templated":true}]}}