{"id":2190,"date":"2015-06-17T08:15:14","date_gmt":"2015-06-17T06:15:14","guid":{"rendered":"http:\/\/www.naturparkmagazin.de\/schwaebisch-fraenkischer-wald\/?p=2190"},"modified":"2015-06-23T09:44:56","modified_gmt":"2015-06-23T07:44:56","slug":"brunch-auf-dem-bauernhof-vielfalt-schmecken-und-landwirtschaft-entdecken","status":"publish","type":"post","link":"https:\/\/www.naturparkmagazin.de\/schwaebisch-fraenkischer-wald\/brunch-auf-dem-bauernhof-vielfalt-schmecken-und-landwirtschaft-entdecken\/","title":{"rendered":"Brunch auf dem Bauernhof &#8211; Vielfalt schmecken und Landwirtschaft entdecken"},"content":{"rendered":"<p>Sonntag, 2. August<\/p>\n<div id=\"attachment_2191\" style=\"width: 210px\" class=\"wp-caption alignright\"><a href=\"https:\/\/www.naturparkmagazin.de\/schwaebisch-fraenkischer-wald\/wp-content\/uploads\/sites\/34\/150802_Titel_Brunch_2015.jpg\"><img aria-describedby=\"caption-attachment-2191\" decoding=\"async\" loading=\"lazy\" class=\"size-full wp-image-2191\" src=\"https:\/\/www.naturparkmagazin.de\/schwaebisch-fraenkischer-wald\/wp-content\/uploads\/sites\/34\/150802_Titel_Brunch_2015.jpg\" alt=\"Brunch auf dem Bauernhof\" width=\"200\" height=\"200\" srcset=\"https:\/\/www.naturparkmagazin.de\/schwaebisch-fraenkischer-wald\/wp-content\/uploads\/sites\/34\/150802_Titel_Brunch_2015.jpg 200w, https:\/\/www.naturparkmagazin.de\/schwaebisch-fraenkischer-wald\/wp-content\/uploads\/sites\/34\/150802_Titel_Brunch_2015-30x30.jpg 30w\" sizes=\"(max-width: 200px) 100vw, 200px\" \/><\/a><p id=\"caption-attachment-2191\" class=\"wp-caption-text\">Brunch auf dem Bauernhof<\/p><\/div>\n<p>Inmitten von duftenden Heuwiesen oder rustikalen Bauernhofscheunen sitzen, kulinarische Schlemmereien direkt vom Hof genie\u00dfen und nebenbei ins b\u00e4uerliche Leben hineinschnuppern \u2013 all dies ist wieder m\u00f6glich beim diesj\u00e4hrigen Brunch auf dem Bauernhof am Sonntag, 2. August. Insgesamt laden 11 landwirtschaftliche Betriebe im Naturpark Schw\u00e4bisch-Fr\u00e4nkischer Wald ab 9:30 Uhr zu einem reichhaltigen Brunch-B\u00fcffet mit regional produzierten Speisen und Getr\u00e4nken ein.<\/p>\n<p>Die teilnehmenden H\u00f6fe zeigen, dass die Landwirtschaft im Naturpark vielf\u00e4ltig und schmackhaft ist.<\/p>\n<p>Beim Schafhof Jauernik in Bretzfeld-Weisslensburg k\u00f6nnen Sie unter anderem Schafsk\u00e4sespezialit\u00e4ten probieren, auch die Hofk\u00e4serei Bundschuh in Mainhardt bietet selbstproduzierte K\u00e4seschlemmereien an. Auf die kulinarische Vergangenheit der Kelten nimmt Sie der Riegenhof in Mainhardt mit und auf dem Weinhof-Dieroff in \u00d6hringen-Michelbach dreht sich der Brunch l\u00e4ngst nicht nur um die fl\u00fcssigen K\u00f6stlichkeiten aus der Wein- und Saftproduktion. S\u00fc\u00dfe, herzhafte und deftige Speisen werden hier ebenfalls aufgetischt.<\/p>\n<p>Der Kornberger Viehstallin Oberrot-Kornberg ist eine liebevoll hergerichtete Hofscheune, deren Besitzer beim Brunch-Tag sogar einen Spanferkelbraten hervorzaubern werden. In Murrhardt-Steinberg steht der Wachholderhof f\u00fcr Landidylle pur. Auf dem Erlebnisbauernhof erwartet Sie ein reichhaltiges Bauernfr\u00fchst\u00fcck in Bioqualit\u00e4t.<\/p>\n<p>Wer schon immer einmal in einem Gew\u00e4chshaus neben Tomaten und Gurken fr\u00fchst\u00fccken wollte ist bei der G\u00e4rtnerei D\u2019r Bloama Wahl genau richtig &#8211; auch bei schlechtem Wetter wird es hier garantiert nicht zu kalt, daf\u00fcr sorgt auch das mediterran ausgerichtete Buffett-Angebot.<\/p>\n<p>Frisch gebackene Leckereien aus der eigenen Backstube und vieles mehr erwartet Sie bei D\u2019r Adelsbauer in Geschwend-Ottenried. Nebenbei kann auch die herrliche Aussicht in die Frickenhofer H\u00f6he genossen werden. In Sulzbach-Laufen werden Sie von der Familie J\u00e4ger auf dem Uhlbachhof mit liebevoll zubereiteten K\u00f6stlichkeiten vom eigenen Hof versorgt, der sich gerade in der Umstellungsphase zu einem Demeter-Betrieb befindet.<\/p>\n<p>Spezialit\u00e4ten vom Angusrind stehen unter anderem im Angusst\u00fcble Kerzinger auf der Speisekarter. Der Betrieb aus Berglen-Bretzenacker mit Mutterkuhhaltung und Weinbau l\u00e4sst jedoch auch vegetarische Gaumen beim Brunch-Buffett nicht hungern.<\/p>\n<p>Die Anmeldung zum Brunch erfolgt bis zum 27. Juli direkt bei den teilnehmenden H\u00f6fen. Alle weiterf\u00fchrenden Informationen finden Sie im Flyer zum Brunch auf dem Bauernhof, der beim Naturpark angefordert oder im Internet unter <a href=\"http:\/\/www.naturpark-sfw.de\" target=\"_blank\">www.naturpark-sfw.de<\/a> heruntergeladen werden kann<\/p>\n","protected":false},"excerpt":{"rendered":"<p>02.08.: Kulinarische Schlemmereien direkt vom Hof genie\u00dfen und ins b\u00e4uerliche Leben hineinschnuppern<\/p>\n","protected":false},"author":25,"featured_media":2191,"comment_status":"open","ping_status":"open","sticky":false,"template":"","format":"standard","meta":[],"categories":[11],"tags":[316],"yoast_head":"<!-- This site is optimized with the Yoast SEO plugin v19.10 - https:\/\/yoast.com\/wordpress\/plugins\/seo\/ -->\n<title>Brunch auf dem Bauernhof - Vielfalt schmecken und Landwirtschaft entdecken - Naturpark Schw\u00e4bisch-Fr\u00e4nkischer Wald<\/title>\n<meta name=\"robots\" content=\"index, follow, max-snippet:-1, max-image-preview:large, max-video-preview:-1\" \/>\n<link rel=\"canonical\" href=\"https:\/\/www.naturparkmagazin.de\/schwaebisch-fraenkischer-wald\/brunch-auf-dem-bauernhof-vielfalt-schmecken-und-landwirtschaft-entdecken\/\" \/>\n<meta property=\"og:locale\" content=\"de_DE\" \/>\n<meta property=\"og:type\" content=\"article\" \/>\n<meta property=\"og:title\" content=\"Brunch auf dem Bauernhof - Vielfalt schmecken und Landwirtschaft entdecken - Naturpark Schw\u00e4bisch-Fr\u00e4nkischer Wald\" \/>\n<meta property=\"og:description\" content=\"02.08.: Kulinarische Schlemmereien direkt vom Hof genie\u00dfen und ins b\u00e4uerliche Leben hineinschnuppern\" \/>\n<meta property=\"og:url\" content=\"https:\/\/www.naturparkmagazin.de\/schwaebisch-fraenkischer-wald\/brunch-auf-dem-bauernhof-vielfalt-schmecken-und-landwirtschaft-entdecken\/\" \/>\n<meta property=\"og:site_name\" content=\"Naturpark Schw\u00e4bisch-Fr\u00e4nkischer Wald\" \/>\n<meta property=\"article:author\" content=\"https:\/\/www.facebook.com\/naturparkSFW\" \/>\n<meta property=\"article:published_time\" content=\"2015-06-17T06:15:14+00:00\" \/>\n<meta property=\"article:modified_time\" content=\"2015-06-23T07:44:56+00:00\" \/>\n<meta property=\"og:image\" content=\"https:\/\/www.naturparkmagazin.de\/schwaebisch-fraenkischer-wald\/wp-content\/uploads\/sites\/34\/150802_Titel_Brunch_2015.jpg\" \/>\n\t<meta property=\"og:image:width\" content=\"200\" \/>\n\t<meta property=\"og:image:height\" content=\"200\" \/>\n\t<meta property=\"og:image:type\" content=\"image\/jpeg\" \/>\n<meta name=\"author\" content=\"Naturpark-Team\" \/>\n<meta name=\"twitter:label1\" content=\"Verfasst von\" \/>\n\t<meta name=\"twitter:data1\" content=\"Naturpark-Team\" \/>\n\t<meta name=\"twitter:label2\" content=\"Gesch\u00e4tzte Lesezeit\" \/>\n\t<meta name=\"twitter:data2\" content=\"2\u00a0Minuten\" \/>\n<script type=\"application\/ld+json\" class=\"yoast-schema-graph\">{\"@context\":\"https:\/\/schema.org\",\"@graph\":[{\"@type\":\"WebPage\",\"@id\":\"https:\/\/www.naturparkmagazin.de\/schwaebisch-fraenkischer-wald\/brunch-auf-dem-bauernhof-vielfalt-schmecken-und-landwirtschaft-entdecken\/\",\"url\":\"https:\/\/www.naturparkmagazin.de\/schwaebisch-fraenkischer-wald\/brunch-auf-dem-bauernhof-vielfalt-schmecken-und-landwirtschaft-entdecken\/\",\"name\":\"Brunch auf dem Bauernhof - Vielfalt schmecken und Landwirtschaft entdecken - Naturpark Schw\u00e4bisch-Fr\u00e4nkischer Wald\",\"isPartOf\":{\"@id\":\"https:\/\/www.naturparkmagazin.de\/schwaebisch-fraenkischer-wald\/#website\"},\"datePublished\":\"2015-06-17T06:15:14+00:00\",\"dateModified\":\"2015-06-23T07:44:56+00:00\",\"author\":{\"@id\":\"https:\/\/www.naturparkmagazin.de\/schwaebisch-fraenkischer-wald\/#\/schema\/person\/f047a3702ae747fd7830cf8ac95e6066\"},\"breadcrumb\":{\"@id\":\"https:\/\/www.naturparkmagazin.de\/schwaebisch-fraenkischer-wald\/brunch-auf-dem-bauernhof-vielfalt-schmecken-und-landwirtschaft-entdecken\/#breadcrumb\"},\"inLanguage\":\"de\",\"potentialAction\":[{\"@type\":\"ReadAction\",\"target\":[\"https:\/\/www.naturparkmagazin.de\/schwaebisch-fraenkischer-wald\/brunch-auf-dem-bauernhof-vielfalt-schmecken-und-landwirtschaft-entdecken\/\"]}]},{\"@type\":\"BreadcrumbList\",\"@id\":\"https:\/\/www.naturparkmagazin.de\/schwaebisch-fraenkischer-wald\/brunch-auf-dem-bauernhof-vielfalt-schmecken-und-landwirtschaft-entdecken\/#breadcrumb\",\"itemListElement\":[{\"@type\":\"ListItem\",\"position\":1,\"name\":\"Home\",\"item\":\"https:\/\/www.naturparkmagazin.de\/schwaebisch-fraenkischer-wald\/\"},{\"@type\":\"ListItem\",\"position\":2,\"name\":\"Brunch auf dem Bauernhof &#8211; Vielfalt schmecken und Landwirtschaft entdecken\"}]},{\"@type\":\"WebSite\",\"@id\":\"https:\/\/www.naturparkmagazin.de\/schwaebisch-fraenkischer-wald\/#website\",\"url\":\"https:\/\/www.naturparkmagazin.de\/schwaebisch-fraenkischer-wald\/\",\"name\":\"Naturpark Schw\u00e4bisch-Fr\u00e4nkischer Wald\",\"description\":\"\",\"potentialAction\":[{\"@type\":\"SearchAction\",\"target\":{\"@type\":\"EntryPoint\",\"urlTemplate\":\"https:\/\/www.naturparkmagazin.de\/schwaebisch-fraenkischer-wald\/?s={search_term_string}\"},\"query-input\":\"required name=search_term_string\"}],\"inLanguage\":\"de\"},{\"@type\":\"Person\",\"@id\":\"https:\/\/www.naturparkmagazin.de\/schwaebisch-fraenkischer-wald\/#\/schema\/person\/f047a3702ae747fd7830cf8ac95e6066\",\"name\":\"Naturpark-Team\",\"sameAs\":[\"http:\/\/www.naturpark-sfw.de\",\"https:\/\/www.facebook.com\/naturparkSFW\"],\"url\":\"https:\/\/www.naturparkmagazin.de\/schwaebisch-fraenkischer-wald\/author\/bernharddrixler\/\"}]}<\/script>\n<!-- \/ Yoast SEO plugin. -->","yoast_head_json":{"title":"Brunch auf dem Bauernhof - Vielfalt schmecken und Landwirtschaft entdecken - Naturpark Schw\u00e4bisch-Fr\u00e4nkischer Wald","robots":{"index":"index","follow":"follow","max-snippet":"max-snippet:-1","max-image-preview":"max-image-preview:large","max-video-preview":"max-video-preview:-1"},"canonical":"https:\/\/www.naturparkmagazin.de\/schwaebisch-fraenkischer-wald\/brunch-auf-dem-bauernhof-vielfalt-schmecken-und-landwirtschaft-entdecken\/","og_locale":"de_DE","og_type":"article","og_title":"Brunch auf dem Bauernhof - Vielfalt schmecken und Landwirtschaft entdecken - Naturpark Schw\u00e4bisch-Fr\u00e4nkischer Wald","og_description":"02.08.: Kulinarische Schlemmereien direkt vom Hof genie\u00dfen und ins b\u00e4uerliche Leben hineinschnuppern","og_url":"https:\/\/www.naturparkmagazin.de\/schwaebisch-fraenkischer-wald\/brunch-auf-dem-bauernhof-vielfalt-schmecken-und-landwirtschaft-entdecken\/","og_site_name":"Naturpark Schw\u00e4bisch-Fr\u00e4nkischer Wald","article_author":"https:\/\/www.facebook.com\/naturparkSFW","article_published_time":"2015-06-17T06:15:14+00:00","article_modified_time":"2015-06-23T07:44:56+00:00","og_image":[{"width":200,"height":200,"url":"https:\/\/www.naturparkmagazin.de\/schwaebisch-fraenkischer-wald\/wp-content\/uploads\/sites\/34\/150802_Titel_Brunch_2015.jpg","type":"image\/jpeg"}],"author":"Naturpark-Team","twitter_misc":{"Verfasst von":"Naturpark-Team","Gesch\u00e4tzte Lesezeit":"2\u00a0Minuten"},"schema":{"@context":"https:\/\/schema.org","@graph":[{"@type":"WebPage","@id":"https:\/\/www.naturparkmagazin.de\/schwaebisch-fraenkischer-wald\/brunch-auf-dem-bauernhof-vielfalt-schmecken-und-landwirtschaft-entdecken\/","url":"https:\/\/www.naturparkmagazin.de\/schwaebisch-fraenkischer-wald\/brunch-auf-dem-bauernhof-vielfalt-schmecken-und-landwirtschaft-entdecken\/","name":"Brunch auf dem Bauernhof - Vielfalt schmecken und Landwirtschaft entdecken - Naturpark Schw\u00e4bisch-Fr\u00e4nkischer Wald","isPartOf":{"@id":"https:\/\/www.naturparkmagazin.de\/schwaebisch-fraenkischer-wald\/#website"},"datePublished":"2015-06-17T06:15:14+00:00","dateModified":"2015-06-23T07:44:56+00:00","author":{"@id":"https:\/\/www.naturparkmagazin.de\/schwaebisch-fraenkischer-wald\/#\/schema\/person\/f047a3702ae747fd7830cf8ac95e6066"},"breadcrumb":{"@id":"https:\/\/www.naturparkmagazin.de\/schwaebisch-fraenkischer-wald\/brunch-auf-dem-bauernhof-vielfalt-schmecken-und-landwirtschaft-entdecken\/#breadcrumb"},"inLanguage":"de","potentialAction":[{"@type":"ReadAction","target":["https:\/\/www.naturparkmagazin.de\/schwaebisch-fraenkischer-wald\/brunch-auf-dem-bauernhof-vielfalt-schmecken-und-landwirtschaft-entdecken\/"]}]},{"@type":"BreadcrumbList","@id":"https:\/\/www.naturparkmagazin.de\/schwaebisch-fraenkischer-wald\/brunch-auf-dem-bauernhof-vielfalt-schmecken-und-landwirtschaft-entdecken\/#breadcrumb","itemListElement":[{"@type":"ListItem","position":1,"name":"Home","item":"https:\/\/www.naturparkmagazin.de\/schwaebisch-fraenkischer-wald\/"},{"@type":"ListItem","position":2,"name":"Brunch auf dem Bauernhof &#8211; Vielfalt schmecken und Landwirtschaft entdecken"}]},{"@type":"WebSite","@id":"https:\/\/www.naturparkmagazin.de\/schwaebisch-fraenkischer-wald\/#website","url":"https:\/\/www.naturparkmagazin.de\/schwaebisch-fraenkischer-wald\/","name":"Naturpark Schw\u00e4bisch-Fr\u00e4nkischer Wald","description":"","potentialAction":[{"@type":"SearchAction","target":{"@type":"EntryPoint","urlTemplate":"https:\/\/www.naturparkmagazin.de\/schwaebisch-fraenkischer-wald\/?s={search_term_string}"},"query-input":"required name=search_term_string"}],"inLanguage":"de"},{"@type":"Person","@id":"https:\/\/www.naturparkmagazin.de\/schwaebisch-fraenkischer-wald\/#\/schema\/person\/f047a3702ae747fd7830cf8ac95e6066","name":"Naturpark-Team","sameAs":["http:\/\/www.naturpark-sfw.de","https:\/\/www.facebook.com\/naturparkSFW"],"url":"https:\/\/www.naturparkmagazin.de\/schwaebisch-fraenkischer-wald\/author\/bernharddrixler\/"}]}},"_links":{"self":[{"href":"https:\/\/www.naturparkmagazin.de\/schwaebisch-fraenkischer-wald\/wp-json\/wp\/v2\/posts\/2190"}],"collection":[{"href":"https:\/\/www.naturparkmagazin.de\/schwaebisch-fraenkischer-wald\/wp-json\/wp\/v2\/posts"}],"about":[{"href":"https:\/\/www.naturparkmagazin.de\/schwaebisch-fraenkischer-wald\/wp-json\/wp\/v2\/types\/post"}],"author":[{"embeddable":true,"href":"https:\/\/www.naturparkmagazin.de\/schwaebisch-fraenkischer-wald\/wp-json\/wp\/v2\/users\/25"}],"replies":[{"embeddable":true,"href":"https:\/\/www.naturparkmagazin.de\/schwaebisch-fraenkischer-wald\/wp-json\/wp\/v2\/comments?post=2190"}],"version-history":[{"count":2,"href":"https:\/\/www.naturparkmagazin.de\/schwaebisch-fraenkischer-wald\/wp-json\/wp\/v2\/posts\/2190\/revisions"}],"predecessor-version":[{"id":2202,"href":"https:\/\/www.naturparkmagazin.de\/schwaebisch-fraenkischer-wald\/wp-json\/wp\/v2\/posts\/2190\/revisions\/2202"}],"wp:featuredmedia":[{"embeddable":true,"href":"https:\/\/www.naturparkmagazin.de\/schwaebisch-fraenkischer-wald\/wp-json\/wp\/v2\/media\/2191"}],"wp:attachment":[{"href":"https:\/\/www.naturparkmagazin.de\/schwaebisch-fraenkischer-wald\/wp-json\/wp\/v2\/media?parent=2190"}],"wp:term":[{"taxonomy":"category","embeddable":true,"href":"https:\/\/www.naturparkmagazin.de\/schwaebisch-fraenkischer-wald\/wp-json\/wp\/v2\/categories?post=2190"},{"taxonomy":"post_tag","embeddable":true,"href":"https:\/\/www.naturparkmagazin.de\/schwaebisch-fraenkischer-wald\/wp-json\/wp\/v2\/tags?post=2190"}],"curies":[{"name":"wp","href":"https:\/\/api.w.org\/{rel}","templated":true}]}}