{"id":2259,"date":"2015-07-22T14:07:00","date_gmt":"2015-07-22T12:07:00","guid":{"rendered":"http:\/\/www.naturparkmagazin.de\/schwaebisch-fraenkischer-wald\/?p=2259"},"modified":"2015-07-20T11:02:47","modified_gmt":"2015-07-20T09:02:47","slug":"natur-erlebniscamp-wuestenrot-forschertag-am-steinknickle","status":"publish","type":"post","link":"https:\/\/www.naturparkmagazin.de\/schwaebisch-fraenkischer-wald\/natur-erlebniscamp-wuestenrot-forschertag-am-steinknickle\/","title":{"rendered":"Natur-Erlebniscamp W\u00fcstenrot &#8211; Forschertag am Steinknickle"},"content":{"rendered":"<p>Der n\u00e4chste Aktionstag im Natur-Erlebniscamp findet am 9. August von 13 bis 18 Uhr am Naturfreundehaus Steinknickle in W\u00fcstenrot-Neuh\u00fctten statt.<\/p>\n<div id=\"attachment_2266\" style=\"width: 210px\" class=\"wp-caption alignright\"><a href=\"https:\/\/www.naturparkmagazin.de\/schwaebisch-fraenkischer-wald\/wp-content\/uploads\/sites\/34\/NEC-Plakat_2015_August.jpg\"><img aria-describedby=\"caption-attachment-2266\" decoding=\"async\" loading=\"lazy\" class=\"size-full wp-image-2266\" src=\"https:\/\/www.naturparkmagazin.de\/schwaebisch-fraenkischer-wald\/wp-content\/uploads\/sites\/34\/NEC-Plakat_2015_August.jpg\" alt=\"Natur-Erlebniscamp W\u00fcstenrot Forschertag am Steinknickle\" width=\"200\" height=\"200\" srcset=\"https:\/\/www.naturparkmagazin.de\/schwaebisch-fraenkischer-wald\/wp-content\/uploads\/sites\/34\/NEC-Plakat_2015_August.jpg 200w, https:\/\/www.naturparkmagazin.de\/schwaebisch-fraenkischer-wald\/wp-content\/uploads\/sites\/34\/NEC-Plakat_2015_August-30x30.jpg 30w\" sizes=\"(max-width: 200px) 100vw, 200px\" \/><\/a><p id=\"caption-attachment-2266\" class=\"wp-caption-text\">Natur-Erlebniscamp W\u00fcstenrot<\/p><\/div>\n<p>Die Gemeinde W\u00fcstenrot l\u00e4dt in Kooperation mit den Naturparkf\u00fchrern Schw\u00e4bisch-Fr\u00e4nkischer Wald neugierige Kinder und Erwachsene dazu ein, den Wald zu erforschen und entdecken, zu experimentieren und begreifen.<\/p>\n<p>Rund um das Naturfreundehaus werden an diesem Tag 7 Workshops angeboten, die jeweils eine Stunde dauern. Es ist m\u00f6glich, mehrere Workshops zeitversetzt zu besuchen. Die Teilnehmer k\u00f6nnen sich ab 12.30 Uhr am Info-Stand f\u00fcr die spannenden Workshops anmelden.<\/p>\n<p>Welche B\u00e4ume im Wald stehen, darum geht es bei Naturparkf\u00fchrer Klaus Pfeffer. Bei Sabine R\u00fccker erforschen die Teilnehmer die Eigenschaften von B\u00e4umen und Gisela Weigle experimentiert mit Blattfarben. Wie aus Steinen, Erde und Pflanzen Farben hergestellt werden kann bei Andrea Schr\u00f6der ausprobiert werden. Welche kleinen Tiere im Wald leben erfahren die Teilnehmer beim gro\u00dfen Krabbeln mit Walter Hieber oder bei Ruth Bohn, wo von mutigen Naturforschern Spinnen gesucht und gebastelt werden k\u00f6nnen. Auf die Suche nach Spuren von Waldtieren begibt sich Sabine Reiss, eigene Funde lassen sich anschlie\u00dfend in Gips ausgie\u00dfen. Die Bewirtung im Naturfreundehaus ist ab 12 Uhr ge\u00f6ffnet. Die Anfahrt und Parkpl\u00e4tze sind ausgeschildert.<\/p>\n","protected":false},"excerpt":{"rendered":"<p>09.08.: Den Wald erforschen und entdecken, experimentieren und begreifen<\/p>\n","protected":false},"author":25,"featured_media":2266,"comment_status":"open","ping_status":"open","sticky":false,"template":"","format":"standard","meta":[],"categories":[11],"tags":[316],"yoast_head":"<!-- This site is optimized with the Yoast SEO plugin v19.10 - https:\/\/yoast.com\/wordpress\/plugins\/seo\/ -->\n<title>Natur-Erlebniscamp W\u00fcstenrot - Forschertag am Steinknickle - Naturpark Schw\u00e4bisch-Fr\u00e4nkischer Wald<\/title>\n<meta name=\"robots\" content=\"index, follow, max-snippet:-1, max-image-preview:large, max-video-preview:-1\" \/>\n<link rel=\"canonical\" href=\"https:\/\/www.naturparkmagazin.de\/schwaebisch-fraenkischer-wald\/natur-erlebniscamp-wuestenrot-forschertag-am-steinknickle\/\" \/>\n<meta property=\"og:locale\" content=\"de_DE\" \/>\n<meta property=\"og:type\" content=\"article\" \/>\n<meta property=\"og:title\" content=\"Natur-Erlebniscamp W\u00fcstenrot - Forschertag am Steinknickle - Naturpark Schw\u00e4bisch-Fr\u00e4nkischer Wald\" \/>\n<meta property=\"og:description\" content=\"09.08.: Den Wald erforschen und entdecken, experimentieren und begreifen\" \/>\n<meta property=\"og:url\" content=\"https:\/\/www.naturparkmagazin.de\/schwaebisch-fraenkischer-wald\/natur-erlebniscamp-wuestenrot-forschertag-am-steinknickle\/\" \/>\n<meta property=\"og:site_name\" content=\"Naturpark Schw\u00e4bisch-Fr\u00e4nkischer Wald\" \/>\n<meta property=\"article:author\" content=\"https:\/\/www.facebook.com\/naturparkSFW\" \/>\n<meta property=\"article:published_time\" content=\"2015-07-22T12:07:00+00:00\" \/>\n<meta property=\"article:modified_time\" content=\"2015-07-20T09:02:47+00:00\" \/>\n<meta property=\"og:image\" content=\"https:\/\/www.naturparkmagazin.de\/schwaebisch-fraenkischer-wald\/wp-content\/uploads\/sites\/34\/NEC-Plakat_2015_August.jpg\" \/>\n\t<meta property=\"og:image:width\" content=\"200\" \/>\n\t<meta property=\"og:image:height\" content=\"200\" \/>\n\t<meta property=\"og:image:type\" content=\"image\/jpeg\" \/>\n<meta name=\"author\" content=\"Naturpark-Team\" \/>\n<meta name=\"twitter:label1\" content=\"Verfasst von\" \/>\n\t<meta name=\"twitter:data1\" content=\"Naturpark-Team\" \/>\n\t<meta name=\"twitter:label2\" content=\"Gesch\u00e4tzte Lesezeit\" \/>\n\t<meta name=\"twitter:data2\" content=\"1\u00a0Minute\" \/>\n<script type=\"application\/ld+json\" class=\"yoast-schema-graph\">{\"@context\":\"https:\/\/schema.org\",\"@graph\":[{\"@type\":\"WebPage\",\"@id\":\"https:\/\/www.naturparkmagazin.de\/schwaebisch-fraenkischer-wald\/natur-erlebniscamp-wuestenrot-forschertag-am-steinknickle\/\",\"url\":\"https:\/\/www.naturparkmagazin.de\/schwaebisch-fraenkischer-wald\/natur-erlebniscamp-wuestenrot-forschertag-am-steinknickle\/\",\"name\":\"Natur-Erlebniscamp W\u00fcstenrot - Forschertag am Steinknickle - Naturpark Schw\u00e4bisch-Fr\u00e4nkischer Wald\",\"isPartOf\":{\"@id\":\"https:\/\/www.naturparkmagazin.de\/schwaebisch-fraenkischer-wald\/#website\"},\"datePublished\":\"2015-07-22T12:07:00+00:00\",\"dateModified\":\"2015-07-20T09:02:47+00:00\",\"author\":{\"@id\":\"https:\/\/www.naturparkmagazin.de\/schwaebisch-fraenkischer-wald\/#\/schema\/person\/f047a3702ae747fd7830cf8ac95e6066\"},\"breadcrumb\":{\"@id\":\"https:\/\/www.naturparkmagazin.de\/schwaebisch-fraenkischer-wald\/natur-erlebniscamp-wuestenrot-forschertag-am-steinknickle\/#breadcrumb\"},\"inLanguage\":\"de\",\"potentialAction\":[{\"@type\":\"ReadAction\",\"target\":[\"https:\/\/www.naturparkmagazin.de\/schwaebisch-fraenkischer-wald\/natur-erlebniscamp-wuestenrot-forschertag-am-steinknickle\/\"]}]},{\"@type\":\"BreadcrumbList\",\"@id\":\"https:\/\/www.naturparkmagazin.de\/schwaebisch-fraenkischer-wald\/natur-erlebniscamp-wuestenrot-forschertag-am-steinknickle\/#breadcrumb\",\"itemListElement\":[{\"@type\":\"ListItem\",\"position\":1,\"name\":\"Home\",\"item\":\"https:\/\/www.naturparkmagazin.de\/schwaebisch-fraenkischer-wald\/\"},{\"@type\":\"ListItem\",\"position\":2,\"name\":\"Natur-Erlebniscamp W\u00fcstenrot &#8211; Forschertag am Steinknickle\"}]},{\"@type\":\"WebSite\",\"@id\":\"https:\/\/www.naturparkmagazin.de\/schwaebisch-fraenkischer-wald\/#website\",\"url\":\"https:\/\/www.naturparkmagazin.de\/schwaebisch-fraenkischer-wald\/\",\"name\":\"Naturpark Schw\u00e4bisch-Fr\u00e4nkischer Wald\",\"description\":\"\",\"potentialAction\":[{\"@type\":\"SearchAction\",\"target\":{\"@type\":\"EntryPoint\",\"urlTemplate\":\"https:\/\/www.naturparkmagazin.de\/schwaebisch-fraenkischer-wald\/?s={search_term_string}\"},\"query-input\":\"required name=search_term_string\"}],\"inLanguage\":\"de\"},{\"@type\":\"Person\",\"@id\":\"https:\/\/www.naturparkmagazin.de\/schwaebisch-fraenkischer-wald\/#\/schema\/person\/f047a3702ae747fd7830cf8ac95e6066\",\"name\":\"Naturpark-Team\",\"sameAs\":[\"http:\/\/www.naturpark-sfw.de\",\"https:\/\/www.facebook.com\/naturparkSFW\"],\"url\":\"https:\/\/www.naturparkmagazin.de\/schwaebisch-fraenkischer-wald\/author\/bernharddrixler\/\"}]}<\/script>\n<!-- \/ Yoast SEO plugin. -->","yoast_head_json":{"title":"Natur-Erlebniscamp W\u00fcstenrot - Forschertag am Steinknickle - Naturpark Schw\u00e4bisch-Fr\u00e4nkischer Wald","robots":{"index":"index","follow":"follow","max-snippet":"max-snippet:-1","max-image-preview":"max-image-preview:large","max-video-preview":"max-video-preview:-1"},"canonical":"https:\/\/www.naturparkmagazin.de\/schwaebisch-fraenkischer-wald\/natur-erlebniscamp-wuestenrot-forschertag-am-steinknickle\/","og_locale":"de_DE","og_type":"article","og_title":"Natur-Erlebniscamp W\u00fcstenrot - Forschertag am Steinknickle - Naturpark Schw\u00e4bisch-Fr\u00e4nkischer Wald","og_description":"09.08.: Den Wald erforschen und entdecken, experimentieren und begreifen","og_url":"https:\/\/www.naturparkmagazin.de\/schwaebisch-fraenkischer-wald\/natur-erlebniscamp-wuestenrot-forschertag-am-steinknickle\/","og_site_name":"Naturpark Schw\u00e4bisch-Fr\u00e4nkischer Wald","article_author":"https:\/\/www.facebook.com\/naturparkSFW","article_published_time":"2015-07-22T12:07:00+00:00","article_modified_time":"2015-07-20T09:02:47+00:00","og_image":[{"width":200,"height":200,"url":"https:\/\/www.naturparkmagazin.de\/schwaebisch-fraenkischer-wald\/wp-content\/uploads\/sites\/34\/NEC-Plakat_2015_August.jpg","type":"image\/jpeg"}],"author":"Naturpark-Team","twitter_misc":{"Verfasst von":"Naturpark-Team","Gesch\u00e4tzte Lesezeit":"1\u00a0Minute"},"schema":{"@context":"https:\/\/schema.org","@graph":[{"@type":"WebPage","@id":"https:\/\/www.naturparkmagazin.de\/schwaebisch-fraenkischer-wald\/natur-erlebniscamp-wuestenrot-forschertag-am-steinknickle\/","url":"https:\/\/www.naturparkmagazin.de\/schwaebisch-fraenkischer-wald\/natur-erlebniscamp-wuestenrot-forschertag-am-steinknickle\/","name":"Natur-Erlebniscamp W\u00fcstenrot - Forschertag am Steinknickle - Naturpark Schw\u00e4bisch-Fr\u00e4nkischer Wald","isPartOf":{"@id":"https:\/\/www.naturparkmagazin.de\/schwaebisch-fraenkischer-wald\/#website"},"datePublished":"2015-07-22T12:07:00+00:00","dateModified":"2015-07-20T09:02:47+00:00","author":{"@id":"https:\/\/www.naturparkmagazin.de\/schwaebisch-fraenkischer-wald\/#\/schema\/person\/f047a3702ae747fd7830cf8ac95e6066"},"breadcrumb":{"@id":"https:\/\/www.naturparkmagazin.de\/schwaebisch-fraenkischer-wald\/natur-erlebniscamp-wuestenrot-forschertag-am-steinknickle\/#breadcrumb"},"inLanguage":"de","potentialAction":[{"@type":"ReadAction","target":["https:\/\/www.naturparkmagazin.de\/schwaebisch-fraenkischer-wald\/natur-erlebniscamp-wuestenrot-forschertag-am-steinknickle\/"]}]},{"@type":"BreadcrumbList","@id":"https:\/\/www.naturparkmagazin.de\/schwaebisch-fraenkischer-wald\/natur-erlebniscamp-wuestenrot-forschertag-am-steinknickle\/#breadcrumb","itemListElement":[{"@type":"ListItem","position":1,"name":"Home","item":"https:\/\/www.naturparkmagazin.de\/schwaebisch-fraenkischer-wald\/"},{"@type":"ListItem","position":2,"name":"Natur-Erlebniscamp W\u00fcstenrot &#8211; Forschertag am Steinknickle"}]},{"@type":"WebSite","@id":"https:\/\/www.naturparkmagazin.de\/schwaebisch-fraenkischer-wald\/#website","url":"https:\/\/www.naturparkmagazin.de\/schwaebisch-fraenkischer-wald\/","name":"Naturpark Schw\u00e4bisch-Fr\u00e4nkischer Wald","description":"","potentialAction":[{"@type":"SearchAction","target":{"@type":"EntryPoint","urlTemplate":"https:\/\/www.naturparkmagazin.de\/schwaebisch-fraenkischer-wald\/?s={search_term_string}"},"query-input":"required name=search_term_string"}],"inLanguage":"de"},{"@type":"Person","@id":"https:\/\/www.naturparkmagazin.de\/schwaebisch-fraenkischer-wald\/#\/schema\/person\/f047a3702ae747fd7830cf8ac95e6066","name":"Naturpark-Team","sameAs":["http:\/\/www.naturpark-sfw.de","https:\/\/www.facebook.com\/naturparkSFW"],"url":"https:\/\/www.naturparkmagazin.de\/schwaebisch-fraenkischer-wald\/author\/bernharddrixler\/"}]}},"_links":{"self":[{"href":"https:\/\/www.naturparkmagazin.de\/schwaebisch-fraenkischer-wald\/wp-json\/wp\/v2\/posts\/2259"}],"collection":[{"href":"https:\/\/www.naturparkmagazin.de\/schwaebisch-fraenkischer-wald\/wp-json\/wp\/v2\/posts"}],"about":[{"href":"https:\/\/www.naturparkmagazin.de\/schwaebisch-fraenkischer-wald\/wp-json\/wp\/v2\/types\/post"}],"author":[{"embeddable":true,"href":"https:\/\/www.naturparkmagazin.de\/schwaebisch-fraenkischer-wald\/wp-json\/wp\/v2\/users\/25"}],"replies":[{"embeddable":true,"href":"https:\/\/www.naturparkmagazin.de\/schwaebisch-fraenkischer-wald\/wp-json\/wp\/v2\/comments?post=2259"}],"version-history":[{"count":3,"href":"https:\/\/www.naturparkmagazin.de\/schwaebisch-fraenkischer-wald\/wp-json\/wp\/v2\/posts\/2259\/revisions"}],"predecessor-version":[{"id":2267,"href":"https:\/\/www.naturparkmagazin.de\/schwaebisch-fraenkischer-wald\/wp-json\/wp\/v2\/posts\/2259\/revisions\/2267"}],"wp:featuredmedia":[{"embeddable":true,"href":"https:\/\/www.naturparkmagazin.de\/schwaebisch-fraenkischer-wald\/wp-json\/wp\/v2\/media\/2266"}],"wp:attachment":[{"href":"https:\/\/www.naturparkmagazin.de\/schwaebisch-fraenkischer-wald\/wp-json\/wp\/v2\/media?parent=2259"}],"wp:term":[{"taxonomy":"category","embeddable":true,"href":"https:\/\/www.naturparkmagazin.de\/schwaebisch-fraenkischer-wald\/wp-json\/wp\/v2\/categories?post=2259"},{"taxonomy":"post_tag","embeddable":true,"href":"https:\/\/www.naturparkmagazin.de\/schwaebisch-fraenkischer-wald\/wp-json\/wp\/v2\/tags?post=2259"}],"curies":[{"name":"wp","href":"https:\/\/api.w.org\/{rel}","templated":true}]}}