{"id":2270,"date":"2015-07-22T14:28:00","date_gmt":"2015-07-22T12:28:00","guid":{"rendered":"http:\/\/www.naturparkmagazin.de\/schwaebisch-fraenkischer-wald\/?p=2270"},"modified":"2015-07-20T11:11:28","modified_gmt":"2015-07-20T09:11:28","slug":"windwelten-workshops-im-einsalles-das-element-luft-sicht-und-hoerbar-gemacht","status":"publish","type":"post","link":"https:\/\/www.naturparkmagazin.de\/schwaebisch-fraenkischer-wald\/windwelten-workshops-im-einsalles-das-element-luft-sicht-und-hoerbar-gemacht\/","title":{"rendered":"WindWelten-Workshops im EINS+ALLES &#8211; Das Element Luft sicht- und h\u00f6rbar gemacht"},"content":{"rendered":"<p>Die Naturkraft Wind erleben wir als sanftes L\u00fcftchen oder energievolles Element, als willkommene Brise oder rohe Naturgewalt.<\/p>\n<div id=\"attachment_2271\" style=\"width: 210px\" class=\"wp-caption alignright\"><a href=\"https:\/\/www.naturparkmagazin.de\/schwaebisch-fraenkischer-wald\/wp-content\/uploads\/sites\/34\/1508_Windwelten.jpg\"><img aria-describedby=\"caption-attachment-2271\" decoding=\"async\" loading=\"lazy\" class=\"size-full wp-image-2271\" src=\"https:\/\/www.naturparkmagazin.de\/schwaebisch-fraenkischer-wald\/wp-content\/uploads\/sites\/34\/1508_Windwelten.jpg\" alt=\"Das Element Luft sicht- und h\u00f6rbar gemacht  WindWelten-Workshops im EINS+ALLES Erfahrungsfeld der Sinne\" width=\"200\" height=\"200\" srcset=\"https:\/\/www.naturparkmagazin.de\/schwaebisch-fraenkischer-wald\/wp-content\/uploads\/sites\/34\/1508_Windwelten.jpg 200w, https:\/\/www.naturparkmagazin.de\/schwaebisch-fraenkischer-wald\/wp-content\/uploads\/sites\/34\/1508_Windwelten-30x30.jpg 30w\" sizes=\"(max-width: 200px) 100vw, 200px\" \/><\/a><p id=\"caption-attachment-2271\" class=\"wp-caption-text\">Das Element Luft sicht- und h\u00f6rbar gemachtWindWelten-Workshops im EINS+ALLES<\/p><\/div>\n<p>Sie ist gleichzeitig Sch\u00f6pfer und Zerst\u00f6rer, Gestalter und Ver\u00e4nderer von Landschaftsr\u00e4umen, sie tr\u00e4gt Fliegendes aus Flora und Fauna, D\u00fcfte und Kl\u00e4nge \u2026<\/p>\n<p>Die Workshops einer kleinen WindWelten-Reihe vom Erfahrungsfeld der Sinne EINS+ALLES in Kooperation mit dem Naturpark Schw\u00e4bisch-Fr\u00e4nkischer Wald sollen das Bewusstsein der Besucher dieser reizvollen, und durch den Schw\u00e4bischen Heimatbund ausgezeichneten Kulturlandschaft f\u00fcr das luftige Element sch\u00e4rfen und Wind in experimenteller Form zug\u00e4nglich machen.<\/p>\n<p>In den Veranstaltungen entstehen dabei verschiedene Klangobjekte, die Wind akustisch erlebbar und durch Klangerzeugung auf die Bewegung der Luft aufmerksam machen. Dabei werden die Prinzipien einer Windharfe und eines WindKlangFeldes aufgegriffen, welche die K\u00fcnstler Jutta Kelm und Hannes Heyne als neue Stationen im Erfahrungsfeld schaffen.<\/p>\n<p>Am 1. und 2. August bauen Teilnehmer angeleitet von der Klangk\u00fcnstlerin Jutta Kelm Wind-Handys. Deren Prinzip ist einfach, die Wirkung aber gro\u00df: aus Holzbrettchen und einer darauf angebrachten Saite entsteht in diesem Workshop ein leicht zu bauendes, aber wirkungsvolles Instrument. Durch Luftbewegungen in Schwingung versetzt und ans Ohr gehalten macht die Saite die Naturtonreihe h\u00f6rbar \u2013 feine, klare T\u00f6ne, die von der Sehnsucht des Windes nach dem Klang erz\u00e4hlen. Je nach Zeit und Lust kann aus dem Wind-Handy ein puristisches oder auch ausgestaltetes Instrument zum Mitnehmen entstehen. Die Workshops starten jeweils 11:00, 14:00 sowie 16:00 Uhr und dauern maximal 2h.<\/p>\n<p>Die Teilnahme an diesen offenen Workshops ist kostenlos und f\u00fcr Menschen aller Altersstufen ab 8 &#8211; 10 Jahren gedacht. Die Veranstaltungen finden im Freien statt. Bei schlechtem Wetter k\u00f6nnen die Teilnehmer auf ein Zelt ausweichen. Eine vorherige Anmeldung ist nicht notwendig.<\/p>\n<p>Die WindWelten-Workshops wurden gef\u00f6rdert durch den Naturpark Schw\u00e4bisch-Fr\u00e4nkischer Wald mit Mitteln des Landes Baden-W\u00fcrttemberg, der Lotterie Gl\u00fccksspirale und der Europ\u00e4ischen Union (ELER).<\/p>\n<p>Veranstalter\/Treffpunkt:<\/p>\n<p>EINS+ALLES Erfahrungsfeld der Sinne<\/p>\n<p>Laufenm\u00fchle 8<\/p>\n<p>73642 Welzheim<\/p>\n<p>Weitere Infos unter 07182\/8007-77 oder unter <a href=\"http:\/\/www.eins-und-alles.de\">www.eins-und-alles.de<\/a><\/p>\n","protected":false},"excerpt":{"rendered":"<p>01.+02.08.: Die Teilnehmer bauen Wind-Handys unter Anleitung von Klangk\u00fcnstlerin Jutta Kelm<\/p>\n","protected":false},"author":25,"featured_media":2271,"comment_status":"open","ping_status":"open","sticky":false,"template":"","format":"standard","meta":[],"categories":[11],"tags":[316],"yoast_head":"<!-- This site is optimized with the Yoast SEO plugin v19.10 - https:\/\/yoast.com\/wordpress\/plugins\/seo\/ -->\n<title>WindWelten-Workshops im EINS+ALLES - Das Element Luft sicht- und h\u00f6rbar gemacht - Naturpark Schw\u00e4bisch-Fr\u00e4nkischer Wald<\/title>\n<meta name=\"robots\" content=\"index, follow, max-snippet:-1, max-image-preview:large, max-video-preview:-1\" \/>\n<link rel=\"canonical\" href=\"https:\/\/www.naturparkmagazin.de\/schwaebisch-fraenkischer-wald\/windwelten-workshops-im-einsalles-das-element-luft-sicht-und-hoerbar-gemacht\/\" \/>\n<meta property=\"og:locale\" content=\"de_DE\" \/>\n<meta property=\"og:type\" content=\"article\" \/>\n<meta property=\"og:title\" content=\"WindWelten-Workshops im EINS+ALLES - Das Element Luft sicht- und h\u00f6rbar gemacht - Naturpark Schw\u00e4bisch-Fr\u00e4nkischer Wald\" \/>\n<meta property=\"og:description\" content=\"01.+02.08.: Die Teilnehmer bauen Wind-Handys unter Anleitung von Klangk\u00fcnstlerin Jutta Kelm\" \/>\n<meta property=\"og:url\" content=\"https:\/\/www.naturparkmagazin.de\/schwaebisch-fraenkischer-wald\/windwelten-workshops-im-einsalles-das-element-luft-sicht-und-hoerbar-gemacht\/\" \/>\n<meta property=\"og:site_name\" content=\"Naturpark Schw\u00e4bisch-Fr\u00e4nkischer Wald\" \/>\n<meta property=\"article:author\" content=\"https:\/\/www.facebook.com\/naturparkSFW\" \/>\n<meta property=\"article:published_time\" content=\"2015-07-22T12:28:00+00:00\" \/>\n<meta property=\"article:modified_time\" content=\"2015-07-20T09:11:28+00:00\" \/>\n<meta property=\"og:image\" content=\"https:\/\/www.naturparkmagazin.de\/schwaebisch-fraenkischer-wald\/wp-content\/uploads\/sites\/34\/1508_Windwelten.jpg\" \/>\n\t<meta property=\"og:image:width\" content=\"200\" \/>\n\t<meta property=\"og:image:height\" content=\"200\" \/>\n\t<meta property=\"og:image:type\" content=\"image\/jpeg\" \/>\n<meta name=\"author\" content=\"Naturpark-Team\" \/>\n<meta name=\"twitter:label1\" content=\"Verfasst von\" \/>\n\t<meta name=\"twitter:data1\" content=\"Naturpark-Team\" \/>\n\t<meta name=\"twitter:label2\" content=\"Gesch\u00e4tzte Lesezeit\" \/>\n\t<meta name=\"twitter:data2\" content=\"2\u00a0Minuten\" \/>\n<script type=\"application\/ld+json\" class=\"yoast-schema-graph\">{\"@context\":\"https:\/\/schema.org\",\"@graph\":[{\"@type\":\"WebPage\",\"@id\":\"https:\/\/www.naturparkmagazin.de\/schwaebisch-fraenkischer-wald\/windwelten-workshops-im-einsalles-das-element-luft-sicht-und-hoerbar-gemacht\/\",\"url\":\"https:\/\/www.naturparkmagazin.de\/schwaebisch-fraenkischer-wald\/windwelten-workshops-im-einsalles-das-element-luft-sicht-und-hoerbar-gemacht\/\",\"name\":\"WindWelten-Workshops im EINS+ALLES - Das Element Luft sicht- und h\u00f6rbar gemacht - Naturpark Schw\u00e4bisch-Fr\u00e4nkischer Wald\",\"isPartOf\":{\"@id\":\"https:\/\/www.naturparkmagazin.de\/schwaebisch-fraenkischer-wald\/#website\"},\"datePublished\":\"2015-07-22T12:28:00+00:00\",\"dateModified\":\"2015-07-20T09:11:28+00:00\",\"author\":{\"@id\":\"https:\/\/www.naturparkmagazin.de\/schwaebisch-fraenkischer-wald\/#\/schema\/person\/f047a3702ae747fd7830cf8ac95e6066\"},\"breadcrumb\":{\"@id\":\"https:\/\/www.naturparkmagazin.de\/schwaebisch-fraenkischer-wald\/windwelten-workshops-im-einsalles-das-element-luft-sicht-und-hoerbar-gemacht\/#breadcrumb\"},\"inLanguage\":\"de\",\"potentialAction\":[{\"@type\":\"ReadAction\",\"target\":[\"https:\/\/www.naturparkmagazin.de\/schwaebisch-fraenkischer-wald\/windwelten-workshops-im-einsalles-das-element-luft-sicht-und-hoerbar-gemacht\/\"]}]},{\"@type\":\"BreadcrumbList\",\"@id\":\"https:\/\/www.naturparkmagazin.de\/schwaebisch-fraenkischer-wald\/windwelten-workshops-im-einsalles-das-element-luft-sicht-und-hoerbar-gemacht\/#breadcrumb\",\"itemListElement\":[{\"@type\":\"ListItem\",\"position\":1,\"name\":\"Home\",\"item\":\"https:\/\/www.naturparkmagazin.de\/schwaebisch-fraenkischer-wald\/\"},{\"@type\":\"ListItem\",\"position\":2,\"name\":\"WindWelten-Workshops im EINS+ALLES &#8211; Das Element Luft sicht- und h\u00f6rbar gemacht\"}]},{\"@type\":\"WebSite\",\"@id\":\"https:\/\/www.naturparkmagazin.de\/schwaebisch-fraenkischer-wald\/#website\",\"url\":\"https:\/\/www.naturparkmagazin.de\/schwaebisch-fraenkischer-wald\/\",\"name\":\"Naturpark Schw\u00e4bisch-Fr\u00e4nkischer Wald\",\"description\":\"\",\"potentialAction\":[{\"@type\":\"SearchAction\",\"target\":{\"@type\":\"EntryPoint\",\"urlTemplate\":\"https:\/\/www.naturparkmagazin.de\/schwaebisch-fraenkischer-wald\/?s={search_term_string}\"},\"query-input\":\"required name=search_term_string\"}],\"inLanguage\":\"de\"},{\"@type\":\"Person\",\"@id\":\"https:\/\/www.naturparkmagazin.de\/schwaebisch-fraenkischer-wald\/#\/schema\/person\/f047a3702ae747fd7830cf8ac95e6066\",\"name\":\"Naturpark-Team\",\"sameAs\":[\"http:\/\/www.naturpark-sfw.de\",\"https:\/\/www.facebook.com\/naturparkSFW\"],\"url\":\"https:\/\/www.naturparkmagazin.de\/schwaebisch-fraenkischer-wald\/author\/bernharddrixler\/\"}]}<\/script>\n<!-- \/ Yoast SEO plugin. -->","yoast_head_json":{"title":"WindWelten-Workshops im EINS+ALLES - Das Element Luft sicht- und h\u00f6rbar gemacht - Naturpark Schw\u00e4bisch-Fr\u00e4nkischer Wald","robots":{"index":"index","follow":"follow","max-snippet":"max-snippet:-1","max-image-preview":"max-image-preview:large","max-video-preview":"max-video-preview:-1"},"canonical":"https:\/\/www.naturparkmagazin.de\/schwaebisch-fraenkischer-wald\/windwelten-workshops-im-einsalles-das-element-luft-sicht-und-hoerbar-gemacht\/","og_locale":"de_DE","og_type":"article","og_title":"WindWelten-Workshops im EINS+ALLES - Das Element Luft sicht- und h\u00f6rbar gemacht - Naturpark Schw\u00e4bisch-Fr\u00e4nkischer Wald","og_description":"01.+02.08.: Die Teilnehmer bauen Wind-Handys unter Anleitung von Klangk\u00fcnstlerin Jutta Kelm","og_url":"https:\/\/www.naturparkmagazin.de\/schwaebisch-fraenkischer-wald\/windwelten-workshops-im-einsalles-das-element-luft-sicht-und-hoerbar-gemacht\/","og_site_name":"Naturpark Schw\u00e4bisch-Fr\u00e4nkischer Wald","article_author":"https:\/\/www.facebook.com\/naturparkSFW","article_published_time":"2015-07-22T12:28:00+00:00","article_modified_time":"2015-07-20T09:11:28+00:00","og_image":[{"width":200,"height":200,"url":"https:\/\/www.naturparkmagazin.de\/schwaebisch-fraenkischer-wald\/wp-content\/uploads\/sites\/34\/1508_Windwelten.jpg","type":"image\/jpeg"}],"author":"Naturpark-Team","twitter_misc":{"Verfasst von":"Naturpark-Team","Gesch\u00e4tzte Lesezeit":"2\u00a0Minuten"},"schema":{"@context":"https:\/\/schema.org","@graph":[{"@type":"WebPage","@id":"https:\/\/www.naturparkmagazin.de\/schwaebisch-fraenkischer-wald\/windwelten-workshops-im-einsalles-das-element-luft-sicht-und-hoerbar-gemacht\/","url":"https:\/\/www.naturparkmagazin.de\/schwaebisch-fraenkischer-wald\/windwelten-workshops-im-einsalles-das-element-luft-sicht-und-hoerbar-gemacht\/","name":"WindWelten-Workshops im EINS+ALLES - Das Element Luft sicht- und h\u00f6rbar gemacht - Naturpark Schw\u00e4bisch-Fr\u00e4nkischer Wald","isPartOf":{"@id":"https:\/\/www.naturparkmagazin.de\/schwaebisch-fraenkischer-wald\/#website"},"datePublished":"2015-07-22T12:28:00+00:00","dateModified":"2015-07-20T09:11:28+00:00","author":{"@id":"https:\/\/www.naturparkmagazin.de\/schwaebisch-fraenkischer-wald\/#\/schema\/person\/f047a3702ae747fd7830cf8ac95e6066"},"breadcrumb":{"@id":"https:\/\/www.naturparkmagazin.de\/schwaebisch-fraenkischer-wald\/windwelten-workshops-im-einsalles-das-element-luft-sicht-und-hoerbar-gemacht\/#breadcrumb"},"inLanguage":"de","potentialAction":[{"@type":"ReadAction","target":["https:\/\/www.naturparkmagazin.de\/schwaebisch-fraenkischer-wald\/windwelten-workshops-im-einsalles-das-element-luft-sicht-und-hoerbar-gemacht\/"]}]},{"@type":"BreadcrumbList","@id":"https:\/\/www.naturparkmagazin.de\/schwaebisch-fraenkischer-wald\/windwelten-workshops-im-einsalles-das-element-luft-sicht-und-hoerbar-gemacht\/#breadcrumb","itemListElement":[{"@type":"ListItem","position":1,"name":"Home","item":"https:\/\/www.naturparkmagazin.de\/schwaebisch-fraenkischer-wald\/"},{"@type":"ListItem","position":2,"name":"WindWelten-Workshops im EINS+ALLES &#8211; Das Element Luft sicht- und h\u00f6rbar gemacht"}]},{"@type":"WebSite","@id":"https:\/\/www.naturparkmagazin.de\/schwaebisch-fraenkischer-wald\/#website","url":"https:\/\/www.naturparkmagazin.de\/schwaebisch-fraenkischer-wald\/","name":"Naturpark Schw\u00e4bisch-Fr\u00e4nkischer Wald","description":"","potentialAction":[{"@type":"SearchAction","target":{"@type":"EntryPoint","urlTemplate":"https:\/\/www.naturparkmagazin.de\/schwaebisch-fraenkischer-wald\/?s={search_term_string}"},"query-input":"required name=search_term_string"}],"inLanguage":"de"},{"@type":"Person","@id":"https:\/\/www.naturparkmagazin.de\/schwaebisch-fraenkischer-wald\/#\/schema\/person\/f047a3702ae747fd7830cf8ac95e6066","name":"Naturpark-Team","sameAs":["http:\/\/www.naturpark-sfw.de","https:\/\/www.facebook.com\/naturparkSFW"],"url":"https:\/\/www.naturparkmagazin.de\/schwaebisch-fraenkischer-wald\/author\/bernharddrixler\/"}]}},"_links":{"self":[{"href":"https:\/\/www.naturparkmagazin.de\/schwaebisch-fraenkischer-wald\/wp-json\/wp\/v2\/posts\/2270"}],"collection":[{"href":"https:\/\/www.naturparkmagazin.de\/schwaebisch-fraenkischer-wald\/wp-json\/wp\/v2\/posts"}],"about":[{"href":"https:\/\/www.naturparkmagazin.de\/schwaebisch-fraenkischer-wald\/wp-json\/wp\/v2\/types\/post"}],"author":[{"embeddable":true,"href":"https:\/\/www.naturparkmagazin.de\/schwaebisch-fraenkischer-wald\/wp-json\/wp\/v2\/users\/25"}],"replies":[{"embeddable":true,"href":"https:\/\/www.naturparkmagazin.de\/schwaebisch-fraenkischer-wald\/wp-json\/wp\/v2\/comments?post=2270"}],"version-history":[{"count":1,"href":"https:\/\/www.naturparkmagazin.de\/schwaebisch-fraenkischer-wald\/wp-json\/wp\/v2\/posts\/2270\/revisions"}],"predecessor-version":[{"id":2272,"href":"https:\/\/www.naturparkmagazin.de\/schwaebisch-fraenkischer-wald\/wp-json\/wp\/v2\/posts\/2270\/revisions\/2272"}],"wp:featuredmedia":[{"embeddable":true,"href":"https:\/\/www.naturparkmagazin.de\/schwaebisch-fraenkischer-wald\/wp-json\/wp\/v2\/media\/2271"}],"wp:attachment":[{"href":"https:\/\/www.naturparkmagazin.de\/schwaebisch-fraenkischer-wald\/wp-json\/wp\/v2\/media?parent=2270"}],"wp:term":[{"taxonomy":"category","embeddable":true,"href":"https:\/\/www.naturparkmagazin.de\/schwaebisch-fraenkischer-wald\/wp-json\/wp\/v2\/categories?post=2270"},{"taxonomy":"post_tag","embeddable":true,"href":"https:\/\/www.naturparkmagazin.de\/schwaebisch-fraenkischer-wald\/wp-json\/wp\/v2\/tags?post=2270"}],"curies":[{"name":"wp","href":"https:\/\/api.w.org\/{rel}","templated":true}]}}